

{"id":100,"date":"2019-05-04T11:00:15","date_gmt":"2019-05-04T09:00:15","guid":{"rendered":"http:\/\/residenciarucab.es\/blog\/?p=100"},"modified":"2019-07-30T12:14:04","modified_gmt":"2019-07-30T10:14:04","slug":"primera-edicion-rucab-fest","status":"publish","type":"post","link":"https:\/\/residenciarucab.es\/blog\/primera-edicion-rucab-fest\/","title":{"rendered":"Gran acogida para la primera edici\u00f3n del RUCAB FEST"},"content":{"rendered":"<p>Durante la noche del viernes 3 de mayo la Rucab Residencia Universitaria ha sido el escenario para la <strong>m\u00fasica extreme\u00f1a<\/strong>. Cinco grupos musicales de origen extreme\u00f1o cantaban en directo en el <a href=\"https:\/\/residenciarucab.es\/blog\/apuntate-al-nuevo-concurso-musical-rucab-fest\/\" target=\"_blank\" rel=\"noopener noreferrer\"><strong>RUCAB FEST Concurso Musical<\/strong><\/a> ofreciendo la mejor versi\u00f3n de cada uno de ellos y dejando al p\u00fablico encantado con sus estilos musicales.<\/p>\n<p>El evento ha sido presentado por <strong>Emilio V\u00e1zquez S\u00e1nchez<\/strong>, director del festival, que ha destacado que:<\/p>\n<blockquote><p>\u00abCon este festival se pretende fomentar la m\u00fasica de origen extreme\u00f1o y consolidar la RUCAB como referente cultural y de ocio\u00bb.<\/p><\/blockquote>\n<p>Seguidamente cada grupo ha podido interpretar su m\u00fasica y actuar frente a un p\u00fablico entregado de m\u00e1s <strong>250 asistentes<\/strong>.<\/p>\n<p>Los primeros en tocar fueron <strong>Les Motriz<\/strong>, seguidos de <strong>Marcus Valley<\/strong>, <strong>Bilateral<\/strong>, <strong>Javi Fernandez Robles<\/strong> y finalmente <strong>Lady Jaque<\/strong>.<\/p>\n<p><img loading=\"lazy\" decoding=\"async\" class=\"size-full wp-image-103 alignleft\" src=\"http:\/\/residenciarucab.es\/blog\/wp-content\/uploads\/2019\/07\/marcus-valley-rucab-fest-min.jpg\" alt=\"Mascus Valley \" width=\"1280\" height=\"720\" srcset=\"https:\/\/residenciarucab.es\/blog\/wp-content\/uploads\/2019\/07\/marcus-valley-rucab-fest-min.jpg 1280w, https:\/\/residenciarucab.es\/blog\/wp-content\/uploads\/2019\/07\/marcus-valley-rucab-fest-min-300x169.jpg 300w, https:\/\/residenciarucab.es\/blog\/wp-content\/uploads\/2019\/07\/marcus-valley-rucab-fest-min-768x432.jpg 768w, https:\/\/residenciarucab.es\/blog\/wp-content\/uploads\/2019\/07\/marcus-valley-rucab-fest-min-1024x576.jpg 1024w, https:\/\/residenciarucab.es\/blog\/wp-content\/uploads\/2019\/07\/marcus-valley-rucab-fest-min-1140x641.jpg 1140w, https:\/\/residenciarucab.es\/blog\/wp-content\/uploads\/2019\/07\/marcus-valley-rucab-fest-min-552x311.jpg 552w\" sizes=\"auto, (max-width: 1280px) 100vw, 1280px\" \/>La valoraci\u00f3n del jurado junto con las votaciones del p\u00fablico, dieron como ganador a Javi Fern\u00e1ndez Robles, un cantante peculiar con un estilo muy cercano y sencillo, que consigui\u00f3 conectar con el p\u00fablico con una actuaci\u00f3n llena de talento y verdad. Acompa\u00f1ado solo de una guitarra y su voz, nos llen\u00f3 de emociones culminando su actuaci\u00f3n con esta frase:<\/p>\n<blockquote><p>\u00abEl amor es importante y hay muy poco\u00bb.<\/p><\/blockquote>\n<p>El segundo premio fue para Les Motriz y el tercero para Marcus Valley. Ambos grupos demostraron gran <strong>calidad y profesionalidad sobre el escenario<\/strong>.<\/p>\n<p>Desde la organizaci\u00f3n queremos dar las gracias a todos los participantes de esta primera edici\u00f3n del RUCAB FEST, tanto a los seleccionados como a los no seleccionados, a vosotros Lady Jaque y Bilateral gracias por vuestras actuaciones. Tambi\u00e9n agradecer el apoyo de <a href=\"https:\/\/www.fundacioncb.es\/\" target=\"_blank\" rel=\"noopener noreferrer\"><strong>Fundaci\u00f3n CB<\/strong><\/a>, de los medios de comunicaci\u00f3n y de todas las personas que han ayudado para que este festival saliera adelante.<\/p>\n<p>Puedes ver el v\u00eddeo resumen del <a href=\"https:\/\/www.youtube.com\/watch?v=2a7NpEDRPS0\" target=\"_blank\" rel=\"noopener noreferrer\"><strong>RUCAB FEST<\/strong> <\/a>en nuestro canal de Youtube.<\/p>\n<p><img loading=\"lazy\" decoding=\"async\" class=\"aligncenter size-full wp-image-102\" src=\"http:\/\/residenciarucab.es\/blog\/wp-content\/uploads\/2019\/07\/rucab-fest-publico-min.jpg\" alt=\"P\u00fablico RUCAB FEST\" width=\"1280\" height=\"720\" srcset=\"https:\/\/residenciarucab.es\/blog\/wp-content\/uploads\/2019\/07\/rucab-fest-publico-min.jpg 1280w, https:\/\/residenciarucab.es\/blog\/wp-content\/uploads\/2019\/07\/rucab-fest-publico-min-300x169.jpg 300w, https:\/\/residenciarucab.es\/blog\/wp-content\/uploads\/2019\/07\/rucab-fest-publico-min-768x432.jpg 768w, https:\/\/residenciarucab.es\/blog\/wp-content\/uploads\/2019\/07\/rucab-fest-publico-min-1024x576.jpg 1024w, https:\/\/residenciarucab.es\/blog\/wp-content\/uploads\/2019\/07\/rucab-fest-publico-min-1140x641.jpg 1140w, https:\/\/residenciarucab.es\/blog\/wp-content\/uploads\/2019\/07\/rucab-fest-publico-min-552x311.jpg 552w\" sizes=\"auto, (max-width: 1280px) 100vw, 1280px\" \/><\/p>\n<p>Sigue leyendo m\u00e1s contenido de nuestro\u00a0<a href=\"https:\/\/residenciarucab.es\/blog\/\" target=\"_blank\" rel=\"noopener noreferrer\">blog<\/a>.<\/p>\n","protected":false},"excerpt":{"rendered":"<p class=\"post-excerpt\">Durante la noche del viernes 3 de mayo la Rucab Residencia Universitaria ha sido el escenario para la m\u00fasica extreme\u00f1a. Cinco grupos musicales de origen extreme\u00f1o cantaban en directo en el RUCAB FEST Concurso Musical ofreciendo la mejor versi\u00f3n de cada uno de ellos y dejando al p\u00fablico encantado con&#8230;<\/p>\n","protected":false},"author":1,"featured_media":101,"comment_status":"open","ping_status":"open","sticky":false,"template":"","format":"standard","meta":{"footnotes":""},"categories":[1],"tags":[],"class_list":["post-100","post","type-post","status-publish","format-standard","has-post-thumbnail","hentry","category-noticias"],"yoast_head":"<!-- This site is optimized with the Yoast SEO plugin v27.4 - https:\/\/yoast.com\/product\/yoast-seo-wordpress\/ -->\n<title>Gran acogida para la primera edici\u00f3n del RUCAB FEST - BLOG RUCAB<\/title>\n<meta name=\"description\" content=\"El 3 de mayo la Rucab ha sido el escenario para la m\u00fasica extreme\u00f1a. Cinco grupos musicales de origen extreme\u00f1o cantaban en directo en el RUCAB FEST.\" \/>\n<meta name=\"robots\" content=\"index, follow, max-snippet:-1, max-image-preview:large, max-video-preview:-1\" \/>\n<link rel=\"canonical\" href=\"https:\/\/residenciarucab.es\/blog\/primera-edicion-rucab-fest\/\" \/>\n<meta property=\"og:locale\" content=\"es_ES\" \/>\n<meta property=\"og:type\" content=\"article\" \/>\n<meta property=\"og:title\" content=\"Gran acogida para la primera edici\u00f3n del RUCAB FEST - BLOG RUCAB\" \/>\n<meta property=\"og:description\" content=\"El 3 de mayo la Rucab ha sido el escenario para la m\u00fasica extreme\u00f1a. Cinco grupos musicales de origen extreme\u00f1o cantaban en directo en el RUCAB FEST.\" \/>\n<meta property=\"og:url\" content=\"https:\/\/residenciarucab.es\/blog\/primera-edicion-rucab-fest\/\" \/>\n<meta property=\"og:site_name\" content=\"BLOG RUCAB\" \/>\n<meta property=\"article:published_time\" content=\"2019-05-04T09:00:15+00:00\" \/>\n<meta property=\"article:modified_time\" content=\"2019-07-30T10:14:04+00:00\" \/>\n<meta property=\"og:image\" content=\"https:\/\/residenciarucab.es\/blog\/wp-content\/uploads\/2019\/07\/rucab-fest-blog-min.jpg\" \/>\n\t<meta property=\"og:image:width\" content=\"1280\" \/>\n\t<meta property=\"og:image:height\" content=\"720\" \/>\n\t<meta property=\"og:image:type\" content=\"image\/jpeg\" \/>\n<meta name=\"author\" content=\"RUCAB\" \/>\n<meta name=\"twitter:card\" content=\"summary_large_image\" \/>\n<meta name=\"twitter:label1\" content=\"Escrito por\" \/>\n\t<meta name=\"twitter:data1\" content=\"RUCAB\" \/>\n\t<meta name=\"twitter:label2\" content=\"Tiempo de lectura\" \/>\n\t<meta name=\"twitter:data2\" content=\"2 minutos\" \/>\n<script type=\"application\/ld+json\" class=\"yoast-schema-graph\">{\"@context\":\"https:\\\/\\\/schema.org\",\"@graph\":[{\"@type\":\"Article\",\"@id\":\"https:\\\/\\\/residenciarucab.es\\\/blog\\\/primera-edicion-rucab-fest\\\/#article\",\"isPartOf\":{\"@id\":\"https:\\\/\\\/residenciarucab.es\\\/blog\\\/primera-edicion-rucab-fest\\\/\"},\"author\":{\"name\":\"RUCAB\",\"@id\":\"https:\\\/\\\/residenciarucab.es\\\/blog\\\/#\\\/schema\\\/person\\\/f759c867eac865f0ce36c767f26f9294\"},\"headline\":\"Gran acogida para la primera edici\u00f3n del RUCAB FEST\",\"datePublished\":\"2019-05-04T09:00:15+00:00\",\"dateModified\":\"2019-07-30T10:14:04+00:00\",\"mainEntityOfPage\":{\"@id\":\"https:\\\/\\\/residenciarucab.es\\\/blog\\\/primera-edicion-rucab-fest\\\/\"},\"wordCount\":335,\"commentCount\":0,\"image\":{\"@id\":\"https:\\\/\\\/residenciarucab.es\\\/blog\\\/primera-edicion-rucab-fest\\\/#primaryimage\"},\"thumbnailUrl\":\"https:\\\/\\\/residenciarucab.es\\\/blog\\\/wp-content\\\/uploads\\\/2019\\\/07\\\/rucab-fest-blog-min.jpg\",\"articleSection\":[\"Noticias\"],\"inLanguage\":\"es\",\"potentialAction\":[{\"@type\":\"CommentAction\",\"name\":\"Comment\",\"target\":[\"https:\\\/\\\/residenciarucab.es\\\/blog\\\/primera-edicion-rucab-fest\\\/#respond\"]}]},{\"@type\":\"WebPage\",\"@id\":\"https:\\\/\\\/residenciarucab.es\\\/blog\\\/primera-edicion-rucab-fest\\\/\",\"url\":\"https:\\\/\\\/residenciarucab.es\\\/blog\\\/primera-edicion-rucab-fest\\\/\",\"name\":\"Gran acogida para la primera edici\u00f3n del RUCAB FEST - BLOG RUCAB\",\"isPartOf\":{\"@id\":\"https:\\\/\\\/residenciarucab.es\\\/blog\\\/#website\"},\"primaryImageOfPage\":{\"@id\":\"https:\\\/\\\/residenciarucab.es\\\/blog\\\/primera-edicion-rucab-fest\\\/#primaryimage\"},\"image\":{\"@id\":\"https:\\\/\\\/residenciarucab.es\\\/blog\\\/primera-edicion-rucab-fest\\\/#primaryimage\"},\"thumbnailUrl\":\"https:\\\/\\\/residenciarucab.es\\\/blog\\\/wp-content\\\/uploads\\\/2019\\\/07\\\/rucab-fest-blog-min.jpg\",\"datePublished\":\"2019-05-04T09:00:15+00:00\",\"dateModified\":\"2019-07-30T10:14:04+00:00\",\"author\":{\"@id\":\"https:\\\/\\\/residenciarucab.es\\\/blog\\\/#\\\/schema\\\/person\\\/f759c867eac865f0ce36c767f26f9294\"},\"description\":\"El 3 de mayo la Rucab ha sido el escenario para la m\u00fasica extreme\u00f1a. Cinco grupos musicales de origen extreme\u00f1o cantaban en directo en el RUCAB FEST.\",\"breadcrumb\":{\"@id\":\"https:\\\/\\\/residenciarucab.es\\\/blog\\\/primera-edicion-rucab-fest\\\/#breadcrumb\"},\"inLanguage\":\"es\",\"potentialAction\":[{\"@type\":\"ReadAction\",\"target\":[\"https:\\\/\\\/residenciarucab.es\\\/blog\\\/primera-edicion-rucab-fest\\\/\"]}]},{\"@type\":\"ImageObject\",\"inLanguage\":\"es\",\"@id\":\"https:\\\/\\\/residenciarucab.es\\\/blog\\\/primera-edicion-rucab-fest\\\/#primaryimage\",\"url\":\"https:\\\/\\\/residenciarucab.es\\\/blog\\\/wp-content\\\/uploads\\\/2019\\\/07\\\/rucab-fest-blog-min.jpg\",\"contentUrl\":\"https:\\\/\\\/residenciarucab.es\\\/blog\\\/wp-content\\\/uploads\\\/2019\\\/07\\\/rucab-fest-blog-min.jpg\",\"width\":1280,\"height\":720,\"caption\":\"Javier Fern\u00e1ndez ganador primera edici\u00f3n RUCAB FEST\"},{\"@type\":\"BreadcrumbList\",\"@id\":\"https:\\\/\\\/residenciarucab.es\\\/blog\\\/primera-edicion-rucab-fest\\\/#breadcrumb\",\"itemListElement\":[{\"@type\":\"ListItem\",\"position\":1,\"name\":\"Portada\",\"item\":\"https:\\\/\\\/residenciarucab.es\\\/blog\\\/\"},{\"@type\":\"ListItem\",\"position\":2,\"name\":\"Gran acogida para la primera edici\u00f3n del RUCAB FEST\"}]},{\"@type\":\"WebSite\",\"@id\":\"https:\\\/\\\/residenciarucab.es\\\/blog\\\/#website\",\"url\":\"https:\\\/\\\/residenciarucab.es\\\/blog\\\/\",\"name\":\"BLOG RUCAB\",\"description\":\"\u00a1Todas las novedades de nuestra residencia universitaria!\",\"potentialAction\":[{\"@type\":\"SearchAction\",\"target\":{\"@type\":\"EntryPoint\",\"urlTemplate\":\"https:\\\/\\\/residenciarucab.es\\\/blog\\\/?s={search_term_string}\"},\"query-input\":{\"@type\":\"PropertyValueSpecification\",\"valueRequired\":true,\"valueName\":\"search_term_string\"}}],\"inLanguage\":\"es\"},{\"@type\":\"Person\",\"@id\":\"https:\\\/\\\/residenciarucab.es\\\/blog\\\/#\\\/schema\\\/person\\\/f759c867eac865f0ce36c767f26f9294\",\"name\":\"RUCAB\",\"image\":{\"@type\":\"ImageObject\",\"inLanguage\":\"es\",\"@id\":\"https:\\\/\\\/residenciarucab.es\\\/blog\\\/wp-content\\\/uploads\\\/2019\\\/07\\\/r-rosa.png\",\"url\":\"https:\\\/\\\/residenciarucab.es\\\/blog\\\/wp-content\\\/uploads\\\/2019\\\/07\\\/r-rosa.png\",\"contentUrl\":\"https:\\\/\\\/residenciarucab.es\\\/blog\\\/wp-content\\\/uploads\\\/2019\\\/07\\\/r-rosa.png\",\"caption\":\"RUCAB\"},\"description\":\"La RUCAB es un referente en Extremadura por la calidad de sus instalaciones y por su estilo de vida, basado en valores de convivencia, respeto y educaci\u00f3n. Una residencia junto al campus y con todas las necesidades cubiertas.\",\"url\":\"https:\\\/\\\/residenciarucab.es\\\/blog\\\/author\\\/rucab_blog\\\/\"}]}<\/script>\n<!-- \/ Yoast SEO plugin. -->","yoast_head_json":{"title":"Gran acogida para la primera edici\u00f3n del RUCAB FEST - BLOG RUCAB","description":"El 3 de mayo la Rucab ha sido el escenario para la m\u00fasica extreme\u00f1a. Cinco grupos musicales de origen extreme\u00f1o cantaban en directo en el RUCAB FEST.","robots":{"index":"index","follow":"follow","max-snippet":"max-snippet:-1","max-image-preview":"max-image-preview:large","max-video-preview":"max-video-preview:-1"},"canonical":"https:\/\/residenciarucab.es\/blog\/primera-edicion-rucab-fest\/","og_locale":"es_ES","og_type":"article","og_title":"Gran acogida para la primera edici\u00f3n del RUCAB FEST - BLOG RUCAB","og_description":"El 3 de mayo la Rucab ha sido el escenario para la m\u00fasica extreme\u00f1a. Cinco grupos musicales de origen extreme\u00f1o cantaban en directo en el RUCAB FEST.","og_url":"https:\/\/residenciarucab.es\/blog\/primera-edicion-rucab-fest\/","og_site_name":"BLOG RUCAB","article_published_time":"2019-05-04T09:00:15+00:00","article_modified_time":"2019-07-30T10:14:04+00:00","og_image":[{"width":1280,"height":720,"url":"https:\/\/residenciarucab.es\/blog\/wp-content\/uploads\/2019\/07\/rucab-fest-blog-min.jpg","type":"image\/jpeg"}],"author":"RUCAB","twitter_card":"summary_large_image","twitter_misc":{"Escrito por":"RUCAB","Tiempo de lectura":"2 minutos"},"schema":{"@context":"https:\/\/schema.org","@graph":[{"@type":"Article","@id":"https:\/\/residenciarucab.es\/blog\/primera-edicion-rucab-fest\/#article","isPartOf":{"@id":"https:\/\/residenciarucab.es\/blog\/primera-edicion-rucab-fest\/"},"author":{"name":"RUCAB","@id":"https:\/\/residenciarucab.es\/blog\/#\/schema\/person\/f759c867eac865f0ce36c767f26f9294"},"headline":"Gran acogida para la primera edici\u00f3n del RUCAB FEST","datePublished":"2019-05-04T09:00:15+00:00","dateModified":"2019-07-30T10:14:04+00:00","mainEntityOfPage":{"@id":"https:\/\/residenciarucab.es\/blog\/primera-edicion-rucab-fest\/"},"wordCount":335,"commentCount":0,"image":{"@id":"https:\/\/residenciarucab.es\/blog\/primera-edicion-rucab-fest\/#primaryimage"},"thumbnailUrl":"https:\/\/residenciarucab.es\/blog\/wp-content\/uploads\/2019\/07\/rucab-fest-blog-min.jpg","articleSection":["Noticias"],"inLanguage":"es","potentialAction":[{"@type":"CommentAction","name":"Comment","target":["https:\/\/residenciarucab.es\/blog\/primera-edicion-rucab-fest\/#respond"]}]},{"@type":"WebPage","@id":"https:\/\/residenciarucab.es\/blog\/primera-edicion-rucab-fest\/","url":"https:\/\/residenciarucab.es\/blog\/primera-edicion-rucab-fest\/","name":"Gran acogida para la primera edici\u00f3n del RUCAB FEST - BLOG RUCAB","isPartOf":{"@id":"https:\/\/residenciarucab.es\/blog\/#website"},"primaryImageOfPage":{"@id":"https:\/\/residenciarucab.es\/blog\/primera-edicion-rucab-fest\/#primaryimage"},"image":{"@id":"https:\/\/residenciarucab.es\/blog\/primera-edicion-rucab-fest\/#primaryimage"},"thumbnailUrl":"https:\/\/residenciarucab.es\/blog\/wp-content\/uploads\/2019\/07\/rucab-fest-blog-min.jpg","datePublished":"2019-05-04T09:00:15+00:00","dateModified":"2019-07-30T10:14:04+00:00","author":{"@id":"https:\/\/residenciarucab.es\/blog\/#\/schema\/person\/f759c867eac865f0ce36c767f26f9294"},"description":"El 3 de mayo la Rucab ha sido el escenario para la m\u00fasica extreme\u00f1a. Cinco grupos musicales de origen extreme\u00f1o cantaban en directo en el RUCAB FEST.","breadcrumb":{"@id":"https:\/\/residenciarucab.es\/blog\/primera-edicion-rucab-fest\/#breadcrumb"},"inLanguage":"es","potentialAction":[{"@type":"ReadAction","target":["https:\/\/residenciarucab.es\/blog\/primera-edicion-rucab-fest\/"]}]},{"@type":"ImageObject","inLanguage":"es","@id":"https:\/\/residenciarucab.es\/blog\/primera-edicion-rucab-fest\/#primaryimage","url":"https:\/\/residenciarucab.es\/blog\/wp-content\/uploads\/2019\/07\/rucab-fest-blog-min.jpg","contentUrl":"https:\/\/residenciarucab.es\/blog\/wp-content\/uploads\/2019\/07\/rucab-fest-blog-min.jpg","width":1280,"height":720,"caption":"Javier Fern\u00e1ndez ganador primera edici\u00f3n RUCAB FEST"},{"@type":"BreadcrumbList","@id":"https:\/\/residenciarucab.es\/blog\/primera-edicion-rucab-fest\/#breadcrumb","itemListElement":[{"@type":"ListItem","position":1,"name":"Portada","item":"https:\/\/residenciarucab.es\/blog\/"},{"@type":"ListItem","position":2,"name":"Gran acogida para la primera edici\u00f3n del RUCAB FEST"}]},{"@type":"WebSite","@id":"https:\/\/residenciarucab.es\/blog\/#website","url":"https:\/\/residenciarucab.es\/blog\/","name":"BLOG RUCAB","description":"\u00a1Todas las novedades de nuestra residencia universitaria!","potentialAction":[{"@type":"SearchAction","target":{"@type":"EntryPoint","urlTemplate":"https:\/\/residenciarucab.es\/blog\/?s={search_term_string}"},"query-input":{"@type":"PropertyValueSpecification","valueRequired":true,"valueName":"search_term_string"}}],"inLanguage":"es"},{"@type":"Person","@id":"https:\/\/residenciarucab.es\/blog\/#\/schema\/person\/f759c867eac865f0ce36c767f26f9294","name":"RUCAB","image":{"@type":"ImageObject","inLanguage":"es","@id":"https:\/\/residenciarucab.es\/blog\/wp-content\/uploads\/2019\/07\/r-rosa.png","url":"https:\/\/residenciarucab.es\/blog\/wp-content\/uploads\/2019\/07\/r-rosa.png","contentUrl":"https:\/\/residenciarucab.es\/blog\/wp-content\/uploads\/2019\/07\/r-rosa.png","caption":"RUCAB"},"description":"La RUCAB es un referente en Extremadura por la calidad de sus instalaciones y por su estilo de vida, basado en valores de convivencia, respeto y educaci\u00f3n. Una residencia junto al campus y con todas las necesidades cubiertas.","url":"https:\/\/residenciarucab.es\/blog\/author\/rucab_blog\/"}]}},"_links":{"self":[{"href":"https:\/\/residenciarucab.es\/blog\/wp-json\/wp\/v2\/posts\/100","targetHints":{"allow":["GET"]}}],"collection":[{"href":"https:\/\/residenciarucab.es\/blog\/wp-json\/wp\/v2\/posts"}],"about":[{"href":"https:\/\/residenciarucab.es\/blog\/wp-json\/wp\/v2\/types\/post"}],"author":[{"embeddable":true,"href":"https:\/\/residenciarucab.es\/blog\/wp-json\/wp\/v2\/users\/1"}],"replies":[{"embeddable":true,"href":"https:\/\/residenciarucab.es\/blog\/wp-json\/wp\/v2\/comments?post=100"}],"version-history":[{"count":3,"href":"https:\/\/residenciarucab.es\/blog\/wp-json\/wp\/v2\/posts\/100\/revisions"}],"predecessor-version":[{"id":106,"href":"https:\/\/residenciarucab.es\/blog\/wp-json\/wp\/v2\/posts\/100\/revisions\/106"}],"wp:featuredmedia":[{"embeddable":true,"href":"https:\/\/residenciarucab.es\/blog\/wp-json\/wp\/v2\/media\/101"}],"wp:attachment":[{"href":"https:\/\/residenciarucab.es\/blog\/wp-json\/wp\/v2\/media?parent=100"}],"wp:term":[{"taxonomy":"category","embeddable":true,"href":"https:\/\/residenciarucab.es\/blog\/wp-json\/wp\/v2\/categories?post=100"},{"taxonomy":"post_tag","embeddable":true,"href":"https:\/\/residenciarucab.es\/blog\/wp-json\/wp\/v2\/tags?post=100"}],"curies":[{"name":"wp","href":"https:\/\/api.w.org\/{rel}","templated":true}]}}