

{"id":1253,"date":"2020-12-11T19:58:54","date_gmt":"2020-12-11T18:58:54","guid":{"rendered":"http:\/\/residenciarucab.es\/blog\/?p=1253"},"modified":"2020-12-14T11:23:21","modified_gmt":"2020-12-14T10:23:21","slug":"conferencia-e-training-covid-19-en-la-rucab","status":"publish","type":"post","link":"https:\/\/residenciarucab.es\/blog\/conferencia-e-training-covid-19-en-la-rucab\/","title":{"rendered":"Conferencia e-training Covid-19 en la RUCAB"},"content":{"rendered":"<h4>La Residencia Universitaria de <a href=\"https:\/\/fundacioncb.es\/\" target=\"_blank\" rel=\"noopener\">Fundaci\u00f3n CB<\/a>, RUCAB, junto con la Consejer\u00eda de Sanidad y Servicios Sociales de la <a href=\"http:\/\/www.juntaex.es\/web\/\" target=\"_blank\" rel=\"noopener\">Junta de Extremadura<\/a>, han organizado un e-training Covid-19, de manera virtual, para los residentes de la RUCAB.<\/h4>\n<p>El 10 de diciembre a las 18.00h nos conectabamos a trav\u00e9s de la plataforma Zoom para asistir a una conferencia y posterior charla, impartida por <strong>Vicente Caballero<\/strong>, director de Planificaci\u00f3n, Formaci\u00f3n y Calidad Sanitaria y Sociosanitaria de Extremadura.<\/p>\n<p>En este e-training Covid-19 se ha hablado sobre:<\/p>\n<ol>\n<li>El virus.<\/li>\n<li>El contagio.<\/li>\n<li>La enfermedad.<\/li>\n<li>El diagn\u00f3stico.<\/li>\n<li>El tratamiento.<\/li>\n<li>La vacuna.<\/li>\n<li>La pandemia y sus controversias<\/li>\n<\/ol>\n<p>Adem\u00e1s, Vicente Caballero nos cuenta que el coronavirus ha tra\u00eddo muchas cosas negativas, pero otras <strong>positivas<\/strong>, como:<\/p>\n<ul>\n<li>La ciencia, la tecnolog\u00eda y la biotecnolog\u00eda ha experimentado una <strong>evoluci\u00f3n<\/strong> tremenda.<\/li>\n<li>Las vacunas que est\u00e1n apareciendo y que se van a poner a la poblaci\u00f3n, son vacunas hechas con <strong>ingenier\u00eda gen\u00e9tica<\/strong>. Estas ya no son vacunas ni de ant\u00edgenos, ni de virus atenuados, son vacunas hechas con trozos de material gen\u00e9tico de las vacunas, parece ser, que la capacidad inmunogen\u00e9tica de la vacuna contra el covid-19 es mucho mayor, de hecho, estamos oyendo que estas vacunas tienen un <strong>80 \u00f3 90% de eficacia<\/strong>, y normalmente las vacunas suelen tener un entre un 60 \u00f3 80% de eficacia.<\/li>\n<\/ul>\n<p>Para finalizar afirma que es fundamental la concienciaci\u00f3n y recordar las medidas de seguridad que son las <strong>&#8216;6 M&#8217;<\/strong>, en especial en estas fecha y \u00abevitar cualquier cosas que no sea necesaria\u00bb .<\/p>\n<p><img loading=\"lazy\" decoding=\"async\" class=\"aligncenter wp-image-1255 size-large\" src=\"http:\/\/residenciarucab.es\/blog\/wp-content\/uploads\/2020\/12\/las-6-m-1024x576.jpg\" alt=\"Las 6 m para evitar el covid-19\" width=\"700\" height=\"394\" srcset=\"https:\/\/residenciarucab.es\/blog\/wp-content\/uploads\/2020\/12\/las-6-m-1024x576.jpg 1024w, https:\/\/residenciarucab.es\/blog\/wp-content\/uploads\/2020\/12\/las-6-m-300x169.jpg 300w, https:\/\/residenciarucab.es\/blog\/wp-content\/uploads\/2020\/12\/las-6-m-768x432.jpg 768w, https:\/\/residenciarucab.es\/blog\/wp-content\/uploads\/2020\/12\/las-6-m-1140x641.jpg 1140w, https:\/\/residenciarucab.es\/blog\/wp-content\/uploads\/2020\/12\/las-6-m-552x311.jpg 552w, https:\/\/residenciarucab.es\/blog\/wp-content\/uploads\/2020\/12\/las-6-m.jpg 1280w\" sizes=\"auto, (max-width: 700px) 100vw, 700px\" \/><\/p>\n<p>Puedes ver el v\u00eddeo completo desde nuestro <a href=\"https:\/\/www.youtube.com\/watch?v=WVQ5WVBrFCg\" target=\"_blank\" rel=\"noopener\">canal de Youtube<\/a><\/p>\n<p>Si eres residente de la RUCAB, recuerda que puedes leer el protocolo <a href=\"https:\/\/residenciarucab.es\/protocolo-covid-19\/\" target=\"_blank\" rel=\"noopener\">covid-19.<\/a><\/p>\n","protected":false},"excerpt":{"rendered":"<p class=\"post-excerpt\">La Residencia Universitaria de Fundaci\u00f3n CB, RUCAB, junto con la Consejer\u00eda de Sanidad y Servicios Sociales de la Junta de Extremadura, han organizado un e-training Covid-19, de manera virtual, para los residentes de la RUCAB. El 10 de diciembre a las 18.00h nos conectabamos a trav\u00e9s de la plataforma Zoom&#8230;<\/p>\n","protected":false},"author":1,"featured_media":1263,"comment_status":"open","ping_status":"open","sticky":false,"template":"","format":"standard","meta":{"footnotes":""},"categories":[1],"tags":[9,306,254,305,309,307,36,35,308,310],"class_list":["post-1253","post","type-post","status-publish","format-standard","has-post-thumbnail","hentry","category-noticias","tag-badajoz","tag-conferencia-covid-19","tag-coronavirus","tag-e-training-covid-19","tag-junta-de-extremadura","tag-pandemia","tag-residencia-universitaria","tag-rucab","tag-vicente-caballero","tag-zoom"],"yoast_head":"<!-- This site is optimized with the Yoast SEO plugin v27.5 - https:\/\/yoast.com\/product\/yoast-seo-wordpress\/ -->\n<title>Conferencia e-training Covid-19 en la RUCAB - BLOG RUCAB<\/title>\n<meta name=\"description\" content=\"La Residencia Universitaria de Fundaci\u00f3n CB, RUCAB, junto con la Consejer\u00eda de Sanidad y Servicios Sociales de la Junta de Extremadura, organizan un e-training Covid-19.\" \/>\n<meta name=\"robots\" content=\"index, follow, max-snippet:-1, max-image-preview:large, max-video-preview:-1\" \/>\n<link rel=\"canonical\" href=\"https:\/\/residenciarucab.es\/blog\/conferencia-e-training-covid-19-en-la-rucab\/\" \/>\n<meta property=\"og:locale\" content=\"es_ES\" \/>\n<meta property=\"og:type\" content=\"article\" \/>\n<meta property=\"og:title\" content=\"Conferencia e-training Covid-19 en la RUCAB - BLOG RUCAB\" \/>\n<meta property=\"og:description\" content=\"La Residencia Universitaria de Fundaci\u00f3n CB, RUCAB, junto con la Consejer\u00eda de Sanidad y Servicios Sociales de la Junta de Extremadura, organizan un e-training Covid-19.\" \/>\n<meta property=\"og:url\" content=\"https:\/\/residenciarucab.es\/blog\/conferencia-e-training-covid-19-en-la-rucab\/\" \/>\n<meta property=\"og:site_name\" content=\"BLOG RUCAB\" \/>\n<meta property=\"article:published_time\" content=\"2020-12-11T18:58:54+00:00\" \/>\n<meta property=\"article:modified_time\" content=\"2020-12-14T10:23:21+00:00\" \/>\n<meta property=\"og:image\" content=\"https:\/\/residenciarucab.es\/blog\/wp-content\/uploads\/2020\/12\/e-training-rucab-por-vicente-caballero.jpg\" \/>\n\t<meta property=\"og:image:width\" content=\"1280\" \/>\n\t<meta property=\"og:image:height\" content=\"720\" \/>\n\t<meta property=\"og:image:type\" content=\"image\/jpeg\" \/>\n<meta name=\"author\" content=\"RUCAB\" \/>\n<meta name=\"twitter:card\" content=\"summary_large_image\" \/>\n<meta name=\"twitter:label1\" content=\"Escrito por\" \/>\n\t<meta name=\"twitter:data1\" content=\"RUCAB\" \/>\n\t<meta name=\"twitter:label2\" content=\"Tiempo de lectura\" \/>\n\t<meta name=\"twitter:data2\" content=\"1 minuto\" \/>\n<script type=\"application\/ld+json\" class=\"yoast-schema-graph\">{\"@context\":\"https:\\\/\\\/schema.org\",\"@graph\":[{\"@type\":\"Article\",\"@id\":\"https:\\\/\\\/residenciarucab.es\\\/blog\\\/conferencia-e-training-covid-19-en-la-rucab\\\/#article\",\"isPartOf\":{\"@id\":\"https:\\\/\\\/residenciarucab.es\\\/blog\\\/conferencia-e-training-covid-19-en-la-rucab\\\/\"},\"author\":{\"name\":\"RUCAB\",\"@id\":\"https:\\\/\\\/residenciarucab.es\\\/blog\\\/#\\\/schema\\\/person\\\/f759c867eac865f0ce36c767f26f9294\"},\"headline\":\"Conferencia e-training Covid-19 en la RUCAB\",\"datePublished\":\"2020-12-11T18:58:54+00:00\",\"dateModified\":\"2020-12-14T10:23:21+00:00\",\"mainEntityOfPage\":{\"@id\":\"https:\\\/\\\/residenciarucab.es\\\/blog\\\/conferencia-e-training-covid-19-en-la-rucab\\\/\"},\"wordCount\":287,\"commentCount\":0,\"image\":{\"@id\":\"https:\\\/\\\/residenciarucab.es\\\/blog\\\/conferencia-e-training-covid-19-en-la-rucab\\\/#primaryimage\"},\"thumbnailUrl\":\"https:\\\/\\\/residenciarucab.es\\\/blog\\\/wp-content\\\/uploads\\\/2020\\\/12\\\/e-training-rucab-por-vicente-caballero.jpg\",\"keywords\":[\"Badajoz\",\"conferencia covid-19\",\"coronavirus\",\"e-training covid-19\",\"Junta de Extremadura\",\"pandemia\",\"Residencia Universitaria\",\"Rucab\",\"Vicente Caballero\",\"Zoom\"],\"articleSection\":[\"Noticias\"],\"inLanguage\":\"es\",\"potentialAction\":[{\"@type\":\"CommentAction\",\"name\":\"Comment\",\"target\":[\"https:\\\/\\\/residenciarucab.es\\\/blog\\\/conferencia-e-training-covid-19-en-la-rucab\\\/#respond\"]}]},{\"@type\":\"WebPage\",\"@id\":\"https:\\\/\\\/residenciarucab.es\\\/blog\\\/conferencia-e-training-covid-19-en-la-rucab\\\/\",\"url\":\"https:\\\/\\\/residenciarucab.es\\\/blog\\\/conferencia-e-training-covid-19-en-la-rucab\\\/\",\"name\":\"Conferencia e-training Covid-19 en la RUCAB - BLOG RUCAB\",\"isPartOf\":{\"@id\":\"https:\\\/\\\/residenciarucab.es\\\/blog\\\/#website\"},\"primaryImageOfPage\":{\"@id\":\"https:\\\/\\\/residenciarucab.es\\\/blog\\\/conferencia-e-training-covid-19-en-la-rucab\\\/#primaryimage\"},\"image\":{\"@id\":\"https:\\\/\\\/residenciarucab.es\\\/blog\\\/conferencia-e-training-covid-19-en-la-rucab\\\/#primaryimage\"},\"thumbnailUrl\":\"https:\\\/\\\/residenciarucab.es\\\/blog\\\/wp-content\\\/uploads\\\/2020\\\/12\\\/e-training-rucab-por-vicente-caballero.jpg\",\"datePublished\":\"2020-12-11T18:58:54+00:00\",\"dateModified\":\"2020-12-14T10:23:21+00:00\",\"author\":{\"@id\":\"https:\\\/\\\/residenciarucab.es\\\/blog\\\/#\\\/schema\\\/person\\\/f759c867eac865f0ce36c767f26f9294\"},\"description\":\"La Residencia Universitaria de Fundaci\u00f3n CB, RUCAB, junto con la Consejer\u00eda de Sanidad y Servicios Sociales de la Junta de Extremadura, organizan un e-training Covid-19.\",\"breadcrumb\":{\"@id\":\"https:\\\/\\\/residenciarucab.es\\\/blog\\\/conferencia-e-training-covid-19-en-la-rucab\\\/#breadcrumb\"},\"inLanguage\":\"es\",\"potentialAction\":[{\"@type\":\"ReadAction\",\"target\":[\"https:\\\/\\\/residenciarucab.es\\\/blog\\\/conferencia-e-training-covid-19-en-la-rucab\\\/\"]}]},{\"@type\":\"ImageObject\",\"inLanguage\":\"es\",\"@id\":\"https:\\\/\\\/residenciarucab.es\\\/blog\\\/conferencia-e-training-covid-19-en-la-rucab\\\/#primaryimage\",\"url\":\"https:\\\/\\\/residenciarucab.es\\\/blog\\\/wp-content\\\/uploads\\\/2020\\\/12\\\/e-training-rucab-por-vicente-caballero.jpg\",\"contentUrl\":\"https:\\\/\\\/residenciarucab.es\\\/blog\\\/wp-content\\\/uploads\\\/2020\\\/12\\\/e-training-rucab-por-vicente-caballero.jpg\",\"width\":1280,\"height\":720,\"caption\":\"e-training covid-19 por Vicente Caballero\"},{\"@type\":\"BreadcrumbList\",\"@id\":\"https:\\\/\\\/residenciarucab.es\\\/blog\\\/conferencia-e-training-covid-19-en-la-rucab\\\/#breadcrumb\",\"itemListElement\":[{\"@type\":\"ListItem\",\"position\":1,\"name\":\"Portada\",\"item\":\"https:\\\/\\\/residenciarucab.es\\\/blog\\\/\"},{\"@type\":\"ListItem\",\"position\":2,\"name\":\"Conferencia e-training Covid-19 en la RUCAB\"}]},{\"@type\":\"WebSite\",\"@id\":\"https:\\\/\\\/residenciarucab.es\\\/blog\\\/#website\",\"url\":\"https:\\\/\\\/residenciarucab.es\\\/blog\\\/\",\"name\":\"BLOG RUCAB\",\"description\":\"\u00a1Todas las novedades de nuestra residencia universitaria!\",\"potentialAction\":[{\"@type\":\"SearchAction\",\"target\":{\"@type\":\"EntryPoint\",\"urlTemplate\":\"https:\\\/\\\/residenciarucab.es\\\/blog\\\/?s={search_term_string}\"},\"query-input\":{\"@type\":\"PropertyValueSpecification\",\"valueRequired\":true,\"valueName\":\"search_term_string\"}}],\"inLanguage\":\"es\"},{\"@type\":\"Person\",\"@id\":\"https:\\\/\\\/residenciarucab.es\\\/blog\\\/#\\\/schema\\\/person\\\/f759c867eac865f0ce36c767f26f9294\",\"name\":\"RUCAB\",\"image\":{\"@type\":\"ImageObject\",\"inLanguage\":\"es\",\"@id\":\"https:\\\/\\\/residenciarucab.es\\\/blog\\\/wp-content\\\/uploads\\\/2019\\\/07\\\/r-rosa.png\",\"url\":\"https:\\\/\\\/residenciarucab.es\\\/blog\\\/wp-content\\\/uploads\\\/2019\\\/07\\\/r-rosa.png\",\"contentUrl\":\"https:\\\/\\\/residenciarucab.es\\\/blog\\\/wp-content\\\/uploads\\\/2019\\\/07\\\/r-rosa.png\",\"caption\":\"RUCAB\"},\"description\":\"La RUCAB es un referente en Extremadura por la calidad de sus instalaciones y por su estilo de vida, basado en valores de convivencia, respeto y educaci\u00f3n. Una residencia junto al campus y con todas las necesidades cubiertas.\",\"url\":\"https:\\\/\\\/residenciarucab.es\\\/blog\\\/author\\\/rucab_blog\\\/\"}]}<\/script>\n<!-- \/ Yoast SEO plugin. -->","yoast_head_json":{"title":"Conferencia e-training Covid-19 en la RUCAB - BLOG RUCAB","description":"La Residencia Universitaria de Fundaci\u00f3n CB, RUCAB, junto con la Consejer\u00eda de Sanidad y Servicios Sociales de la Junta de Extremadura, organizan un e-training Covid-19.","robots":{"index":"index","follow":"follow","max-snippet":"max-snippet:-1","max-image-preview":"max-image-preview:large","max-video-preview":"max-video-preview:-1"},"canonical":"https:\/\/residenciarucab.es\/blog\/conferencia-e-training-covid-19-en-la-rucab\/","og_locale":"es_ES","og_type":"article","og_title":"Conferencia e-training Covid-19 en la RUCAB - BLOG RUCAB","og_description":"La Residencia Universitaria de Fundaci\u00f3n CB, RUCAB, junto con la Consejer\u00eda de Sanidad y Servicios Sociales de la Junta de Extremadura, organizan un e-training Covid-19.","og_url":"https:\/\/residenciarucab.es\/blog\/conferencia-e-training-covid-19-en-la-rucab\/","og_site_name":"BLOG RUCAB","article_published_time":"2020-12-11T18:58:54+00:00","article_modified_time":"2020-12-14T10:23:21+00:00","og_image":[{"width":1280,"height":720,"url":"https:\/\/residenciarucab.es\/blog\/wp-content\/uploads\/2020\/12\/e-training-rucab-por-vicente-caballero.jpg","type":"image\/jpeg"}],"author":"RUCAB","twitter_card":"summary_large_image","twitter_misc":{"Escrito por":"RUCAB","Tiempo de lectura":"1 minuto"},"schema":{"@context":"https:\/\/schema.org","@graph":[{"@type":"Article","@id":"https:\/\/residenciarucab.es\/blog\/conferencia-e-training-covid-19-en-la-rucab\/#article","isPartOf":{"@id":"https:\/\/residenciarucab.es\/blog\/conferencia-e-training-covid-19-en-la-rucab\/"},"author":{"name":"RUCAB","@id":"https:\/\/residenciarucab.es\/blog\/#\/schema\/person\/f759c867eac865f0ce36c767f26f9294"},"headline":"Conferencia e-training Covid-19 en la RUCAB","datePublished":"2020-12-11T18:58:54+00:00","dateModified":"2020-12-14T10:23:21+00:00","mainEntityOfPage":{"@id":"https:\/\/residenciarucab.es\/blog\/conferencia-e-training-covid-19-en-la-rucab\/"},"wordCount":287,"commentCount":0,"image":{"@id":"https:\/\/residenciarucab.es\/blog\/conferencia-e-training-covid-19-en-la-rucab\/#primaryimage"},"thumbnailUrl":"https:\/\/residenciarucab.es\/blog\/wp-content\/uploads\/2020\/12\/e-training-rucab-por-vicente-caballero.jpg","keywords":["Badajoz","conferencia covid-19","coronavirus","e-training covid-19","Junta de Extremadura","pandemia","Residencia Universitaria","Rucab","Vicente Caballero","Zoom"],"articleSection":["Noticias"],"inLanguage":"es","potentialAction":[{"@type":"CommentAction","name":"Comment","target":["https:\/\/residenciarucab.es\/blog\/conferencia-e-training-covid-19-en-la-rucab\/#respond"]}]},{"@type":"WebPage","@id":"https:\/\/residenciarucab.es\/blog\/conferencia-e-training-covid-19-en-la-rucab\/","url":"https:\/\/residenciarucab.es\/blog\/conferencia-e-training-covid-19-en-la-rucab\/","name":"Conferencia e-training Covid-19 en la RUCAB - BLOG RUCAB","isPartOf":{"@id":"https:\/\/residenciarucab.es\/blog\/#website"},"primaryImageOfPage":{"@id":"https:\/\/residenciarucab.es\/blog\/conferencia-e-training-covid-19-en-la-rucab\/#primaryimage"},"image":{"@id":"https:\/\/residenciarucab.es\/blog\/conferencia-e-training-covid-19-en-la-rucab\/#primaryimage"},"thumbnailUrl":"https:\/\/residenciarucab.es\/blog\/wp-content\/uploads\/2020\/12\/e-training-rucab-por-vicente-caballero.jpg","datePublished":"2020-12-11T18:58:54+00:00","dateModified":"2020-12-14T10:23:21+00:00","author":{"@id":"https:\/\/residenciarucab.es\/blog\/#\/schema\/person\/f759c867eac865f0ce36c767f26f9294"},"description":"La Residencia Universitaria de Fundaci\u00f3n CB, RUCAB, junto con la Consejer\u00eda de Sanidad y Servicios Sociales de la Junta de Extremadura, organizan un e-training Covid-19.","breadcrumb":{"@id":"https:\/\/residenciarucab.es\/blog\/conferencia-e-training-covid-19-en-la-rucab\/#breadcrumb"},"inLanguage":"es","potentialAction":[{"@type":"ReadAction","target":["https:\/\/residenciarucab.es\/blog\/conferencia-e-training-covid-19-en-la-rucab\/"]}]},{"@type":"ImageObject","inLanguage":"es","@id":"https:\/\/residenciarucab.es\/blog\/conferencia-e-training-covid-19-en-la-rucab\/#primaryimage","url":"https:\/\/residenciarucab.es\/blog\/wp-content\/uploads\/2020\/12\/e-training-rucab-por-vicente-caballero.jpg","contentUrl":"https:\/\/residenciarucab.es\/blog\/wp-content\/uploads\/2020\/12\/e-training-rucab-por-vicente-caballero.jpg","width":1280,"height":720,"caption":"e-training covid-19 por Vicente Caballero"},{"@type":"BreadcrumbList","@id":"https:\/\/residenciarucab.es\/blog\/conferencia-e-training-covid-19-en-la-rucab\/#breadcrumb","itemListElement":[{"@type":"ListItem","position":1,"name":"Portada","item":"https:\/\/residenciarucab.es\/blog\/"},{"@type":"ListItem","position":2,"name":"Conferencia e-training Covid-19 en la RUCAB"}]},{"@type":"WebSite","@id":"https:\/\/residenciarucab.es\/blog\/#website","url":"https:\/\/residenciarucab.es\/blog\/","name":"BLOG RUCAB","description":"\u00a1Todas las novedades de nuestra residencia universitaria!","potentialAction":[{"@type":"SearchAction","target":{"@type":"EntryPoint","urlTemplate":"https:\/\/residenciarucab.es\/blog\/?s={search_term_string}"},"query-input":{"@type":"PropertyValueSpecification","valueRequired":true,"valueName":"search_term_string"}}],"inLanguage":"es"},{"@type":"Person","@id":"https:\/\/residenciarucab.es\/blog\/#\/schema\/person\/f759c867eac865f0ce36c767f26f9294","name":"RUCAB","image":{"@type":"ImageObject","inLanguage":"es","@id":"https:\/\/residenciarucab.es\/blog\/wp-content\/uploads\/2019\/07\/r-rosa.png","url":"https:\/\/residenciarucab.es\/blog\/wp-content\/uploads\/2019\/07\/r-rosa.png","contentUrl":"https:\/\/residenciarucab.es\/blog\/wp-content\/uploads\/2019\/07\/r-rosa.png","caption":"RUCAB"},"description":"La RUCAB es un referente en Extremadura por la calidad de sus instalaciones y por su estilo de vida, basado en valores de convivencia, respeto y educaci\u00f3n. Una residencia junto al campus y con todas las necesidades cubiertas.","url":"https:\/\/residenciarucab.es\/blog\/author\/rucab_blog\/"}]}},"_links":{"self":[{"href":"https:\/\/residenciarucab.es\/blog\/wp-json\/wp\/v2\/posts\/1253","targetHints":{"allow":["GET"]}}],"collection":[{"href":"https:\/\/residenciarucab.es\/blog\/wp-json\/wp\/v2\/posts"}],"about":[{"href":"https:\/\/residenciarucab.es\/blog\/wp-json\/wp\/v2\/types\/post"}],"author":[{"embeddable":true,"href":"https:\/\/residenciarucab.es\/blog\/wp-json\/wp\/v2\/users\/1"}],"replies":[{"embeddable":true,"href":"https:\/\/residenciarucab.es\/blog\/wp-json\/wp\/v2\/comments?post=1253"}],"version-history":[{"count":8,"href":"https:\/\/residenciarucab.es\/blog\/wp-json\/wp\/v2\/posts\/1253\/revisions"}],"predecessor-version":[{"id":1264,"href":"https:\/\/residenciarucab.es\/blog\/wp-json\/wp\/v2\/posts\/1253\/revisions\/1264"}],"wp:featuredmedia":[{"embeddable":true,"href":"https:\/\/residenciarucab.es\/blog\/wp-json\/wp\/v2\/media\/1263"}],"wp:attachment":[{"href":"https:\/\/residenciarucab.es\/blog\/wp-json\/wp\/v2\/media?parent=1253"}],"wp:term":[{"taxonomy":"category","embeddable":true,"href":"https:\/\/residenciarucab.es\/blog\/wp-json\/wp\/v2\/categories?post=1253"},{"taxonomy":"post_tag","embeddable":true,"href":"https:\/\/residenciarucab.es\/blog\/wp-json\/wp\/v2\/tags?post=1253"}],"curies":[{"name":"wp","href":"https:\/\/api.w.org\/{rel}","templated":true}]}}