

{"id":1266,"date":"2020-12-26T12:02:09","date_gmt":"2020-12-26T11:02:09","guid":{"rendered":"http:\/\/residenciarucab.es\/blog\/?p=1266"},"modified":"2020-12-27T13:03:30","modified_gmt":"2020-12-27T12:03:30","slug":"residente-manuel-sanchez","status":"publish","type":"post","link":"https:\/\/residenciarucab.es\/blog\/residente-manuel-sanchez\/","title":{"rendered":"Manuel S\u00e1nchez, primer residente en utilizar la habitaci\u00f3n adaptada de la RUCAB"},"content":{"rendered":"<h4><strong>Para Manuel S\u00e1nchez Fern\u00e1ndez este es su primer a\u00f1o en la <a href=\"https:\/\/www.unex.es\/\" target=\"_blank\" rel=\"noopener\">Universidad de Extremadura<\/a> como estudiante de ADE, tiene 18 a\u00f1os y es de Feria, un pueblo de Badajoz. <\/strong><strong>Su vida ha cambiado, ahora es m\u00e1s independiente y disfruta de su estancia en la residencia junto con sus nuevos amigos, aunque reconoce que este a\u00f1o no lo est\u00e1 disfrutando como deber\u00eda por el covid-19, conf\u00eda que el a\u00f1o que viene sea diferente. Descubrimos m\u00e1s sobre Manuel en esta entrevista.<\/strong><\/h4>\n<p><strong>\u00a0<\/strong><\/p>\n<ol>\n<li><strong>Es tu primer a\u00f1o en la universidad \u00bfqu\u00e9 ha supuesto para Manuel S\u00e1nchez este cambio de vida?<\/strong><\/li>\n<\/ol>\n<p>El primer mes se hizo dif\u00edcil, por la <strong>adaptaci\u00f3n<\/strong>, lo bueno es que despu\u00e9s te vas acostumbrando a esta nueva vida y lo vas llevando bien.<\/p>\n<p>Al principio se me hizo m\u00e1s dif\u00edcil porque estaba acostumbrado a que me dieran todo, como por ejemplo llevarme a los sitios a los que necesitaba ir, si ten\u00eda alguna necesidad me la cubr\u00edan, estaban m\u00e1s pendiente de mi, he descubierto que as\u00ed tambi\u00e9n me siento bien y <strong>soy m\u00e1s independiente<\/strong>.<\/p>\n<ol start=\"2\">\n<li><strong>Est\u00e1s estudiando ADE, \u00bfpor qu\u00e9 decides estudiar esta carrera?<\/strong><\/li>\n<\/ol>\n<p>Me gusta el mundo de la empresa, me gustar\u00eda ser<strong> emprendedor<\/strong> y llevar mi propia empresa como negocio en el <strong>futuro<\/strong>.<\/p>\n<ol start=\"3\">\n<li><strong>\u00bfC\u00f3mo te est\u00e1 yendo en clase con los profesores, los compa\u00f1eros\u2026?<\/strong><\/li>\n<\/ol>\n<p>Con lo profes bien, he notado el cambio del instituto a la universidad porque son<strong> m\u00e1s exigentes<\/strong> y no est\u00e1n tan pendientes de ti. Antes era diferente, el aprendizaje era m\u00e1s lento y hab\u00eda ex\u00e1menes constantemente, ahora los estos son al final. Las <strong>Navidades<\/strong> las pasar\u00e9 estudiando&#8230;<\/p>\n<ol start=\"4\">\n<li><strong>\u00bfPor qu\u00e9 decides venir a la RUCAB?<\/strong><\/li>\n<\/ol>\n<p>Vi todas las residencias que hab\u00eda en <strong>Badajoz<\/strong>, y esta fue la que m\u00e1s me gust\u00f3, por sus instalaciones, era la \u00fanica con <strong>habitaci\u00f3n adaptada<\/strong>. Puedo <strong>acceder a todas las zonas<\/strong>, como el comedor, el sal\u00f3n de actos, todo tiene rampa o ascensor para poder moverme por la residencia sin l\u00edmites. Adem\u00e1s, me hab\u00edan hablado muy bien de ella, as\u00ed que todo junto hizo que me decantara por ella.<\/p>\n<p><img loading=\"lazy\" decoding=\"async\" class=\"aligncenter wp-image-1275 size-large\" src=\"http:\/\/residenciarucab.es\/blog\/wp-content\/uploads\/2020\/12\/habitacio\u0301n-adaptada-manuel-sanchez-1024x576.jpg\" alt=\"Habitaci\u00f3n adaptada de la RUCAB\" width=\"700\" height=\"394\" srcset=\"https:\/\/residenciarucab.es\/blog\/wp-content\/uploads\/2020\/12\/habitacio\u0301n-adaptada-manuel-sanchez-1024x576.jpg 1024w, https:\/\/residenciarucab.es\/blog\/wp-content\/uploads\/2020\/12\/habitacio\u0301n-adaptada-manuel-sanchez-300x169.jpg 300w, https:\/\/residenciarucab.es\/blog\/wp-content\/uploads\/2020\/12\/habitacio\u0301n-adaptada-manuel-sanchez-768x432.jpg 768w, https:\/\/residenciarucab.es\/blog\/wp-content\/uploads\/2020\/12\/habitacio\u0301n-adaptada-manuel-sanchez-1140x641.jpg 1140w, https:\/\/residenciarucab.es\/blog\/wp-content\/uploads\/2020\/12\/habitacio\u0301n-adaptada-manuel-sanchez-552x311.jpg 552w, https:\/\/residenciarucab.es\/blog\/wp-content\/uploads\/2020\/12\/habitacio\u0301n-adaptada-manuel-sanchez.jpg 1280w\" sizes=\"auto, (max-width: 700px) 100vw, 700px\" \/><\/p>\n<ol start=\"5\">\n<li><strong>\u00bfCrees que la ciudad de Badajoz est\u00e1 bien adaptada y es accesible? <\/strong><\/li>\n<\/ol>\n<p>Pues la verdad es que s\u00ed, he visitado el centro de la ciudad y<strong> es accesible<\/strong>, no como en mi pueblo que todo est\u00e1 m\u00e1s atrasado. Puedo ir por el acerado casi sin problema. Aunque es normal encontrar bares o tiendas con alg\u00fan escal\u00f3n, pero m\u00e1s o menos la vida se lleva bien aqu\u00ed. Ir\u00e9 descubriendo m\u00e1s.<\/p>\n<ol start=\"6\">\n<li><strong>\u00bfC\u00f3mo es tu relaci\u00f3n con los residentes?<\/strong><\/li>\n<\/ol>\n<p>Pues la verdad es que <strong>muy buena<\/strong>, aunque al principio cuesta, pero una vez coges confianza y haces tu grupo de amigos todo cambia. Lo bueno de tener amigos en la resi es que te puedes encontrar en todo momento con ellos. Al compartir desayunos, comidas y cenas todos los d\u00edas, haces amistad, y tenerlos cerca es una ventaja, compartimos nuestras cosas y lo pasamos bien juntos.<\/p>\n<p>En cuanto al <strong>Covid-19<\/strong>, me habr\u00eda gustado que mi primer a\u00f1o de universidad fuera normal, no tenemos tanta libertad y echo en falta los jueves para poder salir y hacer lo que queramos. Para mi la vida universitaria es para disfrutarla, y este a\u00f1o no podemos hacer nada, espero que el a\u00f1o que viene si pueda vivirla como debe ser.<\/p>\n<ol start=\"7\">\n<li><strong>\u00bfQu\u00e9 le gusta hacer a Manuel S\u00e1nchez en su tiempo libre?<\/strong><\/li>\n<\/ol>\n<p>Mi afici\u00f3n es ver el <strong>f\u00fatbol<\/strong>, soy del Bar\u00e7a y me encanta, veo todos los partidos de la Liga Espa\u00f1ola, principalmente el f\u00fatbol, pero ver deporte en general me gusta mucho.<\/p>\n<p>Tambi\u00e9n me gusta <strong>salir con mis amigos<\/strong> y disfrutar de su compa\u00f1\u00eda, lo pasamos muy bien.<\/p>\n<ol start=\"8\">\n<li><strong>\u00bfC\u00f3mo te ves en el futuro?<\/strong><\/li>\n<\/ol>\n<p>Primero quiero hacer la carrera, terminarla bien para poder sacar las <strong>oposiciones<\/strong> para trabajar por ejemplo, en la Diputaci\u00f3n de Badajoz, ahorrar y<strong> montar mi propia empresa.<\/strong><\/p>\n<p>Descubre otras entrevistas\u00a0 residentes en el <a href=\"https:\/\/residenciarucab.es\/blog\/\" target=\"_blank\" rel=\"noopener\">Blog de la RUCAB.<\/a><\/p>\n","protected":false},"excerpt":{"rendered":"<p class=\"post-excerpt\">Para Manuel S\u00e1nchez Fern\u00e1ndez este es su primer a\u00f1o en la Universidad de Extremadura como estudiante de ADE, tiene 18 a\u00f1os y es de Feria, un pueblo de Badajoz. Su vida ha cambiado, ahora es m\u00e1s independiente y disfruta de su estancia en la residencia junto con sus nuevos amigos,&#8230;<\/p>\n","protected":false},"author":1,"featured_media":1269,"comment_status":"open","ping_status":"open","sticky":false,"template":"","format":"standard","meta":{"footnotes":""},"categories":[1],"tags":[282,312,311,9,174,36,81],"class_list":["post-1266","post","type-post","status-publish","format-standard","has-post-thumbnail","hentry","category-noticias","tag-accesibilidad","tag-ade","tag-ascensor","tag-badajoz","tag-discapacidad","tag-residencia-universitaria","tag-universidad-de-extremadura"],"yoast_head":"<!-- This site is optimized with the Yoast SEO plugin v27.5 - https:\/\/yoast.com\/product\/yoast-seo-wordpress\/ -->\n<title>Manuel S\u00e1nchez, primer residente en utilizar la habitaci\u00f3n adaptada de la RUCAB<\/title>\n<meta name=\"description\" content=\"Hablamos con Manuel S\u00e1nchez, residente de la RUCAB, alojado en nuestra habitaci\u00f3n adaptada, para saber m\u00e1s sobre su experiencia aqu\u00ed.\" \/>\n<meta name=\"robots\" content=\"index, follow, max-snippet:-1, max-image-preview:large, max-video-preview:-1\" \/>\n<link rel=\"canonical\" href=\"https:\/\/residenciarucab.es\/blog\/residente-manuel-sanchez\/\" \/>\n<meta property=\"og:locale\" content=\"es_ES\" \/>\n<meta property=\"og:type\" content=\"article\" \/>\n<meta property=\"og:title\" content=\"Manuel S\u00e1nchez, primer residente en utilizar la habitaci\u00f3n adaptada de la RUCAB\" \/>\n<meta property=\"og:description\" content=\"Hablamos con Manuel S\u00e1nchez, residente de la RUCAB, alojado en nuestra habitaci\u00f3n adaptada, para saber m\u00e1s sobre su experiencia aqu\u00ed.\" \/>\n<meta property=\"og:url\" content=\"https:\/\/residenciarucab.es\/blog\/residente-manuel-sanchez\/\" \/>\n<meta property=\"og:site_name\" content=\"BLOG RUCAB\" \/>\n<meta property=\"article:published_time\" content=\"2020-12-26T11:02:09+00:00\" \/>\n<meta property=\"article:modified_time\" content=\"2020-12-27T12:03:30+00:00\" \/>\n<meta property=\"og:image\" content=\"https:\/\/residenciarucab.es\/blog\/wp-content\/uploads\/2020\/12\/manuel-sa\u0301nchez-residente-rucab.jpg\" \/>\n\t<meta property=\"og:image:width\" content=\"1280\" \/>\n\t<meta property=\"og:image:height\" content=\"720\" \/>\n\t<meta property=\"og:image:type\" content=\"image\/jpeg\" \/>\n<meta name=\"author\" content=\"RUCAB\" \/>\n<meta name=\"twitter:card\" content=\"summary_large_image\" \/>\n<meta name=\"twitter:label1\" content=\"Escrito por\" \/>\n\t<meta name=\"twitter:data1\" content=\"RUCAB\" \/>\n\t<meta name=\"twitter:label2\" content=\"Tiempo de lectura\" \/>\n\t<meta name=\"twitter:data2\" content=\"4 minutos\" \/>\n<script type=\"application\/ld+json\" class=\"yoast-schema-graph\">{\"@context\":\"https:\\\/\\\/schema.org\",\"@graph\":[{\"@type\":\"Article\",\"@id\":\"https:\\\/\\\/residenciarucab.es\\\/blog\\\/residente-manuel-sanchez\\\/#article\",\"isPartOf\":{\"@id\":\"https:\\\/\\\/residenciarucab.es\\\/blog\\\/residente-manuel-sanchez\\\/\"},\"author\":{\"name\":\"RUCAB\",\"@id\":\"https:\\\/\\\/residenciarucab.es\\\/blog\\\/#\\\/schema\\\/person\\\/f759c867eac865f0ce36c767f26f9294\"},\"headline\":\"Manuel S\u00e1nchez, primer residente en utilizar la habitaci\u00f3n adaptada de la RUCAB\",\"datePublished\":\"2020-12-26T11:02:09+00:00\",\"dateModified\":\"2020-12-27T12:03:30+00:00\",\"mainEntityOfPage\":{\"@id\":\"https:\\\/\\\/residenciarucab.es\\\/blog\\\/residente-manuel-sanchez\\\/\"},\"wordCount\":714,\"commentCount\":0,\"image\":{\"@id\":\"https:\\\/\\\/residenciarucab.es\\\/blog\\\/residente-manuel-sanchez\\\/#primaryimage\"},\"thumbnailUrl\":\"https:\\\/\\\/residenciarucab.es\\\/blog\\\/wp-content\\\/uploads\\\/2020\\\/12\\\/manuel-sa\u0301nchez-residente-rucab.jpg\",\"keywords\":[\"accesibilidad\",\"ADE\",\"ascensor\",\"Badajoz\",\"discapacidad\",\"Residencia Universitaria\",\"universidad de extremadura\"],\"articleSection\":[\"Noticias\"],\"inLanguage\":\"es\",\"potentialAction\":[{\"@type\":\"CommentAction\",\"name\":\"Comment\",\"target\":[\"https:\\\/\\\/residenciarucab.es\\\/blog\\\/residente-manuel-sanchez\\\/#respond\"]}]},{\"@type\":\"WebPage\",\"@id\":\"https:\\\/\\\/residenciarucab.es\\\/blog\\\/residente-manuel-sanchez\\\/\",\"url\":\"https:\\\/\\\/residenciarucab.es\\\/blog\\\/residente-manuel-sanchez\\\/\",\"name\":\"Manuel S\u00e1nchez, primer residente en utilizar la habitaci\u00f3n adaptada de la RUCAB\",\"isPartOf\":{\"@id\":\"https:\\\/\\\/residenciarucab.es\\\/blog\\\/#website\"},\"primaryImageOfPage\":{\"@id\":\"https:\\\/\\\/residenciarucab.es\\\/blog\\\/residente-manuel-sanchez\\\/#primaryimage\"},\"image\":{\"@id\":\"https:\\\/\\\/residenciarucab.es\\\/blog\\\/residente-manuel-sanchez\\\/#primaryimage\"},\"thumbnailUrl\":\"https:\\\/\\\/residenciarucab.es\\\/blog\\\/wp-content\\\/uploads\\\/2020\\\/12\\\/manuel-sa\u0301nchez-residente-rucab.jpg\",\"datePublished\":\"2020-12-26T11:02:09+00:00\",\"dateModified\":\"2020-12-27T12:03:30+00:00\",\"author\":{\"@id\":\"https:\\\/\\\/residenciarucab.es\\\/blog\\\/#\\\/schema\\\/person\\\/f759c867eac865f0ce36c767f26f9294\"},\"description\":\"Hablamos con Manuel S\u00e1nchez, residente de la RUCAB, alojado en nuestra habitaci\u00f3n adaptada, para saber m\u00e1s sobre su experiencia aqu\u00ed.\",\"breadcrumb\":{\"@id\":\"https:\\\/\\\/residenciarucab.es\\\/blog\\\/residente-manuel-sanchez\\\/#breadcrumb\"},\"inLanguage\":\"es\",\"potentialAction\":[{\"@type\":\"ReadAction\",\"target\":[\"https:\\\/\\\/residenciarucab.es\\\/blog\\\/residente-manuel-sanchez\\\/\"]}]},{\"@type\":\"ImageObject\",\"inLanguage\":\"es\",\"@id\":\"https:\\\/\\\/residenciarucab.es\\\/blog\\\/residente-manuel-sanchez\\\/#primaryimage\",\"url\":\"https:\\\/\\\/residenciarucab.es\\\/blog\\\/wp-content\\\/uploads\\\/2020\\\/12\\\/manuel-sa\u0301nchez-residente-rucab.jpg\",\"contentUrl\":\"https:\\\/\\\/residenciarucab.es\\\/blog\\\/wp-content\\\/uploads\\\/2020\\\/12\\\/manuel-sa\u0301nchez-residente-rucab.jpg\",\"width\":1280,\"height\":720,\"caption\":\"habitaci\u00f3n adaptada en la RUCAB\"},{\"@type\":\"BreadcrumbList\",\"@id\":\"https:\\\/\\\/residenciarucab.es\\\/blog\\\/residente-manuel-sanchez\\\/#breadcrumb\",\"itemListElement\":[{\"@type\":\"ListItem\",\"position\":1,\"name\":\"Portada\",\"item\":\"https:\\\/\\\/residenciarucab.es\\\/blog\\\/\"},{\"@type\":\"ListItem\",\"position\":2,\"name\":\"Manuel S\u00e1nchez, primer residente en utilizar la habitaci\u00f3n adaptada de la RUCAB\"}]},{\"@type\":\"WebSite\",\"@id\":\"https:\\\/\\\/residenciarucab.es\\\/blog\\\/#website\",\"url\":\"https:\\\/\\\/residenciarucab.es\\\/blog\\\/\",\"name\":\"BLOG RUCAB\",\"description\":\"\u00a1Todas las novedades de nuestra residencia universitaria!\",\"potentialAction\":[{\"@type\":\"SearchAction\",\"target\":{\"@type\":\"EntryPoint\",\"urlTemplate\":\"https:\\\/\\\/residenciarucab.es\\\/blog\\\/?s={search_term_string}\"},\"query-input\":{\"@type\":\"PropertyValueSpecification\",\"valueRequired\":true,\"valueName\":\"search_term_string\"}}],\"inLanguage\":\"es\"},{\"@type\":\"Person\",\"@id\":\"https:\\\/\\\/residenciarucab.es\\\/blog\\\/#\\\/schema\\\/person\\\/f759c867eac865f0ce36c767f26f9294\",\"name\":\"RUCAB\",\"image\":{\"@type\":\"ImageObject\",\"inLanguage\":\"es\",\"@id\":\"https:\\\/\\\/residenciarucab.es\\\/blog\\\/wp-content\\\/uploads\\\/2019\\\/07\\\/r-rosa.png\",\"url\":\"https:\\\/\\\/residenciarucab.es\\\/blog\\\/wp-content\\\/uploads\\\/2019\\\/07\\\/r-rosa.png\",\"contentUrl\":\"https:\\\/\\\/residenciarucab.es\\\/blog\\\/wp-content\\\/uploads\\\/2019\\\/07\\\/r-rosa.png\",\"caption\":\"RUCAB\"},\"description\":\"La RUCAB es un referente en Extremadura por la calidad de sus instalaciones y por su estilo de vida, basado en valores de convivencia, respeto y educaci\u00f3n. Una residencia junto al campus y con todas las necesidades cubiertas.\",\"url\":\"https:\\\/\\\/residenciarucab.es\\\/blog\\\/author\\\/rucab_blog\\\/\"}]}<\/script>\n<!-- \/ Yoast SEO plugin. -->","yoast_head_json":{"title":"Manuel S\u00e1nchez, primer residente en utilizar la habitaci\u00f3n adaptada de la RUCAB","description":"Hablamos con Manuel S\u00e1nchez, residente de la RUCAB, alojado en nuestra habitaci\u00f3n adaptada, para saber m\u00e1s sobre su experiencia aqu\u00ed.","robots":{"index":"index","follow":"follow","max-snippet":"max-snippet:-1","max-image-preview":"max-image-preview:large","max-video-preview":"max-video-preview:-1"},"canonical":"https:\/\/residenciarucab.es\/blog\/residente-manuel-sanchez\/","og_locale":"es_ES","og_type":"article","og_title":"Manuel S\u00e1nchez, primer residente en utilizar la habitaci\u00f3n adaptada de la RUCAB","og_description":"Hablamos con Manuel S\u00e1nchez, residente de la RUCAB, alojado en nuestra habitaci\u00f3n adaptada, para saber m\u00e1s sobre su experiencia aqu\u00ed.","og_url":"https:\/\/residenciarucab.es\/blog\/residente-manuel-sanchez\/","og_site_name":"BLOG RUCAB","article_published_time":"2020-12-26T11:02:09+00:00","article_modified_time":"2020-12-27T12:03:30+00:00","og_image":[{"width":1280,"height":720,"url":"https:\/\/residenciarucab.es\/blog\/wp-content\/uploads\/2020\/12\/manuel-sa\u0301nchez-residente-rucab.jpg","type":"image\/jpeg"}],"author":"RUCAB","twitter_card":"summary_large_image","twitter_misc":{"Escrito por":"RUCAB","Tiempo de lectura":"4 minutos"},"schema":{"@context":"https:\/\/schema.org","@graph":[{"@type":"Article","@id":"https:\/\/residenciarucab.es\/blog\/residente-manuel-sanchez\/#article","isPartOf":{"@id":"https:\/\/residenciarucab.es\/blog\/residente-manuel-sanchez\/"},"author":{"name":"RUCAB","@id":"https:\/\/residenciarucab.es\/blog\/#\/schema\/person\/f759c867eac865f0ce36c767f26f9294"},"headline":"Manuel S\u00e1nchez, primer residente en utilizar la habitaci\u00f3n adaptada de la RUCAB","datePublished":"2020-12-26T11:02:09+00:00","dateModified":"2020-12-27T12:03:30+00:00","mainEntityOfPage":{"@id":"https:\/\/residenciarucab.es\/blog\/residente-manuel-sanchez\/"},"wordCount":714,"commentCount":0,"image":{"@id":"https:\/\/residenciarucab.es\/blog\/residente-manuel-sanchez\/#primaryimage"},"thumbnailUrl":"https:\/\/residenciarucab.es\/blog\/wp-content\/uploads\/2020\/12\/manuel-sa\u0301nchez-residente-rucab.jpg","keywords":["accesibilidad","ADE","ascensor","Badajoz","discapacidad","Residencia Universitaria","universidad de extremadura"],"articleSection":["Noticias"],"inLanguage":"es","potentialAction":[{"@type":"CommentAction","name":"Comment","target":["https:\/\/residenciarucab.es\/blog\/residente-manuel-sanchez\/#respond"]}]},{"@type":"WebPage","@id":"https:\/\/residenciarucab.es\/blog\/residente-manuel-sanchez\/","url":"https:\/\/residenciarucab.es\/blog\/residente-manuel-sanchez\/","name":"Manuel S\u00e1nchez, primer residente en utilizar la habitaci\u00f3n adaptada de la RUCAB","isPartOf":{"@id":"https:\/\/residenciarucab.es\/blog\/#website"},"primaryImageOfPage":{"@id":"https:\/\/residenciarucab.es\/blog\/residente-manuel-sanchez\/#primaryimage"},"image":{"@id":"https:\/\/residenciarucab.es\/blog\/residente-manuel-sanchez\/#primaryimage"},"thumbnailUrl":"https:\/\/residenciarucab.es\/blog\/wp-content\/uploads\/2020\/12\/manuel-sa\u0301nchez-residente-rucab.jpg","datePublished":"2020-12-26T11:02:09+00:00","dateModified":"2020-12-27T12:03:30+00:00","author":{"@id":"https:\/\/residenciarucab.es\/blog\/#\/schema\/person\/f759c867eac865f0ce36c767f26f9294"},"description":"Hablamos con Manuel S\u00e1nchez, residente de la RUCAB, alojado en nuestra habitaci\u00f3n adaptada, para saber m\u00e1s sobre su experiencia aqu\u00ed.","breadcrumb":{"@id":"https:\/\/residenciarucab.es\/blog\/residente-manuel-sanchez\/#breadcrumb"},"inLanguage":"es","potentialAction":[{"@type":"ReadAction","target":["https:\/\/residenciarucab.es\/blog\/residente-manuel-sanchez\/"]}]},{"@type":"ImageObject","inLanguage":"es","@id":"https:\/\/residenciarucab.es\/blog\/residente-manuel-sanchez\/#primaryimage","url":"https:\/\/residenciarucab.es\/blog\/wp-content\/uploads\/2020\/12\/manuel-sa\u0301nchez-residente-rucab.jpg","contentUrl":"https:\/\/residenciarucab.es\/blog\/wp-content\/uploads\/2020\/12\/manuel-sa\u0301nchez-residente-rucab.jpg","width":1280,"height":720,"caption":"habitaci\u00f3n adaptada en la RUCAB"},{"@type":"BreadcrumbList","@id":"https:\/\/residenciarucab.es\/blog\/residente-manuel-sanchez\/#breadcrumb","itemListElement":[{"@type":"ListItem","position":1,"name":"Portada","item":"https:\/\/residenciarucab.es\/blog\/"},{"@type":"ListItem","position":2,"name":"Manuel S\u00e1nchez, primer residente en utilizar la habitaci\u00f3n adaptada de la RUCAB"}]},{"@type":"WebSite","@id":"https:\/\/residenciarucab.es\/blog\/#website","url":"https:\/\/residenciarucab.es\/blog\/","name":"BLOG RUCAB","description":"\u00a1Todas las novedades de nuestra residencia universitaria!","potentialAction":[{"@type":"SearchAction","target":{"@type":"EntryPoint","urlTemplate":"https:\/\/residenciarucab.es\/blog\/?s={search_term_string}"},"query-input":{"@type":"PropertyValueSpecification","valueRequired":true,"valueName":"search_term_string"}}],"inLanguage":"es"},{"@type":"Person","@id":"https:\/\/residenciarucab.es\/blog\/#\/schema\/person\/f759c867eac865f0ce36c767f26f9294","name":"RUCAB","image":{"@type":"ImageObject","inLanguage":"es","@id":"https:\/\/residenciarucab.es\/blog\/wp-content\/uploads\/2019\/07\/r-rosa.png","url":"https:\/\/residenciarucab.es\/blog\/wp-content\/uploads\/2019\/07\/r-rosa.png","contentUrl":"https:\/\/residenciarucab.es\/blog\/wp-content\/uploads\/2019\/07\/r-rosa.png","caption":"RUCAB"},"description":"La RUCAB es un referente en Extremadura por la calidad de sus instalaciones y por su estilo de vida, basado en valores de convivencia, respeto y educaci\u00f3n. Una residencia junto al campus y con todas las necesidades cubiertas.","url":"https:\/\/residenciarucab.es\/blog\/author\/rucab_blog\/"}]}},"_links":{"self":[{"href":"https:\/\/residenciarucab.es\/blog\/wp-json\/wp\/v2\/posts\/1266","targetHints":{"allow":["GET"]}}],"collection":[{"href":"https:\/\/residenciarucab.es\/blog\/wp-json\/wp\/v2\/posts"}],"about":[{"href":"https:\/\/residenciarucab.es\/blog\/wp-json\/wp\/v2\/types\/post"}],"author":[{"embeddable":true,"href":"https:\/\/residenciarucab.es\/blog\/wp-json\/wp\/v2\/users\/1"}],"replies":[{"embeddable":true,"href":"https:\/\/residenciarucab.es\/blog\/wp-json\/wp\/v2\/comments?post=1266"}],"version-history":[{"count":17,"href":"https:\/\/residenciarucab.es\/blog\/wp-json\/wp\/v2\/posts\/1266\/revisions"}],"predecessor-version":[{"id":1296,"href":"https:\/\/residenciarucab.es\/blog\/wp-json\/wp\/v2\/posts\/1266\/revisions\/1296"}],"wp:featuredmedia":[{"embeddable":true,"href":"https:\/\/residenciarucab.es\/blog\/wp-json\/wp\/v2\/media\/1269"}],"wp:attachment":[{"href":"https:\/\/residenciarucab.es\/blog\/wp-json\/wp\/v2\/media?parent=1266"}],"wp:term":[{"taxonomy":"category","embeddable":true,"href":"https:\/\/residenciarucab.es\/blog\/wp-json\/wp\/v2\/categories?post=1266"},{"taxonomy":"post_tag","embeddable":true,"href":"https:\/\/residenciarucab.es\/blog\/wp-json\/wp\/v2\/tags?post=1266"}],"curies":[{"name":"wp","href":"https:\/\/api.w.org\/{rel}","templated":true}]}}