

{"id":1311,"date":"2021-01-29T11:09:56","date_gmt":"2021-01-29T10:09:56","guid":{"rendered":"http:\/\/residenciarucab.es\/blog\/?p=1311"},"modified":"2021-01-29T11:16:03","modified_gmt":"2021-01-29T10:16:03","slug":"obra-de-arte-2020-de-da","status":"publish","type":"post","link":"https:\/\/residenciarucab.es\/blog\/obra-de-arte-2020-de-da\/","title":{"rendered":"La obra &#8217;20 20&#8242; del artista DA, expuesta en la RUCAB"},"content":{"rendered":"<h4>El artista pacense, &#8216;DA&#8217;, David Delgado Mart\u00ednez, expone su obra &#8216;2020&#8217; en la Residencia Universitaria de <a href=\"https:\/\/fundacioncb.es\/2021\/01\/26\/david-delgado-y-su-homenaje-a-las-victimas-del-covid-19\/\" target=\"_blank\" rel=\"noopener\">Fundaci\u00f3n CB<\/a> de manera permanente, la obra representa un homenaje a las v\u00edctimas mortales y sociales de la pandemia provocada por el COVID-19.<\/h4>\n<p><img loading=\"lazy\" decoding=\"async\" class=\"aligncenter wp-image-1321 size-large\" src=\"http:\/\/residenciarucab.es\/blog\/wp-content\/uploads\/2021\/01\/DA-y-su-obra-2020-1024x576.jpg\" alt=\"Obra de arte 2020 de DA, expuesta en al RUCAB\" width=\"700\" height=\"394\" srcset=\"https:\/\/residenciarucab.es\/blog\/wp-content\/uploads\/2021\/01\/DA-y-su-obra-2020-1024x576.jpg 1024w, https:\/\/residenciarucab.es\/blog\/wp-content\/uploads\/2021\/01\/DA-y-su-obra-2020-300x169.jpg 300w, https:\/\/residenciarucab.es\/blog\/wp-content\/uploads\/2021\/01\/DA-y-su-obra-2020-768x432.jpg 768w, https:\/\/residenciarucab.es\/blog\/wp-content\/uploads\/2021\/01\/DA-y-su-obra-2020-1140x641.jpg 1140w, https:\/\/residenciarucab.es\/blog\/wp-content\/uploads\/2021\/01\/DA-y-su-obra-2020-552x311.jpg 552w, https:\/\/residenciarucab.es\/blog\/wp-content\/uploads\/2021\/01\/DA-y-su-obra-2020.jpg 1280w\" sizes=\"auto, (max-width: 700px) 100vw, 700px\" \/><\/p>\n<p>David es profesor de Historia de Espa\u00f1a e Historia del Arte, <strong>artista pl\u00e1stico multimedia y m\u00fasico<\/strong>. Durante esta pandemia ha querido reflejar en un cuadro su <strong>homenaje a las v\u00edctimas de la pandemia a nivel nacional<\/strong> e <strong>internacional<\/strong>.<\/p>\n<p>Como nos dice DA, la obra ha nacido de lo m\u00e1s profundo de su ser, desde el subconsciente, y durante octubre y noviembre ha estado trabaj\u00e1ndola de manera anal\u00f3gica y finalmente ha pasado por un proceso de <strong>digitalizaci\u00f3n<\/strong>.<\/p>\n<p>El objetivo principal de esta obra simbolista es trasmitir la idea de <strong>&#8216;precauci\u00f3n&#8217;<\/strong>, apelando a la <strong>responsabilidad individual<\/strong> para que el virus no consiga ganar la batalla. De esta forma, en el cuadro, podemos ver un resumen de lo que ha sucedi\u00f3 en el 2020 y 2021, quedando inmortalizado en este lienzo para el futuro.<\/p>\n<p><img loading=\"lazy\" decoding=\"async\" class=\"aligncenter wp-image-1324 size-large\" src=\"http:\/\/residenciarucab.es\/blog\/wp-content\/uploads\/2021\/01\/20-20-DA-David-Delgado-1024x576.jpg\" alt=\"Homenaje a las v\u00edctimas del covid-19\" width=\"700\" height=\"394\" srcset=\"https:\/\/residenciarucab.es\/blog\/wp-content\/uploads\/2021\/01\/20-20-DA-David-Delgado-1024x576.jpg 1024w, https:\/\/residenciarucab.es\/blog\/wp-content\/uploads\/2021\/01\/20-20-DA-David-Delgado-300x169.jpg 300w, https:\/\/residenciarucab.es\/blog\/wp-content\/uploads\/2021\/01\/20-20-DA-David-Delgado-768x432.jpg 768w, https:\/\/residenciarucab.es\/blog\/wp-content\/uploads\/2021\/01\/20-20-DA-David-Delgado-1140x641.jpg 1140w, https:\/\/residenciarucab.es\/blog\/wp-content\/uploads\/2021\/01\/20-20-DA-David-Delgado-552x311.jpg 552w, https:\/\/residenciarucab.es\/blog\/wp-content\/uploads\/2021\/01\/20-20-DA-David-Delgado.jpg 1280w\" sizes=\"auto, (max-width: 700px) 100vw, 700px\" \/><\/p>\n<p>La obra de DA por partes:<\/p>\n<ul>\n<li><strong>Coraz\u00f3n y pulmones:<\/strong> aparece en la zona central, estos dos \u00f3rganos representan las dos zonas del cuerpo que m\u00e1s afecta esta enfermedad.<\/li>\n<li><strong>Serpiente:<\/strong> representa la medicina, esta serpiente es un homenaje a los profesionales sanitarios que han estado y est\u00e1n en primera l\u00ednea de batalla.<\/li>\n<li><strong>Naturaleza:<\/strong> las hojas representan un toque de atenci\u00f3n que el covid-19 nos est\u00e1 dando a los humanos.<\/li>\n<li><strong>Pu\u00f1o agarrando ojos:<\/strong> simboliza el poder de la gente que lucha contra este virus.<\/li>\n<li><strong>Ojos:<\/strong> estos ojos llorando transmiten tristeza y dolor, adem\u00e1s la mirada es lo \u00fanico que podemos ver de las personas en la pandemia.<\/li>\n<\/ul>\n<p>David Delgado ha querido despedirse de nosotros dando un mensaje de <strong>responsabilidad a nuestros residentes<\/strong> y de <strong>animo para los ex\u00e1menes<\/strong>.<\/p>\n<p>Puedes leer m\u00e1s contenido de la RUCAB <a href=\"https:\/\/residenciarucab.es\/blog\/\" target=\"_blank\" rel=\"noopener\">aqu\u00ed<\/a><\/p>\n","protected":false},"excerpt":{"rendered":"<p class=\"post-excerpt\">El artista pacense, &#8216;DA&#8217;, David Delgado Mart\u00ednez, expone su obra &#8216;2020&#8217; en la Residencia Universitaria de Fundaci\u00f3n CB de manera permanente, la obra representa un homenaje a las v\u00edctimas mortales y sociales de la pandemia provocada por el COVID-19. David es profesor de Historia de Espa\u00f1a e Historia del Arte,&#8230;<\/p>\n","protected":false},"author":1,"featured_media":1323,"comment_status":"open","ping_status":"open","sticky":false,"template":"","format":"standard","meta":{"footnotes":""},"categories":[1],"tags":[328,4,327,9,254,324,325,320,329,322,326,307,321,323],"class_list":["post-1311","post","type-post","status-publish","format-standard","has-post-thumbnail","hentry","category-noticias","tag-328","tag-arte","tag-artista","tag-badajoz","tag-coronavirus","tag-covid19","tag-cuadro","tag-da","tag-david-delgado","tag-homenaje","tag-obra","tag-pandemia","tag-pintura","tag-victimas"],"yoast_head":"<!-- This site is optimized with the Yoast SEO plugin v27.5 - https:\/\/yoast.com\/product\/yoast-seo-wordpress\/ -->\n<title>La obra &#039;2020&#039; del artista DA, expuesta en la RUCAB - BLOG RUCAB<\/title>\n<meta name=\"description\" content=\"El artista pacense, David Delgado Mart\u00ednez, expone su obra &#039;2020&#039; en la Residencia Universitaria de Fundaci\u00f3n CB de manera permanente.\" \/>\n<meta name=\"robots\" content=\"index, follow, max-snippet:-1, max-image-preview:large, max-video-preview:-1\" \/>\n<link rel=\"canonical\" href=\"https:\/\/residenciarucab.es\/blog\/obra-de-arte-2020-de-da\/\" \/>\n<meta property=\"og:locale\" content=\"es_ES\" \/>\n<meta property=\"og:type\" content=\"article\" \/>\n<meta property=\"og:title\" content=\"La obra &#039;2020&#039; del artista DA, expuesta en la RUCAB - BLOG RUCAB\" \/>\n<meta property=\"og:description\" content=\"El artista pacense, David Delgado Mart\u00ednez, expone su obra &#039;2020&#039; en la Residencia Universitaria de Fundaci\u00f3n CB de manera permanente.\" \/>\n<meta property=\"og:url\" content=\"https:\/\/residenciarucab.es\/blog\/obra-de-arte-2020-de-da\/\" \/>\n<meta property=\"og:site_name\" content=\"BLOG RUCAB\" \/>\n<meta property=\"article:published_time\" content=\"2021-01-29T10:09:56+00:00\" \/>\n<meta property=\"article:modified_time\" content=\"2021-01-29T10:16:03+00:00\" \/>\n<meta property=\"og:image\" content=\"https:\/\/residenciarucab.es\/blog\/wp-content\/uploads\/2021\/01\/Entrevista-a-David-Delgado.jpg\" \/>\n\t<meta property=\"og:image:width\" content=\"1280\" \/>\n\t<meta property=\"og:image:height\" content=\"720\" \/>\n\t<meta property=\"og:image:type\" content=\"image\/jpeg\" \/>\n<meta name=\"author\" content=\"RUCAB\" \/>\n<meta name=\"twitter:card\" content=\"summary_large_image\" \/>\n<meta name=\"twitter:label1\" content=\"Escrito por\" \/>\n\t<meta name=\"twitter:data1\" content=\"RUCAB\" \/>\n\t<meta name=\"twitter:label2\" content=\"Tiempo de lectura\" \/>\n\t<meta name=\"twitter:data2\" content=\"2 minutos\" \/>\n<script type=\"application\/ld+json\" class=\"yoast-schema-graph\">{\"@context\":\"https:\\\/\\\/schema.org\",\"@graph\":[{\"@type\":\"Article\",\"@id\":\"https:\\\/\\\/residenciarucab.es\\\/blog\\\/obra-de-arte-2020-de-da\\\/#article\",\"isPartOf\":{\"@id\":\"https:\\\/\\\/residenciarucab.es\\\/blog\\\/obra-de-arte-2020-de-da\\\/\"},\"author\":{\"name\":\"RUCAB\",\"@id\":\"https:\\\/\\\/residenciarucab.es\\\/blog\\\/#\\\/schema\\\/person\\\/f759c867eac865f0ce36c767f26f9294\"},\"headline\":\"La obra &#8217;20 20&#8242; del artista DA, expuesta en la RUCAB\",\"datePublished\":\"2021-01-29T10:09:56+00:00\",\"dateModified\":\"2021-01-29T10:16:03+00:00\",\"mainEntityOfPage\":{\"@id\":\"https:\\\/\\\/residenciarucab.es\\\/blog\\\/obra-de-arte-2020-de-da\\\/\"},\"wordCount\":335,\"commentCount\":0,\"image\":{\"@id\":\"https:\\\/\\\/residenciarucab.es\\\/blog\\\/obra-de-arte-2020-de-da\\\/#primaryimage\"},\"thumbnailUrl\":\"https:\\\/\\\/residenciarucab.es\\\/blog\\\/wp-content\\\/uploads\\\/2021\\\/01\\\/Entrevista-a-David-Delgado.jpg\",\"keywords\":[\"2020\",\"arte\",\"artista\",\"Badajoz\",\"coronavirus\",\"covid19\",\"cuadro\",\"DA\",\"David Delgado\",\"homenaje\",\"obra\",\"pandemia\",\"pintura\",\"victimas\"],\"articleSection\":[\"Noticias\"],\"inLanguage\":\"es\",\"potentialAction\":[{\"@type\":\"CommentAction\",\"name\":\"Comment\",\"target\":[\"https:\\\/\\\/residenciarucab.es\\\/blog\\\/obra-de-arte-2020-de-da\\\/#respond\"]}]},{\"@type\":\"WebPage\",\"@id\":\"https:\\\/\\\/residenciarucab.es\\\/blog\\\/obra-de-arte-2020-de-da\\\/\",\"url\":\"https:\\\/\\\/residenciarucab.es\\\/blog\\\/obra-de-arte-2020-de-da\\\/\",\"name\":\"La obra '2020' del artista DA, expuesta en la RUCAB - BLOG RUCAB\",\"isPartOf\":{\"@id\":\"https:\\\/\\\/residenciarucab.es\\\/blog\\\/#website\"},\"primaryImageOfPage\":{\"@id\":\"https:\\\/\\\/residenciarucab.es\\\/blog\\\/obra-de-arte-2020-de-da\\\/#primaryimage\"},\"image\":{\"@id\":\"https:\\\/\\\/residenciarucab.es\\\/blog\\\/obra-de-arte-2020-de-da\\\/#primaryimage\"},\"thumbnailUrl\":\"https:\\\/\\\/residenciarucab.es\\\/blog\\\/wp-content\\\/uploads\\\/2021\\\/01\\\/Entrevista-a-David-Delgado.jpg\",\"datePublished\":\"2021-01-29T10:09:56+00:00\",\"dateModified\":\"2021-01-29T10:16:03+00:00\",\"author\":{\"@id\":\"https:\\\/\\\/residenciarucab.es\\\/blog\\\/#\\\/schema\\\/person\\\/f759c867eac865f0ce36c767f26f9294\"},\"description\":\"El artista pacense, David Delgado Mart\u00ednez, expone su obra '2020' en la Residencia Universitaria de Fundaci\u00f3n CB de manera permanente.\",\"breadcrumb\":{\"@id\":\"https:\\\/\\\/residenciarucab.es\\\/blog\\\/obra-de-arte-2020-de-da\\\/#breadcrumb\"},\"inLanguage\":\"es\",\"potentialAction\":[{\"@type\":\"ReadAction\",\"target\":[\"https:\\\/\\\/residenciarucab.es\\\/blog\\\/obra-de-arte-2020-de-da\\\/\"]}]},{\"@type\":\"ImageObject\",\"inLanguage\":\"es\",\"@id\":\"https:\\\/\\\/residenciarucab.es\\\/blog\\\/obra-de-arte-2020-de-da\\\/#primaryimage\",\"url\":\"https:\\\/\\\/residenciarucab.es\\\/blog\\\/wp-content\\\/uploads\\\/2021\\\/01\\\/Entrevista-a-David-Delgado.jpg\",\"contentUrl\":\"https:\\\/\\\/residenciarucab.es\\\/blog\\\/wp-content\\\/uploads\\\/2021\\\/01\\\/Entrevista-a-David-Delgado.jpg\",\"width\":1280,\"height\":720,\"caption\":\"DA, David Delgado en la RUCAB\"},{\"@type\":\"BreadcrumbList\",\"@id\":\"https:\\\/\\\/residenciarucab.es\\\/blog\\\/obra-de-arte-2020-de-da\\\/#breadcrumb\",\"itemListElement\":[{\"@type\":\"ListItem\",\"position\":1,\"name\":\"Portada\",\"item\":\"https:\\\/\\\/residenciarucab.es\\\/blog\\\/\"},{\"@type\":\"ListItem\",\"position\":2,\"name\":\"La obra &#8217;20 20&#8242; del artista DA, expuesta en la RUCAB\"}]},{\"@type\":\"WebSite\",\"@id\":\"https:\\\/\\\/residenciarucab.es\\\/blog\\\/#website\",\"url\":\"https:\\\/\\\/residenciarucab.es\\\/blog\\\/\",\"name\":\"BLOG RUCAB\",\"description\":\"\u00a1Todas las novedades de nuestra residencia universitaria!\",\"potentialAction\":[{\"@type\":\"SearchAction\",\"target\":{\"@type\":\"EntryPoint\",\"urlTemplate\":\"https:\\\/\\\/residenciarucab.es\\\/blog\\\/?s={search_term_string}\"},\"query-input\":{\"@type\":\"PropertyValueSpecification\",\"valueRequired\":true,\"valueName\":\"search_term_string\"}}],\"inLanguage\":\"es\"},{\"@type\":\"Person\",\"@id\":\"https:\\\/\\\/residenciarucab.es\\\/blog\\\/#\\\/schema\\\/person\\\/f759c867eac865f0ce36c767f26f9294\",\"name\":\"RUCAB\",\"image\":{\"@type\":\"ImageObject\",\"inLanguage\":\"es\",\"@id\":\"https:\\\/\\\/residenciarucab.es\\\/blog\\\/wp-content\\\/uploads\\\/2019\\\/07\\\/r-rosa.png\",\"url\":\"https:\\\/\\\/residenciarucab.es\\\/blog\\\/wp-content\\\/uploads\\\/2019\\\/07\\\/r-rosa.png\",\"contentUrl\":\"https:\\\/\\\/residenciarucab.es\\\/blog\\\/wp-content\\\/uploads\\\/2019\\\/07\\\/r-rosa.png\",\"caption\":\"RUCAB\"},\"description\":\"La RUCAB es un referente en Extremadura por la calidad de sus instalaciones y por su estilo de vida, basado en valores de convivencia, respeto y educaci\u00f3n. Una residencia junto al campus y con todas las necesidades cubiertas.\",\"url\":\"https:\\\/\\\/residenciarucab.es\\\/blog\\\/author\\\/rucab_blog\\\/\"}]}<\/script>\n<!-- \/ Yoast SEO plugin. -->","yoast_head_json":{"title":"La obra '2020' del artista DA, expuesta en la RUCAB - BLOG RUCAB","description":"El artista pacense, David Delgado Mart\u00ednez, expone su obra '2020' en la Residencia Universitaria de Fundaci\u00f3n CB de manera permanente.","robots":{"index":"index","follow":"follow","max-snippet":"max-snippet:-1","max-image-preview":"max-image-preview:large","max-video-preview":"max-video-preview:-1"},"canonical":"https:\/\/residenciarucab.es\/blog\/obra-de-arte-2020-de-da\/","og_locale":"es_ES","og_type":"article","og_title":"La obra '2020' del artista DA, expuesta en la RUCAB - BLOG RUCAB","og_description":"El artista pacense, David Delgado Mart\u00ednez, expone su obra '2020' en la Residencia Universitaria de Fundaci\u00f3n CB de manera permanente.","og_url":"https:\/\/residenciarucab.es\/blog\/obra-de-arte-2020-de-da\/","og_site_name":"BLOG RUCAB","article_published_time":"2021-01-29T10:09:56+00:00","article_modified_time":"2021-01-29T10:16:03+00:00","og_image":[{"width":1280,"height":720,"url":"https:\/\/residenciarucab.es\/blog\/wp-content\/uploads\/2021\/01\/Entrevista-a-David-Delgado.jpg","type":"image\/jpeg"}],"author":"RUCAB","twitter_card":"summary_large_image","twitter_misc":{"Escrito por":"RUCAB","Tiempo de lectura":"2 minutos"},"schema":{"@context":"https:\/\/schema.org","@graph":[{"@type":"Article","@id":"https:\/\/residenciarucab.es\/blog\/obra-de-arte-2020-de-da\/#article","isPartOf":{"@id":"https:\/\/residenciarucab.es\/blog\/obra-de-arte-2020-de-da\/"},"author":{"name":"RUCAB","@id":"https:\/\/residenciarucab.es\/blog\/#\/schema\/person\/f759c867eac865f0ce36c767f26f9294"},"headline":"La obra &#8217;20 20&#8242; del artista DA, expuesta en la RUCAB","datePublished":"2021-01-29T10:09:56+00:00","dateModified":"2021-01-29T10:16:03+00:00","mainEntityOfPage":{"@id":"https:\/\/residenciarucab.es\/blog\/obra-de-arte-2020-de-da\/"},"wordCount":335,"commentCount":0,"image":{"@id":"https:\/\/residenciarucab.es\/blog\/obra-de-arte-2020-de-da\/#primaryimage"},"thumbnailUrl":"https:\/\/residenciarucab.es\/blog\/wp-content\/uploads\/2021\/01\/Entrevista-a-David-Delgado.jpg","keywords":["2020","arte","artista","Badajoz","coronavirus","covid19","cuadro","DA","David Delgado","homenaje","obra","pandemia","pintura","victimas"],"articleSection":["Noticias"],"inLanguage":"es","potentialAction":[{"@type":"CommentAction","name":"Comment","target":["https:\/\/residenciarucab.es\/blog\/obra-de-arte-2020-de-da\/#respond"]}]},{"@type":"WebPage","@id":"https:\/\/residenciarucab.es\/blog\/obra-de-arte-2020-de-da\/","url":"https:\/\/residenciarucab.es\/blog\/obra-de-arte-2020-de-da\/","name":"La obra '2020' del artista DA, expuesta en la RUCAB - BLOG RUCAB","isPartOf":{"@id":"https:\/\/residenciarucab.es\/blog\/#website"},"primaryImageOfPage":{"@id":"https:\/\/residenciarucab.es\/blog\/obra-de-arte-2020-de-da\/#primaryimage"},"image":{"@id":"https:\/\/residenciarucab.es\/blog\/obra-de-arte-2020-de-da\/#primaryimage"},"thumbnailUrl":"https:\/\/residenciarucab.es\/blog\/wp-content\/uploads\/2021\/01\/Entrevista-a-David-Delgado.jpg","datePublished":"2021-01-29T10:09:56+00:00","dateModified":"2021-01-29T10:16:03+00:00","author":{"@id":"https:\/\/residenciarucab.es\/blog\/#\/schema\/person\/f759c867eac865f0ce36c767f26f9294"},"description":"El artista pacense, David Delgado Mart\u00ednez, expone su obra '2020' en la Residencia Universitaria de Fundaci\u00f3n CB de manera permanente.","breadcrumb":{"@id":"https:\/\/residenciarucab.es\/blog\/obra-de-arte-2020-de-da\/#breadcrumb"},"inLanguage":"es","potentialAction":[{"@type":"ReadAction","target":["https:\/\/residenciarucab.es\/blog\/obra-de-arte-2020-de-da\/"]}]},{"@type":"ImageObject","inLanguage":"es","@id":"https:\/\/residenciarucab.es\/blog\/obra-de-arte-2020-de-da\/#primaryimage","url":"https:\/\/residenciarucab.es\/blog\/wp-content\/uploads\/2021\/01\/Entrevista-a-David-Delgado.jpg","contentUrl":"https:\/\/residenciarucab.es\/blog\/wp-content\/uploads\/2021\/01\/Entrevista-a-David-Delgado.jpg","width":1280,"height":720,"caption":"DA, David Delgado en la RUCAB"},{"@type":"BreadcrumbList","@id":"https:\/\/residenciarucab.es\/blog\/obra-de-arte-2020-de-da\/#breadcrumb","itemListElement":[{"@type":"ListItem","position":1,"name":"Portada","item":"https:\/\/residenciarucab.es\/blog\/"},{"@type":"ListItem","position":2,"name":"La obra &#8217;20 20&#8242; del artista DA, expuesta en la RUCAB"}]},{"@type":"WebSite","@id":"https:\/\/residenciarucab.es\/blog\/#website","url":"https:\/\/residenciarucab.es\/blog\/","name":"BLOG RUCAB","description":"\u00a1Todas las novedades de nuestra residencia universitaria!","potentialAction":[{"@type":"SearchAction","target":{"@type":"EntryPoint","urlTemplate":"https:\/\/residenciarucab.es\/blog\/?s={search_term_string}"},"query-input":{"@type":"PropertyValueSpecification","valueRequired":true,"valueName":"search_term_string"}}],"inLanguage":"es"},{"@type":"Person","@id":"https:\/\/residenciarucab.es\/blog\/#\/schema\/person\/f759c867eac865f0ce36c767f26f9294","name":"RUCAB","image":{"@type":"ImageObject","inLanguage":"es","@id":"https:\/\/residenciarucab.es\/blog\/wp-content\/uploads\/2019\/07\/r-rosa.png","url":"https:\/\/residenciarucab.es\/blog\/wp-content\/uploads\/2019\/07\/r-rosa.png","contentUrl":"https:\/\/residenciarucab.es\/blog\/wp-content\/uploads\/2019\/07\/r-rosa.png","caption":"RUCAB"},"description":"La RUCAB es un referente en Extremadura por la calidad de sus instalaciones y por su estilo de vida, basado en valores de convivencia, respeto y educaci\u00f3n. Una residencia junto al campus y con todas las necesidades cubiertas.","url":"https:\/\/residenciarucab.es\/blog\/author\/rucab_blog\/"}]}},"_links":{"self":[{"href":"https:\/\/residenciarucab.es\/blog\/wp-json\/wp\/v2\/posts\/1311","targetHints":{"allow":["GET"]}}],"collection":[{"href":"https:\/\/residenciarucab.es\/blog\/wp-json\/wp\/v2\/posts"}],"about":[{"href":"https:\/\/residenciarucab.es\/blog\/wp-json\/wp\/v2\/types\/post"}],"author":[{"embeddable":true,"href":"https:\/\/residenciarucab.es\/blog\/wp-json\/wp\/v2\/users\/1"}],"replies":[{"embeddable":true,"href":"https:\/\/residenciarucab.es\/blog\/wp-json\/wp\/v2\/comments?post=1311"}],"version-history":[{"count":9,"href":"https:\/\/residenciarucab.es\/blog\/wp-json\/wp\/v2\/posts\/1311\/revisions"}],"predecessor-version":[{"id":1326,"href":"https:\/\/residenciarucab.es\/blog\/wp-json\/wp\/v2\/posts\/1311\/revisions\/1326"}],"wp:featuredmedia":[{"embeddable":true,"href":"https:\/\/residenciarucab.es\/blog\/wp-json\/wp\/v2\/media\/1323"}],"wp:attachment":[{"href":"https:\/\/residenciarucab.es\/blog\/wp-json\/wp\/v2\/media?parent=1311"}],"wp:term":[{"taxonomy":"category","embeddable":true,"href":"https:\/\/residenciarucab.es\/blog\/wp-json\/wp\/v2\/categories?post=1311"},{"taxonomy":"post_tag","embeddable":true,"href":"https:\/\/residenciarucab.es\/blog\/wp-json\/wp\/v2\/tags?post=1311"}],"curies":[{"name":"wp","href":"https:\/\/api.w.org\/{rel}","templated":true}]}}