

{"id":1329,"date":"2021-02-09T20:05:13","date_gmt":"2021-02-09T19:05:13","guid":{"rendered":"http:\/\/residenciarucab.es\/blog\/?p=1329"},"modified":"2021-02-11T10:27:40","modified_gmt":"2021-02-11T09:27:40","slug":"san-valentin-solidario","status":"publish","type":"post","link":"https:\/\/residenciarucab.es\/blog\/san-valentin-solidario\/","title":{"rendered":"San Valent\u00edn Solidario en la RUCAB"},"content":{"rendered":"<h4><strong>Los estudiantes de la RUCAB har\u00e1n un San Valent\u00edn Solidario visitando las residencias de mayores de Badajoz para dar un mensaje de apoyo y \u00e1nimo por la dif\u00edcil situaci\u00f3n que han pasado durante la pandemia.\u00a0<\/strong><\/h4>\n<p>El covid-19 est\u00e1 pasando factura, nuestra relaciones socio-afectivas cada vez est\u00e1n m\u00e1s lejos, los abrazos, los besos, el cari\u00f1o hacia nuestros familiares, amigos, novi@s&#8230; est\u00e1n mermados por la situaci\u00f3n de pandemia en la que nos encontramos. Ahora m\u00e1s que nunca debemos dar <strong>AMOR<\/strong>. Este sentimiento se puede ofrecer de muchas maneras y nosotros hemos pensado que hay unas personitas a las que les vendr\u00eda muy bien esta iniciativa:<\/p>\n<p>Este 14 de febrero ya es diferente, pero vamos a conseguir que sea un poquito mejor para un sector muy azotado durante la pandemia, las residencias de mayores.<\/p>\n<p><strong>\u00bfQu\u00e9 es San Valent\u00edn Solidario?<\/strong><\/p>\n<p>Desde el 9 al 12 de febrero estaremos en el espacio coworking de la RUCAB haciendo un &#8216;Taller de flores de papel&#8217;. Los residentes que quieran colaborar deben comunicarlo en la administraci\u00f3n. Durante este taller escribiremos notas de apoyo y cari\u00f1o para los mayores de las residencias. Las dedicatorias y mensajes ser\u00e1n enmarcados y entregados a las residencias junto con un bons\u00e1i y las flores realizadas por los residentes.<\/p>\n<p>A lo largo de esta semana, todos los residentes de la RUCAB que as\u00ed lo deseen, de manera solidaria podr\u00e1n participar en la acci\u00f3n <strong>San Valent\u00edn Solidario<\/strong>.<\/p>\n<p><strong>\u00bfCu\u00e1ndo?<\/strong><\/p>\n<ul>\n<li><strong>Del 9 a 12 de febrero:<\/strong> elaboraci\u00f3n de flores de papel y escritura de mensajes de apoyo para las personas de las residencias de mayores.<\/li>\n<li><strong>El 12 y 15 de febrero:<\/strong> visita a las residencias de mayores de la ciudad de Badajoz.<\/li>\n<\/ul>\n<p><strong>Residencias que participan:<\/strong><\/p>\n<ol>\n<li>Hermanitas de los Ancianos Desamparados Virgen de la Soledad (viernes 12 de febrero a las 13.15h).<\/li>\n<li>La Residencia para Mayores Puente Real 2 (viernes 12 de febrero a las 12.30h).<\/li>\n<li>Residencia para mayores Puente Real Palacios del Guadiana (lunes 15 de febrero a las 12.30h).<\/li>\n<li>Residencial de Mayores La Granadilla (viernes 12 de febrero a las 14.00h).<\/li>\n<li>Caser Residencial Guadiana (lunes 15 de febrero a las 13.15h).<\/li>\n<li>DomusVi Ciudad de Badajoz (lunes 15 de febrero a las 11.30h).<\/li>\n<\/ol>\n<p>Animamos a todos los residentes a participar y colaborar en esta acci\u00f3n solidaria.<\/p>\n<p>M\u00e1s informaci\u00f3n sobre la RUCAB <a href=\"https:\/\/residenciarucab.es\/blog\/programa-jovenes-voluntarios-contra-covid-19\/\" target=\"_blank\" rel=\"noopener\">aqu\u00ed<\/a>.<\/p>\n<p><img loading=\"lazy\" decoding=\"async\" class=\"aligncenter wp-image-1335 size-large\" src=\"http:\/\/residenciarucab.es\/blog\/wp-content\/uploads\/2021\/02\/blog-san-valentin-solidario-1024x576.jpg\" alt=\"San Valent\u00edn Solidario en la RUCAB 2021\" width=\"700\" height=\"394\" srcset=\"https:\/\/residenciarucab.es\/blog\/wp-content\/uploads\/2021\/02\/blog-san-valentin-solidario-1024x576.jpg 1024w, https:\/\/residenciarucab.es\/blog\/wp-content\/uploads\/2021\/02\/blog-san-valentin-solidario-300x169.jpg 300w, https:\/\/residenciarucab.es\/blog\/wp-content\/uploads\/2021\/02\/blog-san-valentin-solidario-768x432.jpg 768w, https:\/\/residenciarucab.es\/blog\/wp-content\/uploads\/2021\/02\/blog-san-valentin-solidario-1140x641.jpg 1140w, https:\/\/residenciarucab.es\/blog\/wp-content\/uploads\/2021\/02\/blog-san-valentin-solidario-552x311.jpg 552w, https:\/\/residenciarucab.es\/blog\/wp-content\/uploads\/2021\/02\/blog-san-valentin-solidario.jpg 1280w\" sizes=\"auto, (max-width: 700px) 100vw, 700px\" \/><\/p>\n<p>&nbsp;<\/p>\n","protected":false},"excerpt":{"rendered":"<p class=\"post-excerpt\">Los estudiantes de la RUCAB har\u00e1n un San Valent\u00edn Solidario visitando las residencias de mayores de Badajoz para dar un mensaje de apoyo y \u00e1nimo por la dif\u00edcil situaci\u00f3n que han pasado durante la pandemia.\u00a0 El covid-19 est\u00e1 pasando factura, nuestra relaciones socio-afectivas cada vez est\u00e1n m\u00e1s lejos, los abrazos,&#8230;<\/p>\n","protected":false},"author":1,"featured_media":1335,"comment_status":"open","ping_status":"open","sticky":false,"template":"","format":"standard","meta":{"footnotes":""},"categories":[1],"tags":[],"class_list":["post-1329","post","type-post","status-publish","format-standard","has-post-thumbnail","hentry","category-noticias"],"yoast_head":"<!-- This site is optimized with the Yoast SEO plugin v27.4 - https:\/\/yoast.com\/product\/yoast-seo-wordpress\/ -->\n<title>San Valent\u00edn Solidario en la RUCAB - BLOG RUCAB<\/title>\n<meta name=\"description\" content=\"Los estudiantes de la RUCAB,\u00a0 har\u00e1n un San Valent\u00edn Solidario, visitando las residencias de mayores de Badajoz para dar un mensaje de apoyo.\" \/>\n<meta name=\"robots\" content=\"index, follow, max-snippet:-1, max-image-preview:large, max-video-preview:-1\" \/>\n<link rel=\"canonical\" href=\"https:\/\/residenciarucab.es\/blog\/san-valentin-solidario\/\" \/>\n<meta property=\"og:locale\" content=\"es_ES\" \/>\n<meta property=\"og:type\" content=\"article\" \/>\n<meta property=\"og:title\" content=\"San Valent\u00edn Solidario en la RUCAB - BLOG RUCAB\" \/>\n<meta property=\"og:description\" content=\"Los estudiantes de la RUCAB,\u00a0 har\u00e1n un San Valent\u00edn Solidario, visitando las residencias de mayores de Badajoz para dar un mensaje de apoyo.\" \/>\n<meta property=\"og:url\" content=\"https:\/\/residenciarucab.es\/blog\/san-valentin-solidario\/\" \/>\n<meta property=\"og:site_name\" content=\"BLOG RUCAB\" \/>\n<meta property=\"article:published_time\" content=\"2021-02-09T19:05:13+00:00\" \/>\n<meta property=\"article:modified_time\" content=\"2021-02-11T09:27:40+00:00\" \/>\n<meta property=\"og:image\" content=\"https:\/\/residenciarucab.es\/blog\/wp-content\/uploads\/2021\/02\/blog-san-valentin-solidario.jpg\" \/>\n\t<meta property=\"og:image:width\" content=\"1280\" \/>\n\t<meta property=\"og:image:height\" content=\"720\" \/>\n\t<meta property=\"og:image:type\" content=\"image\/jpeg\" \/>\n<meta name=\"author\" content=\"RUCAB\" \/>\n<meta name=\"twitter:card\" content=\"summary_large_image\" \/>\n<meta name=\"twitter:label1\" content=\"Escrito por\" \/>\n\t<meta name=\"twitter:data1\" content=\"RUCAB\" \/>\n\t<meta name=\"twitter:label2\" content=\"Tiempo de lectura\" \/>\n\t<meta name=\"twitter:data2\" content=\"2 minutos\" \/>\n<script type=\"application\/ld+json\" class=\"yoast-schema-graph\">{\"@context\":\"https:\\\/\\\/schema.org\",\"@graph\":[{\"@type\":\"Article\",\"@id\":\"https:\\\/\\\/residenciarucab.es\\\/blog\\\/san-valentin-solidario\\\/#article\",\"isPartOf\":{\"@id\":\"https:\\\/\\\/residenciarucab.es\\\/blog\\\/san-valentin-solidario\\\/\"},\"author\":{\"name\":\"RUCAB\",\"@id\":\"https:\\\/\\\/residenciarucab.es\\\/blog\\\/#\\\/schema\\\/person\\\/f759c867eac865f0ce36c767f26f9294\"},\"headline\":\"San Valent\u00edn Solidario en la RUCAB\",\"datePublished\":\"2021-02-09T19:05:13+00:00\",\"dateModified\":\"2021-02-11T09:27:40+00:00\",\"mainEntityOfPage\":{\"@id\":\"https:\\\/\\\/residenciarucab.es\\\/blog\\\/san-valentin-solidario\\\/\"},\"wordCount\":394,\"commentCount\":0,\"image\":{\"@id\":\"https:\\\/\\\/residenciarucab.es\\\/blog\\\/san-valentin-solidario\\\/#primaryimage\"},\"thumbnailUrl\":\"https:\\\/\\\/residenciarucab.es\\\/blog\\\/wp-content\\\/uploads\\\/2021\\\/02\\\/blog-san-valentin-solidario.jpg\",\"articleSection\":[\"Noticias\"],\"inLanguage\":\"es\",\"potentialAction\":[{\"@type\":\"CommentAction\",\"name\":\"Comment\",\"target\":[\"https:\\\/\\\/residenciarucab.es\\\/blog\\\/san-valentin-solidario\\\/#respond\"]}]},{\"@type\":\"WebPage\",\"@id\":\"https:\\\/\\\/residenciarucab.es\\\/blog\\\/san-valentin-solidario\\\/\",\"url\":\"https:\\\/\\\/residenciarucab.es\\\/blog\\\/san-valentin-solidario\\\/\",\"name\":\"San Valent\u00edn Solidario en la RUCAB - BLOG RUCAB\",\"isPartOf\":{\"@id\":\"https:\\\/\\\/residenciarucab.es\\\/blog\\\/#website\"},\"primaryImageOfPage\":{\"@id\":\"https:\\\/\\\/residenciarucab.es\\\/blog\\\/san-valentin-solidario\\\/#primaryimage\"},\"image\":{\"@id\":\"https:\\\/\\\/residenciarucab.es\\\/blog\\\/san-valentin-solidario\\\/#primaryimage\"},\"thumbnailUrl\":\"https:\\\/\\\/residenciarucab.es\\\/blog\\\/wp-content\\\/uploads\\\/2021\\\/02\\\/blog-san-valentin-solidario.jpg\",\"datePublished\":\"2021-02-09T19:05:13+00:00\",\"dateModified\":\"2021-02-11T09:27:40+00:00\",\"author\":{\"@id\":\"https:\\\/\\\/residenciarucab.es\\\/blog\\\/#\\\/schema\\\/person\\\/f759c867eac865f0ce36c767f26f9294\"},\"description\":\"Los estudiantes de la RUCAB,\u00a0 har\u00e1n un San Valent\u00edn Solidario, visitando las residencias de mayores de Badajoz para dar un mensaje de apoyo.\",\"breadcrumb\":{\"@id\":\"https:\\\/\\\/residenciarucab.es\\\/blog\\\/san-valentin-solidario\\\/#breadcrumb\"},\"inLanguage\":\"es\",\"potentialAction\":[{\"@type\":\"ReadAction\",\"target\":[\"https:\\\/\\\/residenciarucab.es\\\/blog\\\/san-valentin-solidario\\\/\"]}]},{\"@type\":\"ImageObject\",\"inLanguage\":\"es\",\"@id\":\"https:\\\/\\\/residenciarucab.es\\\/blog\\\/san-valentin-solidario\\\/#primaryimage\",\"url\":\"https:\\\/\\\/residenciarucab.es\\\/blog\\\/wp-content\\\/uploads\\\/2021\\\/02\\\/blog-san-valentin-solidario.jpg\",\"contentUrl\":\"https:\\\/\\\/residenciarucab.es\\\/blog\\\/wp-content\\\/uploads\\\/2021\\\/02\\\/blog-san-valentin-solidario.jpg\",\"width\":1280,\"height\":720,\"caption\":\"San Valent\u00edn Solidario en la RUCAB 2021\"},{\"@type\":\"BreadcrumbList\",\"@id\":\"https:\\\/\\\/residenciarucab.es\\\/blog\\\/san-valentin-solidario\\\/#breadcrumb\",\"itemListElement\":[{\"@type\":\"ListItem\",\"position\":1,\"name\":\"Portada\",\"item\":\"https:\\\/\\\/residenciarucab.es\\\/blog\\\/\"},{\"@type\":\"ListItem\",\"position\":2,\"name\":\"San Valent\u00edn Solidario en la RUCAB\"}]},{\"@type\":\"WebSite\",\"@id\":\"https:\\\/\\\/residenciarucab.es\\\/blog\\\/#website\",\"url\":\"https:\\\/\\\/residenciarucab.es\\\/blog\\\/\",\"name\":\"BLOG RUCAB\",\"description\":\"\u00a1Todas las novedades de nuestra residencia universitaria!\",\"potentialAction\":[{\"@type\":\"SearchAction\",\"target\":{\"@type\":\"EntryPoint\",\"urlTemplate\":\"https:\\\/\\\/residenciarucab.es\\\/blog\\\/?s={search_term_string}\"},\"query-input\":{\"@type\":\"PropertyValueSpecification\",\"valueRequired\":true,\"valueName\":\"search_term_string\"}}],\"inLanguage\":\"es\"},{\"@type\":\"Person\",\"@id\":\"https:\\\/\\\/residenciarucab.es\\\/blog\\\/#\\\/schema\\\/person\\\/f759c867eac865f0ce36c767f26f9294\",\"name\":\"RUCAB\",\"image\":{\"@type\":\"ImageObject\",\"inLanguage\":\"es\",\"@id\":\"https:\\\/\\\/residenciarucab.es\\\/blog\\\/wp-content\\\/uploads\\\/2019\\\/07\\\/r-rosa.png\",\"url\":\"https:\\\/\\\/residenciarucab.es\\\/blog\\\/wp-content\\\/uploads\\\/2019\\\/07\\\/r-rosa.png\",\"contentUrl\":\"https:\\\/\\\/residenciarucab.es\\\/blog\\\/wp-content\\\/uploads\\\/2019\\\/07\\\/r-rosa.png\",\"caption\":\"RUCAB\"},\"description\":\"La RUCAB es un referente en Extremadura por la calidad de sus instalaciones y por su estilo de vida, basado en valores de convivencia, respeto y educaci\u00f3n. Una residencia junto al campus y con todas las necesidades cubiertas.\",\"url\":\"https:\\\/\\\/residenciarucab.es\\\/blog\\\/author\\\/rucab_blog\\\/\"}]}<\/script>\n<!-- \/ Yoast SEO plugin. -->","yoast_head_json":{"title":"San Valent\u00edn Solidario en la RUCAB - BLOG RUCAB","description":"Los estudiantes de la RUCAB,\u00a0 har\u00e1n un San Valent\u00edn Solidario, visitando las residencias de mayores de Badajoz para dar un mensaje de apoyo.","robots":{"index":"index","follow":"follow","max-snippet":"max-snippet:-1","max-image-preview":"max-image-preview:large","max-video-preview":"max-video-preview:-1"},"canonical":"https:\/\/residenciarucab.es\/blog\/san-valentin-solidario\/","og_locale":"es_ES","og_type":"article","og_title":"San Valent\u00edn Solidario en la RUCAB - BLOG RUCAB","og_description":"Los estudiantes de la RUCAB,\u00a0 har\u00e1n un San Valent\u00edn Solidario, visitando las residencias de mayores de Badajoz para dar un mensaje de apoyo.","og_url":"https:\/\/residenciarucab.es\/blog\/san-valentin-solidario\/","og_site_name":"BLOG RUCAB","article_published_time":"2021-02-09T19:05:13+00:00","article_modified_time":"2021-02-11T09:27:40+00:00","og_image":[{"width":1280,"height":720,"url":"https:\/\/residenciarucab.es\/blog\/wp-content\/uploads\/2021\/02\/blog-san-valentin-solidario.jpg","type":"image\/jpeg"}],"author":"RUCAB","twitter_card":"summary_large_image","twitter_misc":{"Escrito por":"RUCAB","Tiempo de lectura":"2 minutos"},"schema":{"@context":"https:\/\/schema.org","@graph":[{"@type":"Article","@id":"https:\/\/residenciarucab.es\/blog\/san-valentin-solidario\/#article","isPartOf":{"@id":"https:\/\/residenciarucab.es\/blog\/san-valentin-solidario\/"},"author":{"name":"RUCAB","@id":"https:\/\/residenciarucab.es\/blog\/#\/schema\/person\/f759c867eac865f0ce36c767f26f9294"},"headline":"San Valent\u00edn Solidario en la RUCAB","datePublished":"2021-02-09T19:05:13+00:00","dateModified":"2021-02-11T09:27:40+00:00","mainEntityOfPage":{"@id":"https:\/\/residenciarucab.es\/blog\/san-valentin-solidario\/"},"wordCount":394,"commentCount":0,"image":{"@id":"https:\/\/residenciarucab.es\/blog\/san-valentin-solidario\/#primaryimage"},"thumbnailUrl":"https:\/\/residenciarucab.es\/blog\/wp-content\/uploads\/2021\/02\/blog-san-valentin-solidario.jpg","articleSection":["Noticias"],"inLanguage":"es","potentialAction":[{"@type":"CommentAction","name":"Comment","target":["https:\/\/residenciarucab.es\/blog\/san-valentin-solidario\/#respond"]}]},{"@type":"WebPage","@id":"https:\/\/residenciarucab.es\/blog\/san-valentin-solidario\/","url":"https:\/\/residenciarucab.es\/blog\/san-valentin-solidario\/","name":"San Valent\u00edn Solidario en la RUCAB - BLOG RUCAB","isPartOf":{"@id":"https:\/\/residenciarucab.es\/blog\/#website"},"primaryImageOfPage":{"@id":"https:\/\/residenciarucab.es\/blog\/san-valentin-solidario\/#primaryimage"},"image":{"@id":"https:\/\/residenciarucab.es\/blog\/san-valentin-solidario\/#primaryimage"},"thumbnailUrl":"https:\/\/residenciarucab.es\/blog\/wp-content\/uploads\/2021\/02\/blog-san-valentin-solidario.jpg","datePublished":"2021-02-09T19:05:13+00:00","dateModified":"2021-02-11T09:27:40+00:00","author":{"@id":"https:\/\/residenciarucab.es\/blog\/#\/schema\/person\/f759c867eac865f0ce36c767f26f9294"},"description":"Los estudiantes de la RUCAB,\u00a0 har\u00e1n un San Valent\u00edn Solidario, visitando las residencias de mayores de Badajoz para dar un mensaje de apoyo.","breadcrumb":{"@id":"https:\/\/residenciarucab.es\/blog\/san-valentin-solidario\/#breadcrumb"},"inLanguage":"es","potentialAction":[{"@type":"ReadAction","target":["https:\/\/residenciarucab.es\/blog\/san-valentin-solidario\/"]}]},{"@type":"ImageObject","inLanguage":"es","@id":"https:\/\/residenciarucab.es\/blog\/san-valentin-solidario\/#primaryimage","url":"https:\/\/residenciarucab.es\/blog\/wp-content\/uploads\/2021\/02\/blog-san-valentin-solidario.jpg","contentUrl":"https:\/\/residenciarucab.es\/blog\/wp-content\/uploads\/2021\/02\/blog-san-valentin-solidario.jpg","width":1280,"height":720,"caption":"San Valent\u00edn Solidario en la RUCAB 2021"},{"@type":"BreadcrumbList","@id":"https:\/\/residenciarucab.es\/blog\/san-valentin-solidario\/#breadcrumb","itemListElement":[{"@type":"ListItem","position":1,"name":"Portada","item":"https:\/\/residenciarucab.es\/blog\/"},{"@type":"ListItem","position":2,"name":"San Valent\u00edn Solidario en la RUCAB"}]},{"@type":"WebSite","@id":"https:\/\/residenciarucab.es\/blog\/#website","url":"https:\/\/residenciarucab.es\/blog\/","name":"BLOG RUCAB","description":"\u00a1Todas las novedades de nuestra residencia universitaria!","potentialAction":[{"@type":"SearchAction","target":{"@type":"EntryPoint","urlTemplate":"https:\/\/residenciarucab.es\/blog\/?s={search_term_string}"},"query-input":{"@type":"PropertyValueSpecification","valueRequired":true,"valueName":"search_term_string"}}],"inLanguage":"es"},{"@type":"Person","@id":"https:\/\/residenciarucab.es\/blog\/#\/schema\/person\/f759c867eac865f0ce36c767f26f9294","name":"RUCAB","image":{"@type":"ImageObject","inLanguage":"es","@id":"https:\/\/residenciarucab.es\/blog\/wp-content\/uploads\/2019\/07\/r-rosa.png","url":"https:\/\/residenciarucab.es\/blog\/wp-content\/uploads\/2019\/07\/r-rosa.png","contentUrl":"https:\/\/residenciarucab.es\/blog\/wp-content\/uploads\/2019\/07\/r-rosa.png","caption":"RUCAB"},"description":"La RUCAB es un referente en Extremadura por la calidad de sus instalaciones y por su estilo de vida, basado en valores de convivencia, respeto y educaci\u00f3n. Una residencia junto al campus y con todas las necesidades cubiertas.","url":"https:\/\/residenciarucab.es\/blog\/author\/rucab_blog\/"}]}},"_links":{"self":[{"href":"https:\/\/residenciarucab.es\/blog\/wp-json\/wp\/v2\/posts\/1329","targetHints":{"allow":["GET"]}}],"collection":[{"href":"https:\/\/residenciarucab.es\/blog\/wp-json\/wp\/v2\/posts"}],"about":[{"href":"https:\/\/residenciarucab.es\/blog\/wp-json\/wp\/v2\/types\/post"}],"author":[{"embeddable":true,"href":"https:\/\/residenciarucab.es\/blog\/wp-json\/wp\/v2\/users\/1"}],"replies":[{"embeddable":true,"href":"https:\/\/residenciarucab.es\/blog\/wp-json\/wp\/v2\/comments?post=1329"}],"version-history":[{"count":14,"href":"https:\/\/residenciarucab.es\/blog\/wp-json\/wp\/v2\/posts\/1329\/revisions"}],"predecessor-version":[{"id":1345,"href":"https:\/\/residenciarucab.es\/blog\/wp-json\/wp\/v2\/posts\/1329\/revisions\/1345"}],"wp:featuredmedia":[{"embeddable":true,"href":"https:\/\/residenciarucab.es\/blog\/wp-json\/wp\/v2\/media\/1335"}],"wp:attachment":[{"href":"https:\/\/residenciarucab.es\/blog\/wp-json\/wp\/v2\/media?parent=1329"}],"wp:term":[{"taxonomy":"category","embeddable":true,"href":"https:\/\/residenciarucab.es\/blog\/wp-json\/wp\/v2\/categories?post=1329"},{"taxonomy":"post_tag","embeddable":true,"href":"https:\/\/residenciarucab.es\/blog\/wp-json\/wp\/v2\/tags?post=1329"}],"curies":[{"name":"wp","href":"https:\/\/api.w.org\/{rel}","templated":true}]}}