

{"id":1362,"date":"2021-03-12T11:07:03","date_gmt":"2021-03-12T10:07:03","guid":{"rendered":"http:\/\/residenciarucab.es\/blog\/?p=1362"},"modified":"2021-03-12T14:03:00","modified_gmt":"2021-03-12T13:03:00","slug":"entrevista-a-cesar-fernandez","status":"publish","type":"post","link":"https:\/\/residenciarucab.es\/blog\/entrevista-a-cesar-fernandez\/","title":{"rendered":"C\u00e9sar Fern\u00e1ndez: \u00abLa beca de Amancio Ortega es una experiencia que no puedes expresar con palabras\u00bb"},"content":{"rendered":"<h4>Seguimos orgullosos de los perfiles universitarios de la RUCAB, esta vez hemos entrevistado a C\u00e9sar Fern\u00e1ndez, natural de Lanzarote, aunque su residencia es Talavera de la Reina. Hace dos a\u00f1os le fue concedida una de las becas de la Fundaci\u00f3n Amancio Ortega, experiencia \u00fanica y vital que recomienda a todos los j\u00f3venes con inquietudes. Ahora estudia Medicina en la RUCAB y nos cuenta su vivencia.<\/h4>\n<ol>\n<li>\n<h4>\u00bfDe d\u00f3nde eres?<\/h4>\n<\/li>\n<\/ol>\n<p>Yo vengo de Talavera de la Reina, que est\u00e1 en Toledo, aunque muchos la confunden con Talavera la Real. La verdad es que yo nac\u00ed en <strong>Lanzarote<\/strong>, as\u00ed que llevo mucho viaje ya para llegar hasta aqu\u00ed.<\/p>\n<p><img loading=\"lazy\" decoding=\"async\" class=\"aligncenter wp-image-1405 size-large\" src=\"http:\/\/residenciarucab.es\/blog\/wp-content\/uploads\/2021\/03\/Cesar-Fernandez-haciendo-deporte-1024x576.jpg\" alt=\"C\u00e9sar Fern\u00e1ndez juega a baloncesto\" width=\"700\" height=\"394\" srcset=\"https:\/\/residenciarucab.es\/blog\/wp-content\/uploads\/2021\/03\/Cesar-Fernandez-haciendo-deporte-1024x576.jpg 1024w, https:\/\/residenciarucab.es\/blog\/wp-content\/uploads\/2021\/03\/Cesar-Fernandez-haciendo-deporte-300x169.jpg 300w, https:\/\/residenciarucab.es\/blog\/wp-content\/uploads\/2021\/03\/Cesar-Fernandez-haciendo-deporte-768x432.jpg 768w, https:\/\/residenciarucab.es\/blog\/wp-content\/uploads\/2021\/03\/Cesar-Fernandez-haciendo-deporte-1140x641.jpg 1140w, https:\/\/residenciarucab.es\/blog\/wp-content\/uploads\/2021\/03\/Cesar-Fernandez-haciendo-deporte-552x311.jpg 552w, https:\/\/residenciarucab.es\/blog\/wp-content\/uploads\/2021\/03\/Cesar-Fernandez-haciendo-deporte.jpg 1280w\" sizes=\"auto, (max-width: 700px) 100vw, 700px\" \/><\/p>\n<ol start=\"2\">\n<li>\n<h4>\u00bfC\u00f3mo consigues una de las Beca del Programa de la Fundaci\u00f3n de Amancio Ortega?<\/h4>\n<\/li>\n<\/ol>\n<p>El proceso de selecci\u00f3n es bastante intenso y normalmente pasan unos tres meses desde que empiezas hasta que te seleccionan. Si cumples unos <strong>requisitos de notas<\/strong> en 3\u00ba de la ESO pasas a hacer una prueba de <strong>nivel de un ingl\u00e9s<\/strong> que se utilizar\u00eda en un instituto en Am\u00e9rica. Si apruebas ese examen hacen una especie de magia negra con los n\u00fameros y a los 1500 afortunados se les hace una <strong>entrevista oral<\/strong> por Skype. A partir de ah\u00ed, en enero salen <strong>500 chicos escogidos<\/strong> de los m\u00e1s de 10000 que se presentaron all\u00e1 por octubre.<\/p>\n<p><img loading=\"lazy\" decoding=\"async\" class=\"aligncenter wp-image-1406 size-large\" src=\"http:\/\/residenciarucab.es\/blog\/wp-content\/uploads\/2021\/03\/Cesar-Fernandez-sudadera-RUCAB-1024x576.jpg\" alt=\"\" width=\"700\" height=\"394\" srcset=\"https:\/\/residenciarucab.es\/blog\/wp-content\/uploads\/2021\/03\/Cesar-Fernandez-sudadera-RUCAB-1024x576.jpg 1024w, https:\/\/residenciarucab.es\/blog\/wp-content\/uploads\/2021\/03\/Cesar-Fernandez-sudadera-RUCAB-300x169.jpg 300w, https:\/\/residenciarucab.es\/blog\/wp-content\/uploads\/2021\/03\/Cesar-Fernandez-sudadera-RUCAB-768x432.jpg 768w, https:\/\/residenciarucab.es\/blog\/wp-content\/uploads\/2021\/03\/Cesar-Fernandez-sudadera-RUCAB-1140x641.jpg 1140w, https:\/\/residenciarucab.es\/blog\/wp-content\/uploads\/2021\/03\/Cesar-Fernandez-sudadera-RUCAB-552x311.jpg 552w, https:\/\/residenciarucab.es\/blog\/wp-content\/uploads\/2021\/03\/Cesar-Fernandez-sudadera-RUCAB.jpg 1280w\" sizes=\"auto, (max-width: 700px) 100vw, 700px\" \/><\/p>\n<ol start=\"3\">\n<li>\n<h4>Valora la experiencia.<\/h4>\n<\/li>\n<\/ol>\n<p>Si le tuviera que poner una valoraci\u00f3n sobre 5 estrellas, le dar\u00eda 6, o <strong>6 y media si pudiera<\/strong>. De veras que es una experiencia que todav\u00eda no he llegado a poder describir con palabras en los dos a\u00f1os que llevo desde que he vuelto de all\u00ed. Yo <strong>recomiendo al 100%<\/strong> que si alguien tiene la oportunidad de irse a estudiar fuera la aproveche y se vaya.<\/p>\n<ol start=\"4\">\n<li>\n<h4>\u00bfQu\u00e9 ventajas te ha reportado la beca?<\/h4>\n<\/li>\n<\/ol>\n<p>Lo m\u00e1s obvio que se me viene a la cabeza es el <strong>nivel de ingl\u00e9s<\/strong>, que al final por la fuerza est\u00e1s b\u00e1sicamente a nivel de un <strong>nativo<\/strong>. Otra cosa muy importante es el haber aprendido a ser una persona <strong>m\u00e1s independiente<\/strong>, lo que me empieza a venir bien ahora y seguro que tambi\u00e9n en el futuro.<\/p>\n<ol start=\"5\">\n<li>\n<h4>\u00bfConsideras que tu futuro profesional est\u00e1 m\u00e1s asegurado con esta oportunidad?<\/h4>\n<\/li>\n<\/ol>\n<p>La verdad es que s\u00ed que suma varios puntos para mi periplo laboral. El hecho de haber vivido una experiencia as\u00ed desde luego que satisface muchos de los <strong>requisitos que buscar\u00eda cualquier empresa en un candidato.<\/strong> Yo pienso que donde m\u00e1s se podr\u00eda notar este impacto es a la hora de buscar un trabajo en <strong>pa\u00edses extranjeros<\/strong>, que tampoco es una posibilidad que descarto.<\/p>\n<ol start=\"6\">\n<li>\n<h4>\u00bfC\u00f3mo ha sido la vida en Estados Unidos?<\/h4>\n<\/li>\n<\/ol>\n<p>Me podr\u00eda pasar una eternidad respondiendo a esta pregunta, pero yo siempre pongo el mismo ejemplo para compararlo con algo que la mayor\u00eda s\u00ed que conoce. Y es que lo comparo con las pel\u00edculas de <strong>High School Musical<\/strong>, si quitas a la gente cantando por los pasillos. All\u00ed se te confirman varios de los estereotipos que podr\u00edas pensar de los americanos, y tambi\u00e9n se te desmontan muchos mitos. Personalmente, tuve mucha suerte con la<strong> familia<\/strong> con la que me toc\u00f3 pasar el a\u00f1o, hicimos much\u00edsimos <strong>viajes<\/strong> y me <strong>lo pas\u00e9 genial<\/strong> con ellos.<\/p>\n<p><img loading=\"lazy\" decoding=\"async\" class=\"aligncenter wp-image-1400 size-large\" src=\"http:\/\/residenciarucab.es\/blog\/wp-content\/uploads\/2021\/02\/Cesar-en-el-puente-de-Golden-Gate-1024x576.jpg\" alt=\"Puente Golden Gate\" width=\"700\" height=\"394\" srcset=\"https:\/\/residenciarucab.es\/blog\/wp-content\/uploads\/2021\/02\/Cesar-en-el-puente-de-Golden-Gate-1024x576.jpg 1024w, https:\/\/residenciarucab.es\/blog\/wp-content\/uploads\/2021\/02\/Cesar-en-el-puente-de-Golden-Gate-300x169.jpg 300w, https:\/\/residenciarucab.es\/blog\/wp-content\/uploads\/2021\/02\/Cesar-en-el-puente-de-Golden-Gate-768x432.jpg 768w, https:\/\/residenciarucab.es\/blog\/wp-content\/uploads\/2021\/02\/Cesar-en-el-puente-de-Golden-Gate-1140x641.jpg 1140w, https:\/\/residenciarucab.es\/blog\/wp-content\/uploads\/2021\/02\/Cesar-en-el-puente-de-Golden-Gate-552x311.jpg 552w, https:\/\/residenciarucab.es\/blog\/wp-content\/uploads\/2021\/02\/Cesar-en-el-puente-de-Golden-Gate.jpg 1280w\" sizes=\"auto, (max-width: 700px) 100vw, 700px\" \/><\/p>\n<ol start=\"7\">\n<li>\n<h4>\u00bfQu\u00e9 es lo que m\u00e1s te ha gustado y lo que menos de este pa\u00eds?<\/h4>\n<\/li>\n<\/ol>\n<p>Mi parte favorita de Estados Unidos es c\u00f3mo de en serio se toman los <strong>deportes<\/strong>, y el esp\u00edritu escolar que muestran. Me sorprendi\u00f3 el primer partido de f\u00fatbol americano de instituto donde, aunque nos metieran una paliza, las gradas estaban llenas de gente animando a sus compa\u00f1eros de instituto.<\/p>\n<p>Lo que menos me gust\u00f3, o m\u00e1s bien lo que m\u00e1s me molestaba, eran los <strong>impuestos<\/strong>. All\u00ed el equivalente al IVA no iba incluido en el precio que ve\u00edas en la etiqueta, y nunca me llegu\u00e9 a acostumbrar.<\/p>\n<p><img loading=\"lazy\" decoding=\"async\" class=\"aligncenter wp-image-1401 size-large\" src=\"http:\/\/residenciarucab.es\/blog\/wp-content\/uploads\/2021\/03\/Cesar-de-ruta-por-America-1024x576.jpg\" alt=\"America\" width=\"700\" height=\"394\" srcset=\"https:\/\/residenciarucab.es\/blog\/wp-content\/uploads\/2021\/03\/Cesar-de-ruta-por-America-1024x576.jpg 1024w, https:\/\/residenciarucab.es\/blog\/wp-content\/uploads\/2021\/03\/Cesar-de-ruta-por-America-300x169.jpg 300w, https:\/\/residenciarucab.es\/blog\/wp-content\/uploads\/2021\/03\/Cesar-de-ruta-por-America-768x432.jpg 768w, https:\/\/residenciarucab.es\/blog\/wp-content\/uploads\/2021\/03\/Cesar-de-ruta-por-America-1140x641.jpg 1140w, https:\/\/residenciarucab.es\/blog\/wp-content\/uploads\/2021\/03\/Cesar-de-ruta-por-America-552x311.jpg 552w, https:\/\/residenciarucab.es\/blog\/wp-content\/uploads\/2021\/03\/Cesar-de-ruta-por-America.jpg 1280w\" sizes=\"auto, (max-width: 700px) 100vw, 700px\" \/><\/p>\n<ol start=\"8\">\n<li>\n<h4>Est\u00e1s estudiando Medicina en la Universidad de Extremadura \u00bfC\u00f3mo est\u00e1s llevando el cambio?<\/h4>\n<\/li>\n<\/ol>\n<p>La experiencia que tengo de ese viaje a Estados Unidos me ha ayudado mucho a <strong>adaptarme<\/strong> a un sitio pr\u00e1cticamente nuevo para m\u00ed. Obviamente la <strong>universidad de\u00a0<\/strong><b>Extremadura<\/b>, y sobre todo <strong>Medicina<\/strong>, no es ni remotamente parecido al instituto, y a\u00fan me cuesta un poco a veces, pero cada vez me estoy poniendo m\u00e1s al ritmo que requiere la universidad.<\/p>\n<p><img loading=\"lazy\" decoding=\"async\" class=\"aligncenter wp-image-1402 size-large\" src=\"http:\/\/residenciarucab.es\/blog\/wp-content\/uploads\/2021\/03\/Facultad-de-Medicina-1024x576.jpg\" alt=\"Medicina en la Universidad de Extremadura\" width=\"700\" height=\"394\" srcset=\"https:\/\/residenciarucab.es\/blog\/wp-content\/uploads\/2021\/03\/Facultad-de-Medicina-1024x576.jpg 1024w, https:\/\/residenciarucab.es\/blog\/wp-content\/uploads\/2021\/03\/Facultad-de-Medicina-300x169.jpg 300w, https:\/\/residenciarucab.es\/blog\/wp-content\/uploads\/2021\/03\/Facultad-de-Medicina-768x432.jpg 768w, https:\/\/residenciarucab.es\/blog\/wp-content\/uploads\/2021\/03\/Facultad-de-Medicina-1140x641.jpg 1140w, https:\/\/residenciarucab.es\/blog\/wp-content\/uploads\/2021\/03\/Facultad-de-Medicina-552x311.jpg 552w, https:\/\/residenciarucab.es\/blog\/wp-content\/uploads\/2021\/03\/Facultad-de-Medicina.jpg 1280w\" sizes=\"auto, (max-width: 700px) 100vw, 700px\" \/><\/p>\n<ol start=\"9\">\n<li>\n<h4>Es tu primer a\u00f1o en la RUCAB \u00bfQu\u00e9 te motiv\u00f3 para venir aqu\u00ed?<\/h4>\n<\/li>\n<\/ol>\n<p>Antes de venir aqu\u00ed la RUCAB ya era un lugar conocido para m\u00ed, al haber atendido dos veces el <strong>Campus Calder\u00f3n<\/strong> de baloncesto en verano. Las pistas de basket y la cafeter\u00eda de Pedro ya eran como mi segunda casa cuando me instal\u00e9 aqu\u00ed para estudiar.<\/p>\n<p><img loading=\"lazy\" decoding=\"async\" class=\"aligncenter wp-image-1403 size-large\" src=\"http:\/\/residenciarucab.es\/blog\/wp-content\/uploads\/2021\/03\/Cesar-Fernandez-en-la-pista-de-baloncesto-1024x576.jpg\" alt=\"C\u00e9sar Fern\u00e1ndez residente de la RUCAB\" width=\"700\" height=\"394\" srcset=\"https:\/\/residenciarucab.es\/blog\/wp-content\/uploads\/2021\/03\/Cesar-Fernandez-en-la-pista-de-baloncesto-1024x576.jpg 1024w, https:\/\/residenciarucab.es\/blog\/wp-content\/uploads\/2021\/03\/Cesar-Fernandez-en-la-pista-de-baloncesto-300x169.jpg 300w, https:\/\/residenciarucab.es\/blog\/wp-content\/uploads\/2021\/03\/Cesar-Fernandez-en-la-pista-de-baloncesto-768x432.jpg 768w, https:\/\/residenciarucab.es\/blog\/wp-content\/uploads\/2021\/03\/Cesar-Fernandez-en-la-pista-de-baloncesto-1140x641.jpg 1140w, https:\/\/residenciarucab.es\/blog\/wp-content\/uploads\/2021\/03\/Cesar-Fernandez-en-la-pista-de-baloncesto-552x311.jpg 552w, https:\/\/residenciarucab.es\/blog\/wp-content\/uploads\/2021\/03\/Cesar-Fernandez-en-la-pista-de-baloncesto.jpg 1280w\" sizes=\"auto, (max-width: 700px) 100vw, 700px\" \/><\/p>\n<ol start=\"10\">\n<li>\n<h4>\u00bfC\u00f3mo te ves en el futuro?<\/h4>\n<\/li>\n<\/ol>\n<p>Siempre quiero pensar que queda mucho para centrarse en eso, as\u00ed que de momento s\u00f3lo me veo pasando limpio todos los cursos y <strong>acabar siendo un buen m\u00e9dico<\/strong>. La especialidad y el resto de detalles son cuestiones sobre las que me gustar\u00eda tener la respuesta ya, pero me queda un poquito para entonces.<\/p>\n<p>M\u00e1s informaci\u00f3n sobre la RUCAB <a href=\"https:\/\/residenciarucab.es\/blog\/\" target=\"_blank\" rel=\"noopener\">aqu\u00ed\u00a0<\/a><\/p>\n","protected":false},"excerpt":{"rendered":"<p class=\"post-excerpt\">Seguimos orgullosos de los perfiles universitarios de la RUCAB, esta vez hemos entrevistado a C\u00e9sar Fern\u00e1ndez, natural de Lanzarote, aunque su residencia es Talavera de la Reina. Hace dos a\u00f1os le fue concedida una de las becas de la Fundaci\u00f3n Amancio Ortega, experiencia \u00fanica y vital que recomienda a todos&#8230;<\/p>\n","protected":false},"author":1,"featured_media":1400,"comment_status":"open","ping_status":"open","sticky":false,"template":"","format":"standard","meta":{"footnotes":""},"categories":[1],"tags":[343,55,176,60,36,344,35],"class_list":["post-1362","post","type-post","status-publish","format-standard","has-post-thumbnail","hentry","category-noticias","tag-cesar-fernandez","tag-estados-unidos","tag-extremadura","tag-medicina","tag-residencia-universitaria","tag-residente","tag-rucab"],"yoast_head":"<!-- This site is optimized with the Yoast SEO plugin v27.5 - https:\/\/yoast.com\/product\/yoast-seo-wordpress\/ -->\n<title>C\u00e9sar Fern\u00e1ndez: &quot;La beca de Amancio Ortega es una experiencia que no puedes expresar con palabras&quot; - BLOG RUCAB<\/title>\n<meta name=\"description\" content=\"Entrevistamos a C\u00e9sar Fern\u00e1ndez, residente de la RUCAB, nos cuenta su experiencia con la beca de Amancio Ortega en EE.UU.\" \/>\n<meta name=\"robots\" content=\"index, follow, max-snippet:-1, max-image-preview:large, max-video-preview:-1\" \/>\n<link rel=\"canonical\" href=\"https:\/\/residenciarucab.es\/blog\/entrevista-a-cesar-fernandez\/\" \/>\n<meta property=\"og:locale\" content=\"es_ES\" \/>\n<meta property=\"og:type\" content=\"article\" \/>\n<meta property=\"og:title\" content=\"C\u00e9sar Fern\u00e1ndez: &quot;La beca de Amancio Ortega es una experiencia que no puedes expresar con palabras&quot; - BLOG RUCAB\" \/>\n<meta property=\"og:description\" content=\"Entrevistamos a C\u00e9sar Fern\u00e1ndez, residente de la RUCAB, nos cuenta su experiencia con la beca de Amancio Ortega en EE.UU.\" \/>\n<meta property=\"og:url\" content=\"https:\/\/residenciarucab.es\/blog\/entrevista-a-cesar-fernandez\/\" \/>\n<meta property=\"og:site_name\" content=\"BLOG RUCAB\" \/>\n<meta property=\"article:published_time\" content=\"2021-03-12T10:07:03+00:00\" \/>\n<meta property=\"article:modified_time\" content=\"2021-03-12T13:03:00+00:00\" \/>\n<meta property=\"og:image\" content=\"https:\/\/residenciarucab.es\/blog\/wp-content\/uploads\/2021\/02\/Cesar-en-el-puente-de-Golden-Gate.jpg\" \/>\n\t<meta property=\"og:image:width\" content=\"1280\" \/>\n\t<meta property=\"og:image:height\" content=\"720\" \/>\n\t<meta property=\"og:image:type\" content=\"image\/jpeg\" \/>\n<meta name=\"author\" content=\"RUCAB\" \/>\n<meta name=\"twitter:card\" content=\"summary_large_image\" \/>\n<meta name=\"twitter:label1\" content=\"Escrito por\" \/>\n\t<meta name=\"twitter:data1\" content=\"RUCAB\" \/>\n\t<meta name=\"twitter:label2\" content=\"Tiempo de lectura\" \/>\n\t<meta name=\"twitter:data2\" content=\"5 minutos\" \/>\n<script type=\"application\/ld+json\" class=\"yoast-schema-graph\">{\"@context\":\"https:\\\/\\\/schema.org\",\"@graph\":[{\"@type\":\"Article\",\"@id\":\"https:\\\/\\\/residenciarucab.es\\\/blog\\\/entrevista-a-cesar-fernandez\\\/#article\",\"isPartOf\":{\"@id\":\"https:\\\/\\\/residenciarucab.es\\\/blog\\\/entrevista-a-cesar-fernandez\\\/\"},\"author\":{\"name\":\"RUCAB\",\"@id\":\"https:\\\/\\\/residenciarucab.es\\\/blog\\\/#\\\/schema\\\/person\\\/f759c867eac865f0ce36c767f26f9294\"},\"headline\":\"C\u00e9sar Fern\u00e1ndez: \u00abLa beca de Amancio Ortega es una experiencia que no puedes expresar con palabras\u00bb\",\"datePublished\":\"2021-03-12T10:07:03+00:00\",\"dateModified\":\"2021-03-12T13:03:00+00:00\",\"mainEntityOfPage\":{\"@id\":\"https:\\\/\\\/residenciarucab.es\\\/blog\\\/entrevista-a-cesar-fernandez\\\/\"},\"wordCount\":895,\"commentCount\":0,\"image\":{\"@id\":\"https:\\\/\\\/residenciarucab.es\\\/blog\\\/entrevista-a-cesar-fernandez\\\/#primaryimage\"},\"thumbnailUrl\":\"https:\\\/\\\/residenciarucab.es\\\/blog\\\/wp-content\\\/uploads\\\/2021\\\/02\\\/Cesar-en-el-puente-de-Golden-Gate.jpg\",\"keywords\":[\"C\u00e9sar Fern\u00e1ndez\",\"Estados Unidos\",\"extremadura\",\"medicina\",\"Residencia Universitaria\",\"residente\",\"Rucab\"],\"articleSection\":[\"Noticias\"],\"inLanguage\":\"es\",\"potentialAction\":[{\"@type\":\"CommentAction\",\"name\":\"Comment\",\"target\":[\"https:\\\/\\\/residenciarucab.es\\\/blog\\\/entrevista-a-cesar-fernandez\\\/#respond\"]}]},{\"@type\":\"WebPage\",\"@id\":\"https:\\\/\\\/residenciarucab.es\\\/blog\\\/entrevista-a-cesar-fernandez\\\/\",\"url\":\"https:\\\/\\\/residenciarucab.es\\\/blog\\\/entrevista-a-cesar-fernandez\\\/\",\"name\":\"C\u00e9sar Fern\u00e1ndez: \\\"La beca de Amancio Ortega es una experiencia que no puedes expresar con palabras\\\" - BLOG RUCAB\",\"isPartOf\":{\"@id\":\"https:\\\/\\\/residenciarucab.es\\\/blog\\\/#website\"},\"primaryImageOfPage\":{\"@id\":\"https:\\\/\\\/residenciarucab.es\\\/blog\\\/entrevista-a-cesar-fernandez\\\/#primaryimage\"},\"image\":{\"@id\":\"https:\\\/\\\/residenciarucab.es\\\/blog\\\/entrevista-a-cesar-fernandez\\\/#primaryimage\"},\"thumbnailUrl\":\"https:\\\/\\\/residenciarucab.es\\\/blog\\\/wp-content\\\/uploads\\\/2021\\\/02\\\/Cesar-en-el-puente-de-Golden-Gate.jpg\",\"datePublished\":\"2021-03-12T10:07:03+00:00\",\"dateModified\":\"2021-03-12T13:03:00+00:00\",\"author\":{\"@id\":\"https:\\\/\\\/residenciarucab.es\\\/blog\\\/#\\\/schema\\\/person\\\/f759c867eac865f0ce36c767f26f9294\"},\"description\":\"Entrevistamos a C\u00e9sar Fern\u00e1ndez, residente de la RUCAB, nos cuenta su experiencia con la beca de Amancio Ortega en EE.UU.\",\"breadcrumb\":{\"@id\":\"https:\\\/\\\/residenciarucab.es\\\/blog\\\/entrevista-a-cesar-fernandez\\\/#breadcrumb\"},\"inLanguage\":\"es\",\"potentialAction\":[{\"@type\":\"ReadAction\",\"target\":[\"https:\\\/\\\/residenciarucab.es\\\/blog\\\/entrevista-a-cesar-fernandez\\\/\"]}]},{\"@type\":\"ImageObject\",\"inLanguage\":\"es\",\"@id\":\"https:\\\/\\\/residenciarucab.es\\\/blog\\\/entrevista-a-cesar-fernandez\\\/#primaryimage\",\"url\":\"https:\\\/\\\/residenciarucab.es\\\/blog\\\/wp-content\\\/uploads\\\/2021\\\/02\\\/Cesar-en-el-puente-de-Golden-Gate.jpg\",\"contentUrl\":\"https:\\\/\\\/residenciarucab.es\\\/blog\\\/wp-content\\\/uploads\\\/2021\\\/02\\\/Cesar-en-el-puente-de-Golden-Gate.jpg\",\"width\":1280,\"height\":720,\"caption\":\"Puente Golden Gate\"},{\"@type\":\"BreadcrumbList\",\"@id\":\"https:\\\/\\\/residenciarucab.es\\\/blog\\\/entrevista-a-cesar-fernandez\\\/#breadcrumb\",\"itemListElement\":[{\"@type\":\"ListItem\",\"position\":1,\"name\":\"Portada\",\"item\":\"https:\\\/\\\/residenciarucab.es\\\/blog\\\/\"},{\"@type\":\"ListItem\",\"position\":2,\"name\":\"C\u00e9sar Fern\u00e1ndez: \u00abLa beca de Amancio Ortega es una experiencia que no puedes expresar con palabras\u00bb\"}]},{\"@type\":\"WebSite\",\"@id\":\"https:\\\/\\\/residenciarucab.es\\\/blog\\\/#website\",\"url\":\"https:\\\/\\\/residenciarucab.es\\\/blog\\\/\",\"name\":\"BLOG RUCAB\",\"description\":\"\u00a1Todas las novedades de nuestra residencia universitaria!\",\"potentialAction\":[{\"@type\":\"SearchAction\",\"target\":{\"@type\":\"EntryPoint\",\"urlTemplate\":\"https:\\\/\\\/residenciarucab.es\\\/blog\\\/?s={search_term_string}\"},\"query-input\":{\"@type\":\"PropertyValueSpecification\",\"valueRequired\":true,\"valueName\":\"search_term_string\"}}],\"inLanguage\":\"es\"},{\"@type\":\"Person\",\"@id\":\"https:\\\/\\\/residenciarucab.es\\\/blog\\\/#\\\/schema\\\/person\\\/f759c867eac865f0ce36c767f26f9294\",\"name\":\"RUCAB\",\"image\":{\"@type\":\"ImageObject\",\"inLanguage\":\"es\",\"@id\":\"https:\\\/\\\/residenciarucab.es\\\/blog\\\/wp-content\\\/uploads\\\/2019\\\/07\\\/r-rosa.png\",\"url\":\"https:\\\/\\\/residenciarucab.es\\\/blog\\\/wp-content\\\/uploads\\\/2019\\\/07\\\/r-rosa.png\",\"contentUrl\":\"https:\\\/\\\/residenciarucab.es\\\/blog\\\/wp-content\\\/uploads\\\/2019\\\/07\\\/r-rosa.png\",\"caption\":\"RUCAB\"},\"description\":\"La RUCAB es un referente en Extremadura por la calidad de sus instalaciones y por su estilo de vida, basado en valores de convivencia, respeto y educaci\u00f3n. Una residencia junto al campus y con todas las necesidades cubiertas.\",\"url\":\"https:\\\/\\\/residenciarucab.es\\\/blog\\\/author\\\/rucab_blog\\\/\"}]}<\/script>\n<!-- \/ Yoast SEO plugin. -->","yoast_head_json":{"title":"C\u00e9sar Fern\u00e1ndez: \"La beca de Amancio Ortega es una experiencia que no puedes expresar con palabras\" - BLOG RUCAB","description":"Entrevistamos a C\u00e9sar Fern\u00e1ndez, residente de la RUCAB, nos cuenta su experiencia con la beca de Amancio Ortega en EE.UU.","robots":{"index":"index","follow":"follow","max-snippet":"max-snippet:-1","max-image-preview":"max-image-preview:large","max-video-preview":"max-video-preview:-1"},"canonical":"https:\/\/residenciarucab.es\/blog\/entrevista-a-cesar-fernandez\/","og_locale":"es_ES","og_type":"article","og_title":"C\u00e9sar Fern\u00e1ndez: \"La beca de Amancio Ortega es una experiencia que no puedes expresar con palabras\" - BLOG RUCAB","og_description":"Entrevistamos a C\u00e9sar Fern\u00e1ndez, residente de la RUCAB, nos cuenta su experiencia con la beca de Amancio Ortega en EE.UU.","og_url":"https:\/\/residenciarucab.es\/blog\/entrevista-a-cesar-fernandez\/","og_site_name":"BLOG RUCAB","article_published_time":"2021-03-12T10:07:03+00:00","article_modified_time":"2021-03-12T13:03:00+00:00","og_image":[{"width":1280,"height":720,"url":"https:\/\/residenciarucab.es\/blog\/wp-content\/uploads\/2021\/02\/Cesar-en-el-puente-de-Golden-Gate.jpg","type":"image\/jpeg"}],"author":"RUCAB","twitter_card":"summary_large_image","twitter_misc":{"Escrito por":"RUCAB","Tiempo de lectura":"5 minutos"},"schema":{"@context":"https:\/\/schema.org","@graph":[{"@type":"Article","@id":"https:\/\/residenciarucab.es\/blog\/entrevista-a-cesar-fernandez\/#article","isPartOf":{"@id":"https:\/\/residenciarucab.es\/blog\/entrevista-a-cesar-fernandez\/"},"author":{"name":"RUCAB","@id":"https:\/\/residenciarucab.es\/blog\/#\/schema\/person\/f759c867eac865f0ce36c767f26f9294"},"headline":"C\u00e9sar Fern\u00e1ndez: \u00abLa beca de Amancio Ortega es una experiencia que no puedes expresar con palabras\u00bb","datePublished":"2021-03-12T10:07:03+00:00","dateModified":"2021-03-12T13:03:00+00:00","mainEntityOfPage":{"@id":"https:\/\/residenciarucab.es\/blog\/entrevista-a-cesar-fernandez\/"},"wordCount":895,"commentCount":0,"image":{"@id":"https:\/\/residenciarucab.es\/blog\/entrevista-a-cesar-fernandez\/#primaryimage"},"thumbnailUrl":"https:\/\/residenciarucab.es\/blog\/wp-content\/uploads\/2021\/02\/Cesar-en-el-puente-de-Golden-Gate.jpg","keywords":["C\u00e9sar Fern\u00e1ndez","Estados Unidos","extremadura","medicina","Residencia Universitaria","residente","Rucab"],"articleSection":["Noticias"],"inLanguage":"es","potentialAction":[{"@type":"CommentAction","name":"Comment","target":["https:\/\/residenciarucab.es\/blog\/entrevista-a-cesar-fernandez\/#respond"]}]},{"@type":"WebPage","@id":"https:\/\/residenciarucab.es\/blog\/entrevista-a-cesar-fernandez\/","url":"https:\/\/residenciarucab.es\/blog\/entrevista-a-cesar-fernandez\/","name":"C\u00e9sar Fern\u00e1ndez: \"La beca de Amancio Ortega es una experiencia que no puedes expresar con palabras\" - BLOG RUCAB","isPartOf":{"@id":"https:\/\/residenciarucab.es\/blog\/#website"},"primaryImageOfPage":{"@id":"https:\/\/residenciarucab.es\/blog\/entrevista-a-cesar-fernandez\/#primaryimage"},"image":{"@id":"https:\/\/residenciarucab.es\/blog\/entrevista-a-cesar-fernandez\/#primaryimage"},"thumbnailUrl":"https:\/\/residenciarucab.es\/blog\/wp-content\/uploads\/2021\/02\/Cesar-en-el-puente-de-Golden-Gate.jpg","datePublished":"2021-03-12T10:07:03+00:00","dateModified":"2021-03-12T13:03:00+00:00","author":{"@id":"https:\/\/residenciarucab.es\/blog\/#\/schema\/person\/f759c867eac865f0ce36c767f26f9294"},"description":"Entrevistamos a C\u00e9sar Fern\u00e1ndez, residente de la RUCAB, nos cuenta su experiencia con la beca de Amancio Ortega en EE.UU.","breadcrumb":{"@id":"https:\/\/residenciarucab.es\/blog\/entrevista-a-cesar-fernandez\/#breadcrumb"},"inLanguage":"es","potentialAction":[{"@type":"ReadAction","target":["https:\/\/residenciarucab.es\/blog\/entrevista-a-cesar-fernandez\/"]}]},{"@type":"ImageObject","inLanguage":"es","@id":"https:\/\/residenciarucab.es\/blog\/entrevista-a-cesar-fernandez\/#primaryimage","url":"https:\/\/residenciarucab.es\/blog\/wp-content\/uploads\/2021\/02\/Cesar-en-el-puente-de-Golden-Gate.jpg","contentUrl":"https:\/\/residenciarucab.es\/blog\/wp-content\/uploads\/2021\/02\/Cesar-en-el-puente-de-Golden-Gate.jpg","width":1280,"height":720,"caption":"Puente Golden Gate"},{"@type":"BreadcrumbList","@id":"https:\/\/residenciarucab.es\/blog\/entrevista-a-cesar-fernandez\/#breadcrumb","itemListElement":[{"@type":"ListItem","position":1,"name":"Portada","item":"https:\/\/residenciarucab.es\/blog\/"},{"@type":"ListItem","position":2,"name":"C\u00e9sar Fern\u00e1ndez: \u00abLa beca de Amancio Ortega es una experiencia que no puedes expresar con palabras\u00bb"}]},{"@type":"WebSite","@id":"https:\/\/residenciarucab.es\/blog\/#website","url":"https:\/\/residenciarucab.es\/blog\/","name":"BLOG RUCAB","description":"\u00a1Todas las novedades de nuestra residencia universitaria!","potentialAction":[{"@type":"SearchAction","target":{"@type":"EntryPoint","urlTemplate":"https:\/\/residenciarucab.es\/blog\/?s={search_term_string}"},"query-input":{"@type":"PropertyValueSpecification","valueRequired":true,"valueName":"search_term_string"}}],"inLanguage":"es"},{"@type":"Person","@id":"https:\/\/residenciarucab.es\/blog\/#\/schema\/person\/f759c867eac865f0ce36c767f26f9294","name":"RUCAB","image":{"@type":"ImageObject","inLanguage":"es","@id":"https:\/\/residenciarucab.es\/blog\/wp-content\/uploads\/2019\/07\/r-rosa.png","url":"https:\/\/residenciarucab.es\/blog\/wp-content\/uploads\/2019\/07\/r-rosa.png","contentUrl":"https:\/\/residenciarucab.es\/blog\/wp-content\/uploads\/2019\/07\/r-rosa.png","caption":"RUCAB"},"description":"La RUCAB es un referente en Extremadura por la calidad de sus instalaciones y por su estilo de vida, basado en valores de convivencia, respeto y educaci\u00f3n. Una residencia junto al campus y con todas las necesidades cubiertas.","url":"https:\/\/residenciarucab.es\/blog\/author\/rucab_blog\/"}]}},"_links":{"self":[{"href":"https:\/\/residenciarucab.es\/blog\/wp-json\/wp\/v2\/posts\/1362","targetHints":{"allow":["GET"]}}],"collection":[{"href":"https:\/\/residenciarucab.es\/blog\/wp-json\/wp\/v2\/posts"}],"about":[{"href":"https:\/\/residenciarucab.es\/blog\/wp-json\/wp\/v2\/types\/post"}],"author":[{"embeddable":true,"href":"https:\/\/residenciarucab.es\/blog\/wp-json\/wp\/v2\/users\/1"}],"replies":[{"embeddable":true,"href":"https:\/\/residenciarucab.es\/blog\/wp-json\/wp\/v2\/comments?post=1362"}],"version-history":[{"count":5,"href":"https:\/\/residenciarucab.es\/blog\/wp-json\/wp\/v2\/posts\/1362\/revisions"}],"predecessor-version":[{"id":1410,"href":"https:\/\/residenciarucab.es\/blog\/wp-json\/wp\/v2\/posts\/1362\/revisions\/1410"}],"wp:featuredmedia":[{"embeddable":true,"href":"https:\/\/residenciarucab.es\/blog\/wp-json\/wp\/v2\/media\/1400"}],"wp:attachment":[{"href":"https:\/\/residenciarucab.es\/blog\/wp-json\/wp\/v2\/media?parent=1362"}],"wp:term":[{"taxonomy":"category","embeddable":true,"href":"https:\/\/residenciarucab.es\/blog\/wp-json\/wp\/v2\/categories?post=1362"},{"taxonomy":"post_tag","embeddable":true,"href":"https:\/\/residenciarucab.es\/blog\/wp-json\/wp\/v2\/tags?post=1362"}],"curies":[{"name":"wp","href":"https:\/\/api.w.org\/{rel}","templated":true}]}}