

{"id":1476,"date":"2021-04-28T13:31:28","date_gmt":"2021-04-28T11:31:28","guid":{"rendered":"https:\/\/residenciarucab.es\/blog\/?p=1476"},"modified":"2021-04-28T13:33:12","modified_gmt":"2021-04-28T11:33:12","slug":"javier-vazquez","status":"publish","type":"post","link":"https:\/\/residenciarucab.es\/blog\/javier-vazquez\/","title":{"rendered":"Javier V\u00e1zquez, ejemplo de vida saludable en la RUCAB"},"content":{"rendered":"<h4>Todos en la residencia conocemos a <a href=\"https:\/\/www.instagram.com\/javivc99cc\/\" target=\"_blank\" rel=\"noopener\">Javier V\u00e1zquez<\/a>, m\u00e1s conocido como &#8216;Duffman&#8217;, hace un a\u00f1o no imagin\u00e1bamos el cambio que iba a experimentar este residente, hoy en d\u00eda es un ejemplo de superaci\u00f3n y de estilo de vida saludable, hablamos con \u00e9l para descubrir su proceso de cambio, su evoluci\u00f3n, inquietudes y rutina.<\/h4>\n<ol>\n<li><strong>\u00bfDe d\u00f3nde eres y cu\u00e1ntos a\u00f1os tienes?<\/strong><\/li>\n<\/ol>\n<p>Nac\u00ed en <strong>C\u00e1ceres<\/strong> y all\u00ed he estado viviendo hasta empezar la Universidad, aunque tambi\u00e9n me considero un poco de mi pueblo, que es<strong> Torre de Don Miguel<\/strong>, que est\u00e1 por la Sierra de Gata. Tengo 22 a\u00f1os y estudio <strong>Qu\u00edmica<\/strong>.<\/p>\n<p><img loading=\"lazy\" decoding=\"async\" class=\"aligncenter wp-image-1482 size-large\" src=\"http:\/\/residenciarucab.es\/blog\/wp-content\/uploads\/2021\/04\/Javier-Vazquez-antes-1024x576.jpg\" alt=\"Javier V\u00e1zquez antes del confinamiento\" width=\"700\" height=\"394\" srcset=\"https:\/\/residenciarucab.es\/blog\/wp-content\/uploads\/2021\/04\/Javier-Vazquez-antes-1024x576.jpg 1024w, https:\/\/residenciarucab.es\/blog\/wp-content\/uploads\/2021\/04\/Javier-Vazquez-antes-300x169.jpg 300w, https:\/\/residenciarucab.es\/blog\/wp-content\/uploads\/2021\/04\/Javier-Vazquez-antes-768x432.jpg 768w, https:\/\/residenciarucab.es\/blog\/wp-content\/uploads\/2021\/04\/Javier-Vazquez-antes-1140x641.jpg 1140w, https:\/\/residenciarucab.es\/blog\/wp-content\/uploads\/2021\/04\/Javier-Vazquez-antes-552x311.jpg 552w, https:\/\/residenciarucab.es\/blog\/wp-content\/uploads\/2021\/04\/Javier-Vazquez-antes.jpg 1280w\" sizes=\"auto, (max-width: 700px) 100vw, 700px\" \/><\/p>\n<p>&nbsp;<\/p>\n<ol start=\"2\">\n<li><strong>\u00bfPor qu\u00e9 decides pasar tu etapa universitaria en la RUCAB?<\/strong><\/li>\n<\/ol>\n<p>Pues al principio estuve mirando residencias y \u00e9sta fue la que m\u00e1s nos convenci\u00f3 por<strong> instalaciones<\/strong> y <strong>cercan\u00eda<\/strong> a la facultad, luego te quedas por el buen ambiente que se respira con el resto de residentes y trabajadores de cafeter\u00eda, de limpieza\u2026<\/p>\n<p>&nbsp;<\/p>\n<ol start=\"3\">\n<li><strong>Despu\u00e9s de el confinamiento decides cambiar tu estilo de vida, \u00bfqu\u00e9 te motiv\u00f3 a cambiar?<\/strong><\/li>\n<\/ol>\n<p>Despu\u00e9s del confinamiento y de los ex\u00e1menes de junio y julio vi que me hab\u00eda descuidado bastante, yo siempre fui un chico que nunca ha estado realmente en forma, siempre hab\u00eda sido el &#8216;m\u00e1s grande&#8217; de clase o del grupo, pero nunca hab\u00eda llegado hasta ese punto. Llegu\u00e9 a pesar <strong>117 kilos<\/strong> midiendo 1,85 y la ropa que me quedaba antes bien ya no me val\u00eda, as\u00ed que vest\u00eda con ropa ancha. Fue un <strong>23 de julio<\/strong> que decid\u00ed que hasta aqu\u00ed hab\u00eda llegado y que iba a <strong>cambiar de estilo de vida<\/strong>, actualmente peso poco menos de <strong>85 kilos<\/strong>.<\/p>\n<p><img loading=\"lazy\" decoding=\"async\" class=\"aligncenter wp-image-1480 size-large\" src=\"http:\/\/residenciarucab.es\/blog\/wp-content\/uploads\/2021\/04\/javier-vazquez-pesas-1024x576.jpg\" alt=\"10 kg de pesas en el gym de la RUCAB\" width=\"700\" height=\"394\" srcset=\"https:\/\/residenciarucab.es\/blog\/wp-content\/uploads\/2021\/04\/javier-vazquez-pesas-1024x576.jpg 1024w, https:\/\/residenciarucab.es\/blog\/wp-content\/uploads\/2021\/04\/javier-vazquez-pesas-300x169.jpg 300w, https:\/\/residenciarucab.es\/blog\/wp-content\/uploads\/2021\/04\/javier-vazquez-pesas-768x432.jpg 768w, https:\/\/residenciarucab.es\/blog\/wp-content\/uploads\/2021\/04\/javier-vazquez-pesas-1140x641.jpg 1140w, https:\/\/residenciarucab.es\/blog\/wp-content\/uploads\/2021\/04\/javier-vazquez-pesas-552x311.jpg 552w, https:\/\/residenciarucab.es\/blog\/wp-content\/uploads\/2021\/04\/javier-vazquez-pesas.jpg 1280w\" sizes=\"auto, (max-width: 700px) 100vw, 700px\" \/><\/p>\n<p>&nbsp;<\/p>\n<ol start=\"4\">\n<li><strong>\u00bfC\u00f3mo te sientes ahora que llevas un estilo de vida diferente?<\/strong><\/li>\n<\/ol>\n<p>Puede parecer un t\u00f3pico y que es lo que siempre se dice, pero la verdad es que te sientes <strong>infinitamente mejor<\/strong>, no solo f\u00edsicamente, que tambi\u00e9n, pero lo cierto es que cambia todo, tienes<strong> m\u00e1s confianza<\/strong> en ti mismo, te levantas por la ma\u00f1ana y te miras en el espejo y sabes que va a ser un mejor d\u00eda de lo que ser\u00eda normalmente y tambi\u00e9n en el \u00e1mbito social es mucho mejor, son peque\u00f1os detalles que al final<strong> te hacen sentirte a gusto<\/strong> en compa\u00f1\u00eda de gente.<\/p>\n<p>&nbsp;<\/p>\n<ol start=\"5\">\n<li><strong>\u00bfCu\u00e1l es tu rutina diaria?<\/strong><\/li>\n<\/ol>\n<p>M\u00e1s que rutina diaria, me gusta estructurarme <strong>semanalmente<\/strong>, me considero un chico s\u00faper disciplinado, as\u00ed que organizo mis d\u00edas en funci\u00f3n de si voy al gimnasio o no, para m\u00ed <strong>es una prioridad m\u00e1s que un complemento<\/strong>, hago cuatro d\u00edas semanales y siempre intento hacer una cantidad de pasos diarios, aunque eso es m\u00e1s secundario.<\/p>\n<p>En el tema comidas es m\u00e1s variable, <strong>como cuando tengo hambre<\/strong> y cuando no tengo hambre no me obligo a comer, que parece raro, pero es peor comer cuando no tienes hambre que al rev\u00e9s. Al fin y al cabo, intento llegar a las<strong> calor\u00edas que tengo marcadas<\/strong> y sobre todo cumplir con el tema de macronutrientes necesarios.<\/p>\n<p>&nbsp;<\/p>\n<ol start=\"6\">\n<li><strong>\u00bfCrees que estar en la residencia ha favorecido tu cambio f\u00edsico?<\/strong><\/li>\n<\/ol>\n<p>En parte s\u00ed, sobre todo al principio que no tienes la rutina de saber qu\u00e9 tienes que comer y qu\u00e9 cantidades; ayuda que est\u00e9 el men\u00fa medianamente estructurado, adem\u00e1s que haya <strong>gimnasio tan cerca y pistas de f\u00fatbol, tenis, baloncesto y v\u00f3ley<\/strong> playa favorece el movimiento.<\/p>\n<p>Aunque tambi\u00e9n es cierto que tienes muchas distracciones para no hacer deporte, pero si uno quiere puede hacerlo.<\/p>\n<p>&nbsp;<\/p>\n<ol start=\"7\">\n<li><strong>\u00bfHay cosas que ahora puedas hacer y antes no?<\/strong><\/li>\n<\/ol>\n<p>La verdad es que s\u00ed, muchas veces me asfixiaba al <strong>subir escaleras<\/strong> o una cuesta, y ni hablar ya de hacer <strong>deporte<\/strong> un tiempo prolongado, adem\u00e1s mentalmente te atreves a hacer cosas que antes no te atrever\u00edas por miedo o por verg\u00fcenza, <strong>el limite te lo pones t\u00fa mismo.<\/strong><\/p>\n<p>&nbsp;<\/p>\n<ol start=\"8\">\n<li><strong>\u00bfQu\u00e9 es lo que m\u00e1s valora Javier V\u00e1zquez de su nuevo estilo de vida?<\/strong><\/li>\n<\/ol>\n<p>Valoro todo, porque me encanta. Pero si tuviera que quedarme con algo ser\u00eda el poder<strong> salir a comer fuera de vez en cuando<\/strong> y no sentirme mal porque s\u00e9 que lo que hago normalmente me permite darme esos peque\u00f1os lujos.<\/p>\n<p><img loading=\"lazy\" decoding=\"async\" class=\"aligncenter wp-image-1481 size-large\" src=\"http:\/\/residenciarucab.es\/blog\/wp-content\/uploads\/2021\/04\/Javier-Vazquez-Pista-de-voley-playa--1024x576.jpg\" alt=\"Pista de voley de la RUCAB\" width=\"700\" height=\"394\" srcset=\"https:\/\/residenciarucab.es\/blog\/wp-content\/uploads\/2021\/04\/Javier-Vazquez-Pista-de-voley-playa--1024x576.jpg 1024w, https:\/\/residenciarucab.es\/blog\/wp-content\/uploads\/2021\/04\/Javier-Vazquez-Pista-de-voley-playa--300x169.jpg 300w, https:\/\/residenciarucab.es\/blog\/wp-content\/uploads\/2021\/04\/Javier-Vazquez-Pista-de-voley-playa--768x432.jpg 768w, https:\/\/residenciarucab.es\/blog\/wp-content\/uploads\/2021\/04\/Javier-Vazquez-Pista-de-voley-playa--1140x641.jpg 1140w, https:\/\/residenciarucab.es\/blog\/wp-content\/uploads\/2021\/04\/Javier-Vazquez-Pista-de-voley-playa--552x311.jpg 552w, https:\/\/residenciarucab.es\/blog\/wp-content\/uploads\/2021\/04\/Javier-Vazquez-Pista-de-voley-playa-.jpg 1280w\" sizes=\"auto, (max-width: 700px) 100vw, 700px\" \/><\/p>\n<ol start=\"9\">\n<li><strong>Sabes que estamos en proceso de cambio de un men\u00fa m\u00e1s saludable en la RUCAB, \u00bfcrees que esto puede ayudar a m\u00e1s residente a seguir tu camino?<\/strong><\/li>\n<\/ol>\n<p>Puede ser un peque\u00f1o punto de inflexi\u00f3n, pero <strong>el cambio empieza en uno mismo<\/strong>, aunque te den todo masticado el primer paso lo tienes que dar t\u00fa, y el segundo y el tercero\u2026<\/p>\n<p><strong>\u00a0<\/strong><\/p>\n<ol start=\"10\">\n<li><strong>\u00bfQu\u00e9 consejo le dar\u00edas a un residente que quiere empezar a cuidar su alimentaci\u00f3n y actividad f\u00edsica?<\/strong><\/li>\n<\/ol>\n<p>Pues que <strong>se anime<\/strong> y que cualquier duda que vaya teniendo que pregunte y que <strong>se informe<\/strong>, que en este tema nunca se para de aprender. Y sobre todo que tenga paciencia, que es un <strong>proceso muy largo<\/strong>, y que al principio pensar\u00e1 que no es capaz y que lo que est\u00e1 haciendo no vale para nada, <strong>pero en cuanto ves un peque\u00f1o resultado<\/strong> y te empieza a gustar ya no puedes parar ni aunque quieras.<\/p>\n<ol start=\"11\">\n<li><strong>\u00bfC\u00f3mo te ves en el futuro?<\/strong><\/li>\n<\/ol>\n<p>A corto plazo me gustar\u00eda seguir tal y como ahora, <strong>seguir estudiando<\/strong>, haciendo cada vez m\u00e1s y<strong> m\u00e1s deporte<\/strong> y disfrutando de la compa\u00f1\u00eda de la gente.<\/p>\n<p>A largo plazo siempre he pensado, que un d\u00eda me gustar\u00eda mirar hacia atr\u00e1s y que la gente que haya tenido contacto cercano conmigo, tengan <strong>una buena imagen de m\u00ed<\/strong>, pero eso el tiempo lo dir\u00e1.<\/p>\n<p><img loading=\"lazy\" decoding=\"async\" class=\"aligncenter wp-image-1484 size-large\" src=\"http:\/\/residenciarucab.es\/blog\/wp-content\/uploads\/2021\/04\/Javirt-vazquez-fiesta-de-disfraces-1024x576.jpg\" alt=\"fiesta de disfraces\" width=\"700\" height=\"394\" srcset=\"https:\/\/residenciarucab.es\/blog\/wp-content\/uploads\/2021\/04\/Javirt-vazquez-fiesta-de-disfraces-1024x576.jpg 1024w, https:\/\/residenciarucab.es\/blog\/wp-content\/uploads\/2021\/04\/Javirt-vazquez-fiesta-de-disfraces-300x169.jpg 300w, https:\/\/residenciarucab.es\/blog\/wp-content\/uploads\/2021\/04\/Javirt-vazquez-fiesta-de-disfraces-768x432.jpg 768w, https:\/\/residenciarucab.es\/blog\/wp-content\/uploads\/2021\/04\/Javirt-vazquez-fiesta-de-disfraces-1140x641.jpg 1140w, https:\/\/residenciarucab.es\/blog\/wp-content\/uploads\/2021\/04\/Javirt-vazquez-fiesta-de-disfraces-552x311.jpg 552w, https:\/\/residenciarucab.es\/blog\/wp-content\/uploads\/2021\/04\/Javirt-vazquez-fiesta-de-disfraces.jpg 1280w\" sizes=\"auto, (max-width: 700px) 100vw, 700px\" \/><\/p>\n<p>M\u00e1s informaci\u00f3n de la RUCAB <a href=\"https:\/\/residenciarucab.es\/blog\/\" target=\"_blank\" rel=\"noopener\">aqu\u00ed<\/a><\/p>\n","protected":false},"excerpt":{"rendered":"<p class=\"post-excerpt\">Todos en la residencia conocemos a Javier V\u00e1zquez, m\u00e1s conocido como &#8216;Duffman&#8217;, hace un a\u00f1o no imagin\u00e1bamos el cambio que iba a experimentar este residente, hoy en d\u00eda es un ejemplo de superaci\u00f3n y de estilo de vida saludable, hablamos con \u00e9l para descubrir su proceso de cambio, su evoluci\u00f3n,&#8230;<\/p>\n","protected":false},"author":1,"featured_media":1479,"comment_status":"open","ping_status":"open","sticky":false,"template":"","format":"standard","meta":{"footnotes":""},"categories":[1],"tags":[],"class_list":["post-1476","post","type-post","status-publish","format-standard","has-post-thumbnail","hentry","category-noticias"],"yoast_head":"<!-- This site is optimized with the Yoast SEO plugin v27.5 - https:\/\/yoast.com\/product\/yoast-seo-wordpress\/ -->\n<title>Javier V\u00e1zquez, ejemplo de vida saludable en la RUCAB - BLOG RUCAB<\/title>\n<meta name=\"description\" content=\"Hablamos con el residente Javier V\u00e1zquez, actualmente disfruta de un estilo de vida m\u00e1s saludable, te contamos c\u00f3mo ha sido este cambio.\" \/>\n<meta name=\"robots\" content=\"index, follow, max-snippet:-1, max-image-preview:large, max-video-preview:-1\" \/>\n<link rel=\"canonical\" href=\"https:\/\/residenciarucab.es\/blog\/javier-vazquez\/\" \/>\n<meta property=\"og:locale\" content=\"es_ES\" \/>\n<meta property=\"og:type\" content=\"article\" \/>\n<meta property=\"og:title\" content=\"Javier V\u00e1zquez, ejemplo de vida saludable en la RUCAB - BLOG RUCAB\" \/>\n<meta property=\"og:description\" content=\"Hablamos con el residente Javier V\u00e1zquez, actualmente disfruta de un estilo de vida m\u00e1s saludable, te contamos c\u00f3mo ha sido este cambio.\" \/>\n<meta property=\"og:url\" content=\"https:\/\/residenciarucab.es\/blog\/javier-vazquez\/\" \/>\n<meta property=\"og:site_name\" content=\"BLOG RUCAB\" \/>\n<meta property=\"article:published_time\" content=\"2021-04-28T11:31:28+00:00\" \/>\n<meta property=\"article:modified_time\" content=\"2021-04-28T11:33:12+00:00\" \/>\n<meta property=\"og:image\" content=\"https:\/\/residenciarucab.es\/blog\/wp-content\/uploads\/2021\/04\/Javier-Vazquez-gym.jpg\" \/>\n\t<meta property=\"og:image:width\" content=\"1280\" \/>\n\t<meta property=\"og:image:height\" content=\"720\" \/>\n\t<meta property=\"og:image:type\" content=\"image\/jpeg\" \/>\n<meta name=\"author\" content=\"RUCAB\" \/>\n<meta name=\"twitter:card\" content=\"summary_large_image\" \/>\n<meta name=\"twitter:label1\" content=\"Escrito por\" \/>\n\t<meta name=\"twitter:data1\" content=\"RUCAB\" \/>\n\t<meta name=\"twitter:label2\" content=\"Tiempo de lectura\" \/>\n\t<meta name=\"twitter:data2\" content=\"5 minutos\" \/>\n<script type=\"application\/ld+json\" class=\"yoast-schema-graph\">{\"@context\":\"https:\\\/\\\/schema.org\",\"@graph\":[{\"@type\":\"Article\",\"@id\":\"https:\\\/\\\/residenciarucab.es\\\/blog\\\/javier-vazquez\\\/#article\",\"isPartOf\":{\"@id\":\"https:\\\/\\\/residenciarucab.es\\\/blog\\\/javier-vazquez\\\/\"},\"author\":{\"name\":\"RUCAB\",\"@id\":\"https:\\\/\\\/residenciarucab.es\\\/blog\\\/#\\\/schema\\\/person\\\/f759c867eac865f0ce36c767f26f9294\"},\"headline\":\"Javier V\u00e1zquez, ejemplo de vida saludable en la RUCAB\",\"datePublished\":\"2021-04-28T11:31:28+00:00\",\"dateModified\":\"2021-04-28T11:33:12+00:00\",\"mainEntityOfPage\":{\"@id\":\"https:\\\/\\\/residenciarucab.es\\\/blog\\\/javier-vazquez\\\/\"},\"wordCount\":990,\"commentCount\":0,\"image\":{\"@id\":\"https:\\\/\\\/residenciarucab.es\\\/blog\\\/javier-vazquez\\\/#primaryimage\"},\"thumbnailUrl\":\"https:\\\/\\\/residenciarucab.es\\\/blog\\\/wp-content\\\/uploads\\\/2021\\\/04\\\/Javier-Vazquez-gym.jpg\",\"articleSection\":[\"Noticias\"],\"inLanguage\":\"es\",\"potentialAction\":[{\"@type\":\"CommentAction\",\"name\":\"Comment\",\"target\":[\"https:\\\/\\\/residenciarucab.es\\\/blog\\\/javier-vazquez\\\/#respond\"]}]},{\"@type\":\"WebPage\",\"@id\":\"https:\\\/\\\/residenciarucab.es\\\/blog\\\/javier-vazquez\\\/\",\"url\":\"https:\\\/\\\/residenciarucab.es\\\/blog\\\/javier-vazquez\\\/\",\"name\":\"Javier V\u00e1zquez, ejemplo de vida saludable en la RUCAB - BLOG RUCAB\",\"isPartOf\":{\"@id\":\"https:\\\/\\\/residenciarucab.es\\\/blog\\\/#website\"},\"primaryImageOfPage\":{\"@id\":\"https:\\\/\\\/residenciarucab.es\\\/blog\\\/javier-vazquez\\\/#primaryimage\"},\"image\":{\"@id\":\"https:\\\/\\\/residenciarucab.es\\\/blog\\\/javier-vazquez\\\/#primaryimage\"},\"thumbnailUrl\":\"https:\\\/\\\/residenciarucab.es\\\/blog\\\/wp-content\\\/uploads\\\/2021\\\/04\\\/Javier-Vazquez-gym.jpg\",\"datePublished\":\"2021-04-28T11:31:28+00:00\",\"dateModified\":\"2021-04-28T11:33:12+00:00\",\"author\":{\"@id\":\"https:\\\/\\\/residenciarucab.es\\\/blog\\\/#\\\/schema\\\/person\\\/f759c867eac865f0ce36c767f26f9294\"},\"description\":\"Hablamos con el residente Javier V\u00e1zquez, actualmente disfruta de un estilo de vida m\u00e1s saludable, te contamos c\u00f3mo ha sido este cambio.\",\"breadcrumb\":{\"@id\":\"https:\\\/\\\/residenciarucab.es\\\/blog\\\/javier-vazquez\\\/#breadcrumb\"},\"inLanguage\":\"es\",\"potentialAction\":[{\"@type\":\"ReadAction\",\"target\":[\"https:\\\/\\\/residenciarucab.es\\\/blog\\\/javier-vazquez\\\/\"]}]},{\"@type\":\"ImageObject\",\"inLanguage\":\"es\",\"@id\":\"https:\\\/\\\/residenciarucab.es\\\/blog\\\/javier-vazquez\\\/#primaryimage\",\"url\":\"https:\\\/\\\/residenciarucab.es\\\/blog\\\/wp-content\\\/uploads\\\/2021\\\/04\\\/Javier-Vazquez-gym.jpg\",\"contentUrl\":\"https:\\\/\\\/residenciarucab.es\\\/blog\\\/wp-content\\\/uploads\\\/2021\\\/04\\\/Javier-Vazquez-gym.jpg\",\"width\":1280,\"height\":720,\"caption\":\"Gimnasio RUCAB\"},{\"@type\":\"BreadcrumbList\",\"@id\":\"https:\\\/\\\/residenciarucab.es\\\/blog\\\/javier-vazquez\\\/#breadcrumb\",\"itemListElement\":[{\"@type\":\"ListItem\",\"position\":1,\"name\":\"Portada\",\"item\":\"https:\\\/\\\/residenciarucab.es\\\/blog\\\/\"},{\"@type\":\"ListItem\",\"position\":2,\"name\":\"Javier V\u00e1zquez, ejemplo de vida saludable en la RUCAB\"}]},{\"@type\":\"WebSite\",\"@id\":\"https:\\\/\\\/residenciarucab.es\\\/blog\\\/#website\",\"url\":\"https:\\\/\\\/residenciarucab.es\\\/blog\\\/\",\"name\":\"BLOG RUCAB\",\"description\":\"\u00a1Todas las novedades de nuestra residencia universitaria!\",\"potentialAction\":[{\"@type\":\"SearchAction\",\"target\":{\"@type\":\"EntryPoint\",\"urlTemplate\":\"https:\\\/\\\/residenciarucab.es\\\/blog\\\/?s={search_term_string}\"},\"query-input\":{\"@type\":\"PropertyValueSpecification\",\"valueRequired\":true,\"valueName\":\"search_term_string\"}}],\"inLanguage\":\"es\"},{\"@type\":\"Person\",\"@id\":\"https:\\\/\\\/residenciarucab.es\\\/blog\\\/#\\\/schema\\\/person\\\/f759c867eac865f0ce36c767f26f9294\",\"name\":\"RUCAB\",\"image\":{\"@type\":\"ImageObject\",\"inLanguage\":\"es\",\"@id\":\"https:\\\/\\\/residenciarucab.es\\\/blog\\\/wp-content\\\/uploads\\\/2019\\\/07\\\/r-rosa.png\",\"url\":\"https:\\\/\\\/residenciarucab.es\\\/blog\\\/wp-content\\\/uploads\\\/2019\\\/07\\\/r-rosa.png\",\"contentUrl\":\"https:\\\/\\\/residenciarucab.es\\\/blog\\\/wp-content\\\/uploads\\\/2019\\\/07\\\/r-rosa.png\",\"caption\":\"RUCAB\"},\"description\":\"La RUCAB es un referente en Extremadura por la calidad de sus instalaciones y por su estilo de vida, basado en valores de convivencia, respeto y educaci\u00f3n. Una residencia junto al campus y con todas las necesidades cubiertas.\",\"url\":\"https:\\\/\\\/residenciarucab.es\\\/blog\\\/author\\\/rucab_blog\\\/\"}]}<\/script>\n<!-- \/ Yoast SEO plugin. -->","yoast_head_json":{"title":"Javier V\u00e1zquez, ejemplo de vida saludable en la RUCAB - BLOG RUCAB","description":"Hablamos con el residente Javier V\u00e1zquez, actualmente disfruta de un estilo de vida m\u00e1s saludable, te contamos c\u00f3mo ha sido este cambio.","robots":{"index":"index","follow":"follow","max-snippet":"max-snippet:-1","max-image-preview":"max-image-preview:large","max-video-preview":"max-video-preview:-1"},"canonical":"https:\/\/residenciarucab.es\/blog\/javier-vazquez\/","og_locale":"es_ES","og_type":"article","og_title":"Javier V\u00e1zquez, ejemplo de vida saludable en la RUCAB - BLOG RUCAB","og_description":"Hablamos con el residente Javier V\u00e1zquez, actualmente disfruta de un estilo de vida m\u00e1s saludable, te contamos c\u00f3mo ha sido este cambio.","og_url":"https:\/\/residenciarucab.es\/blog\/javier-vazquez\/","og_site_name":"BLOG RUCAB","article_published_time":"2021-04-28T11:31:28+00:00","article_modified_time":"2021-04-28T11:33:12+00:00","og_image":[{"width":1280,"height":720,"url":"https:\/\/residenciarucab.es\/blog\/wp-content\/uploads\/2021\/04\/Javier-Vazquez-gym.jpg","type":"image\/jpeg"}],"author":"RUCAB","twitter_card":"summary_large_image","twitter_misc":{"Escrito por":"RUCAB","Tiempo de lectura":"5 minutos"},"schema":{"@context":"https:\/\/schema.org","@graph":[{"@type":"Article","@id":"https:\/\/residenciarucab.es\/blog\/javier-vazquez\/#article","isPartOf":{"@id":"https:\/\/residenciarucab.es\/blog\/javier-vazquez\/"},"author":{"name":"RUCAB","@id":"https:\/\/residenciarucab.es\/blog\/#\/schema\/person\/f759c867eac865f0ce36c767f26f9294"},"headline":"Javier V\u00e1zquez, ejemplo de vida saludable en la RUCAB","datePublished":"2021-04-28T11:31:28+00:00","dateModified":"2021-04-28T11:33:12+00:00","mainEntityOfPage":{"@id":"https:\/\/residenciarucab.es\/blog\/javier-vazquez\/"},"wordCount":990,"commentCount":0,"image":{"@id":"https:\/\/residenciarucab.es\/blog\/javier-vazquez\/#primaryimage"},"thumbnailUrl":"https:\/\/residenciarucab.es\/blog\/wp-content\/uploads\/2021\/04\/Javier-Vazquez-gym.jpg","articleSection":["Noticias"],"inLanguage":"es","potentialAction":[{"@type":"CommentAction","name":"Comment","target":["https:\/\/residenciarucab.es\/blog\/javier-vazquez\/#respond"]}]},{"@type":"WebPage","@id":"https:\/\/residenciarucab.es\/blog\/javier-vazquez\/","url":"https:\/\/residenciarucab.es\/blog\/javier-vazquez\/","name":"Javier V\u00e1zquez, ejemplo de vida saludable en la RUCAB - BLOG RUCAB","isPartOf":{"@id":"https:\/\/residenciarucab.es\/blog\/#website"},"primaryImageOfPage":{"@id":"https:\/\/residenciarucab.es\/blog\/javier-vazquez\/#primaryimage"},"image":{"@id":"https:\/\/residenciarucab.es\/blog\/javier-vazquez\/#primaryimage"},"thumbnailUrl":"https:\/\/residenciarucab.es\/blog\/wp-content\/uploads\/2021\/04\/Javier-Vazquez-gym.jpg","datePublished":"2021-04-28T11:31:28+00:00","dateModified":"2021-04-28T11:33:12+00:00","author":{"@id":"https:\/\/residenciarucab.es\/blog\/#\/schema\/person\/f759c867eac865f0ce36c767f26f9294"},"description":"Hablamos con el residente Javier V\u00e1zquez, actualmente disfruta de un estilo de vida m\u00e1s saludable, te contamos c\u00f3mo ha sido este cambio.","breadcrumb":{"@id":"https:\/\/residenciarucab.es\/blog\/javier-vazquez\/#breadcrumb"},"inLanguage":"es","potentialAction":[{"@type":"ReadAction","target":["https:\/\/residenciarucab.es\/blog\/javier-vazquez\/"]}]},{"@type":"ImageObject","inLanguage":"es","@id":"https:\/\/residenciarucab.es\/blog\/javier-vazquez\/#primaryimage","url":"https:\/\/residenciarucab.es\/blog\/wp-content\/uploads\/2021\/04\/Javier-Vazquez-gym.jpg","contentUrl":"https:\/\/residenciarucab.es\/blog\/wp-content\/uploads\/2021\/04\/Javier-Vazquez-gym.jpg","width":1280,"height":720,"caption":"Gimnasio RUCAB"},{"@type":"BreadcrumbList","@id":"https:\/\/residenciarucab.es\/blog\/javier-vazquez\/#breadcrumb","itemListElement":[{"@type":"ListItem","position":1,"name":"Portada","item":"https:\/\/residenciarucab.es\/blog\/"},{"@type":"ListItem","position":2,"name":"Javier V\u00e1zquez, ejemplo de vida saludable en la RUCAB"}]},{"@type":"WebSite","@id":"https:\/\/residenciarucab.es\/blog\/#website","url":"https:\/\/residenciarucab.es\/blog\/","name":"BLOG RUCAB","description":"\u00a1Todas las novedades de nuestra residencia universitaria!","potentialAction":[{"@type":"SearchAction","target":{"@type":"EntryPoint","urlTemplate":"https:\/\/residenciarucab.es\/blog\/?s={search_term_string}"},"query-input":{"@type":"PropertyValueSpecification","valueRequired":true,"valueName":"search_term_string"}}],"inLanguage":"es"},{"@type":"Person","@id":"https:\/\/residenciarucab.es\/blog\/#\/schema\/person\/f759c867eac865f0ce36c767f26f9294","name":"RUCAB","image":{"@type":"ImageObject","inLanguage":"es","@id":"https:\/\/residenciarucab.es\/blog\/wp-content\/uploads\/2019\/07\/r-rosa.png","url":"https:\/\/residenciarucab.es\/blog\/wp-content\/uploads\/2019\/07\/r-rosa.png","contentUrl":"https:\/\/residenciarucab.es\/blog\/wp-content\/uploads\/2019\/07\/r-rosa.png","caption":"RUCAB"},"description":"La RUCAB es un referente en Extremadura por la calidad de sus instalaciones y por su estilo de vida, basado en valores de convivencia, respeto y educaci\u00f3n. Una residencia junto al campus y con todas las necesidades cubiertas.","url":"https:\/\/residenciarucab.es\/blog\/author\/rucab_blog\/"}]}},"_links":{"self":[{"href":"https:\/\/residenciarucab.es\/blog\/wp-json\/wp\/v2\/posts\/1476","targetHints":{"allow":["GET"]}}],"collection":[{"href":"https:\/\/residenciarucab.es\/blog\/wp-json\/wp\/v2\/posts"}],"about":[{"href":"https:\/\/residenciarucab.es\/blog\/wp-json\/wp\/v2\/types\/post"}],"author":[{"embeddable":true,"href":"https:\/\/residenciarucab.es\/blog\/wp-json\/wp\/v2\/users\/1"}],"replies":[{"embeddable":true,"href":"https:\/\/residenciarucab.es\/blog\/wp-json\/wp\/v2\/comments?post=1476"}],"version-history":[{"count":7,"href":"https:\/\/residenciarucab.es\/blog\/wp-json\/wp\/v2\/posts\/1476\/revisions"}],"predecessor-version":[{"id":1488,"href":"https:\/\/residenciarucab.es\/blog\/wp-json\/wp\/v2\/posts\/1476\/revisions\/1488"}],"wp:featuredmedia":[{"embeddable":true,"href":"https:\/\/residenciarucab.es\/blog\/wp-json\/wp\/v2\/media\/1479"}],"wp:attachment":[{"href":"https:\/\/residenciarucab.es\/blog\/wp-json\/wp\/v2\/media?parent=1476"}],"wp:term":[{"taxonomy":"category","embeddable":true,"href":"https:\/\/residenciarucab.es\/blog\/wp-json\/wp\/v2\/categories?post=1476"},{"taxonomy":"post_tag","embeddable":true,"href":"https:\/\/residenciarucab.es\/blog\/wp-json\/wp\/v2\/tags?post=1476"}],"curies":[{"name":"wp","href":"https:\/\/api.w.org\/{rel}","templated":true}]}}