

{"id":15,"date":"2018-11-05T13:48:14","date_gmt":"2018-11-05T12:48:14","guid":{"rendered":"http:\/\/localhost\/blog\/?p=15"},"modified":"2019-07-22T14:34:57","modified_gmt":"2019-07-22T12:34:57","slug":"exposicion-20-miradas-de-luis-miguel-vaz-romero","status":"publish","type":"post","link":"https:\/\/residenciarucab.es\/blog\/exposicion-20-miradas-de-luis-miguel-vaz-romero\/","title":{"rendered":"Exposici\u00f3n \u201c20 miradas\u201d de Luis Miguel Vaz-Romero"},"content":{"rendered":"\r\n<p>La exposici\u00f3n es un homenaje a la fuerza vital de la mujer y a su capacidad para sentir y transmitir emociones a trav\u00e9s de su mirada.<\/p>\r\n\r\n\r\n\r\n<p>La belleza del rostro de Eva reside no tanto en sus cualidades est\u00e9ticas como en la energ\u00eda que contiene su alma y el magnetismo que desprende. Es directamente proporcional al deseo de vivir y sentir que gestionan sus ojos, del que este pintor pretende ser un simple observador.<\/p>\r\n\r\n\r\n\r\n<p>Cada uno de los retratos intentan plasmar expresiones que reflejan la variedad de sentimientos y sensaciones que puede transmitir un rostro femenino, potenciando con diversos acabados su com\u00fan lenguaje expresionista.<\/p>\r\n\r\n\r\n\r\n<p>Luis Miguel Vaz-Romero Moreno es un pintor nacido en Perales del Puerto que reside en C\u00e1ceres desde 1969. Adem\u00e1s de la pintura tambi\u00e9n se ha interesado por otras variantes art\u00edsticas como la escultura, la m\u00fasica y la arquitectura, a la que se dedica profesionalmente.<\/p>\r\n","protected":false},"excerpt":{"rendered":"<p class=\"post-excerpt\">La exposici\u00f3n es un homenaje a la fuerza vital de la mujer y a su capacidad para sentir y transmitir emociones a trav\u00e9s de su mirada. La belleza del rostro de Eva reside no tanto en sus cualidades est\u00e9ticas como en la energ\u00eda que contiene su alma y el magnetismo&#8230;<\/p>\n","protected":false},"author":1,"featured_media":38,"comment_status":"open","ping_status":"open","sticky":false,"template":"","format":"standard","meta":{"footnotes":""},"categories":[1],"tags":[],"class_list":["post-15","post","type-post","status-publish","format-standard","has-post-thumbnail","hentry","category-noticias"],"yoast_head":"<!-- This site is optimized with the Yoast SEO plugin v27.4 - https:\/\/yoast.com\/product\/yoast-seo-wordpress\/ -->\n<title>Exposici\u00f3n \u201c20 miradas\u201d de Luis Miguel Vaz-Romero - BLOG RUCAB<\/title>\n<meta name=\"robots\" content=\"index, follow, max-snippet:-1, max-image-preview:large, max-video-preview:-1\" \/>\n<link rel=\"canonical\" href=\"https:\/\/residenciarucab.es\/blog\/exposicion-20-miradas-de-luis-miguel-vaz-romero\/\" \/>\n<meta property=\"og:locale\" content=\"es_ES\" \/>\n<meta property=\"og:type\" content=\"article\" \/>\n<meta property=\"og:title\" content=\"Exposici\u00f3n \u201c20 miradas\u201d de Luis Miguel Vaz-Romero - BLOG RUCAB\" \/>\n<meta property=\"og:description\" content=\"La exposici\u00f3n es un homenaje a la fuerza vital de la mujer y a su capacidad para sentir y transmitir emociones a trav\u00e9s de su mirada. La belleza del rostro de Eva reside no tanto en sus cualidades est\u00e9ticas como en la energ\u00eda que contiene su alma y el magnetismo...\" \/>\n<meta property=\"og:url\" content=\"https:\/\/residenciarucab.es\/blog\/exposicion-20-miradas-de-luis-miguel-vaz-romero\/\" \/>\n<meta property=\"og:site_name\" content=\"BLOG RUCAB\" \/>\n<meta property=\"article:published_time\" content=\"2018-11-05T12:48:14+00:00\" \/>\n<meta property=\"article:modified_time\" content=\"2019-07-22T12:34:57+00:00\" \/>\n<meta property=\"og:image\" content=\"https:\/\/residenciarucab.es\/blog\/wp-content\/uploads\/2019\/06\/Exposicio\u0301n-20-miradas-810x1146-1.jpg\" \/>\n\t<meta property=\"og:image:width\" content=\"810\" \/>\n\t<meta property=\"og:image:height\" content=\"1146\" \/>\n\t<meta property=\"og:image:type\" content=\"image\/jpeg\" \/>\n<meta name=\"author\" content=\"RUCAB\" \/>\n<meta name=\"twitter:card\" content=\"summary_large_image\" \/>\n<meta name=\"twitter:label1\" content=\"Escrito por\" \/>\n\t<meta name=\"twitter:data1\" content=\"RUCAB\" \/>\n\t<meta name=\"twitter:label2\" content=\"Tiempo de lectura\" \/>\n\t<meta name=\"twitter:data2\" content=\"1 minuto\" \/>\n<script type=\"application\/ld+json\" class=\"yoast-schema-graph\">{\"@context\":\"https:\\\/\\\/schema.org\",\"@graph\":[{\"@type\":\"Article\",\"@id\":\"https:\\\/\\\/residenciarucab.es\\\/blog\\\/exposicion-20-miradas-de-luis-miguel-vaz-romero\\\/#article\",\"isPartOf\":{\"@id\":\"https:\\\/\\\/residenciarucab.es\\\/blog\\\/exposicion-20-miradas-de-luis-miguel-vaz-romero\\\/\"},\"author\":{\"name\":\"RUCAB\",\"@id\":\"https:\\\/\\\/residenciarucab.es\\\/blog\\\/#\\\/schema\\\/person\\\/f759c867eac865f0ce36c767f26f9294\"},\"headline\":\"Exposici\u00f3n \u201c20 miradas\u201d de Luis Miguel Vaz-Romero\",\"datePublished\":\"2018-11-05T12:48:14+00:00\",\"dateModified\":\"2019-07-22T12:34:57+00:00\",\"mainEntityOfPage\":{\"@id\":\"https:\\\/\\\/residenciarucab.es\\\/blog\\\/exposicion-20-miradas-de-luis-miguel-vaz-romero\\\/\"},\"wordCount\":164,\"commentCount\":0,\"image\":{\"@id\":\"https:\\\/\\\/residenciarucab.es\\\/blog\\\/exposicion-20-miradas-de-luis-miguel-vaz-romero\\\/#primaryimage\"},\"thumbnailUrl\":\"https:\\\/\\\/residenciarucab.es\\\/blog\\\/wp-content\\\/uploads\\\/2019\\\/06\\\/Exposicio\u0301n-20-miradas-810x1146-1.jpg\",\"articleSection\":[\"Noticias\"],\"inLanguage\":\"es\",\"potentialAction\":[{\"@type\":\"CommentAction\",\"name\":\"Comment\",\"target\":[\"https:\\\/\\\/residenciarucab.es\\\/blog\\\/exposicion-20-miradas-de-luis-miguel-vaz-romero\\\/#respond\"]}]},{\"@type\":\"WebPage\",\"@id\":\"https:\\\/\\\/residenciarucab.es\\\/blog\\\/exposicion-20-miradas-de-luis-miguel-vaz-romero\\\/\",\"url\":\"https:\\\/\\\/residenciarucab.es\\\/blog\\\/exposicion-20-miradas-de-luis-miguel-vaz-romero\\\/\",\"name\":\"Exposici\u00f3n \u201c20 miradas\u201d de Luis Miguel Vaz-Romero - BLOG RUCAB\",\"isPartOf\":{\"@id\":\"https:\\\/\\\/residenciarucab.es\\\/blog\\\/#website\"},\"primaryImageOfPage\":{\"@id\":\"https:\\\/\\\/residenciarucab.es\\\/blog\\\/exposicion-20-miradas-de-luis-miguel-vaz-romero\\\/#primaryimage\"},\"image\":{\"@id\":\"https:\\\/\\\/residenciarucab.es\\\/blog\\\/exposicion-20-miradas-de-luis-miguel-vaz-romero\\\/#primaryimage\"},\"thumbnailUrl\":\"https:\\\/\\\/residenciarucab.es\\\/blog\\\/wp-content\\\/uploads\\\/2019\\\/06\\\/Exposicio\u0301n-20-miradas-810x1146-1.jpg\",\"datePublished\":\"2018-11-05T12:48:14+00:00\",\"dateModified\":\"2019-07-22T12:34:57+00:00\",\"author\":{\"@id\":\"https:\\\/\\\/residenciarucab.es\\\/blog\\\/#\\\/schema\\\/person\\\/f759c867eac865f0ce36c767f26f9294\"},\"breadcrumb\":{\"@id\":\"https:\\\/\\\/residenciarucab.es\\\/blog\\\/exposicion-20-miradas-de-luis-miguel-vaz-romero\\\/#breadcrumb\"},\"inLanguage\":\"es\",\"potentialAction\":[{\"@type\":\"ReadAction\",\"target\":[\"https:\\\/\\\/residenciarucab.es\\\/blog\\\/exposicion-20-miradas-de-luis-miguel-vaz-romero\\\/\"]}]},{\"@type\":\"ImageObject\",\"inLanguage\":\"es\",\"@id\":\"https:\\\/\\\/residenciarucab.es\\\/blog\\\/exposicion-20-miradas-de-luis-miguel-vaz-romero\\\/#primaryimage\",\"url\":\"https:\\\/\\\/residenciarucab.es\\\/blog\\\/wp-content\\\/uploads\\\/2019\\\/06\\\/Exposicio\u0301n-20-miradas-810x1146-1.jpg\",\"contentUrl\":\"https:\\\/\\\/residenciarucab.es\\\/blog\\\/wp-content\\\/uploads\\\/2019\\\/06\\\/Exposicio\u0301n-20-miradas-810x1146-1.jpg\",\"width\":810,\"height\":1146},{\"@type\":\"BreadcrumbList\",\"@id\":\"https:\\\/\\\/residenciarucab.es\\\/blog\\\/exposicion-20-miradas-de-luis-miguel-vaz-romero\\\/#breadcrumb\",\"itemListElement\":[{\"@type\":\"ListItem\",\"position\":1,\"name\":\"Portada\",\"item\":\"https:\\\/\\\/residenciarucab.es\\\/blog\\\/\"},{\"@type\":\"ListItem\",\"position\":2,\"name\":\"Exposici\u00f3n \u201c20 miradas\u201d de Luis Miguel Vaz-Romero\"}]},{\"@type\":\"WebSite\",\"@id\":\"https:\\\/\\\/residenciarucab.es\\\/blog\\\/#website\",\"url\":\"https:\\\/\\\/residenciarucab.es\\\/blog\\\/\",\"name\":\"BLOG RUCAB\",\"description\":\"\u00a1Todas las novedades de nuestra residencia universitaria!\",\"potentialAction\":[{\"@type\":\"SearchAction\",\"target\":{\"@type\":\"EntryPoint\",\"urlTemplate\":\"https:\\\/\\\/residenciarucab.es\\\/blog\\\/?s={search_term_string}\"},\"query-input\":{\"@type\":\"PropertyValueSpecification\",\"valueRequired\":true,\"valueName\":\"search_term_string\"}}],\"inLanguage\":\"es\"},{\"@type\":\"Person\",\"@id\":\"https:\\\/\\\/residenciarucab.es\\\/blog\\\/#\\\/schema\\\/person\\\/f759c867eac865f0ce36c767f26f9294\",\"name\":\"RUCAB\",\"image\":{\"@type\":\"ImageObject\",\"inLanguage\":\"es\",\"@id\":\"https:\\\/\\\/residenciarucab.es\\\/blog\\\/wp-content\\\/uploads\\\/2019\\\/07\\\/r-rosa.png\",\"url\":\"https:\\\/\\\/residenciarucab.es\\\/blog\\\/wp-content\\\/uploads\\\/2019\\\/07\\\/r-rosa.png\",\"contentUrl\":\"https:\\\/\\\/residenciarucab.es\\\/blog\\\/wp-content\\\/uploads\\\/2019\\\/07\\\/r-rosa.png\",\"caption\":\"RUCAB\"},\"description\":\"La RUCAB es un referente en Extremadura por la calidad de sus instalaciones y por su estilo de vida, basado en valores de convivencia, respeto y educaci\u00f3n. Una residencia junto al campus y con todas las necesidades cubiertas.\",\"url\":\"https:\\\/\\\/residenciarucab.es\\\/blog\\\/author\\\/rucab_blog\\\/\"}]}<\/script>\n<!-- \/ Yoast SEO plugin. -->","yoast_head_json":{"title":"Exposici\u00f3n \u201c20 miradas\u201d de Luis Miguel Vaz-Romero - BLOG RUCAB","robots":{"index":"index","follow":"follow","max-snippet":"max-snippet:-1","max-image-preview":"max-image-preview:large","max-video-preview":"max-video-preview:-1"},"canonical":"https:\/\/residenciarucab.es\/blog\/exposicion-20-miradas-de-luis-miguel-vaz-romero\/","og_locale":"es_ES","og_type":"article","og_title":"Exposici\u00f3n \u201c20 miradas\u201d de Luis Miguel Vaz-Romero - BLOG RUCAB","og_description":"La exposici\u00f3n es un homenaje a la fuerza vital de la mujer y a su capacidad para sentir y transmitir emociones a trav\u00e9s de su mirada. La belleza del rostro de Eva reside no tanto en sus cualidades est\u00e9ticas como en la energ\u00eda que contiene su alma y el magnetismo...","og_url":"https:\/\/residenciarucab.es\/blog\/exposicion-20-miradas-de-luis-miguel-vaz-romero\/","og_site_name":"BLOG RUCAB","article_published_time":"2018-11-05T12:48:14+00:00","article_modified_time":"2019-07-22T12:34:57+00:00","og_image":[{"width":810,"height":1146,"url":"https:\/\/residenciarucab.es\/blog\/wp-content\/uploads\/2019\/06\/Exposicio\u0301n-20-miradas-810x1146-1.jpg","type":"image\/jpeg"}],"author":"RUCAB","twitter_card":"summary_large_image","twitter_misc":{"Escrito por":"RUCAB","Tiempo de lectura":"1 minuto"},"schema":{"@context":"https:\/\/schema.org","@graph":[{"@type":"Article","@id":"https:\/\/residenciarucab.es\/blog\/exposicion-20-miradas-de-luis-miguel-vaz-romero\/#article","isPartOf":{"@id":"https:\/\/residenciarucab.es\/blog\/exposicion-20-miradas-de-luis-miguel-vaz-romero\/"},"author":{"name":"RUCAB","@id":"https:\/\/residenciarucab.es\/blog\/#\/schema\/person\/f759c867eac865f0ce36c767f26f9294"},"headline":"Exposici\u00f3n \u201c20 miradas\u201d de Luis Miguel Vaz-Romero","datePublished":"2018-11-05T12:48:14+00:00","dateModified":"2019-07-22T12:34:57+00:00","mainEntityOfPage":{"@id":"https:\/\/residenciarucab.es\/blog\/exposicion-20-miradas-de-luis-miguel-vaz-romero\/"},"wordCount":164,"commentCount":0,"image":{"@id":"https:\/\/residenciarucab.es\/blog\/exposicion-20-miradas-de-luis-miguel-vaz-romero\/#primaryimage"},"thumbnailUrl":"https:\/\/residenciarucab.es\/blog\/wp-content\/uploads\/2019\/06\/Exposicio\u0301n-20-miradas-810x1146-1.jpg","articleSection":["Noticias"],"inLanguage":"es","potentialAction":[{"@type":"CommentAction","name":"Comment","target":["https:\/\/residenciarucab.es\/blog\/exposicion-20-miradas-de-luis-miguel-vaz-romero\/#respond"]}]},{"@type":"WebPage","@id":"https:\/\/residenciarucab.es\/blog\/exposicion-20-miradas-de-luis-miguel-vaz-romero\/","url":"https:\/\/residenciarucab.es\/blog\/exposicion-20-miradas-de-luis-miguel-vaz-romero\/","name":"Exposici\u00f3n \u201c20 miradas\u201d de Luis Miguel Vaz-Romero - BLOG RUCAB","isPartOf":{"@id":"https:\/\/residenciarucab.es\/blog\/#website"},"primaryImageOfPage":{"@id":"https:\/\/residenciarucab.es\/blog\/exposicion-20-miradas-de-luis-miguel-vaz-romero\/#primaryimage"},"image":{"@id":"https:\/\/residenciarucab.es\/blog\/exposicion-20-miradas-de-luis-miguel-vaz-romero\/#primaryimage"},"thumbnailUrl":"https:\/\/residenciarucab.es\/blog\/wp-content\/uploads\/2019\/06\/Exposicio\u0301n-20-miradas-810x1146-1.jpg","datePublished":"2018-11-05T12:48:14+00:00","dateModified":"2019-07-22T12:34:57+00:00","author":{"@id":"https:\/\/residenciarucab.es\/blog\/#\/schema\/person\/f759c867eac865f0ce36c767f26f9294"},"breadcrumb":{"@id":"https:\/\/residenciarucab.es\/blog\/exposicion-20-miradas-de-luis-miguel-vaz-romero\/#breadcrumb"},"inLanguage":"es","potentialAction":[{"@type":"ReadAction","target":["https:\/\/residenciarucab.es\/blog\/exposicion-20-miradas-de-luis-miguel-vaz-romero\/"]}]},{"@type":"ImageObject","inLanguage":"es","@id":"https:\/\/residenciarucab.es\/blog\/exposicion-20-miradas-de-luis-miguel-vaz-romero\/#primaryimage","url":"https:\/\/residenciarucab.es\/blog\/wp-content\/uploads\/2019\/06\/Exposicio\u0301n-20-miradas-810x1146-1.jpg","contentUrl":"https:\/\/residenciarucab.es\/blog\/wp-content\/uploads\/2019\/06\/Exposicio\u0301n-20-miradas-810x1146-1.jpg","width":810,"height":1146},{"@type":"BreadcrumbList","@id":"https:\/\/residenciarucab.es\/blog\/exposicion-20-miradas-de-luis-miguel-vaz-romero\/#breadcrumb","itemListElement":[{"@type":"ListItem","position":1,"name":"Portada","item":"https:\/\/residenciarucab.es\/blog\/"},{"@type":"ListItem","position":2,"name":"Exposici\u00f3n \u201c20 miradas\u201d de Luis Miguel Vaz-Romero"}]},{"@type":"WebSite","@id":"https:\/\/residenciarucab.es\/blog\/#website","url":"https:\/\/residenciarucab.es\/blog\/","name":"BLOG RUCAB","description":"\u00a1Todas las novedades de nuestra residencia universitaria!","potentialAction":[{"@type":"SearchAction","target":{"@type":"EntryPoint","urlTemplate":"https:\/\/residenciarucab.es\/blog\/?s={search_term_string}"},"query-input":{"@type":"PropertyValueSpecification","valueRequired":true,"valueName":"search_term_string"}}],"inLanguage":"es"},{"@type":"Person","@id":"https:\/\/residenciarucab.es\/blog\/#\/schema\/person\/f759c867eac865f0ce36c767f26f9294","name":"RUCAB","image":{"@type":"ImageObject","inLanguage":"es","@id":"https:\/\/residenciarucab.es\/blog\/wp-content\/uploads\/2019\/07\/r-rosa.png","url":"https:\/\/residenciarucab.es\/blog\/wp-content\/uploads\/2019\/07\/r-rosa.png","contentUrl":"https:\/\/residenciarucab.es\/blog\/wp-content\/uploads\/2019\/07\/r-rosa.png","caption":"RUCAB"},"description":"La RUCAB es un referente en Extremadura por la calidad de sus instalaciones y por su estilo de vida, basado en valores de convivencia, respeto y educaci\u00f3n. Una residencia junto al campus y con todas las necesidades cubiertas.","url":"https:\/\/residenciarucab.es\/blog\/author\/rucab_blog\/"}]}},"_links":{"self":[{"href":"https:\/\/residenciarucab.es\/blog\/wp-json\/wp\/v2\/posts\/15","targetHints":{"allow":["GET"]}}],"collection":[{"href":"https:\/\/residenciarucab.es\/blog\/wp-json\/wp\/v2\/posts"}],"about":[{"href":"https:\/\/residenciarucab.es\/blog\/wp-json\/wp\/v2\/types\/post"}],"author":[{"embeddable":true,"href":"https:\/\/residenciarucab.es\/blog\/wp-json\/wp\/v2\/users\/1"}],"replies":[{"embeddable":true,"href":"https:\/\/residenciarucab.es\/blog\/wp-json\/wp\/v2\/comments?post=15"}],"version-history":[{"count":1,"href":"https:\/\/residenciarucab.es\/blog\/wp-json\/wp\/v2\/posts\/15\/revisions"}],"predecessor-version":[{"id":39,"href":"https:\/\/residenciarucab.es\/blog\/wp-json\/wp\/v2\/posts\/15\/revisions\/39"}],"wp:featuredmedia":[{"embeddable":true,"href":"https:\/\/residenciarucab.es\/blog\/wp-json\/wp\/v2\/media\/38"}],"wp:attachment":[{"href":"https:\/\/residenciarucab.es\/blog\/wp-json\/wp\/v2\/media?parent=15"}],"wp:term":[{"taxonomy":"category","embeddable":true,"href":"https:\/\/residenciarucab.es\/blog\/wp-json\/wp\/v2\/categories?post=15"},{"taxonomy":"post_tag","embeddable":true,"href":"https:\/\/residenciarucab.es\/blog\/wp-json\/wp\/v2\/tags?post=15"}],"curies":[{"name":"wp","href":"https:\/\/api.w.org\/{rel}","templated":true}]}}