

{"id":1523,"date":"2021-06-14T15:59:30","date_gmt":"2021-06-14T13:59:30","guid":{"rendered":"https:\/\/residenciarucab.es\/blog\/?p=1523"},"modified":"2021-06-15T22:53:51","modified_gmt":"2021-06-15T20:53:51","slug":"gran-cena-de-fin-de-curso-2020-2021-en-la-rucab","status":"publish","type":"post","link":"https:\/\/residenciarucab.es\/blog\/gran-cena-de-fin-de-curso-2020-2021-en-la-rucab\/","title":{"rendered":"Gran Cena de Fin de Curso 2020\/2021 en la RUCAB"},"content":{"rendered":"<h4>Sabemos que no ha sido f\u00e1cil, el Covid-19 ha marcado un a\u00f1o de dificultades, que poco a poco se han superando, por eso, desde la Residencia Universitaria de <a href=\"https:\/\/fundacioncb.es\/\" target=\"_blank\" rel=\"noopener\">Fundaci\u00f3n CB<\/a>,\u00a0 hemos querido ofrecer a nuestros residentes una Cena de Fin de Curso inolvidable.<\/h4>\n<p>El evento se dividi\u00f3 en dos partes, Acto y Cena:<\/p>\n<h4>Acto Fin de Curso:<\/h4>\n<ul>\n<li>Actuaci\u00f3n en solitario de Cristina Menayo al piano, interpretando \u2018Faded\u2019 de Alan Waker.<\/li>\n<li>Discurso antiguo residente por Manuel Carmona.<\/li>\n<li>Entrega de becas a los residentes de tercer y cuarto a\u00f1o.<\/li>\n<li>Entrega de placas fin de estudios universitarios.<\/li>\n<li>Actuaci\u00f3n de Ignacio Barbero al violonchelo y Cristina Menayo al piano interpretando \u2018Someone you love\u2019 de Lewis Capaldi.<\/li>\n<li>Actuaci\u00f3n de Alicia Bernal cantando y Cristina Menayo al piano interpretando \u20182U\u2019 de David Guetta y Justin Bieber.<\/li>\n<li>Proyecci\u00f3n v\u00eddeo \u2018Expediente R\u2019.<\/li>\n<\/ul>\n<h4>Cena Fin de Curso:<\/h4>\n<ul>\n<li>21.15 h Inicio de la cena en el jard\u00edn.<\/li>\n<li>Gala presentada por Marta Mar\u00eda S\u00e1nchez y Sandra Nieto.<\/li>\n<li>Entrega de bandas y diplomas de categor\u00edas de residentes, por Juan Cort\u00e9s, Jos\u00e9 \u00c1ngel Cabez\u00f3n, Carlos Orellana y Pablo Mateos.<\/li>\n<li>Sorteo de premios.<\/li>\n<li>Concierto Betto Jones y su banda. 00:00 h. Despedida.<\/li>\n<\/ul>\n<p>Durante el evento se han sucedido varios momentos muy significativos,\u00a0 desde las actuaciones y palabras de los residentes, como la entrada de presentaci\u00f3n de Sandra Nieto y Marta Mar\u00eda S\u00e1nchez con un discurso que empezaba as\u00ed:<\/p>\n<p><em>\u00abBuenas noches a todos, estamos aqu\u00ed despu\u00e9s de tanto tiempo sin fiestas como antes las conoc\u00edamos, sin celebraciones por todo lo alto, es m\u00e1s; hoy, en un d\u00eda tan importante para algunos residentes, faltan personas aqu\u00ed, como la familia y los amigos. A d\u00eda de hoy podemos decir que poquito a poco el virus va desapareciendo de nuestras vidas, permiti\u00e9ndonos la celebraci\u00f3n de este acto de un modo peculiar.<\/em><br \/>\n<em>En primer lugar, hace poco m\u00e1s de un a\u00f1o, nadie se imaginaba que desaparecer\u00edan cosas tan cotidianas como <strong>salir a la calle<\/strong>, quedar con un <strong>amigo<\/strong> para echar una cerveza, ir a ver a los <strong>abuelos<\/strong>\u2026<\/em><br \/>\n<em>Adem\u00e1s, para nosotras es nuestro primer a\u00f1o en la residencia, pero lo hemos vivido de una manera muy intensa a pesar de las dificultades.<\/em> Desde el primer d\u00eda aqu\u00ed, empezamos a <strong>entablar amistades<\/strong> que seg\u00fan se dice duran para toda la vida, pues el esp\u00edritu de una residencia universitaria no es de simplemente amistad, ya que somos una <strong>gran familia\u00bb<\/strong><\/p>\n<p>Para concluir hemos contado con el artista <a href=\"https:\/\/www.instagram.com\/bettojones\/?hl=es\" target=\"_blank\" rel=\"noopener\"><strong>Betto Jones<\/strong><\/a> y su banda, en 2020 fue aspirante para <a href=\"https:\/\/www.rtve.es\/alacarta\/videos\/ot-2020\/betto-jones\/5454309\/\" target=\"_blank\" rel=\"noopener\">Operaci\u00f3n Triunfo<\/a>, a Betto te lo puedes encontrar en las calles de Madrid pero tambi\u00e9n en las calles de Badajoz, ofreciendo su m\u00fasica en directo y totalmente gratis.<\/p>\n<p>Este artista ha estado amenizando la noche con un repertorio de canciones de lo m\u00e1s entretenidas y actuales, donde los residentes no han podido resistirse a su entusiasmo y buen rollo.<\/p>\n\n\t\t<style type=\"text\/css\">\n\t\t\t#gallery-1 {\n\t\t\t\tmargin: auto;\n\t\t\t}\n\t\t\t#gallery-1 .gallery-item {\n\t\t\t\tfloat: left;\n\t\t\t\tmargin-top: 10px;\n\t\t\t\ttext-align: center;\n\t\t\t\twidth: 33%;\n\t\t\t}\n\t\t\t#gallery-1 img {\n\t\t\t\tborder: 2px solid #cfcfcf;\n\t\t\t}\n\t\t\t#gallery-1 .gallery-caption {\n\t\t\t\tmargin-left: 0;\n\t\t\t}\n\t\t\t\/* see gallery_shortcode() in wp-includes\/media.php *\/\n\t\t<\/style>\n\t\t<div id='gallery-1' class='gallery galleryid-1523 gallery-columns-3 gallery-size-large'><dl class='gallery-item'>\n\t\t\t<dt class='gallery-icon landscape'>\n\t\t\t\t<a href='https:\/\/residenciarucab.es\/blog\/gran-cena-de-fin-de-curso-2020-2021-en-la-rucab\/2-cena\/'><img loading=\"lazy\" decoding=\"async\" width=\"700\" height=\"394\" src=\"https:\/\/residenciarucab.es\/blog\/wp-content\/uploads\/2021\/06\/2.-CENA-1024x576.jpg\" class=\"attachment-large size-large\" alt=\"\" srcset=\"https:\/\/residenciarucab.es\/blog\/wp-content\/uploads\/2021\/06\/2.-CENA-1024x576.jpg 1024w, https:\/\/residenciarucab.es\/blog\/wp-content\/uploads\/2021\/06\/2.-CENA-300x169.jpg 300w, https:\/\/residenciarucab.es\/blog\/wp-content\/uploads\/2021\/06\/2.-CENA-768x432.jpg 768w, https:\/\/residenciarucab.es\/blog\/wp-content\/uploads\/2021\/06\/2.-CENA-1140x641.jpg 1140w, https:\/\/residenciarucab.es\/blog\/wp-content\/uploads\/2021\/06\/2.-CENA-552x311.jpg 552w, https:\/\/residenciarucab.es\/blog\/wp-content\/uploads\/2021\/06\/2.-CENA.jpg 1280w\" sizes=\"auto, (max-width: 700px) 100vw, 700px\" \/><\/a>\n\t\t\t<\/dt><\/dl><dl class='gallery-item'>\n\t\t\t<dt class='gallery-icon landscape'>\n\t\t\t\t<a href='https:\/\/residenciarucab.es\/blog\/gran-cena-de-fin-de-curso-2020-2021-en-la-rucab\/3-cena\/'><img loading=\"lazy\" decoding=\"async\" width=\"700\" height=\"394\" src=\"https:\/\/residenciarucab.es\/blog\/wp-content\/uploads\/2021\/06\/3.-CENA-1024x576.jpg\" class=\"attachment-large size-large\" alt=\"Cena de Fin de Curso\" srcset=\"https:\/\/residenciarucab.es\/blog\/wp-content\/uploads\/2021\/06\/3.-CENA-1024x576.jpg 1024w, https:\/\/residenciarucab.es\/blog\/wp-content\/uploads\/2021\/06\/3.-CENA-300x169.jpg 300w, https:\/\/residenciarucab.es\/blog\/wp-content\/uploads\/2021\/06\/3.-CENA-768x432.jpg 768w, https:\/\/residenciarucab.es\/blog\/wp-content\/uploads\/2021\/06\/3.-CENA-1140x641.jpg 1140w, https:\/\/residenciarucab.es\/blog\/wp-content\/uploads\/2021\/06\/3.-CENA-552x311.jpg 552w, https:\/\/residenciarucab.es\/blog\/wp-content\/uploads\/2021\/06\/3.-CENA.jpg 1280w\" sizes=\"auto, (max-width: 700px) 100vw, 700px\" \/><\/a>\n\t\t\t<\/dt><\/dl><dl class='gallery-item'>\n\t\t\t<dt class='gallery-icon landscape'>\n\t\t\t\t<a href='https:\/\/residenciarucab.es\/blog\/gran-cena-de-fin-de-curso-2020-2021-en-la-rucab\/4-cena\/'><img loading=\"lazy\" decoding=\"async\" width=\"700\" height=\"394\" src=\"https:\/\/residenciarucab.es\/blog\/wp-content\/uploads\/2021\/06\/4.CENA_-1024x576.jpg\" class=\"attachment-large size-large\" alt=\"Photocall Cena de Fin de Curso\" srcset=\"https:\/\/residenciarucab.es\/blog\/wp-content\/uploads\/2021\/06\/4.CENA_-1024x576.jpg 1024w, https:\/\/residenciarucab.es\/blog\/wp-content\/uploads\/2021\/06\/4.CENA_-300x169.jpg 300w, https:\/\/residenciarucab.es\/blog\/wp-content\/uploads\/2021\/06\/4.CENA_-768x432.jpg 768w, https:\/\/residenciarucab.es\/blog\/wp-content\/uploads\/2021\/06\/4.CENA_-1140x641.jpg 1140w, https:\/\/residenciarucab.es\/blog\/wp-content\/uploads\/2021\/06\/4.CENA_-552x311.jpg 552w, https:\/\/residenciarucab.es\/blog\/wp-content\/uploads\/2021\/06\/4.CENA_.jpg 1280w\" sizes=\"auto, (max-width: 700px) 100vw, 700px\" \/><\/a>\n\t\t\t<\/dt><\/dl><br style=\"clear: both\" \/><dl class='gallery-item'>\n\t\t\t<dt class='gallery-icon landscape'>\n\t\t\t\t<a href='https:\/\/residenciarucab.es\/blog\/gran-cena-de-fin-de-curso-2020-2021-en-la-rucab\/5-cena\/'><img loading=\"lazy\" decoding=\"async\" width=\"700\" height=\"394\" src=\"https:\/\/residenciarucab.es\/blog\/wp-content\/uploads\/2021\/06\/5.-CENA-1024x576.jpg\" class=\"attachment-large size-large\" alt=\"Cena de Fin de curso\" srcset=\"https:\/\/residenciarucab.es\/blog\/wp-content\/uploads\/2021\/06\/5.-CENA-1024x576.jpg 1024w, https:\/\/residenciarucab.es\/blog\/wp-content\/uploads\/2021\/06\/5.-CENA-300x169.jpg 300w, https:\/\/residenciarucab.es\/blog\/wp-content\/uploads\/2021\/06\/5.-CENA-768x432.jpg 768w, https:\/\/residenciarucab.es\/blog\/wp-content\/uploads\/2021\/06\/5.-CENA-1140x641.jpg 1140w, https:\/\/residenciarucab.es\/blog\/wp-content\/uploads\/2021\/06\/5.-CENA-552x311.jpg 552w, https:\/\/residenciarucab.es\/blog\/wp-content\/uploads\/2021\/06\/5.-CENA.jpg 1280w\" sizes=\"auto, (max-width: 700px) 100vw, 700px\" \/><\/a>\n\t\t\t<\/dt><\/dl><dl class='gallery-item'>\n\t\t\t<dt class='gallery-icon landscape'>\n\t\t\t\t<a href='https:\/\/residenciarucab.es\/blog\/gran-cena-de-fin-de-curso-2020-2021-en-la-rucab\/6-cena\/'><img loading=\"lazy\" decoding=\"async\" width=\"700\" height=\"394\" src=\"https:\/\/residenciarucab.es\/blog\/wp-content\/uploads\/2021\/06\/6.-CENA-1024x576.jpg\" class=\"attachment-large size-large\" alt=\"Marta y Sandra en la gala de presentaci\u00f3n Cena de Fin de Curso\" srcset=\"https:\/\/residenciarucab.es\/blog\/wp-content\/uploads\/2021\/06\/6.-CENA-1024x576.jpg 1024w, https:\/\/residenciarucab.es\/blog\/wp-content\/uploads\/2021\/06\/6.-CENA-300x169.jpg 300w, https:\/\/residenciarucab.es\/blog\/wp-content\/uploads\/2021\/06\/6.-CENA-768x432.jpg 768w, https:\/\/residenciarucab.es\/blog\/wp-content\/uploads\/2021\/06\/6.-CENA-1140x641.jpg 1140w, https:\/\/residenciarucab.es\/blog\/wp-content\/uploads\/2021\/06\/6.-CENA-552x311.jpg 552w, https:\/\/residenciarucab.es\/blog\/wp-content\/uploads\/2021\/06\/6.-CENA.jpg 1280w\" sizes=\"auto, (max-width: 700px) 100vw, 700px\" \/><\/a>\n\t\t\t<\/dt><\/dl><dl class='gallery-item'>\n\t\t\t<dt class='gallery-icon landscape'>\n\t\t\t\t<a href='https:\/\/residenciarucab.es\/blog\/gran-cena-de-fin-de-curso-2020-2021-en-la-rucab\/7-cena\/'><img loading=\"lazy\" decoding=\"async\" width=\"700\" height=\"394\" src=\"https:\/\/residenciarucab.es\/blog\/wp-content\/uploads\/2021\/06\/7.-CENA-1024x576.jpg\" class=\"attachment-large size-large\" alt=\"\" srcset=\"https:\/\/residenciarucab.es\/blog\/wp-content\/uploads\/2021\/06\/7.-CENA-1024x576.jpg 1024w, https:\/\/residenciarucab.es\/blog\/wp-content\/uploads\/2021\/06\/7.-CENA-300x169.jpg 300w, https:\/\/residenciarucab.es\/blog\/wp-content\/uploads\/2021\/06\/7.-CENA-768x432.jpg 768w, https:\/\/residenciarucab.es\/blog\/wp-content\/uploads\/2021\/06\/7.-CENA-1140x641.jpg 1140w, https:\/\/residenciarucab.es\/blog\/wp-content\/uploads\/2021\/06\/7.-CENA-552x311.jpg 552w, https:\/\/residenciarucab.es\/blog\/wp-content\/uploads\/2021\/06\/7.-CENA.jpg 1280w\" sizes=\"auto, (max-width: 700px) 100vw, 700px\" \/><\/a>\n\t\t\t<\/dt><\/dl><br style=\"clear: both\" \/><dl class='gallery-item'>\n\t\t\t<dt class='gallery-icon landscape'>\n\t\t\t\t<a href='https:\/\/residenciarucab.es\/blog\/gran-cena-de-fin-de-curso-2020-2021-en-la-rucab\/10-cena\/'><img loading=\"lazy\" decoding=\"async\" width=\"700\" height=\"394\" src=\"https:\/\/residenciarucab.es\/blog\/wp-content\/uploads\/2021\/06\/10.-CENA-1024x576.jpg\" class=\"attachment-large size-large\" alt=\"\" srcset=\"https:\/\/residenciarucab.es\/blog\/wp-content\/uploads\/2021\/06\/10.-CENA-1024x576.jpg 1024w, https:\/\/residenciarucab.es\/blog\/wp-content\/uploads\/2021\/06\/10.-CENA-300x169.jpg 300w, https:\/\/residenciarucab.es\/blog\/wp-content\/uploads\/2021\/06\/10.-CENA-768x432.jpg 768w, https:\/\/residenciarucab.es\/blog\/wp-content\/uploads\/2021\/06\/10.-CENA-1140x641.jpg 1140w, https:\/\/residenciarucab.es\/blog\/wp-content\/uploads\/2021\/06\/10.-CENA-552x311.jpg 552w, https:\/\/residenciarucab.es\/blog\/wp-content\/uploads\/2021\/06\/10.-CENA.jpg 1280w\" sizes=\"auto, (max-width: 700px) 100vw, 700px\" \/><\/a>\n\t\t\t<\/dt><\/dl><dl class='gallery-item'>\n\t\t\t<dt class='gallery-icon landscape'>\n\t\t\t\t<a href='https:\/\/residenciarucab.es\/blog\/gran-cena-de-fin-de-curso-2020-2021-en-la-rucab\/8-cena\/'><img loading=\"lazy\" decoding=\"async\" width=\"700\" height=\"394\" src=\"https:\/\/residenciarucab.es\/blog\/wp-content\/uploads\/2021\/06\/8.-CENA-1024x576.jpg\" class=\"attachment-large size-large\" alt=\"\" srcset=\"https:\/\/residenciarucab.es\/blog\/wp-content\/uploads\/2021\/06\/8.-CENA-1024x576.jpg 1024w, https:\/\/residenciarucab.es\/blog\/wp-content\/uploads\/2021\/06\/8.-CENA-300x169.jpg 300w, https:\/\/residenciarucab.es\/blog\/wp-content\/uploads\/2021\/06\/8.-CENA-768x432.jpg 768w, https:\/\/residenciarucab.es\/blog\/wp-content\/uploads\/2021\/06\/8.-CENA-1140x641.jpg 1140w, https:\/\/residenciarucab.es\/blog\/wp-content\/uploads\/2021\/06\/8.-CENA-552x311.jpg 552w, https:\/\/residenciarucab.es\/blog\/wp-content\/uploads\/2021\/06\/8.-CENA.jpg 1280w\" sizes=\"auto, (max-width: 700px) 100vw, 700px\" \/><\/a>\n\t\t\t<\/dt><\/dl><dl class='gallery-item'>\n\t\t\t<dt class='gallery-icon landscape'>\n\t\t\t\t<a href='https:\/\/residenciarucab.es\/blog\/gran-cena-de-fin-de-curso-2020-2021-en-la-rucab\/9-cena\/'><img loading=\"lazy\" decoding=\"async\" width=\"700\" height=\"394\" src=\"https:\/\/residenciarucab.es\/blog\/wp-content\/uploads\/2021\/06\/9.-CENA-1024x576.jpg\" class=\"attachment-large size-large\" alt=\"\" srcset=\"https:\/\/residenciarucab.es\/blog\/wp-content\/uploads\/2021\/06\/9.-CENA-1024x576.jpg 1024w, https:\/\/residenciarucab.es\/blog\/wp-content\/uploads\/2021\/06\/9.-CENA-300x169.jpg 300w, https:\/\/residenciarucab.es\/blog\/wp-content\/uploads\/2021\/06\/9.-CENA-768x432.jpg 768w, https:\/\/residenciarucab.es\/blog\/wp-content\/uploads\/2021\/06\/9.-CENA-1140x641.jpg 1140w, https:\/\/residenciarucab.es\/blog\/wp-content\/uploads\/2021\/06\/9.-CENA-552x311.jpg 552w, https:\/\/residenciarucab.es\/blog\/wp-content\/uploads\/2021\/06\/9.-CENA.jpg 1280w\" sizes=\"auto, (max-width: 700px) 100vw, 700px\" \/><\/a>\n\t\t\t<\/dt><\/dl><br style=\"clear: both\" \/><dl class='gallery-item'>\n\t\t\t<dt class='gallery-icon landscape'>\n\t\t\t\t<a href='https:\/\/residenciarucab.es\/blog\/gran-cena-de-fin-de-curso-2020-2021-en-la-rucab\/11-cena\/'><img loading=\"lazy\" decoding=\"async\" width=\"700\" height=\"394\" src=\"https:\/\/residenciarucab.es\/blog\/wp-content\/uploads\/2021\/06\/11.-CENA-1024x576.jpg\" class=\"attachment-large size-large\" alt=\"Mesa con residentes Cena Fin de Curso\" srcset=\"https:\/\/residenciarucab.es\/blog\/wp-content\/uploads\/2021\/06\/11.-CENA-1024x576.jpg 1024w, https:\/\/residenciarucab.es\/blog\/wp-content\/uploads\/2021\/06\/11.-CENA-300x169.jpg 300w, https:\/\/residenciarucab.es\/blog\/wp-content\/uploads\/2021\/06\/11.-CENA-768x432.jpg 768w, https:\/\/residenciarucab.es\/blog\/wp-content\/uploads\/2021\/06\/11.-CENA-1140x641.jpg 1140w, https:\/\/residenciarucab.es\/blog\/wp-content\/uploads\/2021\/06\/11.-CENA-552x311.jpg 552w, https:\/\/residenciarucab.es\/blog\/wp-content\/uploads\/2021\/06\/11.-CENA.jpg 1280w\" sizes=\"auto, (max-width: 700px) 100vw, 700px\" \/><\/a>\n\t\t\t<\/dt><\/dl><dl class='gallery-item'>\n\t\t\t<dt class='gallery-icon landscape'>\n\t\t\t\t<a href='https:\/\/residenciarucab.es\/blog\/gran-cena-de-fin-de-curso-2020-2021-en-la-rucab\/12-cena\/'><img loading=\"lazy\" decoding=\"async\" width=\"700\" height=\"394\" src=\"https:\/\/residenciarucab.es\/blog\/wp-content\/uploads\/2021\/06\/12.-CENA-1024x576.jpg\" class=\"attachment-large size-large\" alt=\"Samuel Robles El residente m\u00e1s guapo de la RUCAB\" srcset=\"https:\/\/residenciarucab.es\/blog\/wp-content\/uploads\/2021\/06\/12.-CENA-1024x576.jpg 1024w, https:\/\/residenciarucab.es\/blog\/wp-content\/uploads\/2021\/06\/12.-CENA-300x169.jpg 300w, https:\/\/residenciarucab.es\/blog\/wp-content\/uploads\/2021\/06\/12.-CENA-768x432.jpg 768w, https:\/\/residenciarucab.es\/blog\/wp-content\/uploads\/2021\/06\/12.-CENA-1140x641.jpg 1140w, https:\/\/residenciarucab.es\/blog\/wp-content\/uploads\/2021\/06\/12.-CENA-552x311.jpg 552w, https:\/\/residenciarucab.es\/blog\/wp-content\/uploads\/2021\/06\/12.-CENA.jpg 1280w\" sizes=\"auto, (max-width: 700px) 100vw, 700px\" \/><\/a>\n\t\t\t<\/dt><\/dl><dl class='gallery-item'>\n\t\t\t<dt class='gallery-icon landscape'>\n\t\t\t\t<a href='https:\/\/residenciarucab.es\/blog\/gran-cena-de-fin-de-curso-2020-2021-en-la-rucab\/13-cena\/'><img loading=\"lazy\" decoding=\"async\" width=\"700\" height=\"394\" src=\"https:\/\/residenciarucab.es\/blog\/wp-content\/uploads\/2021\/06\/13.-CENA-1024x576.jpg\" class=\"attachment-large size-large\" alt=\"Carlos Orellana, Juan Cort\u00e9s, Jos\u00e9 Cabez\u00f3n en la RUCAB\" srcset=\"https:\/\/residenciarucab.es\/blog\/wp-content\/uploads\/2021\/06\/13.-CENA-1024x576.jpg 1024w, https:\/\/residenciarucab.es\/blog\/wp-content\/uploads\/2021\/06\/13.-CENA-300x169.jpg 300w, https:\/\/residenciarucab.es\/blog\/wp-content\/uploads\/2021\/06\/13.-CENA-768x432.jpg 768w, https:\/\/residenciarucab.es\/blog\/wp-content\/uploads\/2021\/06\/13.-CENA-1140x641.jpg 1140w, https:\/\/residenciarucab.es\/blog\/wp-content\/uploads\/2021\/06\/13.-CENA-552x311.jpg 552w, https:\/\/residenciarucab.es\/blog\/wp-content\/uploads\/2021\/06\/13.-CENA.jpg 1280w\" sizes=\"auto, (max-width: 700px) 100vw, 700px\" \/><\/a>\n\t\t\t<\/dt><\/dl><br style=\"clear: both\" \/>\n\t\t<\/div>\n\n","protected":false},"excerpt":{"rendered":"<p class=\"post-excerpt\">Sabemos que no ha sido f\u00e1cil, el Covid-19 ha marcado un a\u00f1o de dificultades, que poco a poco se han superando, por eso, desde la Residencia Universitaria de Fundaci\u00f3n CB,\u00a0 hemos querido ofrecer a nuestros residentes una Cena de Fin de Curso inolvidable. El evento se dividi\u00f3 en dos partes,&#8230;<\/p>\n","protected":false},"author":1,"featured_media":1530,"comment_status":"open","ping_status":"open","sticky":false,"template":"","format":"standard","meta":{"footnotes":""},"categories":[1],"tags":[364,362,153,361,363,36,35],"class_list":["post-1523","post","type-post","status-publish","format-standard","has-post-thumbnail","hentry","category-noticias","tag-betto-jones","tag-cena-fin-de-curso","tag-concierto","tag-fiesta-fin-de-curso","tag-gala","tag-residencia-universitaria","tag-rucab"],"yoast_head":"<!-- This site is optimized with the Yoast SEO plugin v27.5 - https:\/\/yoast.com\/product\/yoast-seo-wordpress\/ -->\n<title>Gran Cena de Fin de Curso 2020\/2021 en la RUCAB - BLOG RUCAB<\/title>\n<meta name=\"description\" content=\"La RUCAB ofrece una Cena de Fin de Curso inolvidable a sus residentes en reconocimiento a su comportamiento ejemplar durante este duro a\u00f1o.\" \/>\n<meta name=\"robots\" content=\"index, follow, max-snippet:-1, max-image-preview:large, max-video-preview:-1\" \/>\n<link rel=\"canonical\" href=\"https:\/\/residenciarucab.es\/blog\/gran-cena-de-fin-de-curso-2020-2021-en-la-rucab\/\" \/>\n<meta property=\"og:locale\" content=\"es_ES\" \/>\n<meta property=\"og:type\" content=\"article\" \/>\n<meta property=\"og:title\" content=\"Gran Cena de Fin de Curso 2020\/2021 en la RUCAB - BLOG RUCAB\" \/>\n<meta property=\"og:description\" content=\"La RUCAB ofrece una Cena de Fin de Curso inolvidable a sus residentes en reconocimiento a su comportamiento ejemplar durante este duro a\u00f1o.\" \/>\n<meta property=\"og:url\" content=\"https:\/\/residenciarucab.es\/blog\/gran-cena-de-fin-de-curso-2020-2021-en-la-rucab\/\" \/>\n<meta property=\"og:site_name\" content=\"BLOG RUCAB\" \/>\n<meta property=\"article:published_time\" content=\"2021-06-14T13:59:30+00:00\" \/>\n<meta property=\"article:modified_time\" content=\"2021-06-15T20:53:51+00:00\" \/>\n<meta property=\"og:image\" content=\"https:\/\/residenciarucab.es\/blog\/wp-content\/uploads\/2021\/06\/1.-CENA.jpg\" \/>\n\t<meta property=\"og:image:width\" content=\"1280\" \/>\n\t<meta property=\"og:image:height\" content=\"720\" \/>\n\t<meta property=\"og:image:type\" content=\"image\/jpeg\" \/>\n<meta name=\"author\" content=\"RUCAB\" \/>\n<meta name=\"twitter:card\" content=\"summary_large_image\" \/>\n<meta name=\"twitter:label1\" content=\"Escrito por\" \/>\n\t<meta name=\"twitter:data1\" content=\"RUCAB\" \/>\n\t<meta name=\"twitter:label2\" content=\"Tiempo de lectura\" \/>\n\t<meta name=\"twitter:data2\" content=\"3 minutos\" \/>\n<script type=\"application\/ld+json\" class=\"yoast-schema-graph\">{\"@context\":\"https:\\\/\\\/schema.org\",\"@graph\":[{\"@type\":\"Article\",\"@id\":\"https:\\\/\\\/residenciarucab.es\\\/blog\\\/gran-cena-de-fin-de-curso-2020-2021-en-la-rucab\\\/#article\",\"isPartOf\":{\"@id\":\"https:\\\/\\\/residenciarucab.es\\\/blog\\\/gran-cena-de-fin-de-curso-2020-2021-en-la-rucab\\\/\"},\"author\":{\"name\":\"RUCAB\",\"@id\":\"https:\\\/\\\/residenciarucab.es\\\/blog\\\/#\\\/schema\\\/person\\\/f759c867eac865f0ce36c767f26f9294\"},\"headline\":\"Gran Cena de Fin de Curso 2020\\\/2021 en la RUCAB\",\"datePublished\":\"2021-06-14T13:59:30+00:00\",\"dateModified\":\"2021-06-15T20:53:51+00:00\",\"mainEntityOfPage\":{\"@id\":\"https:\\\/\\\/residenciarucab.es\\\/blog\\\/gran-cena-de-fin-de-curso-2020-2021-en-la-rucab\\\/\"},\"wordCount\":512,\"commentCount\":0,\"image\":{\"@id\":\"https:\\\/\\\/residenciarucab.es\\\/blog\\\/gran-cena-de-fin-de-curso-2020-2021-en-la-rucab\\\/#primaryimage\"},\"thumbnailUrl\":\"https:\\\/\\\/residenciarucab.es\\\/blog\\\/wp-content\\\/uploads\\\/2021\\\/06\\\/1.-CENA.jpg\",\"keywords\":[\"Betto Jones\",\"cena fin de curso\",\"concierto\",\"Fiesta fin de curso\",\"gala\",\"Residencia Universitaria\",\"Rucab\"],\"articleSection\":[\"Noticias\"],\"inLanguage\":\"es\",\"potentialAction\":[{\"@type\":\"CommentAction\",\"name\":\"Comment\",\"target\":[\"https:\\\/\\\/residenciarucab.es\\\/blog\\\/gran-cena-de-fin-de-curso-2020-2021-en-la-rucab\\\/#respond\"]}]},{\"@type\":\"WebPage\",\"@id\":\"https:\\\/\\\/residenciarucab.es\\\/blog\\\/gran-cena-de-fin-de-curso-2020-2021-en-la-rucab\\\/\",\"url\":\"https:\\\/\\\/residenciarucab.es\\\/blog\\\/gran-cena-de-fin-de-curso-2020-2021-en-la-rucab\\\/\",\"name\":\"Gran Cena de Fin de Curso 2020\\\/2021 en la RUCAB - BLOG RUCAB\",\"isPartOf\":{\"@id\":\"https:\\\/\\\/residenciarucab.es\\\/blog\\\/#website\"},\"primaryImageOfPage\":{\"@id\":\"https:\\\/\\\/residenciarucab.es\\\/blog\\\/gran-cena-de-fin-de-curso-2020-2021-en-la-rucab\\\/#primaryimage\"},\"image\":{\"@id\":\"https:\\\/\\\/residenciarucab.es\\\/blog\\\/gran-cena-de-fin-de-curso-2020-2021-en-la-rucab\\\/#primaryimage\"},\"thumbnailUrl\":\"https:\\\/\\\/residenciarucab.es\\\/blog\\\/wp-content\\\/uploads\\\/2021\\\/06\\\/1.-CENA.jpg\",\"datePublished\":\"2021-06-14T13:59:30+00:00\",\"dateModified\":\"2021-06-15T20:53:51+00:00\",\"author\":{\"@id\":\"https:\\\/\\\/residenciarucab.es\\\/blog\\\/#\\\/schema\\\/person\\\/f759c867eac865f0ce36c767f26f9294\"},\"description\":\"La RUCAB ofrece una Cena de Fin de Curso inolvidable a sus residentes en reconocimiento a su comportamiento ejemplar durante este duro a\u00f1o.\",\"breadcrumb\":{\"@id\":\"https:\\\/\\\/residenciarucab.es\\\/blog\\\/gran-cena-de-fin-de-curso-2020-2021-en-la-rucab\\\/#breadcrumb\"},\"inLanguage\":\"es\",\"potentialAction\":[{\"@type\":\"ReadAction\",\"target\":[\"https:\\\/\\\/residenciarucab.es\\\/blog\\\/gran-cena-de-fin-de-curso-2020-2021-en-la-rucab\\\/\"]}]},{\"@type\":\"ImageObject\",\"inLanguage\":\"es\",\"@id\":\"https:\\\/\\\/residenciarucab.es\\\/blog\\\/gran-cena-de-fin-de-curso-2020-2021-en-la-rucab\\\/#primaryimage\",\"url\":\"https:\\\/\\\/residenciarucab.es\\\/blog\\\/wp-content\\\/uploads\\\/2021\\\/06\\\/1.-CENA.jpg\",\"contentUrl\":\"https:\\\/\\\/residenciarucab.es\\\/blog\\\/wp-content\\\/uploads\\\/2021\\\/06\\\/1.-CENA.jpg\",\"width\":1280,\"height\":720,\"caption\":\"Residentes en Cena de Fin de Curso\"},{\"@type\":\"BreadcrumbList\",\"@id\":\"https:\\\/\\\/residenciarucab.es\\\/blog\\\/gran-cena-de-fin-de-curso-2020-2021-en-la-rucab\\\/#breadcrumb\",\"itemListElement\":[{\"@type\":\"ListItem\",\"position\":1,\"name\":\"Portada\",\"item\":\"https:\\\/\\\/residenciarucab.es\\\/blog\\\/\"},{\"@type\":\"ListItem\",\"position\":2,\"name\":\"Gran Cena de Fin de Curso 2020\\\/2021 en la RUCAB\"}]},{\"@type\":\"WebSite\",\"@id\":\"https:\\\/\\\/residenciarucab.es\\\/blog\\\/#website\",\"url\":\"https:\\\/\\\/residenciarucab.es\\\/blog\\\/\",\"name\":\"BLOG RUCAB\",\"description\":\"\u00a1Todas las novedades de nuestra residencia universitaria!\",\"potentialAction\":[{\"@type\":\"SearchAction\",\"target\":{\"@type\":\"EntryPoint\",\"urlTemplate\":\"https:\\\/\\\/residenciarucab.es\\\/blog\\\/?s={search_term_string}\"},\"query-input\":{\"@type\":\"PropertyValueSpecification\",\"valueRequired\":true,\"valueName\":\"search_term_string\"}}],\"inLanguage\":\"es\"},{\"@type\":\"Person\",\"@id\":\"https:\\\/\\\/residenciarucab.es\\\/blog\\\/#\\\/schema\\\/person\\\/f759c867eac865f0ce36c767f26f9294\",\"name\":\"RUCAB\",\"image\":{\"@type\":\"ImageObject\",\"inLanguage\":\"es\",\"@id\":\"https:\\\/\\\/residenciarucab.es\\\/blog\\\/wp-content\\\/uploads\\\/2019\\\/07\\\/r-rosa.png\",\"url\":\"https:\\\/\\\/residenciarucab.es\\\/blog\\\/wp-content\\\/uploads\\\/2019\\\/07\\\/r-rosa.png\",\"contentUrl\":\"https:\\\/\\\/residenciarucab.es\\\/blog\\\/wp-content\\\/uploads\\\/2019\\\/07\\\/r-rosa.png\",\"caption\":\"RUCAB\"},\"description\":\"La RUCAB es un referente en Extremadura por la calidad de sus instalaciones y por su estilo de vida, basado en valores de convivencia, respeto y educaci\u00f3n. Una residencia junto al campus y con todas las necesidades cubiertas.\",\"url\":\"https:\\\/\\\/residenciarucab.es\\\/blog\\\/author\\\/rucab_blog\\\/\"}]}<\/script>\n<!-- \/ Yoast SEO plugin. -->","yoast_head_json":{"title":"Gran Cena de Fin de Curso 2020\/2021 en la RUCAB - BLOG RUCAB","description":"La RUCAB ofrece una Cena de Fin de Curso inolvidable a sus residentes en reconocimiento a su comportamiento ejemplar durante este duro a\u00f1o.","robots":{"index":"index","follow":"follow","max-snippet":"max-snippet:-1","max-image-preview":"max-image-preview:large","max-video-preview":"max-video-preview:-1"},"canonical":"https:\/\/residenciarucab.es\/blog\/gran-cena-de-fin-de-curso-2020-2021-en-la-rucab\/","og_locale":"es_ES","og_type":"article","og_title":"Gran Cena de Fin de Curso 2020\/2021 en la RUCAB - BLOG RUCAB","og_description":"La RUCAB ofrece una Cena de Fin de Curso inolvidable a sus residentes en reconocimiento a su comportamiento ejemplar durante este duro a\u00f1o.","og_url":"https:\/\/residenciarucab.es\/blog\/gran-cena-de-fin-de-curso-2020-2021-en-la-rucab\/","og_site_name":"BLOG RUCAB","article_published_time":"2021-06-14T13:59:30+00:00","article_modified_time":"2021-06-15T20:53:51+00:00","og_image":[{"width":1280,"height":720,"url":"https:\/\/residenciarucab.es\/blog\/wp-content\/uploads\/2021\/06\/1.-CENA.jpg","type":"image\/jpeg"}],"author":"RUCAB","twitter_card":"summary_large_image","twitter_misc":{"Escrito por":"RUCAB","Tiempo de lectura":"3 minutos"},"schema":{"@context":"https:\/\/schema.org","@graph":[{"@type":"Article","@id":"https:\/\/residenciarucab.es\/blog\/gran-cena-de-fin-de-curso-2020-2021-en-la-rucab\/#article","isPartOf":{"@id":"https:\/\/residenciarucab.es\/blog\/gran-cena-de-fin-de-curso-2020-2021-en-la-rucab\/"},"author":{"name":"RUCAB","@id":"https:\/\/residenciarucab.es\/blog\/#\/schema\/person\/f759c867eac865f0ce36c767f26f9294"},"headline":"Gran Cena de Fin de Curso 2020\/2021 en la RUCAB","datePublished":"2021-06-14T13:59:30+00:00","dateModified":"2021-06-15T20:53:51+00:00","mainEntityOfPage":{"@id":"https:\/\/residenciarucab.es\/blog\/gran-cena-de-fin-de-curso-2020-2021-en-la-rucab\/"},"wordCount":512,"commentCount":0,"image":{"@id":"https:\/\/residenciarucab.es\/blog\/gran-cena-de-fin-de-curso-2020-2021-en-la-rucab\/#primaryimage"},"thumbnailUrl":"https:\/\/residenciarucab.es\/blog\/wp-content\/uploads\/2021\/06\/1.-CENA.jpg","keywords":["Betto Jones","cena fin de curso","concierto","Fiesta fin de curso","gala","Residencia Universitaria","Rucab"],"articleSection":["Noticias"],"inLanguage":"es","potentialAction":[{"@type":"CommentAction","name":"Comment","target":["https:\/\/residenciarucab.es\/blog\/gran-cena-de-fin-de-curso-2020-2021-en-la-rucab\/#respond"]}]},{"@type":"WebPage","@id":"https:\/\/residenciarucab.es\/blog\/gran-cena-de-fin-de-curso-2020-2021-en-la-rucab\/","url":"https:\/\/residenciarucab.es\/blog\/gran-cena-de-fin-de-curso-2020-2021-en-la-rucab\/","name":"Gran Cena de Fin de Curso 2020\/2021 en la RUCAB - BLOG RUCAB","isPartOf":{"@id":"https:\/\/residenciarucab.es\/blog\/#website"},"primaryImageOfPage":{"@id":"https:\/\/residenciarucab.es\/blog\/gran-cena-de-fin-de-curso-2020-2021-en-la-rucab\/#primaryimage"},"image":{"@id":"https:\/\/residenciarucab.es\/blog\/gran-cena-de-fin-de-curso-2020-2021-en-la-rucab\/#primaryimage"},"thumbnailUrl":"https:\/\/residenciarucab.es\/blog\/wp-content\/uploads\/2021\/06\/1.-CENA.jpg","datePublished":"2021-06-14T13:59:30+00:00","dateModified":"2021-06-15T20:53:51+00:00","author":{"@id":"https:\/\/residenciarucab.es\/blog\/#\/schema\/person\/f759c867eac865f0ce36c767f26f9294"},"description":"La RUCAB ofrece una Cena de Fin de Curso inolvidable a sus residentes en reconocimiento a su comportamiento ejemplar durante este duro a\u00f1o.","breadcrumb":{"@id":"https:\/\/residenciarucab.es\/blog\/gran-cena-de-fin-de-curso-2020-2021-en-la-rucab\/#breadcrumb"},"inLanguage":"es","potentialAction":[{"@type":"ReadAction","target":["https:\/\/residenciarucab.es\/blog\/gran-cena-de-fin-de-curso-2020-2021-en-la-rucab\/"]}]},{"@type":"ImageObject","inLanguage":"es","@id":"https:\/\/residenciarucab.es\/blog\/gran-cena-de-fin-de-curso-2020-2021-en-la-rucab\/#primaryimage","url":"https:\/\/residenciarucab.es\/blog\/wp-content\/uploads\/2021\/06\/1.-CENA.jpg","contentUrl":"https:\/\/residenciarucab.es\/blog\/wp-content\/uploads\/2021\/06\/1.-CENA.jpg","width":1280,"height":720,"caption":"Residentes en Cena de Fin de Curso"},{"@type":"BreadcrumbList","@id":"https:\/\/residenciarucab.es\/blog\/gran-cena-de-fin-de-curso-2020-2021-en-la-rucab\/#breadcrumb","itemListElement":[{"@type":"ListItem","position":1,"name":"Portada","item":"https:\/\/residenciarucab.es\/blog\/"},{"@type":"ListItem","position":2,"name":"Gran Cena de Fin de Curso 2020\/2021 en la RUCAB"}]},{"@type":"WebSite","@id":"https:\/\/residenciarucab.es\/blog\/#website","url":"https:\/\/residenciarucab.es\/blog\/","name":"BLOG RUCAB","description":"\u00a1Todas las novedades de nuestra residencia universitaria!","potentialAction":[{"@type":"SearchAction","target":{"@type":"EntryPoint","urlTemplate":"https:\/\/residenciarucab.es\/blog\/?s={search_term_string}"},"query-input":{"@type":"PropertyValueSpecification","valueRequired":true,"valueName":"search_term_string"}}],"inLanguage":"es"},{"@type":"Person","@id":"https:\/\/residenciarucab.es\/blog\/#\/schema\/person\/f759c867eac865f0ce36c767f26f9294","name":"RUCAB","image":{"@type":"ImageObject","inLanguage":"es","@id":"https:\/\/residenciarucab.es\/blog\/wp-content\/uploads\/2019\/07\/r-rosa.png","url":"https:\/\/residenciarucab.es\/blog\/wp-content\/uploads\/2019\/07\/r-rosa.png","contentUrl":"https:\/\/residenciarucab.es\/blog\/wp-content\/uploads\/2019\/07\/r-rosa.png","caption":"RUCAB"},"description":"La RUCAB es un referente en Extremadura por la calidad de sus instalaciones y por su estilo de vida, basado en valores de convivencia, respeto y educaci\u00f3n. Una residencia junto al campus y con todas las necesidades cubiertas.","url":"https:\/\/residenciarucab.es\/blog\/author\/rucab_blog\/"}]}},"_links":{"self":[{"href":"https:\/\/residenciarucab.es\/blog\/wp-json\/wp\/v2\/posts\/1523","targetHints":{"allow":["GET"]}}],"collection":[{"href":"https:\/\/residenciarucab.es\/blog\/wp-json\/wp\/v2\/posts"}],"about":[{"href":"https:\/\/residenciarucab.es\/blog\/wp-json\/wp\/v2\/types\/post"}],"author":[{"embeddable":true,"href":"https:\/\/residenciarucab.es\/blog\/wp-json\/wp\/v2\/users\/1"}],"replies":[{"embeddable":true,"href":"https:\/\/residenciarucab.es\/blog\/wp-json\/wp\/v2\/comments?post=1523"}],"version-history":[{"count":15,"href":"https:\/\/residenciarucab.es\/blog\/wp-json\/wp\/v2\/posts\/1523\/revisions"}],"predecessor-version":[{"id":1551,"href":"https:\/\/residenciarucab.es\/blog\/wp-json\/wp\/v2\/posts\/1523\/revisions\/1551"}],"wp:featuredmedia":[{"embeddable":true,"href":"https:\/\/residenciarucab.es\/blog\/wp-json\/wp\/v2\/media\/1530"}],"wp:attachment":[{"href":"https:\/\/residenciarucab.es\/blog\/wp-json\/wp\/v2\/media?parent=1523"}],"wp:term":[{"taxonomy":"category","embeddable":true,"href":"https:\/\/residenciarucab.es\/blog\/wp-json\/wp\/v2\/categories?post=1523"},{"taxonomy":"post_tag","embeddable":true,"href":"https:\/\/residenciarucab.es\/blog\/wp-json\/wp\/v2\/tags?post=1523"}],"curies":[{"name":"wp","href":"https:\/\/api.w.org\/{rel}","templated":true}]}}