

{"id":168,"date":"2019-06-01T21:06:37","date_gmt":"2019-06-01T19:06:37","guid":{"rendered":"http:\/\/residenciarucab.es\/blog\/?p=168"},"modified":"2019-09-19T12:48:18","modified_gmt":"2019-09-19T10:48:18","slug":"el-residente-alvaro-ruiz-seleccionado-para-estudiar-en-ee-uu","status":"publish","type":"post","link":"https:\/\/residenciarucab.es\/blog\/el-residente-alvaro-ruiz-seleccionado-para-estudiar-en-ee-uu\/","title":{"rendered":"El residente \u00c1lvaro Ruiz seleccionado para estudiar en EE.UU"},"content":{"rendered":"<p>Con 19 a\u00f1os, <strong>\u00c1lvaro Ruiz Fern\u00e1ndez<\/strong> es residente de primer a\u00f1o en la RUCAB, actualmente estudia Biolog\u00eda, pero sus planes para el pr\u00f3ximo curso son muy diferentes, quiere cambiar de carrera y estudiar Ciencias del Deporte. Del 1 al 8 de julio se juega una beca para estudiar en Estados Unidos, si es fichado por una de las universidades americanas de programa SIS International Sport, compaginar\u00e1 los estudios con el deporte durante cinco a\u00f1os, para \u00c1lvaro es un sue\u00f1o, nos lo cuenta en esta entrevista.<\/p>\n<ol>\n<li>\n<h4><b>\u00bfC\u00f3mo empiezas en el mundo del f\u00fatbol?<\/b><\/h4>\n<\/li>\n<\/ol>\n<p>Empec\u00e9 hace catorce a\u00f1os en <strong>Jerez de la Frontera<\/strong>, me apunt\u00e9 en el equipo del colegio, y durante diez a\u00f1os estuve jugando all\u00ed en distintas categor\u00edas. Lleg\u00f3 un momento en el que mi colegio dej\u00f3 de hacer equipos, yo era cadete y me cambi\u00e9 de colegio. En total he estado en cuatro equipo, incluido el de Badajoz. Pero la mayor parte del tiempo estuve en el equipo del <strong>Colegio Marianistas<\/strong>.<\/p>\n<p>&nbsp;<\/p>\n<ol start=\"2\">\n<li>\n<h4><strong>\u00bfC\u00f3mo has llegado a ser seleccionado para el programa SIS International Sport de Estados Unidos?<\/strong><\/h4>\n<\/li>\n<\/ol>\n<p>En marzo de este a\u00f1o, un amigo me dijo que hab\u00eda unas pruebas en Sevilla, para poder estudiar a Estados Unidos con una beca. La prueba ha consistido en un partido de cuarenta minutos cada parte. Creo que no jugu\u00e9 especialmente bien, pero les he gustado.<\/p>\n<p>El lunes siguiente me comunicaron que me hab\u00edan elegido para el programa <a href=\"https:\/\/sisbecas.com\/\" target=\"_blank\" rel=\"noopener noreferrer\"><strong>SIS INTERNATIONAL SPORT<\/strong><\/a>, miraron mi nivel acad\u00e9mico y me dieron el alto, as\u00ed que del 1 al 8 de julio estar\u00e9 jugando en la <a href=\"https:\/\/www.ucf.edu\/\" target=\"_blank\" rel=\"noopener noreferrer\">Universidad Central de Florida<\/a>, (UCF) Orlando.<\/p>\n<p>Hay un total de 150 universidades, de las importantes son la UCF Orlando, UCLA California, Columbia Manhattan, Luisville Kentukcy, etc. y los entrenadores de las universidades observan c\u00f3mo nos desarrollamos en el campo de f\u00fatbol.<\/p>\n<p>En total jugamos ocho partidos en cuatro d\u00edas, adem\u00e1s te hacen una serie de preguntas para ver qu\u00e9 carrera quieres estudiar.<\/p>\n<p>Antes de irme mand\u00e9 una redacci\u00f3n en ingl\u00e9s dando mis razones de por qu\u00e9 quiero ir, cu\u00e1les son mis objetivos y qu\u00e9 quiero hacer despu\u00e9s de acabar la carrera en <strong>Estados Unidos<\/strong>.<\/p>\n<p>En resumen, si me coge una de las universidades, estudiar\u00e9 cuatro a\u00f1os en Estados Unidos m\u00e1s un a\u00f1o de pr\u00e1cticas remuneradas.<\/p>\n<p>&nbsp;<\/p>\n<ol start=\"3\">\n<li>\n<h4><strong>\u00bfTe gusta el modelo educativo universitario americano?<\/strong><\/h4>\n<\/li>\n<\/ol>\n<p>Si, en Am\u00e9rica es as\u00ed, si no vas a entrenar no te dejan estudiar, y si no estudias y no sacas nota, no te dejan jugar.<\/p>\n<p>Es una experiencia muy exigente, pero voy concienciado con todo lo que tengo que hacer, realmente estoy deseando y con muchas ganas.<\/p>\n<p>Estudiar en Am\u00e9rica cuesta entre 32.000 mil y 60.000\u20ac al a\u00f1o, es bastante caro, as\u00ed que te ofrecen beca en funci\u00f3n de del nivel acad\u00e9mico y deportivo; es decir, el nivel formativo y deportivo est\u00e1n relacionados con la cuant\u00eda de la beca, cuanto mejor seas en deporte y estudios, m\u00e1s alta es la beca.<\/p>\n<p>Pongamos el caso de que mi nivel de estudios y de ingl\u00e9s es bueno y adem\u00e1s consideran que juego bien, es probable que puedan ofrecerme una beca del 90 o del 100%. Mi objetivo es conseguir el <strong>m\u00e1ximo de beca<\/strong>. Una vez est\u00e1s all\u00ed, puedes mejorar tu beca si lo haces bien deportivamente, te esfuerzas y tienes buenas notas, esto te permite mejorar la beca de semestre en semestre, o todo lo contrario.<\/p>\n<p>&nbsp;<\/p>\n<ol start=\"4\">\n<li>\n<h4><b>\u00bfCu\u00e1ndo sabes qu\u00e9 tipo de beca tienes y a qu\u00e9 universidad vas?<\/b><\/h4>\n<\/li>\n<\/ol>\n<p>Tres d\u00edas despu\u00e9s del viaje a <strong>Florida<\/strong>, sobre el 11 o el 12 de julio me asignan beca y la universidad.<\/p>\n<p>Mi idea es empezar en enero de 2020, as\u00ed que antes del 15 de agosto tengo que elegir la universidad y organizar todos los papeles.<\/p>\n<p>&nbsp;<\/p>\n<ol start=\"5\">\n<li>\n<h4><strong>\u00bfA qu\u00e9 universidad te gustar\u00eda ir?<\/strong><\/h4>\n<\/li>\n<\/ol>\n<p>Me gustar\u00eda la <strong>UCLA<\/strong> en California, que est\u00e1 a veinte minutos en coche de <strong>Santa M\u00f3nica Beach<\/strong>. De las de primera divisi\u00f3n cualquiera me vale, y de segunda divisi\u00f3n la Universidad de Tampa o la universidad de Palm Beach Atlantic.<\/p>\n<p>Estoy muy motivado, por que aun siendo segunda divisi\u00f3n son unas universidades estupendas y har\u00eda lo que m\u00e1s me gusta,<strong> jugar al f\u00fatbol<\/strong>.<\/p>\n<p>&nbsp;<\/p>\n<ol start=\"6\">\n<li>\n<h4><strong>\u00bfC\u00f3mo te ves en el futuro?<\/strong><\/h4>\n<\/li>\n<\/ol>\n<p>Dependiendo de c\u00f3mo me vaya y como acabe all\u00ed, me plantear\u00eda si quedarme en <strong>Estados Unidos<\/strong> una vez acabada la carrera o volverme a Espa\u00f1a.<\/p>\n<p>Incluso si me dan la oportunidad de quedarme, tendr\u00eda que ver el modelo de vida, puede ser que despu\u00e9s de esos cuatro o cinco a\u00f1os all\u00ed, me quiera volver por que no me guste o me aburra. O todo lo contrario, que me encante y quiera quedarme.<\/p>\n<p>Estados Unidos me parece un <strong>buen pa\u00eds para vivir<\/strong>.<\/p>\n<p>&nbsp;<\/p>\n<ol start=\"7\">\n<li>\n<h4><strong>\u00bfQu\u00e9 dice tu familia?<\/strong><\/h4>\n<\/li>\n<\/ol>\n<p>Ellos me apoyan, desde el primer momento que supimos la noticia, me animaron a ir, al mismo tiempo me aconsejaron ser m\u00e1s <strong>responsable<\/strong>, ya que estar\u00e9 solo y todo depender\u00e1 de mi. Estar\u00e9 solo e independiente en Estados Unidos, al ser tanta distancia y tan caros los vuelos, no puedo tener a mis padres all\u00ed cada dos por tres. Por un lado no me asusta, porque me considero independiente, aunque tengo que mejorar en algunas cosas.<\/p>\n<p><img loading=\"lazy\" decoding=\"async\" class=\"size-full wp-image-173 alignleft\" src=\"http:\/\/residenciarucab.es\/blog\/wp-content\/uploads\/2019\/08\/alvaro-ruiz.jpg\" alt=\"futbolista \u00e1lvaro ruiz\" width=\"1280\" height=\"720\" srcset=\"https:\/\/residenciarucab.es\/blog\/wp-content\/uploads\/2019\/08\/alvaro-ruiz.jpg 1280w, https:\/\/residenciarucab.es\/blog\/wp-content\/uploads\/2019\/08\/alvaro-ruiz-300x169.jpg 300w, https:\/\/residenciarucab.es\/blog\/wp-content\/uploads\/2019\/08\/alvaro-ruiz-768x432.jpg 768w, https:\/\/residenciarucab.es\/blog\/wp-content\/uploads\/2019\/08\/alvaro-ruiz-1024x576.jpg 1024w, https:\/\/residenciarucab.es\/blog\/wp-content\/uploads\/2019\/08\/alvaro-ruiz-1140x641.jpg 1140w, https:\/\/residenciarucab.es\/blog\/wp-content\/uploads\/2019\/08\/alvaro-ruiz-552x311.jpg 552w\" sizes=\"auto, (max-width: 1280px) 100vw, 1280px\" \/><\/p>\n<ol start=\"8\">\n<li>\n<h4><strong>\u00bfQu\u00e9 te llevas de la RUCAB?<\/strong><\/h4>\n<\/li>\n<\/ol>\n<p>Cuando est\u00e9 en Estados Unidos me acordar\u00e9 de todos los <strong>amigos<\/strong> que he hecho en la <strong>RUCAB<\/strong>, y de todos los que me han ayudado, esto es una familia, en un a\u00f1o he hecho amigos que seguramente duren <strong>para toda la vida<\/strong> y eso ha sido en esta residencia.<\/p>\n<p>Mis amigos me apoyan, pero tambi\u00e9n me dicen que me lo piense, que es un paso muy grande y <strong>un gran cambio.<\/strong><\/p>\n<p>&nbsp;<\/p>\n<p>&nbsp;<\/p>\n","protected":false},"excerpt":{"rendered":"<p class=\"post-excerpt\">Con 19 a\u00f1os, \u00c1lvaro Ruiz Fern\u00e1ndez es residente de primer a\u00f1o en la RUCAB, actualmente estudia Biolog\u00eda, pero sus planes para el pr\u00f3ximo curso son muy diferentes, quiere cambiar de carrera y estudiar Ciencias del Deporte. Del 1 al 8 de julio se juega una beca para estudiar en Estados&#8230;<\/p>\n","protected":false},"author":1,"featured_media":174,"comment_status":"open","ping_status":"open","sticky":false,"template":"","format":"standard","meta":{"footnotes":""},"categories":[1],"tags":[59,40,55,54,56,42,58,57],"class_list":["post-168","post","type-post","status-publish","format-standard","has-post-thumbnail","hentry","category-noticias","tag-beca","tag-deporte","tag-estados-unidos","tag-estudios","tag-florida","tag-futbol","tag-sis","tag-ucla"],"yoast_head":"<!-- This site is optimized with the Yoast SEO plugin v27.4 - https:\/\/yoast.com\/product\/yoast-seo-wordpress\/ -->\n<title>El residente \u00c1lvaro Ruiz seleccionado para estudiar en EE.UU - BLOG RUCAB<\/title>\n<meta name=\"description\" content=\"Hablamos con Alvaro Ruiz, residente seleccionado para estudiar en EE.UU con una beda del programa SIS International Sport.\" \/>\n<meta name=\"robots\" content=\"index, follow, max-snippet:-1, max-image-preview:large, max-video-preview:-1\" \/>\n<link rel=\"canonical\" href=\"https:\/\/residenciarucab.es\/blog\/el-residente-alvaro-ruiz-seleccionado-para-estudiar-en-ee-uu\/\" \/>\n<meta property=\"og:locale\" content=\"es_ES\" \/>\n<meta property=\"og:type\" content=\"article\" \/>\n<meta property=\"og:title\" content=\"El residente \u00c1lvaro Ruiz seleccionado para estudiar en EE.UU - BLOG RUCAB\" \/>\n<meta property=\"og:description\" content=\"Hablamos con Alvaro Ruiz, residente seleccionado para estudiar en EE.UU con una beda del programa SIS International Sport.\" \/>\n<meta property=\"og:url\" content=\"https:\/\/residenciarucab.es\/blog\/el-residente-alvaro-ruiz-seleccionado-para-estudiar-en-ee-uu\/\" \/>\n<meta property=\"og:site_name\" content=\"BLOG RUCAB\" \/>\n<meta property=\"article:published_time\" content=\"2019-06-01T19:06:37+00:00\" \/>\n<meta property=\"article:modified_time\" content=\"2019-09-19T10:48:18+00:00\" \/>\n<meta property=\"og:image\" content=\"https:\/\/residenciarucab.es\/blog\/wp-content\/uploads\/2019\/08\/alvaro-ruiz-futbol.jpg\" \/>\n\t<meta property=\"og:image:width\" content=\"1280\" \/>\n\t<meta property=\"og:image:height\" content=\"720\" \/>\n\t<meta property=\"og:image:type\" content=\"image\/jpeg\" \/>\n<meta name=\"author\" content=\"RUCAB\" \/>\n<meta name=\"twitter:card\" content=\"summary_large_image\" \/>\n<meta name=\"twitter:label1\" content=\"Escrito por\" \/>\n\t<meta name=\"twitter:data1\" content=\"RUCAB\" \/>\n\t<meta name=\"twitter:label2\" content=\"Tiempo de lectura\" \/>\n\t<meta name=\"twitter:data2\" content=\"5 minutos\" \/>\n<script type=\"application\/ld+json\" class=\"yoast-schema-graph\">{\"@context\":\"https:\\\/\\\/schema.org\",\"@graph\":[{\"@type\":\"Article\",\"@id\":\"https:\\\/\\\/residenciarucab.es\\\/blog\\\/el-residente-alvaro-ruiz-seleccionado-para-estudiar-en-ee-uu\\\/#article\",\"isPartOf\":{\"@id\":\"https:\\\/\\\/residenciarucab.es\\\/blog\\\/el-residente-alvaro-ruiz-seleccionado-para-estudiar-en-ee-uu\\\/\"},\"author\":{\"name\":\"RUCAB\",\"@id\":\"https:\\\/\\\/residenciarucab.es\\\/blog\\\/#\\\/schema\\\/person\\\/f759c867eac865f0ce36c767f26f9294\"},\"headline\":\"El residente \u00c1lvaro Ruiz seleccionado para estudiar en EE.UU\",\"datePublished\":\"2019-06-01T19:06:37+00:00\",\"dateModified\":\"2019-09-19T10:48:18+00:00\",\"mainEntityOfPage\":{\"@id\":\"https:\\\/\\\/residenciarucab.es\\\/blog\\\/el-residente-alvaro-ruiz-seleccionado-para-estudiar-en-ee-uu\\\/\"},\"wordCount\":995,\"commentCount\":0,\"image\":{\"@id\":\"https:\\\/\\\/residenciarucab.es\\\/blog\\\/el-residente-alvaro-ruiz-seleccionado-para-estudiar-en-ee-uu\\\/#primaryimage\"},\"thumbnailUrl\":\"https:\\\/\\\/residenciarucab.es\\\/blog\\\/wp-content\\\/uploads\\\/2019\\\/08\\\/alvaro-ruiz-futbol.jpg\",\"keywords\":[\"BECA\",\"deporte\",\"Estados Unidos\",\"estudios\",\"Florida\",\"futbol\",\"SIS\",\"UCLA\"],\"articleSection\":[\"Noticias\"],\"inLanguage\":\"es\",\"potentialAction\":[{\"@type\":\"CommentAction\",\"name\":\"Comment\",\"target\":[\"https:\\\/\\\/residenciarucab.es\\\/blog\\\/el-residente-alvaro-ruiz-seleccionado-para-estudiar-en-ee-uu\\\/#respond\"]}]},{\"@type\":\"WebPage\",\"@id\":\"https:\\\/\\\/residenciarucab.es\\\/blog\\\/el-residente-alvaro-ruiz-seleccionado-para-estudiar-en-ee-uu\\\/\",\"url\":\"https:\\\/\\\/residenciarucab.es\\\/blog\\\/el-residente-alvaro-ruiz-seleccionado-para-estudiar-en-ee-uu\\\/\",\"name\":\"El residente \u00c1lvaro Ruiz seleccionado para estudiar en EE.UU - BLOG RUCAB\",\"isPartOf\":{\"@id\":\"https:\\\/\\\/residenciarucab.es\\\/blog\\\/#website\"},\"primaryImageOfPage\":{\"@id\":\"https:\\\/\\\/residenciarucab.es\\\/blog\\\/el-residente-alvaro-ruiz-seleccionado-para-estudiar-en-ee-uu\\\/#primaryimage\"},\"image\":{\"@id\":\"https:\\\/\\\/residenciarucab.es\\\/blog\\\/el-residente-alvaro-ruiz-seleccionado-para-estudiar-en-ee-uu\\\/#primaryimage\"},\"thumbnailUrl\":\"https:\\\/\\\/residenciarucab.es\\\/blog\\\/wp-content\\\/uploads\\\/2019\\\/08\\\/alvaro-ruiz-futbol.jpg\",\"datePublished\":\"2019-06-01T19:06:37+00:00\",\"dateModified\":\"2019-09-19T10:48:18+00:00\",\"author\":{\"@id\":\"https:\\\/\\\/residenciarucab.es\\\/blog\\\/#\\\/schema\\\/person\\\/f759c867eac865f0ce36c767f26f9294\"},\"description\":\"Hablamos con Alvaro Ruiz, residente seleccionado para estudiar en EE.UU con una beda del programa SIS International Sport.\",\"breadcrumb\":{\"@id\":\"https:\\\/\\\/residenciarucab.es\\\/blog\\\/el-residente-alvaro-ruiz-seleccionado-para-estudiar-en-ee-uu\\\/#breadcrumb\"},\"inLanguage\":\"es\",\"potentialAction\":[{\"@type\":\"ReadAction\",\"target\":[\"https:\\\/\\\/residenciarucab.es\\\/blog\\\/el-residente-alvaro-ruiz-seleccionado-para-estudiar-en-ee-uu\\\/\"]}]},{\"@type\":\"ImageObject\",\"inLanguage\":\"es\",\"@id\":\"https:\\\/\\\/residenciarucab.es\\\/blog\\\/el-residente-alvaro-ruiz-seleccionado-para-estudiar-en-ee-uu\\\/#primaryimage\",\"url\":\"https:\\\/\\\/residenciarucab.es\\\/blog\\\/wp-content\\\/uploads\\\/2019\\\/08\\\/alvaro-ruiz-futbol.jpg\",\"contentUrl\":\"https:\\\/\\\/residenciarucab.es\\\/blog\\\/wp-content\\\/uploads\\\/2019\\\/08\\\/alvaro-ruiz-futbol.jpg\",\"width\":1280,\"height\":720,\"caption\":\"SIS INTERNATIONAL SPORT\"},{\"@type\":\"BreadcrumbList\",\"@id\":\"https:\\\/\\\/residenciarucab.es\\\/blog\\\/el-residente-alvaro-ruiz-seleccionado-para-estudiar-en-ee-uu\\\/#breadcrumb\",\"itemListElement\":[{\"@type\":\"ListItem\",\"position\":1,\"name\":\"Portada\",\"item\":\"https:\\\/\\\/residenciarucab.es\\\/blog\\\/\"},{\"@type\":\"ListItem\",\"position\":2,\"name\":\"El residente \u00c1lvaro Ruiz seleccionado para estudiar en EE.UU\"}]},{\"@type\":\"WebSite\",\"@id\":\"https:\\\/\\\/residenciarucab.es\\\/blog\\\/#website\",\"url\":\"https:\\\/\\\/residenciarucab.es\\\/blog\\\/\",\"name\":\"BLOG RUCAB\",\"description\":\"\u00a1Todas las novedades de nuestra residencia universitaria!\",\"potentialAction\":[{\"@type\":\"SearchAction\",\"target\":{\"@type\":\"EntryPoint\",\"urlTemplate\":\"https:\\\/\\\/residenciarucab.es\\\/blog\\\/?s={search_term_string}\"},\"query-input\":{\"@type\":\"PropertyValueSpecification\",\"valueRequired\":true,\"valueName\":\"search_term_string\"}}],\"inLanguage\":\"es\"},{\"@type\":\"Person\",\"@id\":\"https:\\\/\\\/residenciarucab.es\\\/blog\\\/#\\\/schema\\\/person\\\/f759c867eac865f0ce36c767f26f9294\",\"name\":\"RUCAB\",\"image\":{\"@type\":\"ImageObject\",\"inLanguage\":\"es\",\"@id\":\"https:\\\/\\\/residenciarucab.es\\\/blog\\\/wp-content\\\/uploads\\\/2019\\\/07\\\/r-rosa.png\",\"url\":\"https:\\\/\\\/residenciarucab.es\\\/blog\\\/wp-content\\\/uploads\\\/2019\\\/07\\\/r-rosa.png\",\"contentUrl\":\"https:\\\/\\\/residenciarucab.es\\\/blog\\\/wp-content\\\/uploads\\\/2019\\\/07\\\/r-rosa.png\",\"caption\":\"RUCAB\"},\"description\":\"La RUCAB es un referente en Extremadura por la calidad de sus instalaciones y por su estilo de vida, basado en valores de convivencia, respeto y educaci\u00f3n. Una residencia junto al campus y con todas las necesidades cubiertas.\",\"url\":\"https:\\\/\\\/residenciarucab.es\\\/blog\\\/author\\\/rucab_blog\\\/\"}]}<\/script>\n<!-- \/ Yoast SEO plugin. -->","yoast_head_json":{"title":"El residente \u00c1lvaro Ruiz seleccionado para estudiar en EE.UU - BLOG RUCAB","description":"Hablamos con Alvaro Ruiz, residente seleccionado para estudiar en EE.UU con una beda del programa SIS International Sport.","robots":{"index":"index","follow":"follow","max-snippet":"max-snippet:-1","max-image-preview":"max-image-preview:large","max-video-preview":"max-video-preview:-1"},"canonical":"https:\/\/residenciarucab.es\/blog\/el-residente-alvaro-ruiz-seleccionado-para-estudiar-en-ee-uu\/","og_locale":"es_ES","og_type":"article","og_title":"El residente \u00c1lvaro Ruiz seleccionado para estudiar en EE.UU - BLOG RUCAB","og_description":"Hablamos con Alvaro Ruiz, residente seleccionado para estudiar en EE.UU con una beda del programa SIS International Sport.","og_url":"https:\/\/residenciarucab.es\/blog\/el-residente-alvaro-ruiz-seleccionado-para-estudiar-en-ee-uu\/","og_site_name":"BLOG RUCAB","article_published_time":"2019-06-01T19:06:37+00:00","article_modified_time":"2019-09-19T10:48:18+00:00","og_image":[{"width":1280,"height":720,"url":"https:\/\/residenciarucab.es\/blog\/wp-content\/uploads\/2019\/08\/alvaro-ruiz-futbol.jpg","type":"image\/jpeg"}],"author":"RUCAB","twitter_card":"summary_large_image","twitter_misc":{"Escrito por":"RUCAB","Tiempo de lectura":"5 minutos"},"schema":{"@context":"https:\/\/schema.org","@graph":[{"@type":"Article","@id":"https:\/\/residenciarucab.es\/blog\/el-residente-alvaro-ruiz-seleccionado-para-estudiar-en-ee-uu\/#article","isPartOf":{"@id":"https:\/\/residenciarucab.es\/blog\/el-residente-alvaro-ruiz-seleccionado-para-estudiar-en-ee-uu\/"},"author":{"name":"RUCAB","@id":"https:\/\/residenciarucab.es\/blog\/#\/schema\/person\/f759c867eac865f0ce36c767f26f9294"},"headline":"El residente \u00c1lvaro Ruiz seleccionado para estudiar en EE.UU","datePublished":"2019-06-01T19:06:37+00:00","dateModified":"2019-09-19T10:48:18+00:00","mainEntityOfPage":{"@id":"https:\/\/residenciarucab.es\/blog\/el-residente-alvaro-ruiz-seleccionado-para-estudiar-en-ee-uu\/"},"wordCount":995,"commentCount":0,"image":{"@id":"https:\/\/residenciarucab.es\/blog\/el-residente-alvaro-ruiz-seleccionado-para-estudiar-en-ee-uu\/#primaryimage"},"thumbnailUrl":"https:\/\/residenciarucab.es\/blog\/wp-content\/uploads\/2019\/08\/alvaro-ruiz-futbol.jpg","keywords":["BECA","deporte","Estados Unidos","estudios","Florida","futbol","SIS","UCLA"],"articleSection":["Noticias"],"inLanguage":"es","potentialAction":[{"@type":"CommentAction","name":"Comment","target":["https:\/\/residenciarucab.es\/blog\/el-residente-alvaro-ruiz-seleccionado-para-estudiar-en-ee-uu\/#respond"]}]},{"@type":"WebPage","@id":"https:\/\/residenciarucab.es\/blog\/el-residente-alvaro-ruiz-seleccionado-para-estudiar-en-ee-uu\/","url":"https:\/\/residenciarucab.es\/blog\/el-residente-alvaro-ruiz-seleccionado-para-estudiar-en-ee-uu\/","name":"El residente \u00c1lvaro Ruiz seleccionado para estudiar en EE.UU - BLOG RUCAB","isPartOf":{"@id":"https:\/\/residenciarucab.es\/blog\/#website"},"primaryImageOfPage":{"@id":"https:\/\/residenciarucab.es\/blog\/el-residente-alvaro-ruiz-seleccionado-para-estudiar-en-ee-uu\/#primaryimage"},"image":{"@id":"https:\/\/residenciarucab.es\/blog\/el-residente-alvaro-ruiz-seleccionado-para-estudiar-en-ee-uu\/#primaryimage"},"thumbnailUrl":"https:\/\/residenciarucab.es\/blog\/wp-content\/uploads\/2019\/08\/alvaro-ruiz-futbol.jpg","datePublished":"2019-06-01T19:06:37+00:00","dateModified":"2019-09-19T10:48:18+00:00","author":{"@id":"https:\/\/residenciarucab.es\/blog\/#\/schema\/person\/f759c867eac865f0ce36c767f26f9294"},"description":"Hablamos con Alvaro Ruiz, residente seleccionado para estudiar en EE.UU con una beda del programa SIS International Sport.","breadcrumb":{"@id":"https:\/\/residenciarucab.es\/blog\/el-residente-alvaro-ruiz-seleccionado-para-estudiar-en-ee-uu\/#breadcrumb"},"inLanguage":"es","potentialAction":[{"@type":"ReadAction","target":["https:\/\/residenciarucab.es\/blog\/el-residente-alvaro-ruiz-seleccionado-para-estudiar-en-ee-uu\/"]}]},{"@type":"ImageObject","inLanguage":"es","@id":"https:\/\/residenciarucab.es\/blog\/el-residente-alvaro-ruiz-seleccionado-para-estudiar-en-ee-uu\/#primaryimage","url":"https:\/\/residenciarucab.es\/blog\/wp-content\/uploads\/2019\/08\/alvaro-ruiz-futbol.jpg","contentUrl":"https:\/\/residenciarucab.es\/blog\/wp-content\/uploads\/2019\/08\/alvaro-ruiz-futbol.jpg","width":1280,"height":720,"caption":"SIS INTERNATIONAL SPORT"},{"@type":"BreadcrumbList","@id":"https:\/\/residenciarucab.es\/blog\/el-residente-alvaro-ruiz-seleccionado-para-estudiar-en-ee-uu\/#breadcrumb","itemListElement":[{"@type":"ListItem","position":1,"name":"Portada","item":"https:\/\/residenciarucab.es\/blog\/"},{"@type":"ListItem","position":2,"name":"El residente \u00c1lvaro Ruiz seleccionado para estudiar en EE.UU"}]},{"@type":"WebSite","@id":"https:\/\/residenciarucab.es\/blog\/#website","url":"https:\/\/residenciarucab.es\/blog\/","name":"BLOG RUCAB","description":"\u00a1Todas las novedades de nuestra residencia universitaria!","potentialAction":[{"@type":"SearchAction","target":{"@type":"EntryPoint","urlTemplate":"https:\/\/residenciarucab.es\/blog\/?s={search_term_string}"},"query-input":{"@type":"PropertyValueSpecification","valueRequired":true,"valueName":"search_term_string"}}],"inLanguage":"es"},{"@type":"Person","@id":"https:\/\/residenciarucab.es\/blog\/#\/schema\/person\/f759c867eac865f0ce36c767f26f9294","name":"RUCAB","image":{"@type":"ImageObject","inLanguage":"es","@id":"https:\/\/residenciarucab.es\/blog\/wp-content\/uploads\/2019\/07\/r-rosa.png","url":"https:\/\/residenciarucab.es\/blog\/wp-content\/uploads\/2019\/07\/r-rosa.png","contentUrl":"https:\/\/residenciarucab.es\/blog\/wp-content\/uploads\/2019\/07\/r-rosa.png","caption":"RUCAB"},"description":"La RUCAB es un referente en Extremadura por la calidad de sus instalaciones y por su estilo de vida, basado en valores de convivencia, respeto y educaci\u00f3n. Una residencia junto al campus y con todas las necesidades cubiertas.","url":"https:\/\/residenciarucab.es\/blog\/author\/rucab_blog\/"}]}},"_links":{"self":[{"href":"https:\/\/residenciarucab.es\/blog\/wp-json\/wp\/v2\/posts\/168","targetHints":{"allow":["GET"]}}],"collection":[{"href":"https:\/\/residenciarucab.es\/blog\/wp-json\/wp\/v2\/posts"}],"about":[{"href":"https:\/\/residenciarucab.es\/blog\/wp-json\/wp\/v2\/types\/post"}],"author":[{"embeddable":true,"href":"https:\/\/residenciarucab.es\/blog\/wp-json\/wp\/v2\/users\/1"}],"replies":[{"embeddable":true,"href":"https:\/\/residenciarucab.es\/blog\/wp-json\/wp\/v2\/comments?post=168"}],"version-history":[{"count":8,"href":"https:\/\/residenciarucab.es\/blog\/wp-json\/wp\/v2\/posts\/168\/revisions"}],"predecessor-version":[{"id":178,"href":"https:\/\/residenciarucab.es\/blog\/wp-json\/wp\/v2\/posts\/168\/revisions\/178"}],"wp:featuredmedia":[{"embeddable":true,"href":"https:\/\/residenciarucab.es\/blog\/wp-json\/wp\/v2\/media\/174"}],"wp:attachment":[{"href":"https:\/\/residenciarucab.es\/blog\/wp-json\/wp\/v2\/media?parent=168"}],"wp:term":[{"taxonomy":"category","embeddable":true,"href":"https:\/\/residenciarucab.es\/blog\/wp-json\/wp\/v2\/categories?post=168"},{"taxonomy":"post_tag","embeddable":true,"href":"https:\/\/residenciarucab.es\/blog\/wp-json\/wp\/v2\/tags?post=168"}],"curies":[{"name":"wp","href":"https:\/\/api.w.org\/{rel}","templated":true}]}}