

{"id":1706,"date":"2021-11-16T14:50:29","date_gmt":"2021-11-16T13:50:29","guid":{"rendered":"https:\/\/residenciarucab.es\/blog\/?p=1706"},"modified":"2021-12-22T09:30:26","modified_gmt":"2021-12-22T08:30:26","slug":"error-404","status":"publish","type":"post","link":"https:\/\/residenciarucab.es\/blog\/error-404\/","title":{"rendered":"Error 404 \u00bfpreparados para un mundo sin internet?"},"content":{"rendered":"<h4>Hablamos con la periodista y escritora Esther Paniagua, sobre su nuevo libro &#8216;Error 404 \u00bfestamos preparados para un mundo sin internet?&#8217;, para abordar las m\u00faltiples formas en las que internet se est\u00e1 cayendo y c\u00f3mo podr\u00eda producirse un gran apag\u00f3n de la red de redes.<\/h4>\n<p>Hablar del fin de <strong>internet<\/strong> puede sonar apocal\u00edptico, pero no lo es, la autora de este fascinante libro, nos relata c\u00f3mo podr\u00eda ser la <strong>ca\u00edda de internet<\/strong>, el caos que puede desatar y lo m\u00e1s grave, c\u00f3mo los humanos <strong>dependemos<\/strong> de internet.<\/p>\n<p><strong>Esther Paniagua<\/strong> nos ha presentado su libro con la colaboraci\u00f3n de nuestro Director, <strong>Emilio Jim\u00e9nez<\/strong>, que ha hecho de entrevistador, dialogando de cuestiones de plena actualidad como:<\/p>\n<ul>\n<li>Plataformas adictivas (consideradas como drogas cognitivas o conductuales).<\/li>\n<li>Manipulaci\u00f3n y desinformaci\u00f3n.<\/li>\n<li>Polarizaci\u00f3n y odio incendiario online.<\/li>\n<li>Censura y represi\u00f3n.<\/li>\n<li>Los guardianes de internet.<\/li>\n<\/ul>\n<p>Gracias a esta escritora podemos tomar conciencia de la importancia de <strong>anticiparnos<\/strong> a esta situaci\u00f3n antes de que sea <strong>demasiado tarde<\/strong>.<\/p>\n<p>Como narra la contraportada de su <a href=\"https:\/\/t.co\/thC88QS0eA?amp=1\" target=\"_blank\" rel=\"noopener\">libro<\/a>:<\/p>\n<blockquote><p>Error 404 no es una distop\u00eda. Es un impactante ensayo que trata de anticiparse a ella\u00a0 antes de que sea demasiado tarde. Estas p\u00e1ginas analizan los temas de ahora, tan urgentes como cruciales, con una perspectiva cr\u00edtica y propositiva, pues tal\u00a0 como defiende su autora, a pesar de todo a\u00fan hay motivos para la esperanza.<\/p><\/blockquote>\n\n\t\t<style type=\"text\/css\">\n\t\t\t#gallery-1 {\n\t\t\t\tmargin: auto;\n\t\t\t}\n\t\t\t#gallery-1 .gallery-item {\n\t\t\t\tfloat: left;\n\t\t\t\tmargin-top: 10px;\n\t\t\t\ttext-align: center;\n\t\t\t\twidth: 50%;\n\t\t\t}\n\t\t\t#gallery-1 img {\n\t\t\t\tborder: 2px solid #cfcfcf;\n\t\t\t}\n\t\t\t#gallery-1 .gallery-caption {\n\t\t\t\tmargin-left: 0;\n\t\t\t}\n\t\t\t\/* see gallery_shortcode() in wp-includes\/media.php *\/\n\t\t<\/style>\n\t\t<div id='gallery-1' class='gallery galleryid-1706 gallery-columns-2 gallery-size-large'><dl class='gallery-item'>\n\t\t\t<dt class='gallery-icon landscape'>\n\t\t\t\t<a href='https:\/\/residenciarucab.es\/blog\/error-404\/esther-paniagua-2\/'><img loading=\"lazy\" decoding=\"async\" width=\"700\" height=\"394\" src=\"https:\/\/residenciarucab.es\/blog\/wp-content\/uploads\/2021\/11\/Esther-Paniagua-1-1-1024x576.jpg\" class=\"attachment-large size-large\" alt=\"\" srcset=\"https:\/\/residenciarucab.es\/blog\/wp-content\/uploads\/2021\/11\/Esther-Paniagua-1-1-1024x576.jpg 1024w, https:\/\/residenciarucab.es\/blog\/wp-content\/uploads\/2021\/11\/Esther-Paniagua-1-1-300x169.jpg 300w, https:\/\/residenciarucab.es\/blog\/wp-content\/uploads\/2021\/11\/Esther-Paniagua-1-1-768x432.jpg 768w, https:\/\/residenciarucab.es\/blog\/wp-content\/uploads\/2021\/11\/Esther-Paniagua-1-1-1140x641.jpg 1140w, https:\/\/residenciarucab.es\/blog\/wp-content\/uploads\/2021\/11\/Esther-Paniagua-1-1-552x311.jpg 552w, https:\/\/residenciarucab.es\/blog\/wp-content\/uploads\/2021\/11\/Esther-Paniagua-1-1.jpg 1280w\" sizes=\"auto, (max-width: 700px) 100vw, 700px\" \/><\/a>\n\t\t\t<\/dt><\/dl><dl class='gallery-item'>\n\t\t\t<dt class='gallery-icon landscape'>\n\t\t\t\t<a href='https:\/\/residenciarucab.es\/blog\/error-404\/firma-delibros-de-esther-paniagua\/'><img loading=\"lazy\" decoding=\"async\" width=\"700\" height=\"394\" src=\"https:\/\/residenciarucab.es\/blog\/wp-content\/uploads\/2021\/11\/firma-delibros-de-esther-paniagua-1024x576.jpg\" class=\"attachment-large size-large\" alt=\"\" srcset=\"https:\/\/residenciarucab.es\/blog\/wp-content\/uploads\/2021\/11\/firma-delibros-de-esther-paniagua-1024x576.jpg 1024w, https:\/\/residenciarucab.es\/blog\/wp-content\/uploads\/2021\/11\/firma-delibros-de-esther-paniagua-300x169.jpg 300w, https:\/\/residenciarucab.es\/blog\/wp-content\/uploads\/2021\/11\/firma-delibros-de-esther-paniagua-768x432.jpg 768w, https:\/\/residenciarucab.es\/blog\/wp-content\/uploads\/2021\/11\/firma-delibros-de-esther-paniagua-1140x641.jpg 1140w, https:\/\/residenciarucab.es\/blog\/wp-content\/uploads\/2021\/11\/firma-delibros-de-esther-paniagua-552x311.jpg 552w, https:\/\/residenciarucab.es\/blog\/wp-content\/uploads\/2021\/11\/firma-delibros-de-esther-paniagua.jpg 1280w\" sizes=\"auto, (max-width: 700px) 100vw, 700px\" \/><\/a>\n\t\t\t<\/dt><\/dl><br style=\"clear: both\" \/><dl class='gallery-item'>\n\t\t\t<dt class='gallery-icon landscape'>\n\t\t\t\t<a href='https:\/\/residenciarucab.es\/blog\/error-404\/publico-esther-paniagua\/'><img loading=\"lazy\" decoding=\"async\" width=\"700\" height=\"394\" src=\"https:\/\/residenciarucab.es\/blog\/wp-content\/uploads\/2021\/11\/publico-esther-paniagua-1024x576.jpg\" class=\"attachment-large size-large\" alt=\"\" srcset=\"https:\/\/residenciarucab.es\/blog\/wp-content\/uploads\/2021\/11\/publico-esther-paniagua-1024x576.jpg 1024w, https:\/\/residenciarucab.es\/blog\/wp-content\/uploads\/2021\/11\/publico-esther-paniagua-300x169.jpg 300w, https:\/\/residenciarucab.es\/blog\/wp-content\/uploads\/2021\/11\/publico-esther-paniagua-768x432.jpg 768w, https:\/\/residenciarucab.es\/blog\/wp-content\/uploads\/2021\/11\/publico-esther-paniagua-1140x641.jpg 1140w, https:\/\/residenciarucab.es\/blog\/wp-content\/uploads\/2021\/11\/publico-esther-paniagua-552x311.jpg 552w, https:\/\/residenciarucab.es\/blog\/wp-content\/uploads\/2021\/11\/publico-esther-paniagua.jpg 1280w\" sizes=\"auto, (max-width: 700px) 100vw, 700px\" \/><\/a>\n\t\t\t<\/dt><\/dl><dl class='gallery-item'>\n\t\t\t<dt class='gallery-icon landscape'>\n\t\t\t\t<a href='https:\/\/residenciarucab.es\/blog\/error-404\/emilio-jimenez-y-esther-paniagua\/'><img loading=\"lazy\" decoding=\"async\" width=\"700\" height=\"394\" src=\"https:\/\/residenciarucab.es\/blog\/wp-content\/uploads\/2021\/11\/emilio-jimenez-y-esther-paniagua-1024x576.jpg\" class=\"attachment-large size-large\" alt=\"\" srcset=\"https:\/\/residenciarucab.es\/blog\/wp-content\/uploads\/2021\/11\/emilio-jimenez-y-esther-paniagua-1024x576.jpg 1024w, https:\/\/residenciarucab.es\/blog\/wp-content\/uploads\/2021\/11\/emilio-jimenez-y-esther-paniagua-300x169.jpg 300w, https:\/\/residenciarucab.es\/blog\/wp-content\/uploads\/2021\/11\/emilio-jimenez-y-esther-paniagua-768x432.jpg 768w, https:\/\/residenciarucab.es\/blog\/wp-content\/uploads\/2021\/11\/emilio-jimenez-y-esther-paniagua-1140x641.jpg 1140w, https:\/\/residenciarucab.es\/blog\/wp-content\/uploads\/2021\/11\/emilio-jimenez-y-esther-paniagua-552x311.jpg 552w, https:\/\/residenciarucab.es\/blog\/wp-content\/uploads\/2021\/11\/emilio-jimenez-y-esther-paniagua.jpg 1280w\" sizes=\"auto, (max-width: 700px) 100vw, 700px\" \/><\/a>\n\t\t\t<\/dt><\/dl><br style=\"clear: both\" \/>\n\t\t<\/div>\n\n<p>M\u00e1s informaci\u00f3n sobre la RUCAB <a href=\"https:\/\/residenciarucab.es\/blog\/\" target=\"_blank\" rel=\"noopener\">aqu\u00ed<\/a>.<\/p>\n","protected":false},"excerpt":{"rendered":"<p class=\"post-excerpt\">Hablamos con la periodista y escritora Esther Paniagua, sobre su nuevo libro &#8216;Error 404 \u00bfestamos preparados para un mundo sin internet?&#8217;, para abordar las m\u00faltiples formas en las que internet se est\u00e1 cayendo y c\u00f3mo podr\u00eda producirse un gran apag\u00f3n de la red de redes. Hablar del fin de internet&#8230;<\/p>\n","protected":false},"author":1,"featured_media":1710,"comment_status":"open","ping_status":"open","sticky":false,"template":"","format":"standard","meta":{"footnotes":""},"categories":[1],"tags":[395,390,396,393,394,391,392,205],"class_list":["post-1706","post","type-post","status-publish","format-standard","has-post-thumbnail","hentry","category-noticias","tag-amazon","tag-error-404","tag-esther-paniagua","tag-globalizacion","tag-google","tag-internet","tag-red","tag-tecnologia"],"yoast_head":"<!-- This site is optimized with the Yoast SEO plugin v27.5 - https:\/\/yoast.com\/product\/yoast-seo-wordpress\/ -->\n<title>Error 404 \u00bfpreparados para un mundo sin internet? - BLOG RUCAB<\/title>\n<meta name=\"description\" content=\"Hablamos con la periodista y escritora Esther Paniagua, sobre su nuevo libro &#039;Error 404 \u00bfestamos preparados para un mundo sin internet?&#039;.\" \/>\n<meta name=\"robots\" content=\"index, follow, max-snippet:-1, max-image-preview:large, max-video-preview:-1\" \/>\n<link rel=\"canonical\" href=\"https:\/\/residenciarucab.es\/blog\/error-404\/\" \/>\n<meta property=\"og:locale\" content=\"es_ES\" \/>\n<meta property=\"og:type\" content=\"article\" \/>\n<meta property=\"og:title\" content=\"Error 404 \u00bfpreparados para un mundo sin internet? - BLOG RUCAB\" \/>\n<meta property=\"og:description\" content=\"Hablamos con la periodista y escritora Esther Paniagua, sobre su nuevo libro &#039;Error 404 \u00bfestamos preparados para un mundo sin internet?&#039;.\" \/>\n<meta property=\"og:url\" content=\"https:\/\/residenciarucab.es\/blog\/error-404\/\" \/>\n<meta property=\"og:site_name\" content=\"BLOG RUCAB\" \/>\n<meta property=\"article:published_time\" content=\"2021-11-16T13:50:29+00:00\" \/>\n<meta property=\"article:modified_time\" content=\"2021-12-22T08:30:26+00:00\" \/>\n<meta property=\"og:image\" content=\"http:\/\/residenciarucab.es\/blog\/wp-content\/uploads\/2021\/11\/Esther-Paniagua-.jpg\" \/>\n\t<meta property=\"og:image:width\" content=\"1280\" \/>\n\t<meta property=\"og:image:height\" content=\"720\" \/>\n\t<meta property=\"og:image:type\" content=\"image\/jpeg\" \/>\n<meta name=\"author\" content=\"RUCAB\" \/>\n<meta name=\"twitter:card\" content=\"summary_large_image\" \/>\n<meta name=\"twitter:label1\" content=\"Escrito por\" \/>\n\t<meta name=\"twitter:data1\" content=\"RUCAB\" \/>\n\t<meta name=\"twitter:label2\" content=\"Tiempo de lectura\" \/>\n\t<meta name=\"twitter:data2\" content=\"1 minuto\" \/>\n<script type=\"application\/ld+json\" class=\"yoast-schema-graph\">{\"@context\":\"https:\\\/\\\/schema.org\",\"@graph\":[{\"@type\":\"Article\",\"@id\":\"https:\\\/\\\/residenciarucab.es\\\/blog\\\/error-404\\\/#article\",\"isPartOf\":{\"@id\":\"https:\\\/\\\/residenciarucab.es\\\/blog\\\/error-404\\\/\"},\"author\":{\"name\":\"RUCAB\",\"@id\":\"https:\\\/\\\/residenciarucab.es\\\/blog\\\/#\\\/schema\\\/person\\\/f759c867eac865f0ce36c767f26f9294\"},\"headline\":\"Error 404 \u00bfpreparados para un mundo sin internet?\",\"datePublished\":\"2021-11-16T13:50:29+00:00\",\"dateModified\":\"2021-12-22T08:30:26+00:00\",\"mainEntityOfPage\":{\"@id\":\"https:\\\/\\\/residenciarucab.es\\\/blog\\\/error-404\\\/\"},\"wordCount\":260,\"commentCount\":0,\"image\":{\"@id\":\"https:\\\/\\\/residenciarucab.es\\\/blog\\\/error-404\\\/#primaryimage\"},\"thumbnailUrl\":\"https:\\\/\\\/residenciarucab.es\\\/blog\\\/wp-content\\\/uploads\\\/2021\\\/11\\\/Esther-Paniagua-.jpg\",\"keywords\":[\"Amazon\",\"error 404\",\"Esther Paniagua\",\"globalizaci\u00f3n\",\"Google\",\"internet\",\"red\",\"tecnologia\"],\"articleSection\":[\"Noticias\"],\"inLanguage\":\"es\",\"potentialAction\":[{\"@type\":\"CommentAction\",\"name\":\"Comment\",\"target\":[\"https:\\\/\\\/residenciarucab.es\\\/blog\\\/error-404\\\/#respond\"]}]},{\"@type\":\"WebPage\",\"@id\":\"https:\\\/\\\/residenciarucab.es\\\/blog\\\/error-404\\\/\",\"url\":\"https:\\\/\\\/residenciarucab.es\\\/blog\\\/error-404\\\/\",\"name\":\"Error 404 \u00bfpreparados para un mundo sin internet? - BLOG RUCAB\",\"isPartOf\":{\"@id\":\"https:\\\/\\\/residenciarucab.es\\\/blog\\\/#website\"},\"primaryImageOfPage\":{\"@id\":\"https:\\\/\\\/residenciarucab.es\\\/blog\\\/error-404\\\/#primaryimage\"},\"image\":{\"@id\":\"https:\\\/\\\/residenciarucab.es\\\/blog\\\/error-404\\\/#primaryimage\"},\"thumbnailUrl\":\"https:\\\/\\\/residenciarucab.es\\\/blog\\\/wp-content\\\/uploads\\\/2021\\\/11\\\/Esther-Paniagua-.jpg\",\"datePublished\":\"2021-11-16T13:50:29+00:00\",\"dateModified\":\"2021-12-22T08:30:26+00:00\",\"author\":{\"@id\":\"https:\\\/\\\/residenciarucab.es\\\/blog\\\/#\\\/schema\\\/person\\\/f759c867eac865f0ce36c767f26f9294\"},\"description\":\"Hablamos con la periodista y escritora Esther Paniagua, sobre su nuevo libro 'Error 404 \u00bfestamos preparados para un mundo sin internet?'.\",\"breadcrumb\":{\"@id\":\"https:\\\/\\\/residenciarucab.es\\\/blog\\\/error-404\\\/#breadcrumb\"},\"inLanguage\":\"es\",\"potentialAction\":[{\"@type\":\"ReadAction\",\"target\":[\"https:\\\/\\\/residenciarucab.es\\\/blog\\\/error-404\\\/\"]}]},{\"@type\":\"ImageObject\",\"inLanguage\":\"es\",\"@id\":\"https:\\\/\\\/residenciarucab.es\\\/blog\\\/error-404\\\/#primaryimage\",\"url\":\"https:\\\/\\\/residenciarucab.es\\\/blog\\\/wp-content\\\/uploads\\\/2021\\\/11\\\/Esther-Paniagua-.jpg\",\"contentUrl\":\"https:\\\/\\\/residenciarucab.es\\\/blog\\\/wp-content\\\/uploads\\\/2021\\\/11\\\/Esther-Paniagua-.jpg\",\"width\":1280,\"height\":720,\"caption\":\"Presentaci\u00f3n del libro de Esther Paniagua\"},{\"@type\":\"BreadcrumbList\",\"@id\":\"https:\\\/\\\/residenciarucab.es\\\/blog\\\/error-404\\\/#breadcrumb\",\"itemListElement\":[{\"@type\":\"ListItem\",\"position\":1,\"name\":\"Portada\",\"item\":\"https:\\\/\\\/residenciarucab.es\\\/blog\\\/\"},{\"@type\":\"ListItem\",\"position\":2,\"name\":\"Error 404 \u00bfpreparados para un mundo sin internet?\"}]},{\"@type\":\"WebSite\",\"@id\":\"https:\\\/\\\/residenciarucab.es\\\/blog\\\/#website\",\"url\":\"https:\\\/\\\/residenciarucab.es\\\/blog\\\/\",\"name\":\"BLOG RUCAB\",\"description\":\"\u00a1Todas las novedades de nuestra residencia universitaria!\",\"potentialAction\":[{\"@type\":\"SearchAction\",\"target\":{\"@type\":\"EntryPoint\",\"urlTemplate\":\"https:\\\/\\\/residenciarucab.es\\\/blog\\\/?s={search_term_string}\"},\"query-input\":{\"@type\":\"PropertyValueSpecification\",\"valueRequired\":true,\"valueName\":\"search_term_string\"}}],\"inLanguage\":\"es\"},{\"@type\":\"Person\",\"@id\":\"https:\\\/\\\/residenciarucab.es\\\/blog\\\/#\\\/schema\\\/person\\\/f759c867eac865f0ce36c767f26f9294\",\"name\":\"RUCAB\",\"image\":{\"@type\":\"ImageObject\",\"inLanguage\":\"es\",\"@id\":\"https:\\\/\\\/residenciarucab.es\\\/blog\\\/wp-content\\\/uploads\\\/2019\\\/07\\\/r-rosa.png\",\"url\":\"https:\\\/\\\/residenciarucab.es\\\/blog\\\/wp-content\\\/uploads\\\/2019\\\/07\\\/r-rosa.png\",\"contentUrl\":\"https:\\\/\\\/residenciarucab.es\\\/blog\\\/wp-content\\\/uploads\\\/2019\\\/07\\\/r-rosa.png\",\"caption\":\"RUCAB\"},\"description\":\"La RUCAB es un referente en Extremadura por la calidad de sus instalaciones y por su estilo de vida, basado en valores de convivencia, respeto y educaci\u00f3n. Una residencia junto al campus y con todas las necesidades cubiertas.\",\"url\":\"https:\\\/\\\/residenciarucab.es\\\/blog\\\/author\\\/rucab_blog\\\/\"}]}<\/script>\n<!-- \/ Yoast SEO plugin. -->","yoast_head_json":{"title":"Error 404 \u00bfpreparados para un mundo sin internet? - BLOG RUCAB","description":"Hablamos con la periodista y escritora Esther Paniagua, sobre su nuevo libro 'Error 404 \u00bfestamos preparados para un mundo sin internet?'.","robots":{"index":"index","follow":"follow","max-snippet":"max-snippet:-1","max-image-preview":"max-image-preview:large","max-video-preview":"max-video-preview:-1"},"canonical":"https:\/\/residenciarucab.es\/blog\/error-404\/","og_locale":"es_ES","og_type":"article","og_title":"Error 404 \u00bfpreparados para un mundo sin internet? - BLOG RUCAB","og_description":"Hablamos con la periodista y escritora Esther Paniagua, sobre su nuevo libro 'Error 404 \u00bfestamos preparados para un mundo sin internet?'.","og_url":"https:\/\/residenciarucab.es\/blog\/error-404\/","og_site_name":"BLOG RUCAB","article_published_time":"2021-11-16T13:50:29+00:00","article_modified_time":"2021-12-22T08:30:26+00:00","og_image":[{"width":1280,"height":720,"url":"http:\/\/residenciarucab.es\/blog\/wp-content\/uploads\/2021\/11\/Esther-Paniagua-.jpg","type":"image\/jpeg"}],"author":"RUCAB","twitter_card":"summary_large_image","twitter_misc":{"Escrito por":"RUCAB","Tiempo de lectura":"1 minuto"},"schema":{"@context":"https:\/\/schema.org","@graph":[{"@type":"Article","@id":"https:\/\/residenciarucab.es\/blog\/error-404\/#article","isPartOf":{"@id":"https:\/\/residenciarucab.es\/blog\/error-404\/"},"author":{"name":"RUCAB","@id":"https:\/\/residenciarucab.es\/blog\/#\/schema\/person\/f759c867eac865f0ce36c767f26f9294"},"headline":"Error 404 \u00bfpreparados para un mundo sin internet?","datePublished":"2021-11-16T13:50:29+00:00","dateModified":"2021-12-22T08:30:26+00:00","mainEntityOfPage":{"@id":"https:\/\/residenciarucab.es\/blog\/error-404\/"},"wordCount":260,"commentCount":0,"image":{"@id":"https:\/\/residenciarucab.es\/blog\/error-404\/#primaryimage"},"thumbnailUrl":"https:\/\/residenciarucab.es\/blog\/wp-content\/uploads\/2021\/11\/Esther-Paniagua-.jpg","keywords":["Amazon","error 404","Esther Paniagua","globalizaci\u00f3n","Google","internet","red","tecnologia"],"articleSection":["Noticias"],"inLanguage":"es","potentialAction":[{"@type":"CommentAction","name":"Comment","target":["https:\/\/residenciarucab.es\/blog\/error-404\/#respond"]}]},{"@type":"WebPage","@id":"https:\/\/residenciarucab.es\/blog\/error-404\/","url":"https:\/\/residenciarucab.es\/blog\/error-404\/","name":"Error 404 \u00bfpreparados para un mundo sin internet? - BLOG RUCAB","isPartOf":{"@id":"https:\/\/residenciarucab.es\/blog\/#website"},"primaryImageOfPage":{"@id":"https:\/\/residenciarucab.es\/blog\/error-404\/#primaryimage"},"image":{"@id":"https:\/\/residenciarucab.es\/blog\/error-404\/#primaryimage"},"thumbnailUrl":"https:\/\/residenciarucab.es\/blog\/wp-content\/uploads\/2021\/11\/Esther-Paniagua-.jpg","datePublished":"2021-11-16T13:50:29+00:00","dateModified":"2021-12-22T08:30:26+00:00","author":{"@id":"https:\/\/residenciarucab.es\/blog\/#\/schema\/person\/f759c867eac865f0ce36c767f26f9294"},"description":"Hablamos con la periodista y escritora Esther Paniagua, sobre su nuevo libro 'Error 404 \u00bfestamos preparados para un mundo sin internet?'.","breadcrumb":{"@id":"https:\/\/residenciarucab.es\/blog\/error-404\/#breadcrumb"},"inLanguage":"es","potentialAction":[{"@type":"ReadAction","target":["https:\/\/residenciarucab.es\/blog\/error-404\/"]}]},{"@type":"ImageObject","inLanguage":"es","@id":"https:\/\/residenciarucab.es\/blog\/error-404\/#primaryimage","url":"https:\/\/residenciarucab.es\/blog\/wp-content\/uploads\/2021\/11\/Esther-Paniagua-.jpg","contentUrl":"https:\/\/residenciarucab.es\/blog\/wp-content\/uploads\/2021\/11\/Esther-Paniagua-.jpg","width":1280,"height":720,"caption":"Presentaci\u00f3n del libro de Esther Paniagua"},{"@type":"BreadcrumbList","@id":"https:\/\/residenciarucab.es\/blog\/error-404\/#breadcrumb","itemListElement":[{"@type":"ListItem","position":1,"name":"Portada","item":"https:\/\/residenciarucab.es\/blog\/"},{"@type":"ListItem","position":2,"name":"Error 404 \u00bfpreparados para un mundo sin internet?"}]},{"@type":"WebSite","@id":"https:\/\/residenciarucab.es\/blog\/#website","url":"https:\/\/residenciarucab.es\/blog\/","name":"BLOG RUCAB","description":"\u00a1Todas las novedades de nuestra residencia universitaria!","potentialAction":[{"@type":"SearchAction","target":{"@type":"EntryPoint","urlTemplate":"https:\/\/residenciarucab.es\/blog\/?s={search_term_string}"},"query-input":{"@type":"PropertyValueSpecification","valueRequired":true,"valueName":"search_term_string"}}],"inLanguage":"es"},{"@type":"Person","@id":"https:\/\/residenciarucab.es\/blog\/#\/schema\/person\/f759c867eac865f0ce36c767f26f9294","name":"RUCAB","image":{"@type":"ImageObject","inLanguage":"es","@id":"https:\/\/residenciarucab.es\/blog\/wp-content\/uploads\/2019\/07\/r-rosa.png","url":"https:\/\/residenciarucab.es\/blog\/wp-content\/uploads\/2019\/07\/r-rosa.png","contentUrl":"https:\/\/residenciarucab.es\/blog\/wp-content\/uploads\/2019\/07\/r-rosa.png","caption":"RUCAB"},"description":"La RUCAB es un referente en Extremadura por la calidad de sus instalaciones y por su estilo de vida, basado en valores de convivencia, respeto y educaci\u00f3n. Una residencia junto al campus y con todas las necesidades cubiertas.","url":"https:\/\/residenciarucab.es\/blog\/author\/rucab_blog\/"}]}},"_links":{"self":[{"href":"https:\/\/residenciarucab.es\/blog\/wp-json\/wp\/v2\/posts\/1706","targetHints":{"allow":["GET"]}}],"collection":[{"href":"https:\/\/residenciarucab.es\/blog\/wp-json\/wp\/v2\/posts"}],"about":[{"href":"https:\/\/residenciarucab.es\/blog\/wp-json\/wp\/v2\/types\/post"}],"author":[{"embeddable":true,"href":"https:\/\/residenciarucab.es\/blog\/wp-json\/wp\/v2\/users\/1"}],"replies":[{"embeddable":true,"href":"https:\/\/residenciarucab.es\/blog\/wp-json\/wp\/v2\/comments?post=1706"}],"version-history":[{"count":7,"href":"https:\/\/residenciarucab.es\/blog\/wp-json\/wp\/v2\/posts\/1706\/revisions"}],"predecessor-version":[{"id":1718,"href":"https:\/\/residenciarucab.es\/blog\/wp-json\/wp\/v2\/posts\/1706\/revisions\/1718"}],"wp:featuredmedia":[{"embeddable":true,"href":"https:\/\/residenciarucab.es\/blog\/wp-json\/wp\/v2\/media\/1710"}],"wp:attachment":[{"href":"https:\/\/residenciarucab.es\/blog\/wp-json\/wp\/v2\/media?parent=1706"}],"wp:term":[{"taxonomy":"category","embeddable":true,"href":"https:\/\/residenciarucab.es\/blog\/wp-json\/wp\/v2\/categories?post=1706"},{"taxonomy":"post_tag","embeddable":true,"href":"https:\/\/residenciarucab.es\/blog\/wp-json\/wp\/v2\/tags?post=1706"}],"curies":[{"name":"wp","href":"https:\/\/api.w.org\/{rel}","templated":true}]}}