

{"id":1719,"date":"2021-11-24T10:35:45","date_gmt":"2021-11-24T09:35:45","guid":{"rendered":"https:\/\/residenciarucab.es\/blog\/?p=1719"},"modified":"2021-12-20T09:03:39","modified_gmt":"2021-12-20T08:03:39","slug":"cata-de-vino-rucab","status":"publish","type":"post","link":"https:\/\/residenciarucab.es\/blog\/cata-de-vino-rucab\/","title":{"rendered":"Cata de vino Bodega Encina Blanca de Alburquerque"},"content":{"rendered":"<h4>El pasado 9 de noviembre se realiz\u00f3 una cata de vino de la Bodega Encina Blanca de Alburquerque para conocer y apreciar las diferencias entre los tres vinos servidos, valorando la vista, el olor y el gusto.<\/h4>\n<p>Podemos decir que hemos aprendido mucho, gracias a los profesionales encargados de ense\u00f1arnos todos los secretos que envuelven el mundo del <strong>vino<\/strong>, ellos son:<\/p>\n<ul>\n<li><strong>Antonio Mac\u00edas Garc\u00eda<\/strong>, miembro de la Academia Extreme\u00f1a de Gastronom\u00eda y Catedr\u00e1tico de la Universidad de Extremadura.<\/li>\n<li><strong>Jos\u00e9 Rivero Sud\u00f3n<\/strong>, fundador y gestor de <a href=\"https:\/\/encinablancadealburquerque.es\/\" target=\"_blank\" rel=\"noopener\">Bodega Encina Blanca<\/a>.<\/li>\n<li><strong>Esther Gamero Samino<\/strong>, en\u00f3loga de la Bodega Encina Blanca.<\/li>\n<\/ul>\n<p>Para esta cata la bodega ha tra\u00eddo tres vinos:<\/p>\n<ol>\n<li><b>Espumoso Brut\u00a0 2018, elaborado <\/b>con uvas de variedades aut\u00f3ctonas\u00a0 junto con algo de Chardonnay. procedente de los vi\u00f1edos propios. La elaboraci\u00f3n es 24 meses en botella para lograr una calidad perfecta. Este brut es \u00a0suave,\u00a0 afrutado, dulce, con finas y\u00a0 refrescantes\u00a0 burbujas.<\/li>\n<li><strong>&#8216;Blanco 12 cepas 2020&#8217;,<\/strong> es un vino singular caracterizado por la diversidad de variedades aut\u00f3ctonas minoritarias que se emplean en su elaboraci\u00f3n y adem\u00e1s por la complejidad sensorial que le aportan cada una de ellas.<\/li>\n<li><strong>&#8216;Tinto 9 Cepas&#8217;<\/strong>\u00a0elaborado con nueve variedades de sus propios vi\u00f1edos, presenta\u00a0 la\u00a0 potencia \u00a0de las variedades y\u00a0 la experiencia\u00a0 del envejecimiento en madera \u00a0para lograr un vino corpulento, de gran finura, que a\u00fana la fruta fresca y sabrosa con taninos amables y toques de madera en boca.<\/li>\n<\/ol>\n<p>Durante la cata de vino no ha faltado un buen armonizaje, compuesto de jam\u00f3n, queso y piquitos de pan del catering Pedro M\u00e9ndez.<\/p>\n\n\t\t<style type=\"text\/css\">\n\t\t\t#gallery-1 {\n\t\t\t\tmargin: auto;\n\t\t\t}\n\t\t\t#gallery-1 .gallery-item {\n\t\t\t\tfloat: left;\n\t\t\t\tmargin-top: 10px;\n\t\t\t\ttext-align: center;\n\t\t\t\twidth: 50%;\n\t\t\t}\n\t\t\t#gallery-1 img {\n\t\t\t\tborder: 2px solid #cfcfcf;\n\t\t\t}\n\t\t\t#gallery-1 .gallery-caption {\n\t\t\t\tmargin-left: 0;\n\t\t\t}\n\t\t\t\/* see gallery_shortcode() in wp-includes\/media.php *\/\n\t\t<\/style>\n\t\t<div id='gallery-1' class='gallery galleryid-1719 gallery-columns-2 gallery-size-large'><dl class='gallery-item'>\n\t\t\t<dt class='gallery-icon landscape'>\n\t\t\t\t<a href='https:\/\/residenciarucab.es\/blog\/cata-de-vino-rucab\/cata-de-vino-1-2\/'><img loading=\"lazy\" decoding=\"async\" width=\"700\" height=\"394\" src=\"https:\/\/residenciarucab.es\/blog\/wp-content\/uploads\/2021\/11\/cata-de-vino-1-1-1024x576.jpg\" class=\"attachment-large size-large\" alt=\"\" srcset=\"https:\/\/residenciarucab.es\/blog\/wp-content\/uploads\/2021\/11\/cata-de-vino-1-1-1024x576.jpg 1024w, https:\/\/residenciarucab.es\/blog\/wp-content\/uploads\/2021\/11\/cata-de-vino-1-1-300x169.jpg 300w, https:\/\/residenciarucab.es\/blog\/wp-content\/uploads\/2021\/11\/cata-de-vino-1-1-768x432.jpg 768w, https:\/\/residenciarucab.es\/blog\/wp-content\/uploads\/2021\/11\/cata-de-vino-1-1-1140x641.jpg 1140w, https:\/\/residenciarucab.es\/blog\/wp-content\/uploads\/2021\/11\/cata-de-vino-1-1-552x311.jpg 552w, https:\/\/residenciarucab.es\/blog\/wp-content\/uploads\/2021\/11\/cata-de-vino-1-1.jpg 1280w\" sizes=\"auto, (max-width: 700px) 100vw, 700px\" \/><\/a>\n\t\t\t<\/dt><\/dl><dl class='gallery-item'>\n\t\t\t<dt class='gallery-icon landscape'>\n\t\t\t\t<a href='https:\/\/residenciarucab.es\/blog\/cata-de-vino-rucab\/cata-de-vino-2\/'><img loading=\"lazy\" decoding=\"async\" width=\"700\" height=\"394\" src=\"https:\/\/residenciarucab.es\/blog\/wp-content\/uploads\/2021\/11\/cata-de-vino-2-1024x576.jpg\" class=\"attachment-large size-large\" alt=\"\" srcset=\"https:\/\/residenciarucab.es\/blog\/wp-content\/uploads\/2021\/11\/cata-de-vino-2-1024x576.jpg 1024w, https:\/\/residenciarucab.es\/blog\/wp-content\/uploads\/2021\/11\/cata-de-vino-2-300x169.jpg 300w, https:\/\/residenciarucab.es\/blog\/wp-content\/uploads\/2021\/11\/cata-de-vino-2-768x432.jpg 768w, https:\/\/residenciarucab.es\/blog\/wp-content\/uploads\/2021\/11\/cata-de-vino-2-1140x641.jpg 1140w, https:\/\/residenciarucab.es\/blog\/wp-content\/uploads\/2021\/11\/cata-de-vino-2-552x311.jpg 552w, https:\/\/residenciarucab.es\/blog\/wp-content\/uploads\/2021\/11\/cata-de-vino-2.jpg 1280w\" sizes=\"auto, (max-width: 700px) 100vw, 700px\" \/><\/a>\n\t\t\t<\/dt><\/dl><br style=\"clear: both\" \/><dl class='gallery-item'>\n\t\t\t<dt class='gallery-icon landscape'>\n\t\t\t\t<a href='https:\/\/residenciarucab.es\/blog\/cata-de-vino-rucab\/cata-de-vino-3\/'><img loading=\"lazy\" decoding=\"async\" width=\"700\" height=\"394\" src=\"https:\/\/residenciarucab.es\/blog\/wp-content\/uploads\/2021\/11\/cata-de-vino-3-1024x576.jpg\" class=\"attachment-large size-large\" alt=\"\" srcset=\"https:\/\/residenciarucab.es\/blog\/wp-content\/uploads\/2021\/11\/cata-de-vino-3-1024x576.jpg 1024w, https:\/\/residenciarucab.es\/blog\/wp-content\/uploads\/2021\/11\/cata-de-vino-3-300x169.jpg 300w, https:\/\/residenciarucab.es\/blog\/wp-content\/uploads\/2021\/11\/cata-de-vino-3-768x432.jpg 768w, https:\/\/residenciarucab.es\/blog\/wp-content\/uploads\/2021\/11\/cata-de-vino-3-1140x641.jpg 1140w, https:\/\/residenciarucab.es\/blog\/wp-content\/uploads\/2021\/11\/cata-de-vino-3-552x311.jpg 552w, https:\/\/residenciarucab.es\/blog\/wp-content\/uploads\/2021\/11\/cata-de-vino-3.jpg 1280w\" sizes=\"auto, (max-width: 700px) 100vw, 700px\" \/><\/a>\n\t\t\t<\/dt><\/dl><dl class='gallery-item'>\n\t\t\t<dt class='gallery-icon landscape'>\n\t\t\t\t<a href='https:\/\/residenciarucab.es\/blog\/cata-de-vino-rucab\/cata-de-vino-4\/'><img loading=\"lazy\" decoding=\"async\" width=\"700\" height=\"394\" src=\"https:\/\/residenciarucab.es\/blog\/wp-content\/uploads\/2021\/11\/cata-de-vino-4-1024x576.jpg\" class=\"attachment-large size-large\" alt=\"\" srcset=\"https:\/\/residenciarucab.es\/blog\/wp-content\/uploads\/2021\/11\/cata-de-vino-4-1024x576.jpg 1024w, https:\/\/residenciarucab.es\/blog\/wp-content\/uploads\/2021\/11\/cata-de-vino-4-300x169.jpg 300w, https:\/\/residenciarucab.es\/blog\/wp-content\/uploads\/2021\/11\/cata-de-vino-4-768x432.jpg 768w, https:\/\/residenciarucab.es\/blog\/wp-content\/uploads\/2021\/11\/cata-de-vino-4-1140x641.jpg 1140w, https:\/\/residenciarucab.es\/blog\/wp-content\/uploads\/2021\/11\/cata-de-vino-4-552x311.jpg 552w, https:\/\/residenciarucab.es\/blog\/wp-content\/uploads\/2021\/11\/cata-de-vino-4.jpg 1280w\" sizes=\"auto, (max-width: 700px) 100vw, 700px\" \/><\/a>\n\t\t\t<\/dt><\/dl><br style=\"clear: both\" \/>\n\t\t<\/div>\n\n<p>&nbsp;<\/p>\n","protected":false},"excerpt":{"rendered":"<p class=\"post-excerpt\">El pasado 9 de noviembre se realiz\u00f3 una cata de vino de la Bodega Encina Blanca de Alburquerque para conocer y apreciar las diferencias entre los tres vinos servidos, valorando la vista, el olor y el gusto. Podemos decir que hemos aprendido mucho, gracias a los profesionales encargados de ense\u00f1arnos&#8230;<\/p>\n","protected":false},"author":1,"featured_media":1722,"comment_status":"open","ping_status":"open","sticky":false,"template":"","format":"standard","meta":{"footnotes":""},"categories":[1],"tags":[401,399,397,400,398],"class_list":["post-1719","post","type-post","status-publish","format-standard","has-post-thumbnail","hentry","category-noticias","tag-alburquerque","tag-bodega","tag-cata","tag-encina-blanca","tag-vino"],"yoast_head":"<!-- This site is optimized with the Yoast SEO plugin v27.5 - https:\/\/yoast.com\/product\/yoast-seo-wordpress\/ -->\n<title>Cata de vino Bodega Encina Blanca de Alburquerque - BLOG RUCAB<\/title>\n<meta name=\"description\" content=\"El 9 de noviembre realizamos una cata de vino de la Bodega Encina Blanca de Alburquerque para conocer sus vinos.\" \/>\n<meta name=\"robots\" content=\"index, follow, max-snippet:-1, max-image-preview:large, max-video-preview:-1\" \/>\n<link rel=\"canonical\" href=\"https:\/\/residenciarucab.es\/blog\/cata-de-vino-rucab\/\" \/>\n<meta property=\"og:locale\" content=\"es_ES\" \/>\n<meta property=\"og:type\" content=\"article\" \/>\n<meta property=\"og:title\" content=\"Cata de vino Bodega Encina Blanca de Alburquerque - BLOG RUCAB\" \/>\n<meta property=\"og:description\" content=\"El 9 de noviembre realizamos una cata de vino de la Bodega Encina Blanca de Alburquerque para conocer sus vinos.\" \/>\n<meta property=\"og:url\" content=\"https:\/\/residenciarucab.es\/blog\/cata-de-vino-rucab\/\" \/>\n<meta property=\"og:site_name\" content=\"BLOG RUCAB\" \/>\n<meta property=\"article:published_time\" content=\"2021-11-24T09:35:45+00:00\" \/>\n<meta property=\"article:modified_time\" content=\"2021-12-20T08:03:39+00:00\" \/>\n<meta property=\"og:image\" content=\"http:\/\/residenciarucab.es\/blog\/wp-content\/uploads\/2021\/11\/cata-de-vino-1.jpg\" \/>\n\t<meta property=\"og:image:width\" content=\"1280\" \/>\n\t<meta property=\"og:image:height\" content=\"720\" \/>\n\t<meta property=\"og:image:type\" content=\"image\/jpeg\" \/>\n<meta name=\"author\" content=\"RUCAB\" \/>\n<meta name=\"twitter:card\" content=\"summary_large_image\" \/>\n<meta name=\"twitter:label1\" content=\"Escrito por\" \/>\n\t<meta name=\"twitter:data1\" content=\"RUCAB\" \/>\n\t<meta name=\"twitter:label2\" content=\"Tiempo de lectura\" \/>\n\t<meta name=\"twitter:data2\" content=\"1 minuto\" \/>\n<script type=\"application\/ld+json\" class=\"yoast-schema-graph\">{\"@context\":\"https:\\\/\\\/schema.org\",\"@graph\":[{\"@type\":\"Article\",\"@id\":\"https:\\\/\\\/residenciarucab.es\\\/blog\\\/cata-de-vino-rucab\\\/#article\",\"isPartOf\":{\"@id\":\"https:\\\/\\\/residenciarucab.es\\\/blog\\\/cata-de-vino-rucab\\\/\"},\"author\":{\"name\":\"RUCAB\",\"@id\":\"https:\\\/\\\/residenciarucab.es\\\/blog\\\/#\\\/schema\\\/person\\\/f759c867eac865f0ce36c767f26f9294\"},\"headline\":\"Cata de vino Bodega Encina Blanca de Alburquerque\",\"datePublished\":\"2021-11-24T09:35:45+00:00\",\"dateModified\":\"2021-12-20T08:03:39+00:00\",\"mainEntityOfPage\":{\"@id\":\"https:\\\/\\\/residenciarucab.es\\\/blog\\\/cata-de-vino-rucab\\\/\"},\"wordCount\":282,\"commentCount\":0,\"image\":{\"@id\":\"https:\\\/\\\/residenciarucab.es\\\/blog\\\/cata-de-vino-rucab\\\/#primaryimage\"},\"thumbnailUrl\":\"https:\\\/\\\/residenciarucab.es\\\/blog\\\/wp-content\\\/uploads\\\/2021\\\/11\\\/cata-de-vino-1.jpg\",\"keywords\":[\"Alburquerque\",\"bodega\",\"cata\",\"encina blanca\",\"vino\"],\"articleSection\":[\"Noticias\"],\"inLanguage\":\"es\",\"potentialAction\":[{\"@type\":\"CommentAction\",\"name\":\"Comment\",\"target\":[\"https:\\\/\\\/residenciarucab.es\\\/blog\\\/cata-de-vino-rucab\\\/#respond\"]}]},{\"@type\":\"WebPage\",\"@id\":\"https:\\\/\\\/residenciarucab.es\\\/blog\\\/cata-de-vino-rucab\\\/\",\"url\":\"https:\\\/\\\/residenciarucab.es\\\/blog\\\/cata-de-vino-rucab\\\/\",\"name\":\"Cata de vino Bodega Encina Blanca de Alburquerque - BLOG RUCAB\",\"isPartOf\":{\"@id\":\"https:\\\/\\\/residenciarucab.es\\\/blog\\\/#website\"},\"primaryImageOfPage\":{\"@id\":\"https:\\\/\\\/residenciarucab.es\\\/blog\\\/cata-de-vino-rucab\\\/#primaryimage\"},\"image\":{\"@id\":\"https:\\\/\\\/residenciarucab.es\\\/blog\\\/cata-de-vino-rucab\\\/#primaryimage\"},\"thumbnailUrl\":\"https:\\\/\\\/residenciarucab.es\\\/blog\\\/wp-content\\\/uploads\\\/2021\\\/11\\\/cata-de-vino-1.jpg\",\"datePublished\":\"2021-11-24T09:35:45+00:00\",\"dateModified\":\"2021-12-20T08:03:39+00:00\",\"author\":{\"@id\":\"https:\\\/\\\/residenciarucab.es\\\/blog\\\/#\\\/schema\\\/person\\\/f759c867eac865f0ce36c767f26f9294\"},\"description\":\"El 9 de noviembre realizamos una cata de vino de la Bodega Encina Blanca de Alburquerque para conocer sus vinos.\",\"breadcrumb\":{\"@id\":\"https:\\\/\\\/residenciarucab.es\\\/blog\\\/cata-de-vino-rucab\\\/#breadcrumb\"},\"inLanguage\":\"es\",\"potentialAction\":[{\"@type\":\"ReadAction\",\"target\":[\"https:\\\/\\\/residenciarucab.es\\\/blog\\\/cata-de-vino-rucab\\\/\"]}]},{\"@type\":\"ImageObject\",\"inLanguage\":\"es\",\"@id\":\"https:\\\/\\\/residenciarucab.es\\\/blog\\\/cata-de-vino-rucab\\\/#primaryimage\",\"url\":\"https:\\\/\\\/residenciarucab.es\\\/blog\\\/wp-content\\\/uploads\\\/2021\\\/11\\\/cata-de-vino-1.jpg\",\"contentUrl\":\"https:\\\/\\\/residenciarucab.es\\\/blog\\\/wp-content\\\/uploads\\\/2021\\\/11\\\/cata-de-vino-1.jpg\",\"width\":1280,\"height\":720,\"caption\":\"cata de vino en la rucab\"},{\"@type\":\"BreadcrumbList\",\"@id\":\"https:\\\/\\\/residenciarucab.es\\\/blog\\\/cata-de-vino-rucab\\\/#breadcrumb\",\"itemListElement\":[{\"@type\":\"ListItem\",\"position\":1,\"name\":\"Portada\",\"item\":\"https:\\\/\\\/residenciarucab.es\\\/blog\\\/\"},{\"@type\":\"ListItem\",\"position\":2,\"name\":\"Cata de vino Bodega Encina Blanca de Alburquerque\"}]},{\"@type\":\"WebSite\",\"@id\":\"https:\\\/\\\/residenciarucab.es\\\/blog\\\/#website\",\"url\":\"https:\\\/\\\/residenciarucab.es\\\/blog\\\/\",\"name\":\"BLOG RUCAB\",\"description\":\"\u00a1Todas las novedades de nuestra residencia universitaria!\",\"potentialAction\":[{\"@type\":\"SearchAction\",\"target\":{\"@type\":\"EntryPoint\",\"urlTemplate\":\"https:\\\/\\\/residenciarucab.es\\\/blog\\\/?s={search_term_string}\"},\"query-input\":{\"@type\":\"PropertyValueSpecification\",\"valueRequired\":true,\"valueName\":\"search_term_string\"}}],\"inLanguage\":\"es\"},{\"@type\":\"Person\",\"@id\":\"https:\\\/\\\/residenciarucab.es\\\/blog\\\/#\\\/schema\\\/person\\\/f759c867eac865f0ce36c767f26f9294\",\"name\":\"RUCAB\",\"image\":{\"@type\":\"ImageObject\",\"inLanguage\":\"es\",\"@id\":\"https:\\\/\\\/residenciarucab.es\\\/blog\\\/wp-content\\\/uploads\\\/2019\\\/07\\\/r-rosa.png\",\"url\":\"https:\\\/\\\/residenciarucab.es\\\/blog\\\/wp-content\\\/uploads\\\/2019\\\/07\\\/r-rosa.png\",\"contentUrl\":\"https:\\\/\\\/residenciarucab.es\\\/blog\\\/wp-content\\\/uploads\\\/2019\\\/07\\\/r-rosa.png\",\"caption\":\"RUCAB\"},\"description\":\"La RUCAB es un referente en Extremadura por la calidad de sus instalaciones y por su estilo de vida, basado en valores de convivencia, respeto y educaci\u00f3n. Una residencia junto al campus y con todas las necesidades cubiertas.\",\"url\":\"https:\\\/\\\/residenciarucab.es\\\/blog\\\/author\\\/rucab_blog\\\/\"}]}<\/script>\n<!-- \/ Yoast SEO plugin. -->","yoast_head_json":{"title":"Cata de vino Bodega Encina Blanca de Alburquerque - BLOG RUCAB","description":"El 9 de noviembre realizamos una cata de vino de la Bodega Encina Blanca de Alburquerque para conocer sus vinos.","robots":{"index":"index","follow":"follow","max-snippet":"max-snippet:-1","max-image-preview":"max-image-preview:large","max-video-preview":"max-video-preview:-1"},"canonical":"https:\/\/residenciarucab.es\/blog\/cata-de-vino-rucab\/","og_locale":"es_ES","og_type":"article","og_title":"Cata de vino Bodega Encina Blanca de Alburquerque - BLOG RUCAB","og_description":"El 9 de noviembre realizamos una cata de vino de la Bodega Encina Blanca de Alburquerque para conocer sus vinos.","og_url":"https:\/\/residenciarucab.es\/blog\/cata-de-vino-rucab\/","og_site_name":"BLOG RUCAB","article_published_time":"2021-11-24T09:35:45+00:00","article_modified_time":"2021-12-20T08:03:39+00:00","og_image":[{"width":1280,"height":720,"url":"http:\/\/residenciarucab.es\/blog\/wp-content\/uploads\/2021\/11\/cata-de-vino-1.jpg","type":"image\/jpeg"}],"author":"RUCAB","twitter_card":"summary_large_image","twitter_misc":{"Escrito por":"RUCAB","Tiempo de lectura":"1 minuto"},"schema":{"@context":"https:\/\/schema.org","@graph":[{"@type":"Article","@id":"https:\/\/residenciarucab.es\/blog\/cata-de-vino-rucab\/#article","isPartOf":{"@id":"https:\/\/residenciarucab.es\/blog\/cata-de-vino-rucab\/"},"author":{"name":"RUCAB","@id":"https:\/\/residenciarucab.es\/blog\/#\/schema\/person\/f759c867eac865f0ce36c767f26f9294"},"headline":"Cata de vino Bodega Encina Blanca de Alburquerque","datePublished":"2021-11-24T09:35:45+00:00","dateModified":"2021-12-20T08:03:39+00:00","mainEntityOfPage":{"@id":"https:\/\/residenciarucab.es\/blog\/cata-de-vino-rucab\/"},"wordCount":282,"commentCount":0,"image":{"@id":"https:\/\/residenciarucab.es\/blog\/cata-de-vino-rucab\/#primaryimage"},"thumbnailUrl":"https:\/\/residenciarucab.es\/blog\/wp-content\/uploads\/2021\/11\/cata-de-vino-1.jpg","keywords":["Alburquerque","bodega","cata","encina blanca","vino"],"articleSection":["Noticias"],"inLanguage":"es","potentialAction":[{"@type":"CommentAction","name":"Comment","target":["https:\/\/residenciarucab.es\/blog\/cata-de-vino-rucab\/#respond"]}]},{"@type":"WebPage","@id":"https:\/\/residenciarucab.es\/blog\/cata-de-vino-rucab\/","url":"https:\/\/residenciarucab.es\/blog\/cata-de-vino-rucab\/","name":"Cata de vino Bodega Encina Blanca de Alburquerque - BLOG RUCAB","isPartOf":{"@id":"https:\/\/residenciarucab.es\/blog\/#website"},"primaryImageOfPage":{"@id":"https:\/\/residenciarucab.es\/blog\/cata-de-vino-rucab\/#primaryimage"},"image":{"@id":"https:\/\/residenciarucab.es\/blog\/cata-de-vino-rucab\/#primaryimage"},"thumbnailUrl":"https:\/\/residenciarucab.es\/blog\/wp-content\/uploads\/2021\/11\/cata-de-vino-1.jpg","datePublished":"2021-11-24T09:35:45+00:00","dateModified":"2021-12-20T08:03:39+00:00","author":{"@id":"https:\/\/residenciarucab.es\/blog\/#\/schema\/person\/f759c867eac865f0ce36c767f26f9294"},"description":"El 9 de noviembre realizamos una cata de vino de la Bodega Encina Blanca de Alburquerque para conocer sus vinos.","breadcrumb":{"@id":"https:\/\/residenciarucab.es\/blog\/cata-de-vino-rucab\/#breadcrumb"},"inLanguage":"es","potentialAction":[{"@type":"ReadAction","target":["https:\/\/residenciarucab.es\/blog\/cata-de-vino-rucab\/"]}]},{"@type":"ImageObject","inLanguage":"es","@id":"https:\/\/residenciarucab.es\/blog\/cata-de-vino-rucab\/#primaryimage","url":"https:\/\/residenciarucab.es\/blog\/wp-content\/uploads\/2021\/11\/cata-de-vino-1.jpg","contentUrl":"https:\/\/residenciarucab.es\/blog\/wp-content\/uploads\/2021\/11\/cata-de-vino-1.jpg","width":1280,"height":720,"caption":"cata de vino en la rucab"},{"@type":"BreadcrumbList","@id":"https:\/\/residenciarucab.es\/blog\/cata-de-vino-rucab\/#breadcrumb","itemListElement":[{"@type":"ListItem","position":1,"name":"Portada","item":"https:\/\/residenciarucab.es\/blog\/"},{"@type":"ListItem","position":2,"name":"Cata de vino Bodega Encina Blanca de Alburquerque"}]},{"@type":"WebSite","@id":"https:\/\/residenciarucab.es\/blog\/#website","url":"https:\/\/residenciarucab.es\/blog\/","name":"BLOG RUCAB","description":"\u00a1Todas las novedades de nuestra residencia universitaria!","potentialAction":[{"@type":"SearchAction","target":{"@type":"EntryPoint","urlTemplate":"https:\/\/residenciarucab.es\/blog\/?s={search_term_string}"},"query-input":{"@type":"PropertyValueSpecification","valueRequired":true,"valueName":"search_term_string"}}],"inLanguage":"es"},{"@type":"Person","@id":"https:\/\/residenciarucab.es\/blog\/#\/schema\/person\/f759c867eac865f0ce36c767f26f9294","name":"RUCAB","image":{"@type":"ImageObject","inLanguage":"es","@id":"https:\/\/residenciarucab.es\/blog\/wp-content\/uploads\/2019\/07\/r-rosa.png","url":"https:\/\/residenciarucab.es\/blog\/wp-content\/uploads\/2019\/07\/r-rosa.png","contentUrl":"https:\/\/residenciarucab.es\/blog\/wp-content\/uploads\/2019\/07\/r-rosa.png","caption":"RUCAB"},"description":"La RUCAB es un referente en Extremadura por la calidad de sus instalaciones y por su estilo de vida, basado en valores de convivencia, respeto y educaci\u00f3n. Una residencia junto al campus y con todas las necesidades cubiertas.","url":"https:\/\/residenciarucab.es\/blog\/author\/rucab_blog\/"}]}},"_links":{"self":[{"href":"https:\/\/residenciarucab.es\/blog\/wp-json\/wp\/v2\/posts\/1719","targetHints":{"allow":["GET"]}}],"collection":[{"href":"https:\/\/residenciarucab.es\/blog\/wp-json\/wp\/v2\/posts"}],"about":[{"href":"https:\/\/residenciarucab.es\/blog\/wp-json\/wp\/v2\/types\/post"}],"author":[{"embeddable":true,"href":"https:\/\/residenciarucab.es\/blog\/wp-json\/wp\/v2\/users\/1"}],"replies":[{"embeddable":true,"href":"https:\/\/residenciarucab.es\/blog\/wp-json\/wp\/v2\/comments?post=1719"}],"version-history":[{"count":5,"href":"https:\/\/residenciarucab.es\/blog\/wp-json\/wp\/v2\/posts\/1719\/revisions"}],"predecessor-version":[{"id":1755,"href":"https:\/\/residenciarucab.es\/blog\/wp-json\/wp\/v2\/posts\/1719\/revisions\/1755"}],"wp:featuredmedia":[{"embeddable":true,"href":"https:\/\/residenciarucab.es\/blog\/wp-json\/wp\/v2\/media\/1722"}],"wp:attachment":[{"href":"https:\/\/residenciarucab.es\/blog\/wp-json\/wp\/v2\/media?parent=1719"}],"wp:term":[{"taxonomy":"category","embeddable":true,"href":"https:\/\/residenciarucab.es\/blog\/wp-json\/wp\/v2\/categories?post=1719"},{"taxonomy":"post_tag","embeddable":true,"href":"https:\/\/residenciarucab.es\/blog\/wp-json\/wp\/v2\/tags?post=1719"}],"curies":[{"name":"wp","href":"https:\/\/api.w.org\/{rel}","templated":true}]}}