

{"id":1781,"date":"2022-03-03T13:58:47","date_gmt":"2022-03-03T12:58:47","guid":{"rendered":"https:\/\/residenciarucab.es\/blog\/?p=1781"},"modified":"2022-03-04T09:40:07","modified_gmt":"2022-03-04T08:40:07","slug":"odile-rodriguez-de-la-fuente-en-la-rucab","status":"publish","type":"post","link":"https:\/\/residenciarucab.es\/blog\/odile-rodriguez-de-la-fuente-en-la-rucab\/","title":{"rendered":"Odile Rodr\u00edguez de la Fuente en la RUCAB"},"content":{"rendered":"<h4 data-canvas-width=\"565.6000000000006\">Los residentes de la RUCAB hemos podido hablar con la hija del naturalista F\u00e9lix Rodr\u00edguez de la Fuente, descubrimos que Odile, es una persona apasionada de la naturaleza y que constantemente busca transmitir su discurso: &#8216;conservar la naturaleza&#8217; y seguir con el legado tan maravilloso y necesario que nos dej\u00f3 su padre.<\/h4>\n<p data-canvas-width=\"565.6000000000006\">El pasado viernes 18 de febrero tuvimos la suerte de recibir la visita de <a href=\"https:\/\/twitter.com\/odilerf?lang=es\" target=\"_blank\" rel=\"noopener\"><strong>Odile Rodr\u00edguez de la Fuente<\/strong><\/a> en la RUCAB. Junto a ella pudimos charlar en un caf\u00e9- tertulia algunos residentes sobre diversos temas de actualidad relacionados con la <strong>naturaleza<\/strong> y el <strong>cambio clim\u00e1tico<\/strong>. Adem\u00e1s, pudimos asistir a la presentaci\u00f3n de su libro <strong>\u2018F\u00e9lix. Un hombre en la tierra\u2019<\/strong> donde trata la relaci\u00f3n entre su padre, F\u00e9lix Rodr\u00edguez de la Fuente, y la naturaleza.<\/p>\n<p>Algunos residentes tuvimos la oportunidad de escuchar sus valiosas opiniones e intercambiar con ella diferentes puntos de vista. Entre los numerosos temas que tratamos destacamos el papel que podemos o debemos ejercer los <strong>j\u00f3venes respecto a la crisis clim\u00e1tica<\/strong>, as\u00ed como la postura de los negacionistas respecto a la misma. Entre las distintas conclusiones que sacamos podemos destacar que el <strong>cambio clim\u00e1tico es una realidad<\/strong> y debemos actuar ya, antes de que no haya marcha atr\u00e1s, y como dice la propia Odile: <strong>\u201cDebemos dejar de huir hacia delante\u201d<\/strong>.<\/p>\n<p>Despu\u00e9s de esta charla con ella asistimos a la <strong>presentaci\u00f3n de su libro<\/strong>, donde adem\u00e1s de hacer un resumen del mismo, respondi\u00f3 a numerosas preguntas muy interesantes. &#8216;F\u00e9lix. Un hombre en la tierra&#8217; nos habla de una de las personalidades m\u00e1s influyentes, queridas y respetadas en Espa\u00f1a, <strong>F\u00e9lix Rodr\u00edguez de la Fuente<\/strong>, de su legado y la vigencia de su proyecto, el cual es ahora m\u00e1s necesario que nunca.<\/p>\n<p>Sin duda una experiencia fant\u00e1stica, que te invita a <strong>reflexionar<\/strong> y replantearte numerosos aspectos, pero que adem\u00e1s te hace disfrutar y valorar todo lo que tenemos. Gracias Odile, por tus maravillosas y pr\u00e1cticos consejos y por compartir todo ese conocimiento sobre la <strong>propia aventura de la vida<\/strong>.<\/p>\n<p>Escrito por el residentes: <strong>Enrique Hern\u00e1ndez Mayordomo<\/strong>.<\/p>\n<div data-canvas-width=\"307.264\">\n\n\t\t<style type=\"text\/css\">\n\t\t\t#gallery-1 {\n\t\t\t\tmargin: auto;\n\t\t\t}\n\t\t\t#gallery-1 .gallery-item {\n\t\t\t\tfloat: left;\n\t\t\t\tmargin-top: 10px;\n\t\t\t\ttext-align: center;\n\t\t\t\twidth: 50%;\n\t\t\t}\n\t\t\t#gallery-1 img {\n\t\t\t\tborder: 2px solid #cfcfcf;\n\t\t\t}\n\t\t\t#gallery-1 .gallery-caption {\n\t\t\t\tmargin-left: 0;\n\t\t\t}\n\t\t\t\/* see gallery_shortcode() in wp-includes\/media.php *\/\n\t\t<\/style>\n\t\t<div id='gallery-1' class='gallery galleryid-1781 gallery-columns-2 gallery-size-medium'><dl class='gallery-item'>\n\t\t\t<dt class='gallery-icon landscape'>\n\t\t\t\t<a href='https:\/\/residenciarucab.es\/blog\/odile-rodriguez-de-la-fuente-en-la-rucab\/odile-2\/'><img loading=\"lazy\" decoding=\"async\" width=\"300\" height=\"169\" src=\"https:\/\/residenciarucab.es\/blog\/wp-content\/uploads\/2022\/03\/odile-2-300x169.jpg\" class=\"attachment-medium size-medium\" alt=\"\" srcset=\"https:\/\/residenciarucab.es\/blog\/wp-content\/uploads\/2022\/03\/odile-2-300x169.jpg 300w, https:\/\/residenciarucab.es\/blog\/wp-content\/uploads\/2022\/03\/odile-2-1024x576.jpg 1024w, https:\/\/residenciarucab.es\/blog\/wp-content\/uploads\/2022\/03\/odile-2-768x432.jpg 768w, https:\/\/residenciarucab.es\/blog\/wp-content\/uploads\/2022\/03\/odile-2-1140x641.jpg 1140w, https:\/\/residenciarucab.es\/blog\/wp-content\/uploads\/2022\/03\/odile-2-552x311.jpg 552w, https:\/\/residenciarucab.es\/blog\/wp-content\/uploads\/2022\/03\/odile-2.jpg 1280w\" sizes=\"auto, (max-width: 300px) 100vw, 300px\" \/><\/a>\n\t\t\t<\/dt><\/dl><dl class='gallery-item'>\n\t\t\t<dt class='gallery-icon landscape'>\n\t\t\t\t<a href='https:\/\/residenciarucab.es\/blog\/odile-rodriguez-de-la-fuente-en-la-rucab\/odile-3\/'><img loading=\"lazy\" decoding=\"async\" width=\"300\" height=\"169\" src=\"https:\/\/residenciarucab.es\/blog\/wp-content\/uploads\/2022\/03\/odile-3-300x169.jpg\" class=\"attachment-medium size-medium\" alt=\"\" srcset=\"https:\/\/residenciarucab.es\/blog\/wp-content\/uploads\/2022\/03\/odile-3-300x169.jpg 300w, https:\/\/residenciarucab.es\/blog\/wp-content\/uploads\/2022\/03\/odile-3-1024x576.jpg 1024w, https:\/\/residenciarucab.es\/blog\/wp-content\/uploads\/2022\/03\/odile-3-768x432.jpg 768w, https:\/\/residenciarucab.es\/blog\/wp-content\/uploads\/2022\/03\/odile-3-1140x641.jpg 1140w, https:\/\/residenciarucab.es\/blog\/wp-content\/uploads\/2022\/03\/odile-3-552x311.jpg 552w, https:\/\/residenciarucab.es\/blog\/wp-content\/uploads\/2022\/03\/odile-3.jpg 1280w\" sizes=\"auto, (max-width: 300px) 100vw, 300px\" \/><\/a>\n\t\t\t<\/dt><\/dl><br style=\"clear: both\" \/><dl class='gallery-item'>\n\t\t\t<dt class='gallery-icon landscape'>\n\t\t\t\t<a href='https:\/\/residenciarucab.es\/blog\/odile-rodriguez-de-la-fuente-en-la-rucab\/odile-5\/'><img loading=\"lazy\" decoding=\"async\" width=\"300\" height=\"169\" src=\"https:\/\/residenciarucab.es\/blog\/wp-content\/uploads\/2022\/03\/odile-5-300x169.jpg\" class=\"attachment-medium size-medium\" alt=\"\" srcset=\"https:\/\/residenciarucab.es\/blog\/wp-content\/uploads\/2022\/03\/odile-5-300x169.jpg 300w, https:\/\/residenciarucab.es\/blog\/wp-content\/uploads\/2022\/03\/odile-5-1024x576.jpg 1024w, https:\/\/residenciarucab.es\/blog\/wp-content\/uploads\/2022\/03\/odile-5-768x432.jpg 768w, https:\/\/residenciarucab.es\/blog\/wp-content\/uploads\/2022\/03\/odile-5-1140x641.jpg 1140w, https:\/\/residenciarucab.es\/blog\/wp-content\/uploads\/2022\/03\/odile-5-552x311.jpg 552w, https:\/\/residenciarucab.es\/blog\/wp-content\/uploads\/2022\/03\/odile-5.jpg 1280w\" sizes=\"auto, (max-width: 300px) 100vw, 300px\" \/><\/a>\n\t\t\t<\/dt><\/dl><dl class='gallery-item'>\n\t\t\t<dt class='gallery-icon landscape'>\n\t\t\t\t<a href='https:\/\/residenciarucab.es\/blog\/odile-rodriguez-de-la-fuente-en-la-rucab\/odile-6\/'><img loading=\"lazy\" decoding=\"async\" width=\"300\" height=\"169\" src=\"https:\/\/residenciarucab.es\/blog\/wp-content\/uploads\/2022\/03\/odile-6-300x169.jpg\" class=\"attachment-medium size-medium\" alt=\"\" srcset=\"https:\/\/residenciarucab.es\/blog\/wp-content\/uploads\/2022\/03\/odile-6-300x169.jpg 300w, https:\/\/residenciarucab.es\/blog\/wp-content\/uploads\/2022\/03\/odile-6-1024x576.jpg 1024w, https:\/\/residenciarucab.es\/blog\/wp-content\/uploads\/2022\/03\/odile-6-768x432.jpg 768w, https:\/\/residenciarucab.es\/blog\/wp-content\/uploads\/2022\/03\/odile-6-1140x641.jpg 1140w, https:\/\/residenciarucab.es\/blog\/wp-content\/uploads\/2022\/03\/odile-6-552x311.jpg 552w, https:\/\/residenciarucab.es\/blog\/wp-content\/uploads\/2022\/03\/odile-6.jpg 1280w\" sizes=\"auto, (max-width: 300px) 100vw, 300px\" \/><\/a>\n\t\t\t<\/dt><\/dl><br style=\"clear: both\" \/>\n\t\t<\/div>\n\n","protected":false},"excerpt":{"rendered":"<p class=\"post-excerpt\">Los residentes de la RUCAB hemos podido hablar con la hija del naturalista F\u00e9lix Rodr\u00edguez de la Fuente, descubrimos que Odile, es una persona apasionada de la naturaleza y que constantemente busca transmitir su discurso: &#8216;conservar la naturaleza&#8217; y seguir con el legado tan maravilloso y necesario que nos dej\u00f3&#8230;<\/p>\n","protected":false},"author":1,"featured_media":1783,"comment_status":"open","ping_status":"open","sticky":false,"template":"","format":"standard","meta":{"footnotes":""},"categories":[1],"tags":[9,410,228,412,411,409,36],"class_list":["post-1781","post","type-post","status-publish","format-standard","has-post-thumbnail","hentry","category-noticias","tag-badajoz","tag-conservacion","tag-crisis-climatica","tag-medioambiente","tag-naturalista","tag-odile-rodriguez-de-la-fuente","tag-residencia-universitaria"],"yoast_head":"<!-- This site is optimized with the Yoast SEO plugin v27.5 - https:\/\/yoast.com\/product\/yoast-seo-wordpress\/ -->\n<title>Odile Rodr\u00edguez de la Fuente en la RUCAB - BLOG RUCAB<\/title>\n<meta name=\"description\" content=\"Hablamos con Odile Rodr\u00edguez de la Fuente, descubrimos que, al igual que su padre, es una persona apasionada de la naturaleza.\" \/>\n<meta name=\"robots\" content=\"index, follow, max-snippet:-1, max-image-preview:large, max-video-preview:-1\" \/>\n<link rel=\"canonical\" href=\"https:\/\/residenciarucab.es\/blog\/odile-rodriguez-de-la-fuente-en-la-rucab\/\" \/>\n<meta property=\"og:locale\" content=\"es_ES\" \/>\n<meta property=\"og:type\" content=\"article\" \/>\n<meta property=\"og:title\" content=\"Odile Rodr\u00edguez de la Fuente en la RUCAB - BLOG RUCAB\" \/>\n<meta property=\"og:description\" content=\"Hablamos con Odile Rodr\u00edguez de la Fuente, descubrimos que, al igual que su padre, es una persona apasionada de la naturaleza.\" \/>\n<meta property=\"og:url\" content=\"https:\/\/residenciarucab.es\/blog\/odile-rodriguez-de-la-fuente-en-la-rucab\/\" \/>\n<meta property=\"og:site_name\" content=\"BLOG RUCAB\" \/>\n<meta property=\"article:published_time\" content=\"2022-03-03T12:58:47+00:00\" \/>\n<meta property=\"article:modified_time\" content=\"2022-03-04T08:40:07+00:00\" \/>\n<meta property=\"og:image\" content=\"http:\/\/residenciarucab.es\/blog\/wp-content\/uploads\/2022\/03\/odile-1.jpg\" \/>\n\t<meta property=\"og:image:width\" content=\"1280\" \/>\n\t<meta property=\"og:image:height\" content=\"720\" \/>\n\t<meta property=\"og:image:type\" content=\"image\/jpeg\" \/>\n<meta name=\"author\" content=\"RUCAB\" \/>\n<meta name=\"twitter:card\" content=\"summary_large_image\" \/>\n<meta name=\"twitter:label1\" content=\"Escrito por\" \/>\n\t<meta name=\"twitter:data1\" content=\"RUCAB\" \/>\n\t<meta name=\"twitter:label2\" content=\"Tiempo de lectura\" \/>\n\t<meta name=\"twitter:data2\" content=\"2 minutos\" \/>\n<script type=\"application\/ld+json\" class=\"yoast-schema-graph\">{\"@context\":\"https:\\\/\\\/schema.org\",\"@graph\":[{\"@type\":\"Article\",\"@id\":\"https:\\\/\\\/residenciarucab.es\\\/blog\\\/odile-rodriguez-de-la-fuente-en-la-rucab\\\/#article\",\"isPartOf\":{\"@id\":\"https:\\\/\\\/residenciarucab.es\\\/blog\\\/odile-rodriguez-de-la-fuente-en-la-rucab\\\/\"},\"author\":{\"name\":\"RUCAB\",\"@id\":\"https:\\\/\\\/residenciarucab.es\\\/blog\\\/#\\\/schema\\\/person\\\/f759c867eac865f0ce36c767f26f9294\"},\"headline\":\"Odile Rodr\u00edguez de la Fuente en la RUCAB\",\"datePublished\":\"2022-03-03T12:58:47+00:00\",\"dateModified\":\"2022-03-04T08:40:07+00:00\",\"mainEntityOfPage\":{\"@id\":\"https:\\\/\\\/residenciarucab.es\\\/blog\\\/odile-rodriguez-de-la-fuente-en-la-rucab\\\/\"},\"wordCount\":380,\"commentCount\":0,\"image\":{\"@id\":\"https:\\\/\\\/residenciarucab.es\\\/blog\\\/odile-rodriguez-de-la-fuente-en-la-rucab\\\/#primaryimage\"},\"thumbnailUrl\":\"https:\\\/\\\/residenciarucab.es\\\/blog\\\/wp-content\\\/uploads\\\/2022\\\/03\\\/odile-1.jpg\",\"keywords\":[\"Badajoz\",\"Conservaci\u00f3n\",\"crisis clim\u00e1tica\",\"medioambiente\",\"Naturalista\",\"Odile Rodr\u00edguez de la Fuente\",\"Residencia Universitaria\"],\"articleSection\":[\"Noticias\"],\"inLanguage\":\"es\",\"potentialAction\":[{\"@type\":\"CommentAction\",\"name\":\"Comment\",\"target\":[\"https:\\\/\\\/residenciarucab.es\\\/blog\\\/odile-rodriguez-de-la-fuente-en-la-rucab\\\/#respond\"]}]},{\"@type\":\"WebPage\",\"@id\":\"https:\\\/\\\/residenciarucab.es\\\/blog\\\/odile-rodriguez-de-la-fuente-en-la-rucab\\\/\",\"url\":\"https:\\\/\\\/residenciarucab.es\\\/blog\\\/odile-rodriguez-de-la-fuente-en-la-rucab\\\/\",\"name\":\"Odile Rodr\u00edguez de la Fuente en la RUCAB - BLOG RUCAB\",\"isPartOf\":{\"@id\":\"https:\\\/\\\/residenciarucab.es\\\/blog\\\/#website\"},\"primaryImageOfPage\":{\"@id\":\"https:\\\/\\\/residenciarucab.es\\\/blog\\\/odile-rodriguez-de-la-fuente-en-la-rucab\\\/#primaryimage\"},\"image\":{\"@id\":\"https:\\\/\\\/residenciarucab.es\\\/blog\\\/odile-rodriguez-de-la-fuente-en-la-rucab\\\/#primaryimage\"},\"thumbnailUrl\":\"https:\\\/\\\/residenciarucab.es\\\/blog\\\/wp-content\\\/uploads\\\/2022\\\/03\\\/odile-1.jpg\",\"datePublished\":\"2022-03-03T12:58:47+00:00\",\"dateModified\":\"2022-03-04T08:40:07+00:00\",\"author\":{\"@id\":\"https:\\\/\\\/residenciarucab.es\\\/blog\\\/#\\\/schema\\\/person\\\/f759c867eac865f0ce36c767f26f9294\"},\"description\":\"Hablamos con Odile Rodr\u00edguez de la Fuente, descubrimos que, al igual que su padre, es una persona apasionada de la naturaleza.\",\"breadcrumb\":{\"@id\":\"https:\\\/\\\/residenciarucab.es\\\/blog\\\/odile-rodriguez-de-la-fuente-en-la-rucab\\\/#breadcrumb\"},\"inLanguage\":\"es\",\"potentialAction\":[{\"@type\":\"ReadAction\",\"target\":[\"https:\\\/\\\/residenciarucab.es\\\/blog\\\/odile-rodriguez-de-la-fuente-en-la-rucab\\\/\"]}]},{\"@type\":\"ImageObject\",\"inLanguage\":\"es\",\"@id\":\"https:\\\/\\\/residenciarucab.es\\\/blog\\\/odile-rodriguez-de-la-fuente-en-la-rucab\\\/#primaryimage\",\"url\":\"https:\\\/\\\/residenciarucab.es\\\/blog\\\/wp-content\\\/uploads\\\/2022\\\/03\\\/odile-1.jpg\",\"contentUrl\":\"https:\\\/\\\/residenciarucab.es\\\/blog\\\/wp-content\\\/uploads\\\/2022\\\/03\\\/odile-1.jpg\",\"width\":1280,\"height\":720,\"caption\":\"La hija de F\u00e9lix Rodr\u00edguez de la Fuente\"},{\"@type\":\"BreadcrumbList\",\"@id\":\"https:\\\/\\\/residenciarucab.es\\\/blog\\\/odile-rodriguez-de-la-fuente-en-la-rucab\\\/#breadcrumb\",\"itemListElement\":[{\"@type\":\"ListItem\",\"position\":1,\"name\":\"Portada\",\"item\":\"https:\\\/\\\/residenciarucab.es\\\/blog\\\/\"},{\"@type\":\"ListItem\",\"position\":2,\"name\":\"Odile Rodr\u00edguez de la Fuente en la RUCAB\"}]},{\"@type\":\"WebSite\",\"@id\":\"https:\\\/\\\/residenciarucab.es\\\/blog\\\/#website\",\"url\":\"https:\\\/\\\/residenciarucab.es\\\/blog\\\/\",\"name\":\"BLOG RUCAB\",\"description\":\"\u00a1Todas las novedades de nuestra residencia universitaria!\",\"potentialAction\":[{\"@type\":\"SearchAction\",\"target\":{\"@type\":\"EntryPoint\",\"urlTemplate\":\"https:\\\/\\\/residenciarucab.es\\\/blog\\\/?s={search_term_string}\"},\"query-input\":{\"@type\":\"PropertyValueSpecification\",\"valueRequired\":true,\"valueName\":\"search_term_string\"}}],\"inLanguage\":\"es\"},{\"@type\":\"Person\",\"@id\":\"https:\\\/\\\/residenciarucab.es\\\/blog\\\/#\\\/schema\\\/person\\\/f759c867eac865f0ce36c767f26f9294\",\"name\":\"RUCAB\",\"image\":{\"@type\":\"ImageObject\",\"inLanguage\":\"es\",\"@id\":\"https:\\\/\\\/residenciarucab.es\\\/blog\\\/wp-content\\\/uploads\\\/2019\\\/07\\\/r-rosa.png\",\"url\":\"https:\\\/\\\/residenciarucab.es\\\/blog\\\/wp-content\\\/uploads\\\/2019\\\/07\\\/r-rosa.png\",\"contentUrl\":\"https:\\\/\\\/residenciarucab.es\\\/blog\\\/wp-content\\\/uploads\\\/2019\\\/07\\\/r-rosa.png\",\"caption\":\"RUCAB\"},\"description\":\"La RUCAB es un referente en Extremadura por la calidad de sus instalaciones y por su estilo de vida, basado en valores de convivencia, respeto y educaci\u00f3n. Una residencia junto al campus y con todas las necesidades cubiertas.\",\"url\":\"https:\\\/\\\/residenciarucab.es\\\/blog\\\/author\\\/rucab_blog\\\/\"}]}<\/script>\n<!-- \/ Yoast SEO plugin. -->","yoast_head_json":{"title":"Odile Rodr\u00edguez de la Fuente en la RUCAB - BLOG RUCAB","description":"Hablamos con Odile Rodr\u00edguez de la Fuente, descubrimos que, al igual que su padre, es una persona apasionada de la naturaleza.","robots":{"index":"index","follow":"follow","max-snippet":"max-snippet:-1","max-image-preview":"max-image-preview:large","max-video-preview":"max-video-preview:-1"},"canonical":"https:\/\/residenciarucab.es\/blog\/odile-rodriguez-de-la-fuente-en-la-rucab\/","og_locale":"es_ES","og_type":"article","og_title":"Odile Rodr\u00edguez de la Fuente en la RUCAB - BLOG RUCAB","og_description":"Hablamos con Odile Rodr\u00edguez de la Fuente, descubrimos que, al igual que su padre, es una persona apasionada de la naturaleza.","og_url":"https:\/\/residenciarucab.es\/blog\/odile-rodriguez-de-la-fuente-en-la-rucab\/","og_site_name":"BLOG RUCAB","article_published_time":"2022-03-03T12:58:47+00:00","article_modified_time":"2022-03-04T08:40:07+00:00","og_image":[{"width":1280,"height":720,"url":"http:\/\/residenciarucab.es\/blog\/wp-content\/uploads\/2022\/03\/odile-1.jpg","type":"image\/jpeg"}],"author":"RUCAB","twitter_card":"summary_large_image","twitter_misc":{"Escrito por":"RUCAB","Tiempo de lectura":"2 minutos"},"schema":{"@context":"https:\/\/schema.org","@graph":[{"@type":"Article","@id":"https:\/\/residenciarucab.es\/blog\/odile-rodriguez-de-la-fuente-en-la-rucab\/#article","isPartOf":{"@id":"https:\/\/residenciarucab.es\/blog\/odile-rodriguez-de-la-fuente-en-la-rucab\/"},"author":{"name":"RUCAB","@id":"https:\/\/residenciarucab.es\/blog\/#\/schema\/person\/f759c867eac865f0ce36c767f26f9294"},"headline":"Odile Rodr\u00edguez de la Fuente en la RUCAB","datePublished":"2022-03-03T12:58:47+00:00","dateModified":"2022-03-04T08:40:07+00:00","mainEntityOfPage":{"@id":"https:\/\/residenciarucab.es\/blog\/odile-rodriguez-de-la-fuente-en-la-rucab\/"},"wordCount":380,"commentCount":0,"image":{"@id":"https:\/\/residenciarucab.es\/blog\/odile-rodriguez-de-la-fuente-en-la-rucab\/#primaryimage"},"thumbnailUrl":"https:\/\/residenciarucab.es\/blog\/wp-content\/uploads\/2022\/03\/odile-1.jpg","keywords":["Badajoz","Conservaci\u00f3n","crisis clim\u00e1tica","medioambiente","Naturalista","Odile Rodr\u00edguez de la Fuente","Residencia Universitaria"],"articleSection":["Noticias"],"inLanguage":"es","potentialAction":[{"@type":"CommentAction","name":"Comment","target":["https:\/\/residenciarucab.es\/blog\/odile-rodriguez-de-la-fuente-en-la-rucab\/#respond"]}]},{"@type":"WebPage","@id":"https:\/\/residenciarucab.es\/blog\/odile-rodriguez-de-la-fuente-en-la-rucab\/","url":"https:\/\/residenciarucab.es\/blog\/odile-rodriguez-de-la-fuente-en-la-rucab\/","name":"Odile Rodr\u00edguez de la Fuente en la RUCAB - BLOG RUCAB","isPartOf":{"@id":"https:\/\/residenciarucab.es\/blog\/#website"},"primaryImageOfPage":{"@id":"https:\/\/residenciarucab.es\/blog\/odile-rodriguez-de-la-fuente-en-la-rucab\/#primaryimage"},"image":{"@id":"https:\/\/residenciarucab.es\/blog\/odile-rodriguez-de-la-fuente-en-la-rucab\/#primaryimage"},"thumbnailUrl":"https:\/\/residenciarucab.es\/blog\/wp-content\/uploads\/2022\/03\/odile-1.jpg","datePublished":"2022-03-03T12:58:47+00:00","dateModified":"2022-03-04T08:40:07+00:00","author":{"@id":"https:\/\/residenciarucab.es\/blog\/#\/schema\/person\/f759c867eac865f0ce36c767f26f9294"},"description":"Hablamos con Odile Rodr\u00edguez de la Fuente, descubrimos que, al igual que su padre, es una persona apasionada de la naturaleza.","breadcrumb":{"@id":"https:\/\/residenciarucab.es\/blog\/odile-rodriguez-de-la-fuente-en-la-rucab\/#breadcrumb"},"inLanguage":"es","potentialAction":[{"@type":"ReadAction","target":["https:\/\/residenciarucab.es\/blog\/odile-rodriguez-de-la-fuente-en-la-rucab\/"]}]},{"@type":"ImageObject","inLanguage":"es","@id":"https:\/\/residenciarucab.es\/blog\/odile-rodriguez-de-la-fuente-en-la-rucab\/#primaryimage","url":"https:\/\/residenciarucab.es\/blog\/wp-content\/uploads\/2022\/03\/odile-1.jpg","contentUrl":"https:\/\/residenciarucab.es\/blog\/wp-content\/uploads\/2022\/03\/odile-1.jpg","width":1280,"height":720,"caption":"La hija de F\u00e9lix Rodr\u00edguez de la Fuente"},{"@type":"BreadcrumbList","@id":"https:\/\/residenciarucab.es\/blog\/odile-rodriguez-de-la-fuente-en-la-rucab\/#breadcrumb","itemListElement":[{"@type":"ListItem","position":1,"name":"Portada","item":"https:\/\/residenciarucab.es\/blog\/"},{"@type":"ListItem","position":2,"name":"Odile Rodr\u00edguez de la Fuente en la RUCAB"}]},{"@type":"WebSite","@id":"https:\/\/residenciarucab.es\/blog\/#website","url":"https:\/\/residenciarucab.es\/blog\/","name":"BLOG RUCAB","description":"\u00a1Todas las novedades de nuestra residencia universitaria!","potentialAction":[{"@type":"SearchAction","target":{"@type":"EntryPoint","urlTemplate":"https:\/\/residenciarucab.es\/blog\/?s={search_term_string}"},"query-input":{"@type":"PropertyValueSpecification","valueRequired":true,"valueName":"search_term_string"}}],"inLanguage":"es"},{"@type":"Person","@id":"https:\/\/residenciarucab.es\/blog\/#\/schema\/person\/f759c867eac865f0ce36c767f26f9294","name":"RUCAB","image":{"@type":"ImageObject","inLanguage":"es","@id":"https:\/\/residenciarucab.es\/blog\/wp-content\/uploads\/2019\/07\/r-rosa.png","url":"https:\/\/residenciarucab.es\/blog\/wp-content\/uploads\/2019\/07\/r-rosa.png","contentUrl":"https:\/\/residenciarucab.es\/blog\/wp-content\/uploads\/2019\/07\/r-rosa.png","caption":"RUCAB"},"description":"La RUCAB es un referente en Extremadura por la calidad de sus instalaciones y por su estilo de vida, basado en valores de convivencia, respeto y educaci\u00f3n. Una residencia junto al campus y con todas las necesidades cubiertas.","url":"https:\/\/residenciarucab.es\/blog\/author\/rucab_blog\/"}]}},"_links":{"self":[{"href":"https:\/\/residenciarucab.es\/blog\/wp-json\/wp\/v2\/posts\/1781","targetHints":{"allow":["GET"]}}],"collection":[{"href":"https:\/\/residenciarucab.es\/blog\/wp-json\/wp\/v2\/posts"}],"about":[{"href":"https:\/\/residenciarucab.es\/blog\/wp-json\/wp\/v2\/types\/post"}],"author":[{"embeddable":true,"href":"https:\/\/residenciarucab.es\/blog\/wp-json\/wp\/v2\/users\/1"}],"replies":[{"embeddable":true,"href":"https:\/\/residenciarucab.es\/blog\/wp-json\/wp\/v2\/comments?post=1781"}],"version-history":[{"count":14,"href":"https:\/\/residenciarucab.es\/blog\/wp-json\/wp\/v2\/posts\/1781\/revisions"}],"predecessor-version":[{"id":1800,"href":"https:\/\/residenciarucab.es\/blog\/wp-json\/wp\/v2\/posts\/1781\/revisions\/1800"}],"wp:featuredmedia":[{"embeddable":true,"href":"https:\/\/residenciarucab.es\/blog\/wp-json\/wp\/v2\/media\/1783"}],"wp:attachment":[{"href":"https:\/\/residenciarucab.es\/blog\/wp-json\/wp\/v2\/media?parent=1781"}],"wp:term":[{"taxonomy":"category","embeddable":true,"href":"https:\/\/residenciarucab.es\/blog\/wp-json\/wp\/v2\/categories?post=1781"},{"taxonomy":"post_tag","embeddable":true,"href":"https:\/\/residenciarucab.es\/blog\/wp-json\/wp\/v2\/tags?post=1781"}],"curies":[{"name":"wp","href":"https:\/\/api.w.org\/{rel}","templated":true}]}}