

{"id":1802,"date":"2022-03-22T12:43:06","date_gmt":"2022-03-22T11:43:06","guid":{"rendered":"https:\/\/residenciarucab.es\/blog\/?p=1802"},"modified":"2022-03-22T12:43:06","modified_gmt":"2022-03-22T11:43:06","slug":"mabel-lozano","status":"publish","type":"post","link":"https:\/\/residenciarucab.es\/blog\/mabel-lozano\/","title":{"rendered":"Caf\u00e9- tertulia con la actriz y directora de cine Mabel Lozano"},"content":{"rendered":"<h4>Tenaz y concienzuda, Mabel Lozano ha llegado muy lejos en su lucha por la igualdad entre hombres y mujeres, aunque sus esfuerzos van mucho m\u00e1s all\u00e1, le han valido un Premio Goya en 2021 al mejor cortometraje documental por &#8216;Biograf\u00eda del cad\u00e1ver de una mujer&#8217;.<\/h4>\n<p>El viernes se cerraba el ciclo de conferencias por el mes de la mujer con <a href=\"https:\/\/es.wikipedia.org\/wiki\/Mabel_Lozano\" target=\"_blank\" rel=\"noopener\"><strong>Mabel Lozano<\/strong><\/a> en la RUCAB. Antes de ir al sal\u00f3n de actos para presentar su documental &#8216;Biograf\u00eda del cad\u00e1ver de una mujer&#8217;, Mabel ha podido dedicar un ratito para hablar con algunos de nuestros residentes.<\/p>\n<p>Una mujer que, tras su experiencia delante de las c\u00e1maras en<strong> cine y televisi\u00f3n<\/strong>, decide ponerse detr\u00e1s y empezar a contar historias reales de mujeres que viven <strong>situaciones extremas<\/strong> atrapadas en el mundo de la trata.<\/p>\n<p>Naciones unidas dice que<strong> 4,5 millones de mujeres y ni\u00f1as son v\u00edctimas de trata al a\u00f1o<\/strong>, son captadas y arrancadas de sus entornos por su vulnerabilidad y trasladadas a los diferentes sitios donde operan estas organizaciones y mafias.<\/p>\n<p>Adem\u00e1s, Mabel ha intentado explicar a nuestros residentes que precisamente el perfil de estas mujeres comprenden las edades de entre <strong>18 y 23 m\u00e1ximo<\/strong>, ya que con m\u00e1s edad se consideran mayores. Haciendo reflexionar sobre cu\u00e1les son los motivos que hacen <strong>vulnerable<\/strong> a estas mujeres, la clave es la &#8216;necesidad&#8217;. En este punto de\u00a0 actualidad, la <strong>guerra de Ucrania<\/strong> ha saltado como debate de una realidad verdaderamente alarmante, se est\u00e1 aprovechando el conflicto entre Rusia y Ucrania para captar a las mujeres y ni\u00f1as que huyen de su pa\u00eds, en estos momentos hay una organizaci\u00f3n haci\u00e9ndose pasar por Cruz Roja para captarlas y traerlas a burdeles de Espa\u00f1a, una situaci\u00f3n realmente dolorosa y traum\u00e1tica para estas personas, que enga\u00f1adas y manipuladas, piensan que estas organizaciones les van a dar una oportunidad de vida fuera de su pa\u00eds.<\/p>\n<p>La vulnerabilidad es precisamente eso, no tener para comer, no tener herramientas,\u00a0 apoyo familiar ni recursos de ning\u00fan tipo. Una de las cosas que m\u00e1s convierte en vulnerable a las mujeres de Latinoam\u00e9rica, es algo que no se plantean las mujeres del primer mundo, que son los <strong>derechos sexuale y reproductivos<\/strong>. La segunda nacionalidad de Mujeres v\u00edctimas de trata en Espa\u00f1a son <strong>paraguayas<\/strong> .<\/p>\n<p>Toda esta informaci\u00f3n es real, existe y est\u00e1 ah\u00ed fuera. As\u00ed que gracias a MUJERES como Mabel Lozano, se da visibilidad y se le pone cara a todas esas mujeres que sufren a diario esta cruel realidad.<\/p>\n\n\t\t<style type=\"text\/css\">\n\t\t\t#gallery-1 {\n\t\t\t\tmargin: auto;\n\t\t\t}\n\t\t\t#gallery-1 .gallery-item {\n\t\t\t\tfloat: left;\n\t\t\t\tmargin-top: 10px;\n\t\t\t\ttext-align: center;\n\t\t\t\twidth: 33%;\n\t\t\t}\n\t\t\t#gallery-1 img {\n\t\t\t\tborder: 2px solid #cfcfcf;\n\t\t\t}\n\t\t\t#gallery-1 .gallery-caption {\n\t\t\t\tmargin-left: 0;\n\t\t\t}\n\t\t\t\/* see gallery_shortcode() in wp-includes\/media.php *\/\n\t\t<\/style>\n\t\t<div id='gallery-1' class='gallery galleryid-1802 gallery-columns-3 gallery-size-large'><dl class='gallery-item'>\n\t\t\t<dt class='gallery-icon landscape'>\n\t\t\t\t<a href='https:\/\/residenciarucab.es\/blog\/mabel-lozano\/foto-mabel-lozano-2\/'><img loading=\"lazy\" decoding=\"async\" width=\"700\" height=\"394\" src=\"https:\/\/residenciarucab.es\/blog\/wp-content\/uploads\/2022\/03\/foto-mabel-lozano-2-1024x576.jpg\" class=\"attachment-large size-large\" alt=\"Mabel Lozano en la RUCAB\" srcset=\"https:\/\/residenciarucab.es\/blog\/wp-content\/uploads\/2022\/03\/foto-mabel-lozano-2-1024x576.jpg 1024w, https:\/\/residenciarucab.es\/blog\/wp-content\/uploads\/2022\/03\/foto-mabel-lozano-2-300x169.jpg 300w, https:\/\/residenciarucab.es\/blog\/wp-content\/uploads\/2022\/03\/foto-mabel-lozano-2-768x432.jpg 768w, https:\/\/residenciarucab.es\/blog\/wp-content\/uploads\/2022\/03\/foto-mabel-lozano-2-1140x641.jpg 1140w, https:\/\/residenciarucab.es\/blog\/wp-content\/uploads\/2022\/03\/foto-mabel-lozano-2-552x311.jpg 552w, https:\/\/residenciarucab.es\/blog\/wp-content\/uploads\/2022\/03\/foto-mabel-lozano-2.jpg 1280w\" sizes=\"auto, (max-width: 700px) 100vw, 700px\" \/><\/a>\n\t\t\t<\/dt><\/dl><dl class='gallery-item'>\n\t\t\t<dt class='gallery-icon landscape'>\n\t\t\t\t<a href='https:\/\/residenciarucab.es\/blog\/mabel-lozano\/foto-mabel-lozano-4\/'><img loading=\"lazy\" decoding=\"async\" width=\"700\" height=\"394\" src=\"https:\/\/residenciarucab.es\/blog\/wp-content\/uploads\/2022\/03\/foto-mabel-lozano-4-1024x576.jpg\" class=\"attachment-large size-large\" alt=\"Biograf\u00eda del cad\u00e1ver de una mujer\" srcset=\"https:\/\/residenciarucab.es\/blog\/wp-content\/uploads\/2022\/03\/foto-mabel-lozano-4-1024x576.jpg 1024w, https:\/\/residenciarucab.es\/blog\/wp-content\/uploads\/2022\/03\/foto-mabel-lozano-4-300x169.jpg 300w, https:\/\/residenciarucab.es\/blog\/wp-content\/uploads\/2022\/03\/foto-mabel-lozano-4-768x432.jpg 768w, https:\/\/residenciarucab.es\/blog\/wp-content\/uploads\/2022\/03\/foto-mabel-lozano-4-1140x641.jpg 1140w, https:\/\/residenciarucab.es\/blog\/wp-content\/uploads\/2022\/03\/foto-mabel-lozano-4-552x311.jpg 552w, https:\/\/residenciarucab.es\/blog\/wp-content\/uploads\/2022\/03\/foto-mabel-lozano-4.jpg 1280w\" sizes=\"auto, (max-width: 700px) 100vw, 700px\" \/><\/a>\n\t\t\t<\/dt><\/dl><dl class='gallery-item'>\n\t\t\t<dt class='gallery-icon landscape'>\n\t\t\t\t<a href='https:\/\/residenciarucab.es\/blog\/mabel-lozano\/mabel-lozano-3\/'><img loading=\"lazy\" decoding=\"async\" width=\"700\" height=\"394\" src=\"https:\/\/residenciarucab.es\/blog\/wp-content\/uploads\/2022\/03\/mabel-lozano-3-1024x576.jpg\" class=\"attachment-large size-large\" alt=\"Igualdad para la mujer con Mabel Lozano\" srcset=\"https:\/\/residenciarucab.es\/blog\/wp-content\/uploads\/2022\/03\/mabel-lozano-3-1024x576.jpg 1024w, https:\/\/residenciarucab.es\/blog\/wp-content\/uploads\/2022\/03\/mabel-lozano-3-300x169.jpg 300w, https:\/\/residenciarucab.es\/blog\/wp-content\/uploads\/2022\/03\/mabel-lozano-3-768x432.jpg 768w, https:\/\/residenciarucab.es\/blog\/wp-content\/uploads\/2022\/03\/mabel-lozano-3-1140x641.jpg 1140w, https:\/\/residenciarucab.es\/blog\/wp-content\/uploads\/2022\/03\/mabel-lozano-3-552x311.jpg 552w, https:\/\/residenciarucab.es\/blog\/wp-content\/uploads\/2022\/03\/mabel-lozano-3.jpg 1280w\" sizes=\"auto, (max-width: 700px) 100vw, 700px\" \/><\/a>\n\t\t\t<\/dt><\/dl><br style=\"clear: both\" \/>\n\t\t<\/div>\n\n","protected":false},"excerpt":{"rendered":"<p class=\"post-excerpt\">Tenaz y concienzuda, Mabel Lozano ha llegado muy lejos en su lucha por la igualdad entre hombres y mujeres, aunque sus esfuerzos van mucho m\u00e1s all\u00e1, le han valido un Premio Goya en 2021 al mejor cortometraje documental por &#8216;Biograf\u00eda del cad\u00e1ver de una mujer&#8217;. El viernes se cerraba el&#8230;<\/p>\n","protected":false},"author":1,"featured_media":1808,"comment_status":"open","ping_status":"open","sticky":false,"template":"","format":"standard","meta":{"footnotes":""},"categories":[1],"tags":[342,416,414,415,413],"class_list":["post-1802","post","type-post","status-publish","format-standard","has-post-thumbnail","hentry","category-noticias","tag-mujer","tag-proxeneta","tag-trata-de-personas","tag-violencia","tag-violencia-de-genero"],"yoast_head":"<!-- This site is optimized with the Yoast SEO plugin v27.5 - https:\/\/yoast.com\/product\/yoast-seo-wordpress\/ -->\n<title>Caf\u00e9- tertulia con la actriz y directora de cine Mabel Lozano BLOG RUCAB<\/title>\n<meta name=\"description\" content=\"Caf\u00e9-tertulia con la actriz y directora de cine Mabel Lozano, hablamos sobre su documental &#039;Biograf\u00eda del cad\u00e1ver de una mujer&#039;.\" \/>\n<meta name=\"robots\" content=\"index, follow, max-snippet:-1, max-image-preview:large, max-video-preview:-1\" \/>\n<link rel=\"canonical\" href=\"https:\/\/residenciarucab.es\/blog\/mabel-lozano\/\" \/>\n<meta property=\"og:locale\" content=\"es_ES\" \/>\n<meta property=\"og:type\" content=\"article\" \/>\n<meta property=\"og:title\" content=\"Caf\u00e9- tertulia con la actriz y directora de cine Mabel Lozano BLOG RUCAB\" \/>\n<meta property=\"og:description\" content=\"Caf\u00e9-tertulia con la actriz y directora de cine Mabel Lozano, hablamos sobre su documental &#039;Biograf\u00eda del cad\u00e1ver de una mujer&#039;.\" \/>\n<meta property=\"og:url\" content=\"https:\/\/residenciarucab.es\/blog\/mabel-lozano\/\" \/>\n<meta property=\"og:site_name\" content=\"BLOG RUCAB\" \/>\n<meta property=\"article:published_time\" content=\"2022-03-22T11:43:06+00:00\" \/>\n<meta property=\"og:image\" content=\"http:\/\/residenciarucab.es\/blog\/wp-content\/uploads\/2022\/03\/foto-mabel-lozano-1.jpg\" \/>\n\t<meta property=\"og:image:width\" content=\"1280\" \/>\n\t<meta property=\"og:image:height\" content=\"720\" \/>\n\t<meta property=\"og:image:type\" content=\"image\/jpeg\" \/>\n<meta name=\"author\" content=\"RUCAB\" \/>\n<meta name=\"twitter:card\" content=\"summary_large_image\" \/>\n<meta name=\"twitter:label1\" content=\"Escrito por\" \/>\n\t<meta name=\"twitter:data1\" content=\"RUCAB\" \/>\n\t<meta name=\"twitter:label2\" content=\"Tiempo de lectura\" \/>\n\t<meta name=\"twitter:data2\" content=\"1 minuto\" \/>\n<script type=\"application\/ld+json\" class=\"yoast-schema-graph\">{\"@context\":\"https:\\\/\\\/schema.org\",\"@graph\":[{\"@type\":\"Article\",\"@id\":\"https:\\\/\\\/residenciarucab.es\\\/blog\\\/mabel-lozano\\\/#article\",\"isPartOf\":{\"@id\":\"https:\\\/\\\/residenciarucab.es\\\/blog\\\/mabel-lozano\\\/\"},\"author\":{\"name\":\"RUCAB\",\"@id\":\"https:\\\/\\\/residenciarucab.es\\\/blog\\\/#\\\/schema\\\/person\\\/f759c867eac865f0ce36c767f26f9294\"},\"headline\":\"Caf\u00e9- tertulia con la actriz y directora de cine Mabel Lozano\",\"datePublished\":\"2022-03-22T11:43:06+00:00\",\"mainEntityOfPage\":{\"@id\":\"https:\\\/\\\/residenciarucab.es\\\/blog\\\/mabel-lozano\\\/\"},\"wordCount\":449,\"commentCount\":0,\"image\":{\"@id\":\"https:\\\/\\\/residenciarucab.es\\\/blog\\\/mabel-lozano\\\/#primaryimage\"},\"thumbnailUrl\":\"https:\\\/\\\/residenciarucab.es\\\/blog\\\/wp-content\\\/uploads\\\/2022\\\/03\\\/foto-mabel-lozano-1.jpg\",\"keywords\":[\"mujer\",\"proxeneta\",\"trata de personas\",\"violencia\",\"violencia de g\u00e9nero\"],\"articleSection\":[\"Noticias\"],\"inLanguage\":\"es\",\"potentialAction\":[{\"@type\":\"CommentAction\",\"name\":\"Comment\",\"target\":[\"https:\\\/\\\/residenciarucab.es\\\/blog\\\/mabel-lozano\\\/#respond\"]}]},{\"@type\":\"WebPage\",\"@id\":\"https:\\\/\\\/residenciarucab.es\\\/blog\\\/mabel-lozano\\\/\",\"url\":\"https:\\\/\\\/residenciarucab.es\\\/blog\\\/mabel-lozano\\\/\",\"name\":\"Caf\u00e9- tertulia con la actriz y directora de cine Mabel Lozano BLOG RUCAB\",\"isPartOf\":{\"@id\":\"https:\\\/\\\/residenciarucab.es\\\/blog\\\/#website\"},\"primaryImageOfPage\":{\"@id\":\"https:\\\/\\\/residenciarucab.es\\\/blog\\\/mabel-lozano\\\/#primaryimage\"},\"image\":{\"@id\":\"https:\\\/\\\/residenciarucab.es\\\/blog\\\/mabel-lozano\\\/#primaryimage\"},\"thumbnailUrl\":\"https:\\\/\\\/residenciarucab.es\\\/blog\\\/wp-content\\\/uploads\\\/2022\\\/03\\\/foto-mabel-lozano-1.jpg\",\"datePublished\":\"2022-03-22T11:43:06+00:00\",\"author\":{\"@id\":\"https:\\\/\\\/residenciarucab.es\\\/blog\\\/#\\\/schema\\\/person\\\/f759c867eac865f0ce36c767f26f9294\"},\"description\":\"Caf\u00e9-tertulia con la actriz y directora de cine Mabel Lozano, hablamos sobre su documental 'Biograf\u00eda del cad\u00e1ver de una mujer'.\",\"breadcrumb\":{\"@id\":\"https:\\\/\\\/residenciarucab.es\\\/blog\\\/mabel-lozano\\\/#breadcrumb\"},\"inLanguage\":\"es\",\"potentialAction\":[{\"@type\":\"ReadAction\",\"target\":[\"https:\\\/\\\/residenciarucab.es\\\/blog\\\/mabel-lozano\\\/\"]}]},{\"@type\":\"ImageObject\",\"inLanguage\":\"es\",\"@id\":\"https:\\\/\\\/residenciarucab.es\\\/blog\\\/mabel-lozano\\\/#primaryimage\",\"url\":\"https:\\\/\\\/residenciarucab.es\\\/blog\\\/wp-content\\\/uploads\\\/2022\\\/03\\\/foto-mabel-lozano-1.jpg\",\"contentUrl\":\"https:\\\/\\\/residenciarucab.es\\\/blog\\\/wp-content\\\/uploads\\\/2022\\\/03\\\/foto-mabel-lozano-1.jpg\",\"width\":1280,\"height\":720,\"caption\":\"Caf\u00e9-tertulia con Mabel Lozano en la RUCAB\"},{\"@type\":\"BreadcrumbList\",\"@id\":\"https:\\\/\\\/residenciarucab.es\\\/blog\\\/mabel-lozano\\\/#breadcrumb\",\"itemListElement\":[{\"@type\":\"ListItem\",\"position\":1,\"name\":\"Portada\",\"item\":\"https:\\\/\\\/residenciarucab.es\\\/blog\\\/\"},{\"@type\":\"ListItem\",\"position\":2,\"name\":\"Caf\u00e9- tertulia con la actriz y directora de cine Mabel Lozano\"}]},{\"@type\":\"WebSite\",\"@id\":\"https:\\\/\\\/residenciarucab.es\\\/blog\\\/#website\",\"url\":\"https:\\\/\\\/residenciarucab.es\\\/blog\\\/\",\"name\":\"BLOG RUCAB\",\"description\":\"\u00a1Todas las novedades de nuestra residencia universitaria!\",\"potentialAction\":[{\"@type\":\"SearchAction\",\"target\":{\"@type\":\"EntryPoint\",\"urlTemplate\":\"https:\\\/\\\/residenciarucab.es\\\/blog\\\/?s={search_term_string}\"},\"query-input\":{\"@type\":\"PropertyValueSpecification\",\"valueRequired\":true,\"valueName\":\"search_term_string\"}}],\"inLanguage\":\"es\"},{\"@type\":\"Person\",\"@id\":\"https:\\\/\\\/residenciarucab.es\\\/blog\\\/#\\\/schema\\\/person\\\/f759c867eac865f0ce36c767f26f9294\",\"name\":\"RUCAB\",\"image\":{\"@type\":\"ImageObject\",\"inLanguage\":\"es\",\"@id\":\"https:\\\/\\\/residenciarucab.es\\\/blog\\\/wp-content\\\/uploads\\\/2019\\\/07\\\/r-rosa.png\",\"url\":\"https:\\\/\\\/residenciarucab.es\\\/blog\\\/wp-content\\\/uploads\\\/2019\\\/07\\\/r-rosa.png\",\"contentUrl\":\"https:\\\/\\\/residenciarucab.es\\\/blog\\\/wp-content\\\/uploads\\\/2019\\\/07\\\/r-rosa.png\",\"caption\":\"RUCAB\"},\"description\":\"La RUCAB es un referente en Extremadura por la calidad de sus instalaciones y por su estilo de vida, basado en valores de convivencia, respeto y educaci\u00f3n. Una residencia junto al campus y con todas las necesidades cubiertas.\",\"url\":\"https:\\\/\\\/residenciarucab.es\\\/blog\\\/author\\\/rucab_blog\\\/\"}]}<\/script>\n<!-- \/ Yoast SEO plugin. -->","yoast_head_json":{"title":"Caf\u00e9- tertulia con la actriz y directora de cine Mabel Lozano BLOG RUCAB","description":"Caf\u00e9-tertulia con la actriz y directora de cine Mabel Lozano, hablamos sobre su documental 'Biograf\u00eda del cad\u00e1ver de una mujer'.","robots":{"index":"index","follow":"follow","max-snippet":"max-snippet:-1","max-image-preview":"max-image-preview:large","max-video-preview":"max-video-preview:-1"},"canonical":"https:\/\/residenciarucab.es\/blog\/mabel-lozano\/","og_locale":"es_ES","og_type":"article","og_title":"Caf\u00e9- tertulia con la actriz y directora de cine Mabel Lozano BLOG RUCAB","og_description":"Caf\u00e9-tertulia con la actriz y directora de cine Mabel Lozano, hablamos sobre su documental 'Biograf\u00eda del cad\u00e1ver de una mujer'.","og_url":"https:\/\/residenciarucab.es\/blog\/mabel-lozano\/","og_site_name":"BLOG RUCAB","article_published_time":"2022-03-22T11:43:06+00:00","og_image":[{"width":1280,"height":720,"url":"http:\/\/residenciarucab.es\/blog\/wp-content\/uploads\/2022\/03\/foto-mabel-lozano-1.jpg","type":"image\/jpeg"}],"author":"RUCAB","twitter_card":"summary_large_image","twitter_misc":{"Escrito por":"RUCAB","Tiempo de lectura":"1 minuto"},"schema":{"@context":"https:\/\/schema.org","@graph":[{"@type":"Article","@id":"https:\/\/residenciarucab.es\/blog\/mabel-lozano\/#article","isPartOf":{"@id":"https:\/\/residenciarucab.es\/blog\/mabel-lozano\/"},"author":{"name":"RUCAB","@id":"https:\/\/residenciarucab.es\/blog\/#\/schema\/person\/f759c867eac865f0ce36c767f26f9294"},"headline":"Caf\u00e9- tertulia con la actriz y directora de cine Mabel Lozano","datePublished":"2022-03-22T11:43:06+00:00","mainEntityOfPage":{"@id":"https:\/\/residenciarucab.es\/blog\/mabel-lozano\/"},"wordCount":449,"commentCount":0,"image":{"@id":"https:\/\/residenciarucab.es\/blog\/mabel-lozano\/#primaryimage"},"thumbnailUrl":"https:\/\/residenciarucab.es\/blog\/wp-content\/uploads\/2022\/03\/foto-mabel-lozano-1.jpg","keywords":["mujer","proxeneta","trata de personas","violencia","violencia de g\u00e9nero"],"articleSection":["Noticias"],"inLanguage":"es","potentialAction":[{"@type":"CommentAction","name":"Comment","target":["https:\/\/residenciarucab.es\/blog\/mabel-lozano\/#respond"]}]},{"@type":"WebPage","@id":"https:\/\/residenciarucab.es\/blog\/mabel-lozano\/","url":"https:\/\/residenciarucab.es\/blog\/mabel-lozano\/","name":"Caf\u00e9- tertulia con la actriz y directora de cine Mabel Lozano BLOG RUCAB","isPartOf":{"@id":"https:\/\/residenciarucab.es\/blog\/#website"},"primaryImageOfPage":{"@id":"https:\/\/residenciarucab.es\/blog\/mabel-lozano\/#primaryimage"},"image":{"@id":"https:\/\/residenciarucab.es\/blog\/mabel-lozano\/#primaryimage"},"thumbnailUrl":"https:\/\/residenciarucab.es\/blog\/wp-content\/uploads\/2022\/03\/foto-mabel-lozano-1.jpg","datePublished":"2022-03-22T11:43:06+00:00","author":{"@id":"https:\/\/residenciarucab.es\/blog\/#\/schema\/person\/f759c867eac865f0ce36c767f26f9294"},"description":"Caf\u00e9-tertulia con la actriz y directora de cine Mabel Lozano, hablamos sobre su documental 'Biograf\u00eda del cad\u00e1ver de una mujer'.","breadcrumb":{"@id":"https:\/\/residenciarucab.es\/blog\/mabel-lozano\/#breadcrumb"},"inLanguage":"es","potentialAction":[{"@type":"ReadAction","target":["https:\/\/residenciarucab.es\/blog\/mabel-lozano\/"]}]},{"@type":"ImageObject","inLanguage":"es","@id":"https:\/\/residenciarucab.es\/blog\/mabel-lozano\/#primaryimage","url":"https:\/\/residenciarucab.es\/blog\/wp-content\/uploads\/2022\/03\/foto-mabel-lozano-1.jpg","contentUrl":"https:\/\/residenciarucab.es\/blog\/wp-content\/uploads\/2022\/03\/foto-mabel-lozano-1.jpg","width":1280,"height":720,"caption":"Caf\u00e9-tertulia con Mabel Lozano en la RUCAB"},{"@type":"BreadcrumbList","@id":"https:\/\/residenciarucab.es\/blog\/mabel-lozano\/#breadcrumb","itemListElement":[{"@type":"ListItem","position":1,"name":"Portada","item":"https:\/\/residenciarucab.es\/blog\/"},{"@type":"ListItem","position":2,"name":"Caf\u00e9- tertulia con la actriz y directora de cine Mabel Lozano"}]},{"@type":"WebSite","@id":"https:\/\/residenciarucab.es\/blog\/#website","url":"https:\/\/residenciarucab.es\/blog\/","name":"BLOG RUCAB","description":"\u00a1Todas las novedades de nuestra residencia universitaria!","potentialAction":[{"@type":"SearchAction","target":{"@type":"EntryPoint","urlTemplate":"https:\/\/residenciarucab.es\/blog\/?s={search_term_string}"},"query-input":{"@type":"PropertyValueSpecification","valueRequired":true,"valueName":"search_term_string"}}],"inLanguage":"es"},{"@type":"Person","@id":"https:\/\/residenciarucab.es\/blog\/#\/schema\/person\/f759c867eac865f0ce36c767f26f9294","name":"RUCAB","image":{"@type":"ImageObject","inLanguage":"es","@id":"https:\/\/residenciarucab.es\/blog\/wp-content\/uploads\/2019\/07\/r-rosa.png","url":"https:\/\/residenciarucab.es\/blog\/wp-content\/uploads\/2019\/07\/r-rosa.png","contentUrl":"https:\/\/residenciarucab.es\/blog\/wp-content\/uploads\/2019\/07\/r-rosa.png","caption":"RUCAB"},"description":"La RUCAB es un referente en Extremadura por la calidad de sus instalaciones y por su estilo de vida, basado en valores de convivencia, respeto y educaci\u00f3n. Una residencia junto al campus y con todas las necesidades cubiertas.","url":"https:\/\/residenciarucab.es\/blog\/author\/rucab_blog\/"}]}},"_links":{"self":[{"href":"https:\/\/residenciarucab.es\/blog\/wp-json\/wp\/v2\/posts\/1802","targetHints":{"allow":["GET"]}}],"collection":[{"href":"https:\/\/residenciarucab.es\/blog\/wp-json\/wp\/v2\/posts"}],"about":[{"href":"https:\/\/residenciarucab.es\/blog\/wp-json\/wp\/v2\/types\/post"}],"author":[{"embeddable":true,"href":"https:\/\/residenciarucab.es\/blog\/wp-json\/wp\/v2\/users\/1"}],"replies":[{"embeddable":true,"href":"https:\/\/residenciarucab.es\/blog\/wp-json\/wp\/v2\/comments?post=1802"}],"version-history":[{"count":5,"href":"https:\/\/residenciarucab.es\/blog\/wp-json\/wp\/v2\/posts\/1802\/revisions"}],"predecessor-version":[{"id":1814,"href":"https:\/\/residenciarucab.es\/blog\/wp-json\/wp\/v2\/posts\/1802\/revisions\/1814"}],"wp:featuredmedia":[{"embeddable":true,"href":"https:\/\/residenciarucab.es\/blog\/wp-json\/wp\/v2\/media\/1808"}],"wp:attachment":[{"href":"https:\/\/residenciarucab.es\/blog\/wp-json\/wp\/v2\/media?parent=1802"}],"wp:term":[{"taxonomy":"category","embeddable":true,"href":"https:\/\/residenciarucab.es\/blog\/wp-json\/wp\/v2\/categories?post=1802"},{"taxonomy":"post_tag","embeddable":true,"href":"https:\/\/residenciarucab.es\/blog\/wp-json\/wp\/v2\/tags?post=1802"}],"curies":[{"name":"wp","href":"https:\/\/api.w.org\/{rel}","templated":true}]}}