

{"id":1882,"date":"2022-06-29T13:53:00","date_gmt":"2022-06-29T11:53:00","guid":{"rendered":"https:\/\/residenciarucab.es\/blog\/?p=1882"},"modified":"2022-06-29T13:53:00","modified_gmt":"2022-06-29T11:53:00","slug":"la-familia-esta-donde-tu-quieras-que-este","status":"publish","type":"post","link":"https:\/\/residenciarucab.es\/blog\/la-familia-esta-donde-tu-quieras-que-este\/","title":{"rendered":"La familia est\u00e1 donde t\u00fa quieras que est\u00e9"},"content":{"rendered":"<h4>La familia<\/h4>\n<p>Me dijeron una vez que las <strong>verdaderas amistades<\/strong> se hacen en la universidad y jam\u00e1s pens\u00e9 que fuera cierto. He de decir que dependiendo del lugar por donde te muevas encontrar\u00e1s diferentes ambientes, con diferentes personalidades y variadas situaciones, y en eso yo tengo experiencia. El a\u00f1o pasado fui residente de la RUCAB y este a\u00f1o tuve que desplazarme por ciertos motivos a otra ciudad a realizar otros estudios, por lo que pas\u00e9 a estar en otra residencia.<\/p>\n<p>Ya de entrada hay variaci\u00f3n de t\u00e9rminos por si no te has dado cuenta:<strong> residir y esta<\/strong>r. La definici\u00f3n de residir es un t\u00e9rmino familiar, algo as\u00ed como vivir, convivir con gente como t\u00fa y con la cual tienes un afecto por el simple hecho de estar durante un periodo de tu vida viviendo en el mismo lugar, independientemente de tus gustos, tus metas, tus ambiciones\u2026 En cambio, estar es algo as\u00ed como permanecer en ese lugar f\u00edsico. Y ya est\u00e1.<\/p>\n<h4>Llegada a Badajoz<\/h4>\n<p>A m\u00ed personalmente cuando llegu\u00e9 a Badajoz me recibieron con los brazos abiertos, los residentes de segundo, tercer y cuarto a\u00f1o hac\u00edan que el ambiente de la residencia fuera el apropiado para todos. Te dec\u00edan: no te puedes levantar de la mesa del comedor hasta que todos los de tu mesa terminen de comer; si\u00e9ntate con los nuevos residentes en la mesa del comedor; hoy se sale a la Aldaba, y un gran etc. En definitiva, hab\u00eda cierto <strong>esp\u00edritu de familia<\/strong>.<br \/>\nCuando me desplac\u00e9 sent\u00eda que ese ambiente era com\u00fan en todas las residencias y colegios mayores, pues hace que ganes <strong>confianza<\/strong> pronto con otras personas; que, aunque no sean tus amigos haya cierta cordialidad\u2026 pero la realidad es que no. Las nuevas residencias universitarias est\u00e1n orientadas a lo que se conoce como <strong>sociedad individualizada<\/strong>, en la que cada persona tiene su vida y no es para nada una residencia universitaria sino m\u00e1s bien un alquiler de habitaciones, un piso grande.<\/p>\n<h4>En la RUCAB<\/h4>\n<p>Sin duda alguna el mejor a\u00f1o de mi vida me lo ha dado la <strong>RUCAB<\/strong>, pues all\u00ed he conocido a personas que hoy en d\u00eda son <strong>fundamentales<\/strong> y sin las que no me imagino en un futuro. Por mucho que ahora no est\u00e9 all\u00ed, por mucho que acabe mi carrera universitaria en otra ciudad alejada de all\u00ed, por muchas nuevas personas que conozca, aunque en Badajoz solo haya estado en mi primer a\u00f1o y donde estoy tenga que estar seis, yo siempre considerar\u00e9 <strong>mis amigos de la universidad<\/strong> a aquellos que me dio la RUCAB. Y no solo hablo acerca de los residentes, sino tambi\u00e9n de los trabajadores, tanto los del catering como los recepcionistas, pasando por administraci\u00f3n.<\/p>\n<p>Tambi\u00e9n es cierto que donde estoy hice mi grupo de amistades, pero no tiene nada que ver con todo lo que dej\u00e9 all\u00ed. Ojal\u00e1 poder volver, volver a casa pronto y para quedarme, pues estoy contando los d\u00edas cada vez que puedo para bajar y ver a mi<strong> \u2018gran familia\u2019.<\/strong><\/p>\n<p>Simplemente, gracias por todo, y nos veremos pronto.<\/p>\n<p><img loading=\"lazy\" decoding=\"async\" class=\"aligncenter wp-image-1885 size-large\" src=\"http:\/\/residenciarucab.es\/blog\/wp-content\/uploads\/2022\/06\/marta-maria-1-1024x576.jpg\" alt=\"Marta Mar\u00eda S\u00e1nchez, residente en la RUCAB\" width=\"700\" height=\"394\" srcset=\"https:\/\/residenciarucab.es\/blog\/wp-content\/uploads\/2022\/06\/marta-maria-1-1024x576.jpg 1024w, https:\/\/residenciarucab.es\/blog\/wp-content\/uploads\/2022\/06\/marta-maria-1-300x169.jpg 300w, https:\/\/residenciarucab.es\/blog\/wp-content\/uploads\/2022\/06\/marta-maria-1-768x432.jpg 768w, https:\/\/residenciarucab.es\/blog\/wp-content\/uploads\/2022\/06\/marta-maria-1-1140x641.jpg 1140w, https:\/\/residenciarucab.es\/blog\/wp-content\/uploads\/2022\/06\/marta-maria-1-552x311.jpg 552w, https:\/\/residenciarucab.es\/blog\/wp-content\/uploads\/2022\/06\/marta-maria-1.jpg 1280w\" sizes=\"auto, (max-width: 700px) 100vw, 700px\" \/><\/p>\n<p>&nbsp;<\/p>\n<p><a href=\"https:\/\/www.instagram.com\/martasgz\/\" target=\"_blank\" rel=\"noopener\">Marta M\u00aa S\u00e1nchez G\u00f3mez<\/a><br \/>\n1\u00ba de Medicina<\/p>\n<p>Puedes leer m\u00e1s contenido de residentes en la <a href=\"https:\/\/residenciarucab.es\/revista-rucab\/\" target=\"_blank\" rel=\"noopener\">REVISTA DE LA RUCAB<\/a>.<\/p>\n","protected":false},"excerpt":{"rendered":"<p class=\"post-excerpt\">La familia Me dijeron una vez que las verdaderas amistades se hacen en la universidad y jam\u00e1s pens\u00e9 que fuera cierto. He de decir que dependiendo del lugar por donde te muevas encontrar\u00e1s diferentes ambientes, con diferentes personalidades y variadas situaciones, y en eso yo tengo experiencia. El a\u00f1o pasado&#8230;<\/p>\n","protected":false},"author":1,"featured_media":1884,"comment_status":"open","ping_status":"open","sticky":false,"template":"","format":"standard","meta":{"footnotes":""},"categories":[1],"tags":[9,271,408,36,418,35],"class_list":["post-1882","post","type-post","status-publish","format-standard","has-post-thumbnail","hentry","category-noticias","tag-badajoz","tag-estudiar-en-badajoz","tag-residencia-de-estudiantes","tag-residencia-universitaria","tag-revista-rucab","tag-rucab"],"yoast_head":"<!-- This site is optimized with the Yoast SEO plugin v27.5 - https:\/\/yoast.com\/product\/yoast-seo-wordpress\/ -->\n<title>La familia est\u00e1 donde t\u00fa quieras que est\u00e9 - BLOG RUCAB<\/title>\n<meta name=\"description\" content=\"Marta Mar\u00eda S\u00e1nchez: &quot;yo siempre considerar\u00e9 mis amigos de la universidad a aquellos que me dio la RUCAB&quot;.\" \/>\n<meta name=\"robots\" content=\"index, follow, max-snippet:-1, max-image-preview:large, max-video-preview:-1\" \/>\n<link rel=\"canonical\" href=\"https:\/\/residenciarucab.es\/blog\/la-familia-esta-donde-tu-quieras-que-este\/\" \/>\n<meta property=\"og:locale\" content=\"es_ES\" \/>\n<meta property=\"og:type\" content=\"article\" \/>\n<meta property=\"og:title\" content=\"La familia est\u00e1 donde t\u00fa quieras que est\u00e9 - BLOG RUCAB\" \/>\n<meta property=\"og:description\" content=\"Marta Mar\u00eda S\u00e1nchez: &quot;yo siempre considerar\u00e9 mis amigos de la universidad a aquellos que me dio la RUCAB&quot;.\" \/>\n<meta property=\"og:url\" content=\"https:\/\/residenciarucab.es\/blog\/la-familia-esta-donde-tu-quieras-que-este\/\" \/>\n<meta property=\"og:site_name\" content=\"BLOG RUCAB\" \/>\n<meta property=\"article:published_time\" content=\"2022-06-29T11:53:00+00:00\" \/>\n<meta property=\"og:image\" content=\"http:\/\/residenciarucab.es\/blog\/wp-content\/uploads\/2022\/06\/marta-maria-2.jpg\" \/>\n\t<meta property=\"og:image:width\" content=\"1280\" \/>\n\t<meta property=\"og:image:height\" content=\"720\" \/>\n\t<meta property=\"og:image:type\" content=\"image\/jpeg\" \/>\n<meta name=\"author\" content=\"RUCAB\" \/>\n<meta name=\"twitter:card\" content=\"summary_large_image\" \/>\n<meta name=\"twitter:label1\" content=\"Escrito por\" \/>\n\t<meta name=\"twitter:data1\" content=\"RUCAB\" \/>\n\t<meta name=\"twitter:label2\" content=\"Tiempo de lectura\" \/>\n\t<meta name=\"twitter:data2\" content=\"3 minutos\" \/>\n<script type=\"application\/ld+json\" class=\"yoast-schema-graph\">{\"@context\":\"https:\\\/\\\/schema.org\",\"@graph\":[{\"@type\":\"Article\",\"@id\":\"https:\\\/\\\/residenciarucab.es\\\/blog\\\/la-familia-esta-donde-tu-quieras-que-este\\\/#article\",\"isPartOf\":{\"@id\":\"https:\\\/\\\/residenciarucab.es\\\/blog\\\/la-familia-esta-donde-tu-quieras-que-este\\\/\"},\"author\":{\"name\":\"RUCAB\",\"@id\":\"https:\\\/\\\/residenciarucab.es\\\/blog\\\/#\\\/schema\\\/person\\\/f759c867eac865f0ce36c767f26f9294\"},\"headline\":\"La familia est\u00e1 donde t\u00fa quieras que est\u00e9\",\"datePublished\":\"2022-06-29T11:53:00+00:00\",\"mainEntityOfPage\":{\"@id\":\"https:\\\/\\\/residenciarucab.es\\\/blog\\\/la-familia-esta-donde-tu-quieras-que-este\\\/\"},\"wordCount\":560,\"commentCount\":0,\"image\":{\"@id\":\"https:\\\/\\\/residenciarucab.es\\\/blog\\\/la-familia-esta-donde-tu-quieras-que-este\\\/#primaryimage\"},\"thumbnailUrl\":\"https:\\\/\\\/residenciarucab.es\\\/blog\\\/wp-content\\\/uploads\\\/2022\\\/06\\\/marta-maria-2.jpg\",\"keywords\":[\"Badajoz\",\"Estudiar en Badajoz\",\"Residencia de estudiantes\",\"Residencia Universitaria\",\"revista RUCAB\",\"Rucab\"],\"articleSection\":[\"Noticias\"],\"inLanguage\":\"es\",\"potentialAction\":[{\"@type\":\"CommentAction\",\"name\":\"Comment\",\"target\":[\"https:\\\/\\\/residenciarucab.es\\\/blog\\\/la-familia-esta-donde-tu-quieras-que-este\\\/#respond\"]}]},{\"@type\":\"WebPage\",\"@id\":\"https:\\\/\\\/residenciarucab.es\\\/blog\\\/la-familia-esta-donde-tu-quieras-que-este\\\/\",\"url\":\"https:\\\/\\\/residenciarucab.es\\\/blog\\\/la-familia-esta-donde-tu-quieras-que-este\\\/\",\"name\":\"La familia est\u00e1 donde t\u00fa quieras que est\u00e9 - BLOG RUCAB\",\"isPartOf\":{\"@id\":\"https:\\\/\\\/residenciarucab.es\\\/blog\\\/#website\"},\"primaryImageOfPage\":{\"@id\":\"https:\\\/\\\/residenciarucab.es\\\/blog\\\/la-familia-esta-donde-tu-quieras-que-este\\\/#primaryimage\"},\"image\":{\"@id\":\"https:\\\/\\\/residenciarucab.es\\\/blog\\\/la-familia-esta-donde-tu-quieras-que-este\\\/#primaryimage\"},\"thumbnailUrl\":\"https:\\\/\\\/residenciarucab.es\\\/blog\\\/wp-content\\\/uploads\\\/2022\\\/06\\\/marta-maria-2.jpg\",\"datePublished\":\"2022-06-29T11:53:00+00:00\",\"author\":{\"@id\":\"https:\\\/\\\/residenciarucab.es\\\/blog\\\/#\\\/schema\\\/person\\\/f759c867eac865f0ce36c767f26f9294\"},\"description\":\"Marta Mar\u00eda S\u00e1nchez: \\\"yo siempre considerar\u00e9 mis amigos de la universidad a aquellos que me dio la RUCAB\\\".\",\"breadcrumb\":{\"@id\":\"https:\\\/\\\/residenciarucab.es\\\/blog\\\/la-familia-esta-donde-tu-quieras-que-este\\\/#breadcrumb\"},\"inLanguage\":\"es\",\"potentialAction\":[{\"@type\":\"ReadAction\",\"target\":[\"https:\\\/\\\/residenciarucab.es\\\/blog\\\/la-familia-esta-donde-tu-quieras-que-este\\\/\"]}]},{\"@type\":\"ImageObject\",\"inLanguage\":\"es\",\"@id\":\"https:\\\/\\\/residenciarucab.es\\\/blog\\\/la-familia-esta-donde-tu-quieras-que-este\\\/#primaryimage\",\"url\":\"https:\\\/\\\/residenciarucab.es\\\/blog\\\/wp-content\\\/uploads\\\/2022\\\/06\\\/marta-maria-2.jpg\",\"contentUrl\":\"https:\\\/\\\/residenciarucab.es\\\/blog\\\/wp-content\\\/uploads\\\/2022\\\/06\\\/marta-maria-2.jpg\",\"width\":1280,\"height\":720,\"caption\":\"Residencia Universitaria en Badajoz\"},{\"@type\":\"BreadcrumbList\",\"@id\":\"https:\\\/\\\/residenciarucab.es\\\/blog\\\/la-familia-esta-donde-tu-quieras-que-este\\\/#breadcrumb\",\"itemListElement\":[{\"@type\":\"ListItem\",\"position\":1,\"name\":\"Portada\",\"item\":\"https:\\\/\\\/residenciarucab.es\\\/blog\\\/\"},{\"@type\":\"ListItem\",\"position\":2,\"name\":\"La familia est\u00e1 donde t\u00fa quieras que est\u00e9\"}]},{\"@type\":\"WebSite\",\"@id\":\"https:\\\/\\\/residenciarucab.es\\\/blog\\\/#website\",\"url\":\"https:\\\/\\\/residenciarucab.es\\\/blog\\\/\",\"name\":\"BLOG RUCAB\",\"description\":\"\u00a1Todas las novedades de nuestra residencia universitaria!\",\"potentialAction\":[{\"@type\":\"SearchAction\",\"target\":{\"@type\":\"EntryPoint\",\"urlTemplate\":\"https:\\\/\\\/residenciarucab.es\\\/blog\\\/?s={search_term_string}\"},\"query-input\":{\"@type\":\"PropertyValueSpecification\",\"valueRequired\":true,\"valueName\":\"search_term_string\"}}],\"inLanguage\":\"es\"},{\"@type\":\"Person\",\"@id\":\"https:\\\/\\\/residenciarucab.es\\\/blog\\\/#\\\/schema\\\/person\\\/f759c867eac865f0ce36c767f26f9294\",\"name\":\"RUCAB\",\"image\":{\"@type\":\"ImageObject\",\"inLanguage\":\"es\",\"@id\":\"https:\\\/\\\/residenciarucab.es\\\/blog\\\/wp-content\\\/uploads\\\/2019\\\/07\\\/r-rosa.png\",\"url\":\"https:\\\/\\\/residenciarucab.es\\\/blog\\\/wp-content\\\/uploads\\\/2019\\\/07\\\/r-rosa.png\",\"contentUrl\":\"https:\\\/\\\/residenciarucab.es\\\/blog\\\/wp-content\\\/uploads\\\/2019\\\/07\\\/r-rosa.png\",\"caption\":\"RUCAB\"},\"description\":\"La RUCAB es un referente en Extremadura por la calidad de sus instalaciones y por su estilo de vida, basado en valores de convivencia, respeto y educaci\u00f3n. Una residencia junto al campus y con todas las necesidades cubiertas.\",\"url\":\"https:\\\/\\\/residenciarucab.es\\\/blog\\\/author\\\/rucab_blog\\\/\"}]}<\/script>\n<!-- \/ Yoast SEO plugin. -->","yoast_head_json":{"title":"La familia est\u00e1 donde t\u00fa quieras que est\u00e9 - BLOG RUCAB","description":"Marta Mar\u00eda S\u00e1nchez: \"yo siempre considerar\u00e9 mis amigos de la universidad a aquellos que me dio la RUCAB\".","robots":{"index":"index","follow":"follow","max-snippet":"max-snippet:-1","max-image-preview":"max-image-preview:large","max-video-preview":"max-video-preview:-1"},"canonical":"https:\/\/residenciarucab.es\/blog\/la-familia-esta-donde-tu-quieras-que-este\/","og_locale":"es_ES","og_type":"article","og_title":"La familia est\u00e1 donde t\u00fa quieras que est\u00e9 - BLOG RUCAB","og_description":"Marta Mar\u00eda S\u00e1nchez: \"yo siempre considerar\u00e9 mis amigos de la universidad a aquellos que me dio la RUCAB\".","og_url":"https:\/\/residenciarucab.es\/blog\/la-familia-esta-donde-tu-quieras-que-este\/","og_site_name":"BLOG RUCAB","article_published_time":"2022-06-29T11:53:00+00:00","og_image":[{"width":1280,"height":720,"url":"http:\/\/residenciarucab.es\/blog\/wp-content\/uploads\/2022\/06\/marta-maria-2.jpg","type":"image\/jpeg"}],"author":"RUCAB","twitter_card":"summary_large_image","twitter_misc":{"Escrito por":"RUCAB","Tiempo de lectura":"3 minutos"},"schema":{"@context":"https:\/\/schema.org","@graph":[{"@type":"Article","@id":"https:\/\/residenciarucab.es\/blog\/la-familia-esta-donde-tu-quieras-que-este\/#article","isPartOf":{"@id":"https:\/\/residenciarucab.es\/blog\/la-familia-esta-donde-tu-quieras-que-este\/"},"author":{"name":"RUCAB","@id":"https:\/\/residenciarucab.es\/blog\/#\/schema\/person\/f759c867eac865f0ce36c767f26f9294"},"headline":"La familia est\u00e1 donde t\u00fa quieras que est\u00e9","datePublished":"2022-06-29T11:53:00+00:00","mainEntityOfPage":{"@id":"https:\/\/residenciarucab.es\/blog\/la-familia-esta-donde-tu-quieras-que-este\/"},"wordCount":560,"commentCount":0,"image":{"@id":"https:\/\/residenciarucab.es\/blog\/la-familia-esta-donde-tu-quieras-que-este\/#primaryimage"},"thumbnailUrl":"https:\/\/residenciarucab.es\/blog\/wp-content\/uploads\/2022\/06\/marta-maria-2.jpg","keywords":["Badajoz","Estudiar en Badajoz","Residencia de estudiantes","Residencia Universitaria","revista RUCAB","Rucab"],"articleSection":["Noticias"],"inLanguage":"es","potentialAction":[{"@type":"CommentAction","name":"Comment","target":["https:\/\/residenciarucab.es\/blog\/la-familia-esta-donde-tu-quieras-que-este\/#respond"]}]},{"@type":"WebPage","@id":"https:\/\/residenciarucab.es\/blog\/la-familia-esta-donde-tu-quieras-que-este\/","url":"https:\/\/residenciarucab.es\/blog\/la-familia-esta-donde-tu-quieras-que-este\/","name":"La familia est\u00e1 donde t\u00fa quieras que est\u00e9 - BLOG RUCAB","isPartOf":{"@id":"https:\/\/residenciarucab.es\/blog\/#website"},"primaryImageOfPage":{"@id":"https:\/\/residenciarucab.es\/blog\/la-familia-esta-donde-tu-quieras-que-este\/#primaryimage"},"image":{"@id":"https:\/\/residenciarucab.es\/blog\/la-familia-esta-donde-tu-quieras-que-este\/#primaryimage"},"thumbnailUrl":"https:\/\/residenciarucab.es\/blog\/wp-content\/uploads\/2022\/06\/marta-maria-2.jpg","datePublished":"2022-06-29T11:53:00+00:00","author":{"@id":"https:\/\/residenciarucab.es\/blog\/#\/schema\/person\/f759c867eac865f0ce36c767f26f9294"},"description":"Marta Mar\u00eda S\u00e1nchez: \"yo siempre considerar\u00e9 mis amigos de la universidad a aquellos que me dio la RUCAB\".","breadcrumb":{"@id":"https:\/\/residenciarucab.es\/blog\/la-familia-esta-donde-tu-quieras-que-este\/#breadcrumb"},"inLanguage":"es","potentialAction":[{"@type":"ReadAction","target":["https:\/\/residenciarucab.es\/blog\/la-familia-esta-donde-tu-quieras-que-este\/"]}]},{"@type":"ImageObject","inLanguage":"es","@id":"https:\/\/residenciarucab.es\/blog\/la-familia-esta-donde-tu-quieras-que-este\/#primaryimage","url":"https:\/\/residenciarucab.es\/blog\/wp-content\/uploads\/2022\/06\/marta-maria-2.jpg","contentUrl":"https:\/\/residenciarucab.es\/blog\/wp-content\/uploads\/2022\/06\/marta-maria-2.jpg","width":1280,"height":720,"caption":"Residencia Universitaria en Badajoz"},{"@type":"BreadcrumbList","@id":"https:\/\/residenciarucab.es\/blog\/la-familia-esta-donde-tu-quieras-que-este\/#breadcrumb","itemListElement":[{"@type":"ListItem","position":1,"name":"Portada","item":"https:\/\/residenciarucab.es\/blog\/"},{"@type":"ListItem","position":2,"name":"La familia est\u00e1 donde t\u00fa quieras que est\u00e9"}]},{"@type":"WebSite","@id":"https:\/\/residenciarucab.es\/blog\/#website","url":"https:\/\/residenciarucab.es\/blog\/","name":"BLOG RUCAB","description":"\u00a1Todas las novedades de nuestra residencia universitaria!","potentialAction":[{"@type":"SearchAction","target":{"@type":"EntryPoint","urlTemplate":"https:\/\/residenciarucab.es\/blog\/?s={search_term_string}"},"query-input":{"@type":"PropertyValueSpecification","valueRequired":true,"valueName":"search_term_string"}}],"inLanguage":"es"},{"@type":"Person","@id":"https:\/\/residenciarucab.es\/blog\/#\/schema\/person\/f759c867eac865f0ce36c767f26f9294","name":"RUCAB","image":{"@type":"ImageObject","inLanguage":"es","@id":"https:\/\/residenciarucab.es\/blog\/wp-content\/uploads\/2019\/07\/r-rosa.png","url":"https:\/\/residenciarucab.es\/blog\/wp-content\/uploads\/2019\/07\/r-rosa.png","contentUrl":"https:\/\/residenciarucab.es\/blog\/wp-content\/uploads\/2019\/07\/r-rosa.png","caption":"RUCAB"},"description":"La RUCAB es un referente en Extremadura por la calidad de sus instalaciones y por su estilo de vida, basado en valores de convivencia, respeto y educaci\u00f3n. Una residencia junto al campus y con todas las necesidades cubiertas.","url":"https:\/\/residenciarucab.es\/blog\/author\/rucab_blog\/"}]}},"_links":{"self":[{"href":"https:\/\/residenciarucab.es\/blog\/wp-json\/wp\/v2\/posts\/1882","targetHints":{"allow":["GET"]}}],"collection":[{"href":"https:\/\/residenciarucab.es\/blog\/wp-json\/wp\/v2\/posts"}],"about":[{"href":"https:\/\/residenciarucab.es\/blog\/wp-json\/wp\/v2\/types\/post"}],"author":[{"embeddable":true,"href":"https:\/\/residenciarucab.es\/blog\/wp-json\/wp\/v2\/users\/1"}],"replies":[{"embeddable":true,"href":"https:\/\/residenciarucab.es\/blog\/wp-json\/wp\/v2\/comments?post=1882"}],"version-history":[{"count":3,"href":"https:\/\/residenciarucab.es\/blog\/wp-json\/wp\/v2\/posts\/1882\/revisions"}],"predecessor-version":[{"id":1887,"href":"https:\/\/residenciarucab.es\/blog\/wp-json\/wp\/v2\/posts\/1882\/revisions\/1887"}],"wp:featuredmedia":[{"embeddable":true,"href":"https:\/\/residenciarucab.es\/blog\/wp-json\/wp\/v2\/media\/1884"}],"wp:attachment":[{"href":"https:\/\/residenciarucab.es\/blog\/wp-json\/wp\/v2\/media?parent=1882"}],"wp:term":[{"taxonomy":"category","embeddable":true,"href":"https:\/\/residenciarucab.es\/blog\/wp-json\/wp\/v2\/categories?post=1882"},{"taxonomy":"post_tag","embeddable":true,"href":"https:\/\/residenciarucab.es\/blog\/wp-json\/wp\/v2\/tags?post=1882"}],"curies":[{"name":"wp","href":"https:\/\/api.w.org\/{rel}","templated":true}]}}