

{"id":1912,"date":"2022-10-03T15:49:45","date_gmt":"2022-10-03T13:49:45","guid":{"rendered":"https:\/\/residenciarucab.es\/blog\/?p=1912"},"modified":"2022-10-04T11:00:40","modified_gmt":"2022-10-04T09:00:40","slug":"acto-de-apertura-del-curso-2022-2023-en-la-rucab","status":"publish","type":"post","link":"https:\/\/residenciarucab.es\/blog\/acto-de-apertura-del-curso-2022-2023-en-la-rucab\/","title":{"rendered":"Acto de Apertura del Curso 2022-2023 en la RUCAB"},"content":{"rendered":"<h4 class=\"_ab8w _ab94 _ab99 _ab9f _ab9m _ab9p _abbh _abcm\">Celebramos el Acto de Apertura de Curso 2022-2023 en la RUCAB, para dar la bienvenida a los residentes y desearles suerte en la nueva etapa universitaria.<\/h4>\n<div><\/div>\n<div class=\"_a9zs\"><span class=\"_aacl _aaco _aacu _aacx _aad7 _aade\">El viernes 30 de septiembre el presidente de Fundaci\u00f3n CB, <strong>Emilio V\u00e1zquez<\/strong>, junto con el Director de <a href=\"https:\/\/fundacioncb.es\/\" target=\"_blank\" rel=\"noopener\">Fundaci\u00f3n CB<\/a> y de la RUCAB, <strong>Emilio Jim\u00e9nez<\/strong> y la patrona de Fundaci\u00f3n CB y Catedr\u00e1tica de la Facultad de Medicina, <strong>Mar\u00eda Teresa Blanco<\/strong>, han inaugurado el Curso 2022-2023 en el Acto de Apertura de la Residencia Universitaria de Fundaci\u00f3n CB.<\/span><\/div>\n<div>En este acto Emilio V\u00e1zquez ha recordado aspectos importantes sobre la residencia:<\/div>\n<blockquote>\n<div>\u00abHab\u00e9is elegido una casa que os va a ofrecer, no solamente, cobijo y alimentaci\u00f3n, sino que os va a dar una posibilidad de ampliar y llegar a lo que realmente queremos que llegu\u00e9is todos, a que vuestra formaci\u00f3n se complete con \u00e9xito y con una convivencia positiva\u00bb<\/div>\n<\/blockquote>\n<div>La RUCAB se ofrece como una residencia universitaria comprometida con la <strong>formaci\u00f3n<\/strong> y el<strong> crecimiento cultural y social de sus residentes<\/strong>, ya que ofrece una amplia oferta de actividades y eventos que podr\u00e1n dar formaci\u00f3n complementaria a la acad\u00e9mica.<\/div>\n<div><\/div>\n<div class=\"_a9zs\"><span class=\"_aacl _aaco _aacu _aacx _aad7 _aade\">El presidencia de la Fundaci\u00f3n CB no ha querido despedirse sin dar un mensaje de motivaci\u00f3n:<\/span><\/div>\n<blockquote>\n<div class=\"_a9zs\"><span class=\"_aacl _aaco _aacu _aacx _aad7 _aade\">\u201cSois la esperanza de nuestra regi\u00f3n y en algunos casos de nuestra naci\u00f3n. Ser\u00e9is los futuros profesionales que nos van a curar y crear empresas, tratar\u00e9is de fortalecer la educaci\u00f3n espiritual de muchos ciudadanos; ese es el cometido y la obligaci\u00f3n que vais a tener. Ahora es el momento de aprovechar el tiempo y tener una convivencia sana, adem\u00e1s de saber ejercer vuestra libertad\u201d.<\/span><\/div>\n<\/blockquote>\n<div>Seguidamente, dos residentes han decidido tomar la palabra, <strong>Antonio Santiago Vizuete<\/strong> y <strong>Francisco Pi\u00f1eiro<\/strong>, ambos han deseado mucha suerte a sus compa\u00f1eros, les reconocen que se lo van a pasar muy bien pero que tienen que ser responsables con sus obligaciones y estudios.<\/div>\n<div><\/div>\n<div>Tanto Antonio como Francisco, veteranos, est\u00e1n disponibles para todo lo que los novatos puedan necesitar, desde ayuda personal hasta clases de refuerzo de matem\u00e1ticas.<\/div>\n<div><\/div>\n<div>Adem\u00e1s, se ha aprovechado aprovechado el momento para mostrar a los nuevos residentes c\u00f3mo es la vida en la residencia y la oferta de eventos y actividades que tiene la RUCAB, puedes <a href=\"https:\/\/youtu.be\/m3ZwmX0NxRs\" target=\"_blank\" rel=\"noopener\">verlo aqu\u00ed<\/a>.<\/div>\n<div><\/div>\n<div><\/div>\n<div>Al finalizar el acto se ha realizado la cena que nos ha permitido disfrutar de una calurosa bienvenida todos juntos.<\/div>\n<div><\/div>\n<div><\/div>\n<div>Puedes ver m\u00e1s contenido de la RUCAB <a href=\"https:\/\/residenciarucab.es\/blog\/\" target=\"_blank\" rel=\"noopener\">aqu\u00ed<\/a>.<\/div>\n<div>\n\n\t\t<style type=\"text\/css\">\n\t\t\t#gallery-1 {\n\t\t\t\tmargin: auto;\n\t\t\t}\n\t\t\t#gallery-1 .gallery-item {\n\t\t\t\tfloat: left;\n\t\t\t\tmargin-top: 10px;\n\t\t\t\ttext-align: center;\n\t\t\t\twidth: 50%;\n\t\t\t}\n\t\t\t#gallery-1 img {\n\t\t\t\tborder: 2px solid #cfcfcf;\n\t\t\t}\n\t\t\t#gallery-1 .gallery-caption {\n\t\t\t\tmargin-left: 0;\n\t\t\t}\n\t\t\t\/* see gallery_shortcode() in wp-includes\/media.php *\/\n\t\t<\/style>\n\t\t<div id='gallery-1' class='gallery galleryid-1912 gallery-columns-2 gallery-size-large'><dl class='gallery-item'>\n\t\t\t<dt class='gallery-icon landscape'>\n\t\t\t\t<a href='https:\/\/residenciarucab.es\/blog\/acto-de-apertura-del-curso-2022-2023-en-la-rucab\/1-4\/'><img loading=\"lazy\" decoding=\"async\" width=\"700\" height=\"394\" src=\"https:\/\/residenciarucab.es\/blog\/wp-content\/uploads\/2022\/10\/1-1024x576.jpg\" class=\"attachment-large size-large\" alt=\"Acto de Apertura Curso 2022-2023\" srcset=\"https:\/\/residenciarucab.es\/blog\/wp-content\/uploads\/2022\/10\/1-1024x576.jpg 1024w, https:\/\/residenciarucab.es\/blog\/wp-content\/uploads\/2022\/10\/1-300x169.jpg 300w, https:\/\/residenciarucab.es\/blog\/wp-content\/uploads\/2022\/10\/1-768x432.jpg 768w, https:\/\/residenciarucab.es\/blog\/wp-content\/uploads\/2022\/10\/1-1140x641.jpg 1140w, https:\/\/residenciarucab.es\/blog\/wp-content\/uploads\/2022\/10\/1-552x311.jpg 552w, https:\/\/residenciarucab.es\/blog\/wp-content\/uploads\/2022\/10\/1.jpg 1280w\" sizes=\"auto, (max-width: 700px) 100vw, 700px\" \/><\/a>\n\t\t\t<\/dt><\/dl><dl class='gallery-item'>\n\t\t\t<dt class='gallery-icon landscape'>\n\t\t\t\t<a href='https:\/\/residenciarucab.es\/blog\/acto-de-apertura-del-curso-2022-2023-en-la-rucab\/2-5\/'><img loading=\"lazy\" decoding=\"async\" width=\"700\" height=\"394\" src=\"https:\/\/residenciarucab.es\/blog\/wp-content\/uploads\/2022\/10\/2-1024x576.jpg\" class=\"attachment-large size-large\" alt=\"El residente Fran Pi\u00f1eiro en el Acto de Apertura del Curso 2022-2023\" srcset=\"https:\/\/residenciarucab.es\/blog\/wp-content\/uploads\/2022\/10\/2-1024x576.jpg 1024w, https:\/\/residenciarucab.es\/blog\/wp-content\/uploads\/2022\/10\/2-300x169.jpg 300w, https:\/\/residenciarucab.es\/blog\/wp-content\/uploads\/2022\/10\/2-768x432.jpg 768w, https:\/\/residenciarucab.es\/blog\/wp-content\/uploads\/2022\/10\/2-1140x641.jpg 1140w, https:\/\/residenciarucab.es\/blog\/wp-content\/uploads\/2022\/10\/2-552x311.jpg 552w, https:\/\/residenciarucab.es\/blog\/wp-content\/uploads\/2022\/10\/2.jpg 1280w\" sizes=\"auto, (max-width: 700px) 100vw, 700px\" \/><\/a>\n\t\t\t<\/dt><\/dl><br style=\"clear: both\" \/><dl class='gallery-item'>\n\t\t\t<dt class='gallery-icon landscape'>\n\t\t\t\t<a href='https:\/\/residenciarucab.es\/blog\/acto-de-apertura-del-curso-2022-2023-en-la-rucab\/3-4\/'><img loading=\"lazy\" decoding=\"async\" width=\"700\" height=\"394\" src=\"https:\/\/residenciarucab.es\/blog\/wp-content\/uploads\/2022\/10\/3-1024x576.jpg\" class=\"attachment-large size-large\" alt=\"Acto de Apertura curso 2022-2023 Manuel Santiago Vizuete\" srcset=\"https:\/\/residenciarucab.es\/blog\/wp-content\/uploads\/2022\/10\/3-1024x576.jpg 1024w, https:\/\/residenciarucab.es\/blog\/wp-content\/uploads\/2022\/10\/3-300x169.jpg 300w, https:\/\/residenciarucab.es\/blog\/wp-content\/uploads\/2022\/10\/3-768x432.jpg 768w, https:\/\/residenciarucab.es\/blog\/wp-content\/uploads\/2022\/10\/3-1140x641.jpg 1140w, https:\/\/residenciarucab.es\/blog\/wp-content\/uploads\/2022\/10\/3-552x311.jpg 552w, https:\/\/residenciarucab.es\/blog\/wp-content\/uploads\/2022\/10\/3.jpg 1280w\" sizes=\"auto, (max-width: 700px) 100vw, 700px\" \/><\/a>\n\t\t\t<\/dt><\/dl><dl class='gallery-item'>\n\t\t\t<dt class='gallery-icon landscape'>\n\t\t\t\t<a href='https:\/\/residenciarucab.es\/blog\/acto-de-apertura-del-curso-2022-2023-en-la-rucab\/4-4\/'><img loading=\"lazy\" decoding=\"async\" width=\"700\" height=\"394\" src=\"https:\/\/residenciarucab.es\/blog\/wp-content\/uploads\/2022\/10\/4-1024x576.jpg\" class=\"attachment-large size-large\" alt=\"Acto de Apertura curso 2022-2023\" srcset=\"https:\/\/residenciarucab.es\/blog\/wp-content\/uploads\/2022\/10\/4-1024x576.jpg 1024w, https:\/\/residenciarucab.es\/blog\/wp-content\/uploads\/2022\/10\/4-300x169.jpg 300w, https:\/\/residenciarucab.es\/blog\/wp-content\/uploads\/2022\/10\/4-768x432.jpg 768w, https:\/\/residenciarucab.es\/blog\/wp-content\/uploads\/2022\/10\/4-1140x641.jpg 1140w, https:\/\/residenciarucab.es\/blog\/wp-content\/uploads\/2022\/10\/4-552x311.jpg 552w, https:\/\/residenciarucab.es\/blog\/wp-content\/uploads\/2022\/10\/4.jpg 1280w\" sizes=\"auto, (max-width: 700px) 100vw, 700px\" \/><\/a>\n\t\t\t<\/dt><\/dl><br style=\"clear: both\" \/>\n\t\t<\/div>\n\n<\/div>\n","protected":false},"excerpt":{"rendered":"<p class=\"post-excerpt\">Celebramos el Acto de Apertura de Curso 2022-2023 en la RUCAB, para dar la bienvenida a los residentes y desearles suerte en la nueva etapa universitaria. El viernes 30 de septiembre el presidente de Fundaci\u00f3n CB, Emilio V\u00e1zquez, junto con el Director de Fundaci\u00f3n CB y de la RUCAB, Emilio&#8230;<\/p>\n","protected":false},"author":1,"featured_media":1917,"comment_status":"open","ping_status":"open","sticky":false,"template":"","format":"standard","meta":{"footnotes":""},"categories":[1],"tags":[124,36,23],"class_list":["post-1912","post","type-post","status-publish","format-standard","has-post-thumbnail","hentry","category-noticias","tag-acto-de-apertura","tag-residencia-universitaria","tag-universidad"],"yoast_head":"<!-- This site is optimized with the Yoast SEO plugin v27.5 - https:\/\/yoast.com\/product\/yoast-seo-wordpress\/ -->\n<title>Acto de Apertura del Curso 2022-2023 - BLOG RUCAB<\/title>\n<meta name=\"description\" content=\"Celebramos el Acto de Apertura de Curso 2022-2023 en la RUCAB, para dar la bienvenida a los residentes y desear un buen comienzo de curso.\" \/>\n<meta name=\"robots\" content=\"index, follow, max-snippet:-1, max-image-preview:large, max-video-preview:-1\" \/>\n<link rel=\"canonical\" href=\"https:\/\/residenciarucab.es\/blog\/acto-de-apertura-del-curso-2022-2023-en-la-rucab\/\" \/>\n<meta property=\"og:locale\" content=\"es_ES\" \/>\n<meta property=\"og:type\" content=\"article\" \/>\n<meta property=\"og:title\" content=\"Acto de Apertura del Curso 2022-2023 - BLOG RUCAB\" \/>\n<meta property=\"og:description\" content=\"Celebramos el Acto de Apertura de Curso 2022-2023 en la RUCAB, para dar la bienvenida a los residentes y desear un buen comienzo de curso.\" \/>\n<meta property=\"og:url\" content=\"https:\/\/residenciarucab.es\/blog\/acto-de-apertura-del-curso-2022-2023-en-la-rucab\/\" \/>\n<meta property=\"og:site_name\" content=\"BLOG RUCAB\" \/>\n<meta property=\"article:published_time\" content=\"2022-10-03T13:49:45+00:00\" \/>\n<meta property=\"article:modified_time\" content=\"2022-10-04T09:00:40+00:00\" \/>\n<meta property=\"og:image\" content=\"http:\/\/residenciarucab.es\/blog\/wp-content\/uploads\/2022\/10\/1.jpg\" \/>\n\t<meta property=\"og:image:width\" content=\"1280\" \/>\n\t<meta property=\"og:image:height\" content=\"720\" \/>\n\t<meta property=\"og:image:type\" content=\"image\/jpeg\" \/>\n<meta name=\"author\" content=\"RUCAB\" \/>\n<meta name=\"twitter:card\" content=\"summary_large_image\" \/>\n<meta name=\"twitter:label1\" content=\"Escrito por\" \/>\n\t<meta name=\"twitter:data1\" content=\"RUCAB\" \/>\n\t<meta name=\"twitter:label2\" content=\"Tiempo de lectura\" \/>\n\t<meta name=\"twitter:data2\" content=\"2 minutos\" \/>\n<script type=\"application\/ld+json\" class=\"yoast-schema-graph\">{\"@context\":\"https:\\\/\\\/schema.org\",\"@graph\":[{\"@type\":\"Article\",\"@id\":\"https:\\\/\\\/residenciarucab.es\\\/blog\\\/acto-de-apertura-del-curso-2022-2023-en-la-rucab\\\/#article\",\"isPartOf\":{\"@id\":\"https:\\\/\\\/residenciarucab.es\\\/blog\\\/acto-de-apertura-del-curso-2022-2023-en-la-rucab\\\/\"},\"author\":{\"name\":\"RUCAB\",\"@id\":\"https:\\\/\\\/residenciarucab.es\\\/blog\\\/#\\\/schema\\\/person\\\/f759c867eac865f0ce36c767f26f9294\"},\"headline\":\"Acto de Apertura del Curso 2022-2023 en la RUCAB\",\"datePublished\":\"2022-10-03T13:49:45+00:00\",\"dateModified\":\"2022-10-04T09:00:40+00:00\",\"mainEntityOfPage\":{\"@id\":\"https:\\\/\\\/residenciarucab.es\\\/blog\\\/acto-de-apertura-del-curso-2022-2023-en-la-rucab\\\/\"},\"wordCount\":437,\"commentCount\":0,\"image\":{\"@id\":\"https:\\\/\\\/residenciarucab.es\\\/blog\\\/acto-de-apertura-del-curso-2022-2023-en-la-rucab\\\/#primaryimage\"},\"thumbnailUrl\":\"https:\\\/\\\/residenciarucab.es\\\/blog\\\/wp-content\\\/uploads\\\/2022\\\/10\\\/1.jpg\",\"keywords\":[\"Acto de apertura\",\"Residencia Universitaria\",\"universidad\"],\"articleSection\":[\"Noticias\"],\"inLanguage\":\"es\",\"potentialAction\":[{\"@type\":\"CommentAction\",\"name\":\"Comment\",\"target\":[\"https:\\\/\\\/residenciarucab.es\\\/blog\\\/acto-de-apertura-del-curso-2022-2023-en-la-rucab\\\/#respond\"]}]},{\"@type\":\"WebPage\",\"@id\":\"https:\\\/\\\/residenciarucab.es\\\/blog\\\/acto-de-apertura-del-curso-2022-2023-en-la-rucab\\\/\",\"url\":\"https:\\\/\\\/residenciarucab.es\\\/blog\\\/acto-de-apertura-del-curso-2022-2023-en-la-rucab\\\/\",\"name\":\"Acto de Apertura del Curso 2022-2023 - BLOG RUCAB\",\"isPartOf\":{\"@id\":\"https:\\\/\\\/residenciarucab.es\\\/blog\\\/#website\"},\"primaryImageOfPage\":{\"@id\":\"https:\\\/\\\/residenciarucab.es\\\/blog\\\/acto-de-apertura-del-curso-2022-2023-en-la-rucab\\\/#primaryimage\"},\"image\":{\"@id\":\"https:\\\/\\\/residenciarucab.es\\\/blog\\\/acto-de-apertura-del-curso-2022-2023-en-la-rucab\\\/#primaryimage\"},\"thumbnailUrl\":\"https:\\\/\\\/residenciarucab.es\\\/blog\\\/wp-content\\\/uploads\\\/2022\\\/10\\\/1.jpg\",\"datePublished\":\"2022-10-03T13:49:45+00:00\",\"dateModified\":\"2022-10-04T09:00:40+00:00\",\"author\":{\"@id\":\"https:\\\/\\\/residenciarucab.es\\\/blog\\\/#\\\/schema\\\/person\\\/f759c867eac865f0ce36c767f26f9294\"},\"description\":\"Celebramos el Acto de Apertura de Curso 2022-2023 en la RUCAB, para dar la bienvenida a los residentes y desear un buen comienzo de curso.\",\"breadcrumb\":{\"@id\":\"https:\\\/\\\/residenciarucab.es\\\/blog\\\/acto-de-apertura-del-curso-2022-2023-en-la-rucab\\\/#breadcrumb\"},\"inLanguage\":\"es\",\"potentialAction\":[{\"@type\":\"ReadAction\",\"target\":[\"https:\\\/\\\/residenciarucab.es\\\/blog\\\/acto-de-apertura-del-curso-2022-2023-en-la-rucab\\\/\"]}]},{\"@type\":\"ImageObject\",\"inLanguage\":\"es\",\"@id\":\"https:\\\/\\\/residenciarucab.es\\\/blog\\\/acto-de-apertura-del-curso-2022-2023-en-la-rucab\\\/#primaryimage\",\"url\":\"https:\\\/\\\/residenciarucab.es\\\/blog\\\/wp-content\\\/uploads\\\/2022\\\/10\\\/1.jpg\",\"contentUrl\":\"https:\\\/\\\/residenciarucab.es\\\/blog\\\/wp-content\\\/uploads\\\/2022\\\/10\\\/1.jpg\",\"width\":1280,\"height\":720,\"caption\":\"Acto de Apertura Curso 2022-2023\"},{\"@type\":\"BreadcrumbList\",\"@id\":\"https:\\\/\\\/residenciarucab.es\\\/blog\\\/acto-de-apertura-del-curso-2022-2023-en-la-rucab\\\/#breadcrumb\",\"itemListElement\":[{\"@type\":\"ListItem\",\"position\":1,\"name\":\"Portada\",\"item\":\"https:\\\/\\\/residenciarucab.es\\\/blog\\\/\"},{\"@type\":\"ListItem\",\"position\":2,\"name\":\"Acto de Apertura del Curso 2022-2023 en la RUCAB\"}]},{\"@type\":\"WebSite\",\"@id\":\"https:\\\/\\\/residenciarucab.es\\\/blog\\\/#website\",\"url\":\"https:\\\/\\\/residenciarucab.es\\\/blog\\\/\",\"name\":\"BLOG RUCAB\",\"description\":\"\u00a1Todas las novedades de nuestra residencia universitaria!\",\"potentialAction\":[{\"@type\":\"SearchAction\",\"target\":{\"@type\":\"EntryPoint\",\"urlTemplate\":\"https:\\\/\\\/residenciarucab.es\\\/blog\\\/?s={search_term_string}\"},\"query-input\":{\"@type\":\"PropertyValueSpecification\",\"valueRequired\":true,\"valueName\":\"search_term_string\"}}],\"inLanguage\":\"es\"},{\"@type\":\"Person\",\"@id\":\"https:\\\/\\\/residenciarucab.es\\\/blog\\\/#\\\/schema\\\/person\\\/f759c867eac865f0ce36c767f26f9294\",\"name\":\"RUCAB\",\"image\":{\"@type\":\"ImageObject\",\"inLanguage\":\"es\",\"@id\":\"https:\\\/\\\/residenciarucab.es\\\/blog\\\/wp-content\\\/uploads\\\/2019\\\/07\\\/r-rosa.png\",\"url\":\"https:\\\/\\\/residenciarucab.es\\\/blog\\\/wp-content\\\/uploads\\\/2019\\\/07\\\/r-rosa.png\",\"contentUrl\":\"https:\\\/\\\/residenciarucab.es\\\/blog\\\/wp-content\\\/uploads\\\/2019\\\/07\\\/r-rosa.png\",\"caption\":\"RUCAB\"},\"description\":\"La RUCAB es un referente en Extremadura por la calidad de sus instalaciones y por su estilo de vida, basado en valores de convivencia, respeto y educaci\u00f3n. Una residencia junto al campus y con todas las necesidades cubiertas.\",\"url\":\"https:\\\/\\\/residenciarucab.es\\\/blog\\\/author\\\/rucab_blog\\\/\"}]}<\/script>\n<!-- \/ Yoast SEO plugin. -->","yoast_head_json":{"title":"Acto de Apertura del Curso 2022-2023 - BLOG RUCAB","description":"Celebramos el Acto de Apertura de Curso 2022-2023 en la RUCAB, para dar la bienvenida a los residentes y desear un buen comienzo de curso.","robots":{"index":"index","follow":"follow","max-snippet":"max-snippet:-1","max-image-preview":"max-image-preview:large","max-video-preview":"max-video-preview:-1"},"canonical":"https:\/\/residenciarucab.es\/blog\/acto-de-apertura-del-curso-2022-2023-en-la-rucab\/","og_locale":"es_ES","og_type":"article","og_title":"Acto de Apertura del Curso 2022-2023 - BLOG RUCAB","og_description":"Celebramos el Acto de Apertura de Curso 2022-2023 en la RUCAB, para dar la bienvenida a los residentes y desear un buen comienzo de curso.","og_url":"https:\/\/residenciarucab.es\/blog\/acto-de-apertura-del-curso-2022-2023-en-la-rucab\/","og_site_name":"BLOG RUCAB","article_published_time":"2022-10-03T13:49:45+00:00","article_modified_time":"2022-10-04T09:00:40+00:00","og_image":[{"width":1280,"height":720,"url":"http:\/\/residenciarucab.es\/blog\/wp-content\/uploads\/2022\/10\/1.jpg","type":"image\/jpeg"}],"author":"RUCAB","twitter_card":"summary_large_image","twitter_misc":{"Escrito por":"RUCAB","Tiempo de lectura":"2 minutos"},"schema":{"@context":"https:\/\/schema.org","@graph":[{"@type":"Article","@id":"https:\/\/residenciarucab.es\/blog\/acto-de-apertura-del-curso-2022-2023-en-la-rucab\/#article","isPartOf":{"@id":"https:\/\/residenciarucab.es\/blog\/acto-de-apertura-del-curso-2022-2023-en-la-rucab\/"},"author":{"name":"RUCAB","@id":"https:\/\/residenciarucab.es\/blog\/#\/schema\/person\/f759c867eac865f0ce36c767f26f9294"},"headline":"Acto de Apertura del Curso 2022-2023 en la RUCAB","datePublished":"2022-10-03T13:49:45+00:00","dateModified":"2022-10-04T09:00:40+00:00","mainEntityOfPage":{"@id":"https:\/\/residenciarucab.es\/blog\/acto-de-apertura-del-curso-2022-2023-en-la-rucab\/"},"wordCount":437,"commentCount":0,"image":{"@id":"https:\/\/residenciarucab.es\/blog\/acto-de-apertura-del-curso-2022-2023-en-la-rucab\/#primaryimage"},"thumbnailUrl":"https:\/\/residenciarucab.es\/blog\/wp-content\/uploads\/2022\/10\/1.jpg","keywords":["Acto de apertura","Residencia Universitaria","universidad"],"articleSection":["Noticias"],"inLanguage":"es","potentialAction":[{"@type":"CommentAction","name":"Comment","target":["https:\/\/residenciarucab.es\/blog\/acto-de-apertura-del-curso-2022-2023-en-la-rucab\/#respond"]}]},{"@type":"WebPage","@id":"https:\/\/residenciarucab.es\/blog\/acto-de-apertura-del-curso-2022-2023-en-la-rucab\/","url":"https:\/\/residenciarucab.es\/blog\/acto-de-apertura-del-curso-2022-2023-en-la-rucab\/","name":"Acto de Apertura del Curso 2022-2023 - BLOG RUCAB","isPartOf":{"@id":"https:\/\/residenciarucab.es\/blog\/#website"},"primaryImageOfPage":{"@id":"https:\/\/residenciarucab.es\/blog\/acto-de-apertura-del-curso-2022-2023-en-la-rucab\/#primaryimage"},"image":{"@id":"https:\/\/residenciarucab.es\/blog\/acto-de-apertura-del-curso-2022-2023-en-la-rucab\/#primaryimage"},"thumbnailUrl":"https:\/\/residenciarucab.es\/blog\/wp-content\/uploads\/2022\/10\/1.jpg","datePublished":"2022-10-03T13:49:45+00:00","dateModified":"2022-10-04T09:00:40+00:00","author":{"@id":"https:\/\/residenciarucab.es\/blog\/#\/schema\/person\/f759c867eac865f0ce36c767f26f9294"},"description":"Celebramos el Acto de Apertura de Curso 2022-2023 en la RUCAB, para dar la bienvenida a los residentes y desear un buen comienzo de curso.","breadcrumb":{"@id":"https:\/\/residenciarucab.es\/blog\/acto-de-apertura-del-curso-2022-2023-en-la-rucab\/#breadcrumb"},"inLanguage":"es","potentialAction":[{"@type":"ReadAction","target":["https:\/\/residenciarucab.es\/blog\/acto-de-apertura-del-curso-2022-2023-en-la-rucab\/"]}]},{"@type":"ImageObject","inLanguage":"es","@id":"https:\/\/residenciarucab.es\/blog\/acto-de-apertura-del-curso-2022-2023-en-la-rucab\/#primaryimage","url":"https:\/\/residenciarucab.es\/blog\/wp-content\/uploads\/2022\/10\/1.jpg","contentUrl":"https:\/\/residenciarucab.es\/blog\/wp-content\/uploads\/2022\/10\/1.jpg","width":1280,"height":720,"caption":"Acto de Apertura Curso 2022-2023"},{"@type":"BreadcrumbList","@id":"https:\/\/residenciarucab.es\/blog\/acto-de-apertura-del-curso-2022-2023-en-la-rucab\/#breadcrumb","itemListElement":[{"@type":"ListItem","position":1,"name":"Portada","item":"https:\/\/residenciarucab.es\/blog\/"},{"@type":"ListItem","position":2,"name":"Acto de Apertura del Curso 2022-2023 en la RUCAB"}]},{"@type":"WebSite","@id":"https:\/\/residenciarucab.es\/blog\/#website","url":"https:\/\/residenciarucab.es\/blog\/","name":"BLOG RUCAB","description":"\u00a1Todas las novedades de nuestra residencia universitaria!","potentialAction":[{"@type":"SearchAction","target":{"@type":"EntryPoint","urlTemplate":"https:\/\/residenciarucab.es\/blog\/?s={search_term_string}"},"query-input":{"@type":"PropertyValueSpecification","valueRequired":true,"valueName":"search_term_string"}}],"inLanguage":"es"},{"@type":"Person","@id":"https:\/\/residenciarucab.es\/blog\/#\/schema\/person\/f759c867eac865f0ce36c767f26f9294","name":"RUCAB","image":{"@type":"ImageObject","inLanguage":"es","@id":"https:\/\/residenciarucab.es\/blog\/wp-content\/uploads\/2019\/07\/r-rosa.png","url":"https:\/\/residenciarucab.es\/blog\/wp-content\/uploads\/2019\/07\/r-rosa.png","contentUrl":"https:\/\/residenciarucab.es\/blog\/wp-content\/uploads\/2019\/07\/r-rosa.png","caption":"RUCAB"},"description":"La RUCAB es un referente en Extremadura por la calidad de sus instalaciones y por su estilo de vida, basado en valores de convivencia, respeto y educaci\u00f3n. Una residencia junto al campus y con todas las necesidades cubiertas.","url":"https:\/\/residenciarucab.es\/blog\/author\/rucab_blog\/"}]}},"_links":{"self":[{"href":"https:\/\/residenciarucab.es\/blog\/wp-json\/wp\/v2\/posts\/1912","targetHints":{"allow":["GET"]}}],"collection":[{"href":"https:\/\/residenciarucab.es\/blog\/wp-json\/wp\/v2\/posts"}],"about":[{"href":"https:\/\/residenciarucab.es\/blog\/wp-json\/wp\/v2\/types\/post"}],"author":[{"embeddable":true,"href":"https:\/\/residenciarucab.es\/blog\/wp-json\/wp\/v2\/users\/1"}],"replies":[{"embeddable":true,"href":"https:\/\/residenciarucab.es\/blog\/wp-json\/wp\/v2\/comments?post=1912"}],"version-history":[{"count":21,"href":"https:\/\/residenciarucab.es\/blog\/wp-json\/wp\/v2\/posts\/1912\/revisions"}],"predecessor-version":[{"id":1937,"href":"https:\/\/residenciarucab.es\/blog\/wp-json\/wp\/v2\/posts\/1912\/revisions\/1937"}],"wp:featuredmedia":[{"embeddable":true,"href":"https:\/\/residenciarucab.es\/blog\/wp-json\/wp\/v2\/media\/1917"}],"wp:attachment":[{"href":"https:\/\/residenciarucab.es\/blog\/wp-json\/wp\/v2\/media?parent=1912"}],"wp:term":[{"taxonomy":"category","embeddable":true,"href":"https:\/\/residenciarucab.es\/blog\/wp-json\/wp\/v2\/categories?post=1912"},{"taxonomy":"post_tag","embeddable":true,"href":"https:\/\/residenciarucab.es\/blog\/wp-json\/wp\/v2\/tags?post=1912"}],"curies":[{"name":"wp","href":"https:\/\/api.w.org\/{rel}","templated":true}]}}