

{"id":21,"date":"2019-03-05T13:51:23","date_gmt":"2019-03-05T12:51:23","guid":{"rendered":"http:\/\/localhost\/blog\/?p=21"},"modified":"2019-07-22T14:37:04","modified_gmt":"2019-07-22T12:37:04","slug":"apuntate-al-nuevo-concurso-musical-rucab-fest","status":"publish","type":"post","link":"https:\/\/residenciarucab.es\/blog\/apuntate-al-nuevo-concurso-musical-rucab-fest\/","title":{"rendered":"Ap\u00fantate al nuevo Concurso Musical: &#8216;RUCAB FEST&#8217;"},"content":{"rendered":"\r\n<p>&nbsp;<\/p>\r\n\r\n\r\n\r\n<h2 class=\"wp-block-heading\">La RUCAB te da la posibilidad de participar en un concurso musical, una experiencia \u00fanica que te permitir\u00e1 cantar en directo en el\u00a0<strong>RUCAB FEST<\/strong>\u00a0y optar a una de los tres premios. Te lo contamos todo en este art\u00edculo, sigue leyendo.<\/h2>\r\n\r\n\r\n\r\n<p>El presente documento tiene por objeto establecer las bases reguladoras del concurso musical\u00a0<strong>RUCAB FEST<\/strong>\u00a0organizado por la Residencia Universitaria Fundaci\u00f3n CB (RUCAB) y la\u00a0<a href=\"http:\/\/www.fundacioncb.es\/\" target=\"_blank\" rel=\"noreferrer noopener\">Fundaci\u00f3n CB<\/a>.<br \/>Con la organizaci\u00f3n del concurso RUCAB FEST, pretendemos conseguir varios objetivos:<\/p>\r\n\r\n\r\n\r\n<ul class=\"wp-block-list\">\r\n<li>Fomentar la difusi\u00f3n de la m\u00fasica como forma de expresi\u00f3n cultural.<\/li>\r\n<li>Poner en valor la creatividad y el arte como uno de los elementos fundamentales de nuestra cultura.<\/li>\r\n<li>Dar visibilidad y difusi\u00f3n a los artistas y creadores extreme\u00f1os y darles la posibilidad de expresarse y de ser escuchados.<\/li>\r\n<li>Hacer de altavoz del talento y la iniciativa musical actuales en nuestra regi\u00f3n.<\/li>\r\n<li>Potenciar la RUCAB como centro cultural de referencia de la ciudad de Badajoz.<\/li>\r\n<li>Ampliar la oferta formativa y cultural de los residentes de la RUCAB.<\/li>\r\n<\/ul>\r\n\r\n\r\n\r\n<p>El certamen se desarrollar\u00e1 conforme a las siguientes:<br \/><strong>BASES<\/strong><br \/><strong>1. REQUISITOS<\/strong><br \/>Podr\u00e1n participar en el concurso todos los solistas o grupos musicales que lo deseen y que cumplan con los siguientes requisitos:<\/p>\r\n\r\n\r\n\r\n<ul class=\"wp-block-list\">\r\n<li>Al menos el 50% de sus miembros han de ser nacidos o residentes en Extremadura.<\/li>\r\n<li>No haber publicado ning\u00fan trabajo musical a nivel profesional, con la excepci\u00f3n de trabajos auto-producidos.<\/li>\r\n<li>Presentar dos canciones propias tanto en letra como en m\u00fasica.<\/li>\r\n<li>Poder llevar a cabo un repertorio de 20 minutos en la final del concurso.<\/li>\r\n<\/ul>\r\n\r\n\r\n\r\n<p><strong>2. INSCRIPCI\u00d3N<\/strong><br \/>Para que la inscripci\u00f3n en el concurso se considere admitida y formalizada deber\u00e1 ser remitida por correo electr\u00f3nico a la direcci\u00f3n rucab.cm@gmail.com anexando la siguiente documentaci\u00f3n:<\/p>\r\n\r\n\r\n\r\n<ul class=\"wp-block-list\">\r\n<li>Formulario de inscripci\u00f3n seg\u00fan \u2018Anexo I\u2019.<\/li>\r\n<li>Las 2 canciones con la que se quiere participar en la fase inicial del concurso en cualquier formato de audio que pueda ser reproducido por la organizaci\u00f3n.<\/li>\r\n<li>Documento Nacional de Identidad de todos los miembros del grupo.<\/li>\r\n<li>Una fotograf\u00eda del solista o grupo.<\/li>\r\n<li>En el caso de que la solicitud no re\u00fana los requisitos establecidos, se requerir\u00e1 al interesado para que la subsane en un plazo m\u00e1ximo de tres d\u00edas naturales desde la notificaci\u00f3n.<\/li>\r\n<\/ul>\r\n\r\n\r\n\r\n<p>La organizaci\u00f3n se reserva el derecho de rechazar aquellos participantes que no contengan todos los datos exigidos o no re\u00fanan las condiciones del concurso.<br \/>El plazo de presentaci\u00f3n de candidaturas\u00a0<strong>expirar\u00e1 el d\u00eda 4 de abril de 2019 a las 24:00 horas<\/strong>.<\/p>\r\n\r\n\r\n\r\n<p><strong>3. ESTILOS MUSICALES<\/strong><br \/>Todos los participantes en el concurso competir\u00e1n en la misma categor\u00eda independientemente de su estilo musical. Se aceptar\u00e1n participantes de todos los estilos musicales.<\/p>\r\n\r\n\r\n\r\n<p><strong>4. DESARROLLO DEL CONCURSO<\/strong><\/p>\r\n\r\n\r\n\r\n<ul class=\"wp-block-list\">\r\n<li>Tras escuchar los temas recibidos durante la\u00a0<strong>Fase Inicial<\/strong>, la organizaci\u00f3n del concurso seleccionar\u00e1 un total de cinco participantes que pasar\u00e1n a la Fase Final.<\/li>\r\n<li>Los grupos o solistas finalistas ser\u00e1n convocados para actuar en directo en la Fase Final. Esta actuaci\u00f3n tendr\u00e1 una duraci\u00f3n m\u00e1xima de 20 minutos, siendo obligatorio que las dos canciones presentadas en la fase previa formen parte del repertorio. El orden de actuaci\u00f3n ser\u00e1 determinado por la organizaci\u00f3n.<\/li>\r\n<li>El concierto de la\u00a0<strong>Fase Final tendr\u00e1 lugar el 3 de mayo de 2019 a partir de las 21,30 horas<\/strong>\u00a0en la RESIDENCIA UNIVERSITARIA FUNDACI\u00d3N CB (RUCAB).<\/li>\r\n<li>La negativa o imposibilidad de participar en el concierto de la Fase Final por parte de cualquier grupo supondr\u00e1 su descalificaci\u00f3n del concurso ocupando su puesto el siguiente clasificado.<\/li>\r\n<li>Los resultados y la entrega de premios se har\u00e1n efectivos el mismo d\u00eda del concierto de la Fase Final, a su conclusi\u00f3n.<\/li>\r\n<\/ul>\r\n\r\n\r\n\r\n<p><strong>5. EL JURADO DEL CONCURSO<\/strong><\/p>\r\n\r\n\r\n\r\n<p>Constar\u00e1 de cuatro personas y ser\u00e1 determinado por la organizaci\u00f3n del mismo.<\/p>\r\n\r\n\r\n\r\n<p>El jurado tendr\u00e1 la misi\u00f3n de valorar de la forma m\u00e1s objetiva posible los siguientes aspectos de cada uno de los participantes en la\u00a0<strong>Fase Final<\/strong>:<\/p>\r\n\r\n\r\n\r\n<ul class=\"wp-block-list\">\r\n<li>Originalidad.<\/li>\r\n<li>Capacidad t\u00e9cnica.<\/li>\r\n<li>Actitud.<\/li>\r\n<li>Puesta en escena.<\/li>\r\n<li>Conexi\u00f3n con el p\u00fablico.<\/li>\r\n<li>El resultado de la final del concurso vendr\u00e1 determinado por los votos de los miembros del jurado m\u00e1s el voto del p\u00fablico asistente.<\/li>\r\n<\/ul>\r\n\r\n\r\n\r\n<p><strong>6. PREMIOS.<\/strong><\/p>\r\n\r\n\r\n\r\n<p>El jurado del concurso otorgar\u00e1, en decisi\u00f3n inapelable, los siguientes premios:<\/p>\r\n\r\n\r\n\r\n<ul class=\"wp-block-list\">\r\n<li>Primer Premio:<strong>\u00a0800\u20ac<\/strong><\/li>\r\n<li>Segundo Premio:<strong>\u00a0200\u20ac<\/strong><\/li>\r\n<li>Tercer Premio:\u00a0<strong>100\u20ac<\/strong><\/li>\r\n<\/ul>\r\n\r\n\r\n\r\n<p><strong>7. DIFUSI\u00d3N.<\/strong><\/p>\r\n\r\n\r\n\r\n<p>Los participantes dan su autorizaci\u00f3n para la grabaci\u00f3n y difusi\u00f3n de las actuaciones tanto por la\u00a0<strong>RESIDENCIA UNIVERSITARIA FUNDACI\u00d3N CB (RUCAB)<\/strong>\u00a0como los medios de comunicaci\u00f3n, as\u00ed como la inclusi\u00f3n de una ficha con los datos del participante en la web de la asociaci\u00f3n y la reproducci\u00f3n parcial o total de los temas presentados a concurso en los medios radiof\u00f3nicos colaboradores del certamen.<\/p>\r\n\r\n\r\n\r\n<p><strong>8. EVENTUALIDADES.<\/strong><\/p>\r\n\r\n\r\n\r\n<ul class=\"wp-block-list\">\r\n<li>La organizaci\u00f3n del concurso resolver\u00e1 de modo inapelable cualquier eventualidad no especificada en estas bases, reserv\u00e1ndose el derecho de modificar estas bases con objeto de favorecer el correcto desarrollo del concurso.<\/li>\r\n<li>La organizaci\u00f3n se reserva el derecho a no incluir en el concurso o a eliminar del mismo a cualquier grupo o solista que por cuesti\u00f3n de contenido o forma se considere que act\u00faa en contra de los principios y criterios de la RESIDENCIA UNIVERSITARIA FUNDACI\u00d3N CB (RUCAB) Y LA FUNDACI\u00d3N CB.<\/li>\r\n<\/ul>\r\n\r\n\r\n\r\n<p><strong>9. DERECHOS DE AUTOR.<\/strong><\/p>\r\n\r\n\r\n\r\n<ul class=\"wp-block-list\">\r\n<li>Los participantes podr\u00e1n proteger la autor\u00eda de sus canciones por medio del correspondiente registro de autor antes de su entrega, si bien, la Organizaci\u00f3n podr\u00e1 reproducirlos haciendo menci\u00f3n del autor de los mismos.<\/li>\r\n<li>La organizaci\u00f3n del concurso no se hace responsable de aquellos temas que se remitan por los participantes y que pudieran violar los derechos de autor de terceros, siendo aquellos los \u00fanicos responsables en caso de reclamaci\u00f3n.<\/li>\r\n<\/ul>\r\n\r\n\r\n\r\n<p><strong>10. La participaci\u00f3n en el Concurso supone la aceptaci\u00f3n \u00edntegra de las presentes bases.<\/strong><\/p>\r\n\r\n\r\n\r\n<p>Para cualquier duda se puede contactar con la organizaci\u00f3n en la siguiente direcci\u00f3n:<br \/><a href=\"mailto:rucab.cm@gmail.com\" target=\"_blank\" rel=\"noreferrer noopener\">rucab.cm@gmail.com<\/a><\/p>\r\n\r\n\r\n\r\n<p>Descargar\u00a0<a href=\"http:\/\/residenciarucab.es\/wp-content\/uploads\/2019\/02\/Anexo-I-RUCAB-FEST.pdf\" target=\"_blank\" rel=\"noreferrer noopener\">ANEXO I<\/a><\/p>\r\n","protected":false},"excerpt":{"rendered":"<p class=\"post-excerpt\">&nbsp; La RUCAB te da la posibilidad de participar en un concurso musical, una experiencia \u00fanica que te permitir\u00e1 cantar en directo en el\u00a0RUCAB FEST\u00a0y optar a una de los tres premios. Te lo contamos todo en este art\u00edculo, sigue leyendo. El presente documento tiene por objeto establecer las bases&#8230;<\/p>\n","protected":false},"author":1,"featured_media":46,"comment_status":"open","ping_status":"open","sticky":false,"template":"","format":"standard","meta":{"footnotes":""},"categories":[1],"tags":[],"class_list":["post-21","post","type-post","status-publish","format-standard","has-post-thumbnail","hentry","category-noticias"],"yoast_head":"<!-- This site is optimized with the Yoast SEO plugin v27.4 - https:\/\/yoast.com\/product\/yoast-seo-wordpress\/ -->\n<title>Ap\u00fantate al nuevo Concurso Musical: &#039;RUCAB FEST&#039; - BLOG RUCAB<\/title>\n<meta name=\"robots\" content=\"index, follow, max-snippet:-1, max-image-preview:large, max-video-preview:-1\" \/>\n<link rel=\"canonical\" href=\"https:\/\/residenciarucab.es\/blog\/apuntate-al-nuevo-concurso-musical-rucab-fest\/\" \/>\n<meta property=\"og:locale\" content=\"es_ES\" \/>\n<meta property=\"og:type\" content=\"article\" \/>\n<meta property=\"og:title\" content=\"Ap\u00fantate al nuevo Concurso Musical: &#039;RUCAB FEST&#039; - BLOG RUCAB\" \/>\n<meta property=\"og:description\" content=\"&nbsp; La RUCAB te da la posibilidad de participar en un concurso musical, una experiencia \u00fanica que te permitir\u00e1 cantar en directo en el\u00a0RUCAB FEST\u00a0y optar a una de los tres premios. Te lo contamos todo en este art\u00edculo, sigue leyendo. El presente documento tiene por objeto establecer las bases...\" \/>\n<meta property=\"og:url\" content=\"https:\/\/residenciarucab.es\/blog\/apuntate-al-nuevo-concurso-musical-rucab-fest\/\" \/>\n<meta property=\"og:site_name\" content=\"BLOG RUCAB\" \/>\n<meta property=\"article:published_time\" content=\"2019-03-05T12:51:23+00:00\" \/>\n<meta property=\"article:modified_time\" content=\"2019-07-22T12:37:04+00:00\" \/>\n<meta property=\"og:image\" content=\"https:\/\/residenciarucab.es\/blog\/wp-content\/uploads\/2019\/06\/rucab-fest-articulo-1.jpg\" \/>\n\t<meta property=\"og:image:width\" content=\"510\" \/>\n\t<meta property=\"og:image:height\" content=\"310\" \/>\n\t<meta property=\"og:image:type\" content=\"image\/jpeg\" \/>\n<meta name=\"author\" content=\"RUCAB\" \/>\n<meta name=\"twitter:card\" content=\"summary_large_image\" \/>\n<meta name=\"twitter:label1\" content=\"Escrito por\" \/>\n\t<meta name=\"twitter:data1\" content=\"RUCAB\" \/>\n\t<meta name=\"twitter:label2\" content=\"Tiempo de lectura\" \/>\n\t<meta name=\"twitter:data2\" content=\"5 minutos\" \/>\n<script type=\"application\/ld+json\" class=\"yoast-schema-graph\">{\"@context\":\"https:\\\/\\\/schema.org\",\"@graph\":[{\"@type\":\"Article\",\"@id\":\"https:\\\/\\\/residenciarucab.es\\\/blog\\\/apuntate-al-nuevo-concurso-musical-rucab-fest\\\/#article\",\"isPartOf\":{\"@id\":\"https:\\\/\\\/residenciarucab.es\\\/blog\\\/apuntate-al-nuevo-concurso-musical-rucab-fest\\\/\"},\"author\":{\"name\":\"RUCAB\",\"@id\":\"https:\\\/\\\/residenciarucab.es\\\/blog\\\/#\\\/schema\\\/person\\\/f759c867eac865f0ce36c767f26f9294\"},\"headline\":\"Ap\u00fantate al nuevo Concurso Musical: &#8216;RUCAB FEST&#8217;\",\"datePublished\":\"2019-03-05T12:51:23+00:00\",\"dateModified\":\"2019-07-22T12:37:04+00:00\",\"mainEntityOfPage\":{\"@id\":\"https:\\\/\\\/residenciarucab.es\\\/blog\\\/apuntate-al-nuevo-concurso-musical-rucab-fest\\\/\"},\"wordCount\":1011,\"commentCount\":1,\"image\":{\"@id\":\"https:\\\/\\\/residenciarucab.es\\\/blog\\\/apuntate-al-nuevo-concurso-musical-rucab-fest\\\/#primaryimage\"},\"thumbnailUrl\":\"https:\\\/\\\/residenciarucab.es\\\/blog\\\/wp-content\\\/uploads\\\/2019\\\/06\\\/rucab-fest-articulo-1.jpg\",\"articleSection\":[\"Noticias\"],\"inLanguage\":\"es\",\"potentialAction\":[{\"@type\":\"CommentAction\",\"name\":\"Comment\",\"target\":[\"https:\\\/\\\/residenciarucab.es\\\/blog\\\/apuntate-al-nuevo-concurso-musical-rucab-fest\\\/#respond\"]}]},{\"@type\":\"WebPage\",\"@id\":\"https:\\\/\\\/residenciarucab.es\\\/blog\\\/apuntate-al-nuevo-concurso-musical-rucab-fest\\\/\",\"url\":\"https:\\\/\\\/residenciarucab.es\\\/blog\\\/apuntate-al-nuevo-concurso-musical-rucab-fest\\\/\",\"name\":\"Ap\u00fantate al nuevo Concurso Musical: 'RUCAB FEST' - BLOG RUCAB\",\"isPartOf\":{\"@id\":\"https:\\\/\\\/residenciarucab.es\\\/blog\\\/#website\"},\"primaryImageOfPage\":{\"@id\":\"https:\\\/\\\/residenciarucab.es\\\/blog\\\/apuntate-al-nuevo-concurso-musical-rucab-fest\\\/#primaryimage\"},\"image\":{\"@id\":\"https:\\\/\\\/residenciarucab.es\\\/blog\\\/apuntate-al-nuevo-concurso-musical-rucab-fest\\\/#primaryimage\"},\"thumbnailUrl\":\"https:\\\/\\\/residenciarucab.es\\\/blog\\\/wp-content\\\/uploads\\\/2019\\\/06\\\/rucab-fest-articulo-1.jpg\",\"datePublished\":\"2019-03-05T12:51:23+00:00\",\"dateModified\":\"2019-07-22T12:37:04+00:00\",\"author\":{\"@id\":\"https:\\\/\\\/residenciarucab.es\\\/blog\\\/#\\\/schema\\\/person\\\/f759c867eac865f0ce36c767f26f9294\"},\"breadcrumb\":{\"@id\":\"https:\\\/\\\/residenciarucab.es\\\/blog\\\/apuntate-al-nuevo-concurso-musical-rucab-fest\\\/#breadcrumb\"},\"inLanguage\":\"es\",\"potentialAction\":[{\"@type\":\"ReadAction\",\"target\":[\"https:\\\/\\\/residenciarucab.es\\\/blog\\\/apuntate-al-nuevo-concurso-musical-rucab-fest\\\/\"]}]},{\"@type\":\"ImageObject\",\"inLanguage\":\"es\",\"@id\":\"https:\\\/\\\/residenciarucab.es\\\/blog\\\/apuntate-al-nuevo-concurso-musical-rucab-fest\\\/#primaryimage\",\"url\":\"https:\\\/\\\/residenciarucab.es\\\/blog\\\/wp-content\\\/uploads\\\/2019\\\/06\\\/rucab-fest-articulo-1.jpg\",\"contentUrl\":\"https:\\\/\\\/residenciarucab.es\\\/blog\\\/wp-content\\\/uploads\\\/2019\\\/06\\\/rucab-fest-articulo-1.jpg\",\"width\":510,\"height\":310},{\"@type\":\"BreadcrumbList\",\"@id\":\"https:\\\/\\\/residenciarucab.es\\\/blog\\\/apuntate-al-nuevo-concurso-musical-rucab-fest\\\/#breadcrumb\",\"itemListElement\":[{\"@type\":\"ListItem\",\"position\":1,\"name\":\"Portada\",\"item\":\"https:\\\/\\\/residenciarucab.es\\\/blog\\\/\"},{\"@type\":\"ListItem\",\"position\":2,\"name\":\"Ap\u00fantate al nuevo Concurso Musical: &#8216;RUCAB FEST&#8217;\"}]},{\"@type\":\"WebSite\",\"@id\":\"https:\\\/\\\/residenciarucab.es\\\/blog\\\/#website\",\"url\":\"https:\\\/\\\/residenciarucab.es\\\/blog\\\/\",\"name\":\"BLOG RUCAB\",\"description\":\"\u00a1Todas las novedades de nuestra residencia universitaria!\",\"potentialAction\":[{\"@type\":\"SearchAction\",\"target\":{\"@type\":\"EntryPoint\",\"urlTemplate\":\"https:\\\/\\\/residenciarucab.es\\\/blog\\\/?s={search_term_string}\"},\"query-input\":{\"@type\":\"PropertyValueSpecification\",\"valueRequired\":true,\"valueName\":\"search_term_string\"}}],\"inLanguage\":\"es\"},{\"@type\":\"Person\",\"@id\":\"https:\\\/\\\/residenciarucab.es\\\/blog\\\/#\\\/schema\\\/person\\\/f759c867eac865f0ce36c767f26f9294\",\"name\":\"RUCAB\",\"image\":{\"@type\":\"ImageObject\",\"inLanguage\":\"es\",\"@id\":\"https:\\\/\\\/residenciarucab.es\\\/blog\\\/wp-content\\\/uploads\\\/2019\\\/07\\\/r-rosa.png\",\"url\":\"https:\\\/\\\/residenciarucab.es\\\/blog\\\/wp-content\\\/uploads\\\/2019\\\/07\\\/r-rosa.png\",\"contentUrl\":\"https:\\\/\\\/residenciarucab.es\\\/blog\\\/wp-content\\\/uploads\\\/2019\\\/07\\\/r-rosa.png\",\"caption\":\"RUCAB\"},\"description\":\"La RUCAB es un referente en Extremadura por la calidad de sus instalaciones y por su estilo de vida, basado en valores de convivencia, respeto y educaci\u00f3n. Una residencia junto al campus y con todas las necesidades cubiertas.\",\"url\":\"https:\\\/\\\/residenciarucab.es\\\/blog\\\/author\\\/rucab_blog\\\/\"}]}<\/script>\n<!-- \/ Yoast SEO plugin. -->","yoast_head_json":{"title":"Ap\u00fantate al nuevo Concurso Musical: 'RUCAB FEST' - BLOG RUCAB","robots":{"index":"index","follow":"follow","max-snippet":"max-snippet:-1","max-image-preview":"max-image-preview:large","max-video-preview":"max-video-preview:-1"},"canonical":"https:\/\/residenciarucab.es\/blog\/apuntate-al-nuevo-concurso-musical-rucab-fest\/","og_locale":"es_ES","og_type":"article","og_title":"Ap\u00fantate al nuevo Concurso Musical: 'RUCAB FEST' - BLOG RUCAB","og_description":"&nbsp; La RUCAB te da la posibilidad de participar en un concurso musical, una experiencia \u00fanica que te permitir\u00e1 cantar en directo en el\u00a0RUCAB FEST\u00a0y optar a una de los tres premios. Te lo contamos todo en este art\u00edculo, sigue leyendo. El presente documento tiene por objeto establecer las bases...","og_url":"https:\/\/residenciarucab.es\/blog\/apuntate-al-nuevo-concurso-musical-rucab-fest\/","og_site_name":"BLOG RUCAB","article_published_time":"2019-03-05T12:51:23+00:00","article_modified_time":"2019-07-22T12:37:04+00:00","og_image":[{"width":510,"height":310,"url":"https:\/\/residenciarucab.es\/blog\/wp-content\/uploads\/2019\/06\/rucab-fest-articulo-1.jpg","type":"image\/jpeg"}],"author":"RUCAB","twitter_card":"summary_large_image","twitter_misc":{"Escrito por":"RUCAB","Tiempo de lectura":"5 minutos"},"schema":{"@context":"https:\/\/schema.org","@graph":[{"@type":"Article","@id":"https:\/\/residenciarucab.es\/blog\/apuntate-al-nuevo-concurso-musical-rucab-fest\/#article","isPartOf":{"@id":"https:\/\/residenciarucab.es\/blog\/apuntate-al-nuevo-concurso-musical-rucab-fest\/"},"author":{"name":"RUCAB","@id":"https:\/\/residenciarucab.es\/blog\/#\/schema\/person\/f759c867eac865f0ce36c767f26f9294"},"headline":"Ap\u00fantate al nuevo Concurso Musical: &#8216;RUCAB FEST&#8217;","datePublished":"2019-03-05T12:51:23+00:00","dateModified":"2019-07-22T12:37:04+00:00","mainEntityOfPage":{"@id":"https:\/\/residenciarucab.es\/blog\/apuntate-al-nuevo-concurso-musical-rucab-fest\/"},"wordCount":1011,"commentCount":1,"image":{"@id":"https:\/\/residenciarucab.es\/blog\/apuntate-al-nuevo-concurso-musical-rucab-fest\/#primaryimage"},"thumbnailUrl":"https:\/\/residenciarucab.es\/blog\/wp-content\/uploads\/2019\/06\/rucab-fest-articulo-1.jpg","articleSection":["Noticias"],"inLanguage":"es","potentialAction":[{"@type":"CommentAction","name":"Comment","target":["https:\/\/residenciarucab.es\/blog\/apuntate-al-nuevo-concurso-musical-rucab-fest\/#respond"]}]},{"@type":"WebPage","@id":"https:\/\/residenciarucab.es\/blog\/apuntate-al-nuevo-concurso-musical-rucab-fest\/","url":"https:\/\/residenciarucab.es\/blog\/apuntate-al-nuevo-concurso-musical-rucab-fest\/","name":"Ap\u00fantate al nuevo Concurso Musical: 'RUCAB FEST' - BLOG RUCAB","isPartOf":{"@id":"https:\/\/residenciarucab.es\/blog\/#website"},"primaryImageOfPage":{"@id":"https:\/\/residenciarucab.es\/blog\/apuntate-al-nuevo-concurso-musical-rucab-fest\/#primaryimage"},"image":{"@id":"https:\/\/residenciarucab.es\/blog\/apuntate-al-nuevo-concurso-musical-rucab-fest\/#primaryimage"},"thumbnailUrl":"https:\/\/residenciarucab.es\/blog\/wp-content\/uploads\/2019\/06\/rucab-fest-articulo-1.jpg","datePublished":"2019-03-05T12:51:23+00:00","dateModified":"2019-07-22T12:37:04+00:00","author":{"@id":"https:\/\/residenciarucab.es\/blog\/#\/schema\/person\/f759c867eac865f0ce36c767f26f9294"},"breadcrumb":{"@id":"https:\/\/residenciarucab.es\/blog\/apuntate-al-nuevo-concurso-musical-rucab-fest\/#breadcrumb"},"inLanguage":"es","potentialAction":[{"@type":"ReadAction","target":["https:\/\/residenciarucab.es\/blog\/apuntate-al-nuevo-concurso-musical-rucab-fest\/"]}]},{"@type":"ImageObject","inLanguage":"es","@id":"https:\/\/residenciarucab.es\/blog\/apuntate-al-nuevo-concurso-musical-rucab-fest\/#primaryimage","url":"https:\/\/residenciarucab.es\/blog\/wp-content\/uploads\/2019\/06\/rucab-fest-articulo-1.jpg","contentUrl":"https:\/\/residenciarucab.es\/blog\/wp-content\/uploads\/2019\/06\/rucab-fest-articulo-1.jpg","width":510,"height":310},{"@type":"BreadcrumbList","@id":"https:\/\/residenciarucab.es\/blog\/apuntate-al-nuevo-concurso-musical-rucab-fest\/#breadcrumb","itemListElement":[{"@type":"ListItem","position":1,"name":"Portada","item":"https:\/\/residenciarucab.es\/blog\/"},{"@type":"ListItem","position":2,"name":"Ap\u00fantate al nuevo Concurso Musical: &#8216;RUCAB FEST&#8217;"}]},{"@type":"WebSite","@id":"https:\/\/residenciarucab.es\/blog\/#website","url":"https:\/\/residenciarucab.es\/blog\/","name":"BLOG RUCAB","description":"\u00a1Todas las novedades de nuestra residencia universitaria!","potentialAction":[{"@type":"SearchAction","target":{"@type":"EntryPoint","urlTemplate":"https:\/\/residenciarucab.es\/blog\/?s={search_term_string}"},"query-input":{"@type":"PropertyValueSpecification","valueRequired":true,"valueName":"search_term_string"}}],"inLanguage":"es"},{"@type":"Person","@id":"https:\/\/residenciarucab.es\/blog\/#\/schema\/person\/f759c867eac865f0ce36c767f26f9294","name":"RUCAB","image":{"@type":"ImageObject","inLanguage":"es","@id":"https:\/\/residenciarucab.es\/blog\/wp-content\/uploads\/2019\/07\/r-rosa.png","url":"https:\/\/residenciarucab.es\/blog\/wp-content\/uploads\/2019\/07\/r-rosa.png","contentUrl":"https:\/\/residenciarucab.es\/blog\/wp-content\/uploads\/2019\/07\/r-rosa.png","caption":"RUCAB"},"description":"La RUCAB es un referente en Extremadura por la calidad de sus instalaciones y por su estilo de vida, basado en valores de convivencia, respeto y educaci\u00f3n. Una residencia junto al campus y con todas las necesidades cubiertas.","url":"https:\/\/residenciarucab.es\/blog\/author\/rucab_blog\/"}]}},"_links":{"self":[{"href":"https:\/\/residenciarucab.es\/blog\/wp-json\/wp\/v2\/posts\/21","targetHints":{"allow":["GET"]}}],"collection":[{"href":"https:\/\/residenciarucab.es\/blog\/wp-json\/wp\/v2\/posts"}],"about":[{"href":"https:\/\/residenciarucab.es\/blog\/wp-json\/wp\/v2\/types\/post"}],"author":[{"embeddable":true,"href":"https:\/\/residenciarucab.es\/blog\/wp-json\/wp\/v2\/users\/1"}],"replies":[{"embeddable":true,"href":"https:\/\/residenciarucab.es\/blog\/wp-json\/wp\/v2\/comments?post=21"}],"version-history":[{"count":2,"href":"https:\/\/residenciarucab.es\/blog\/wp-json\/wp\/v2\/posts\/21\/revisions"}],"predecessor-version":[{"id":65,"href":"https:\/\/residenciarucab.es\/blog\/wp-json\/wp\/v2\/posts\/21\/revisions\/65"}],"wp:featuredmedia":[{"embeddable":true,"href":"https:\/\/residenciarucab.es\/blog\/wp-json\/wp\/v2\/media\/46"}],"wp:attachment":[{"href":"https:\/\/residenciarucab.es\/blog\/wp-json\/wp\/v2\/media?parent=21"}],"wp:term":[{"taxonomy":"category","embeddable":true,"href":"https:\/\/residenciarucab.es\/blog\/wp-json\/wp\/v2\/categories?post=21"},{"taxonomy":"post_tag","embeddable":true,"href":"https:\/\/residenciarucab.es\/blog\/wp-json\/wp\/v2\/tags?post=21"}],"curies":[{"name":"wp","href":"https:\/\/api.w.org\/{rel}","templated":true}]}}