

{"id":2222,"date":"2023-09-07T08:39:59","date_gmt":"2023-09-07T06:39:59","guid":{"rendered":"https:\/\/residenciarucab.es\/blog\/?p=2222"},"modified":"2023-09-07T08:39:59","modified_gmt":"2023-09-07T06:39:59","slug":"podemos-revertir-la-crisis-climatica","status":"publish","type":"post","link":"https:\/\/residenciarucab.es\/blog\/podemos-revertir-la-crisis-climatica\/","title":{"rendered":"\u00bfPodemos revertir la crisis clim\u00e1tica?"},"content":{"rendered":"<h4>Llamada a la acci\u00f3n para frenar la crisis clim\u00e1tica, estamos a tiempo, la sociedad y los gobiernos tienen en sus manos la posibilidad de revertir esta grave emergencia que avanza de manera veloz, se nos acaba el tiempo y se nos agota el planeta.<\/h4>\n<p>La<strong> crisis\u00a0clim\u00e1tica<\/strong> es un hecho, y una innumerable cantidad de estudios demuestran su evidencia, pero a\u00fan as\u00ed hay <strong>personas y organizaciones que se niegan a aceptar sus consecuencias<\/strong> ya que afirman que el cambio clim\u00e1tico ha existido siempre, y es algo natural que pasar\u00e1 como ha pasado a lo largo de la historia de la Tierra. Sin embargo, nos encontramos ante una situaci\u00f3n nunca vista hasta ahora. Los cambios actuales en numerosos procesos ecol\u00f3gicos est\u00e1n causados por el ser humano y la<strong> velocidad<\/strong> con la que est\u00e1n ocurriendo es preocupante.<\/p>\n<p>Son muchos los hechos que demuestran este fen\u00f3meno de origen antropog\u00e9nico; la <strong>subida de la temperatura<\/strong> del planeta, el <strong>deshielo<\/strong> de los polos y en consecuencia el <strong>aumento del nivel del mar<\/strong>, la <strong>acidificaci\u00f3n<\/strong> de los oc\u00e9anos y su <strong>contaminaci\u00f3n<\/strong>, la <strong>emisi\u00f3n de gases<\/strong> de efecto invernadero a la atm\u00f3sfera y el incremento de fen\u00f3menos atmosf\u00e9ricos extremos son solo algunas de las consecuencias que estamos viviendo actualmente y que en los pr\u00f3ximos a\u00f1os empeorar\u00e1n de manera irreversible <strong>si la situaci\u00f3n no se frena<\/strong>. La intensa actividad humana y los acuerdos mundiales no seguidos por las grandes potencias son factores que acrecientan la situaci\u00f3n de crisis. Y es que el cambio clim\u00e1tico nos afecta a todos, pero eso no significa que nos afecte a todos por igual. Desgraciadamente las personas en situaciones socialmente m\u00e1s <strong>vulnerables<\/strong> est\u00e1n siendo las m\u00e1s afectadas por este fen\u00f3meno, ya que no tienen los medios suficientes para hacer frente a, por ejemplo, la subida extrema de las temperaturas en verano. Y aunque nos afecte a todos de una u otra manera, es igual de importante que todos hagamos<strong> algo para hacerle frente<\/strong>.<\/p>\n<p>En estos \u00faltimos a\u00f1os se ha demostrado que si toda la<strong> sociedad<\/strong> pone algo de su parte y los <strong>gobiernos<\/strong> se implican en su totalidad, podemos hacer frente a adversidades tan grandes como una pandemia. <strong>\u00bfPor qu\u00e9 no hacerlo frente al cambio clim\u00e1tico?<\/strong> Es vital que la sociedad y las instituciones se involucren, porque todos podemos hacer algo, desde el m\u00e1s m\u00ednimo gesto como es reciclar, hasta invertir en investigaci\u00f3n para, por ejemplo, mejorar la gesti\u00f3n de residuos como son los micropl\u00e1sticos, que emiten grandes cantidades de gases a la atm\u00f3sfera. Necesitamos<strong> cambiar nuestros h\u00e1bitos de consumo<\/strong> de alimentos como la carne, ya que, si disminuimos su presencia en nuestra dieta, podremos disminuir hasta dos tercios la huella de carbono que ejercen la<strong> agricultura y ganader\u00eda intensiva<\/strong> en el medioambiente. En relaci\u00f3n con esto, se estima que hasta el 25% de las emisiones de gases de efecto invernadero corresponden al sector de la alimentaci\u00f3n.<\/p>\n<p>La <a href=\"https:\/\/www.aemet.es\/es\/portada\" target=\"_blank\" rel=\"noopener\">Agencia Estatal de Meteorolog\u00eda<\/a> advirti\u00f3 que en el verano de 2023 se superar\u00edan las m\u00e1ximas de temperatura, aun m\u00e1s que en el 2022, registrado como el verano m\u00e1s caluroso.<\/p>\n<p>Llegados a este punto, mi conclusi\u00f3n es que el cambio clim\u00e1tico es una realidad y lo que hagamos en el presente repercutir\u00e1 de manera importante en el futuro m\u00e1s cercano, por ello es necesario actuar ya, pero de qu\u00e9 manera hacerlo <strong>depende de Ti<\/strong>.<\/p>\n<p>Puedes leer m\u00e1s contenido de los residentes\u00a0<a href=\"https:\/\/residenciarucab.es\/blog\/\" target=\"_blank\" rel=\"noopener\">aqu\u00ed.<\/a><\/p>\n","protected":false},"excerpt":{"rendered":"<p class=\"post-excerpt\">Llamada a la acci\u00f3n para frenar la crisis clim\u00e1tica, estamos a tiempo, la sociedad y los gobiernos tienen en sus manos la posibilidad de revertir esta grave emergencia que avanza de manera veloz, se nos acaba el tiempo y se nos agota el planeta. La crisis\u00a0clim\u00e1tica es un hecho, y&#8230;<\/p>\n","protected":false},"author":1,"featured_media":2224,"comment_status":"open","ping_status":"open","sticky":false,"template":"","format":"standard","meta":{"footnotes":""},"categories":[1],"tags":[462,228,231,461,460,36,463],"class_list":["post-2222","post","type-post","status-publish","format-standard","has-post-thumbnail","hentry","category-noticias","tag-aemet","tag-crisis-climatica","tag-desertizacion","tag-naturaleza","tag-planeta","tag-residencia-universitaria","tag-temperatura"],"yoast_head":"<!-- This site is optimized with the Yoast SEO plugin v27.5 - https:\/\/yoast.com\/product\/yoast-seo-wordpress\/ -->\n<title>\u00bfPodemos revertir la crisis clim\u00e1tica? - BLOG RUCAB<\/title>\n<meta name=\"description\" content=\"El residente Enrique Hern\u00e1ndez, nos habla sobre la situaci\u00f3n actual de la crisis clim\u00e1tica, y nos anima a pasar a la acci\u00f3n para frenarla.\" \/>\n<meta name=\"robots\" content=\"index, follow, max-snippet:-1, max-image-preview:large, max-video-preview:-1\" \/>\n<link rel=\"canonical\" href=\"https:\/\/residenciarucab.es\/blog\/podemos-revertir-la-crisis-climatica\/\" \/>\n<meta property=\"og:locale\" content=\"es_ES\" \/>\n<meta property=\"og:type\" content=\"article\" \/>\n<meta property=\"og:title\" content=\"\u00bfPodemos revertir la crisis clim\u00e1tica? - BLOG RUCAB\" \/>\n<meta property=\"og:description\" content=\"El residente Enrique Hern\u00e1ndez, nos habla sobre la situaci\u00f3n actual de la crisis clim\u00e1tica, y nos anima a pasar a la acci\u00f3n para frenarla.\" \/>\n<meta property=\"og:url\" content=\"https:\/\/residenciarucab.es\/blog\/podemos-revertir-la-crisis-climatica\/\" \/>\n<meta property=\"og:site_name\" content=\"BLOG RUCAB\" \/>\n<meta property=\"article:published_time\" content=\"2023-09-07T06:39:59+00:00\" \/>\n<meta property=\"og:image\" content=\"http:\/\/residenciarucab.es\/blog\/wp-content\/uploads\/2023\/09\/crisis-climatica.jpg\" \/>\n\t<meta property=\"og:image:width\" content=\"1280\" \/>\n\t<meta property=\"og:image:height\" content=\"720\" \/>\n\t<meta property=\"og:image:type\" content=\"image\/jpeg\" \/>\n<meta name=\"author\" content=\"RUCAB\" \/>\n<meta name=\"twitter:card\" content=\"summary_large_image\" \/>\n<meta name=\"twitter:label1\" content=\"Escrito por\" \/>\n\t<meta name=\"twitter:data1\" content=\"RUCAB\" \/>\n\t<meta name=\"twitter:label2\" content=\"Tiempo de lectura\" \/>\n\t<meta name=\"twitter:data2\" content=\"3 minutos\" \/>\n<script type=\"application\/ld+json\" class=\"yoast-schema-graph\">{\"@context\":\"https:\\\/\\\/schema.org\",\"@graph\":[{\"@type\":\"Article\",\"@id\":\"https:\\\/\\\/residenciarucab.es\\\/blog\\\/podemos-revertir-la-crisis-climatica\\\/#article\",\"isPartOf\":{\"@id\":\"https:\\\/\\\/residenciarucab.es\\\/blog\\\/podemos-revertir-la-crisis-climatica\\\/\"},\"author\":{\"name\":\"RUCAB\",\"@id\":\"https:\\\/\\\/residenciarucab.es\\\/blog\\\/#\\\/schema\\\/person\\\/f759c867eac865f0ce36c767f26f9294\"},\"headline\":\"\u00bfPodemos revertir la crisis clim\u00e1tica?\",\"datePublished\":\"2023-09-07T06:39:59+00:00\",\"mainEntityOfPage\":{\"@id\":\"https:\\\/\\\/residenciarucab.es\\\/blog\\\/podemos-revertir-la-crisis-climatica\\\/\"},\"wordCount\":608,\"commentCount\":0,\"image\":{\"@id\":\"https:\\\/\\\/residenciarucab.es\\\/blog\\\/podemos-revertir-la-crisis-climatica\\\/#primaryimage\"},\"thumbnailUrl\":\"https:\\\/\\\/residenciarucab.es\\\/blog\\\/wp-content\\\/uploads\\\/2023\\\/09\\\/crisis-climatica.jpg\",\"keywords\":[\"AEMET\",\"crisis clim\u00e1tica\",\"desertizaci\u00f3n\",\"naturaleza\",\"planeta\",\"Residencia Universitaria\",\"temperatura\"],\"articleSection\":[\"Noticias\"],\"inLanguage\":\"es\",\"potentialAction\":[{\"@type\":\"CommentAction\",\"name\":\"Comment\",\"target\":[\"https:\\\/\\\/residenciarucab.es\\\/blog\\\/podemos-revertir-la-crisis-climatica\\\/#respond\"]}]},{\"@type\":\"WebPage\",\"@id\":\"https:\\\/\\\/residenciarucab.es\\\/blog\\\/podemos-revertir-la-crisis-climatica\\\/\",\"url\":\"https:\\\/\\\/residenciarucab.es\\\/blog\\\/podemos-revertir-la-crisis-climatica\\\/\",\"name\":\"\u00bfPodemos revertir la crisis clim\u00e1tica? - BLOG RUCAB\",\"isPartOf\":{\"@id\":\"https:\\\/\\\/residenciarucab.es\\\/blog\\\/#website\"},\"primaryImageOfPage\":{\"@id\":\"https:\\\/\\\/residenciarucab.es\\\/blog\\\/podemos-revertir-la-crisis-climatica\\\/#primaryimage\"},\"image\":{\"@id\":\"https:\\\/\\\/residenciarucab.es\\\/blog\\\/podemos-revertir-la-crisis-climatica\\\/#primaryimage\"},\"thumbnailUrl\":\"https:\\\/\\\/residenciarucab.es\\\/blog\\\/wp-content\\\/uploads\\\/2023\\\/09\\\/crisis-climatica.jpg\",\"datePublished\":\"2023-09-07T06:39:59+00:00\",\"author\":{\"@id\":\"https:\\\/\\\/residenciarucab.es\\\/blog\\\/#\\\/schema\\\/person\\\/f759c867eac865f0ce36c767f26f9294\"},\"description\":\"El residente Enrique Hern\u00e1ndez, nos habla sobre la situaci\u00f3n actual de la crisis clim\u00e1tica, y nos anima a pasar a la acci\u00f3n para frenarla.\",\"breadcrumb\":{\"@id\":\"https:\\\/\\\/residenciarucab.es\\\/blog\\\/podemos-revertir-la-crisis-climatica\\\/#breadcrumb\"},\"inLanguage\":\"es\",\"potentialAction\":[{\"@type\":\"ReadAction\",\"target\":[\"https:\\\/\\\/residenciarucab.es\\\/blog\\\/podemos-revertir-la-crisis-climatica\\\/\"]}]},{\"@type\":\"ImageObject\",\"inLanguage\":\"es\",\"@id\":\"https:\\\/\\\/residenciarucab.es\\\/blog\\\/podemos-revertir-la-crisis-climatica\\\/#primaryimage\",\"url\":\"https:\\\/\\\/residenciarucab.es\\\/blog\\\/wp-content\\\/uploads\\\/2023\\\/09\\\/crisis-climatica.jpg\",\"contentUrl\":\"https:\\\/\\\/residenciarucab.es\\\/blog\\\/wp-content\\\/uploads\\\/2023\\\/09\\\/crisis-climatica.jpg\",\"width\":1280,\"height\":720,\"caption\":\"Conferencia sobre crisis clim\u00e1tica en la RUCAB con el meteor\u00f3logo Marcelino N\u00fa\u00f1ez.\"},{\"@type\":\"BreadcrumbList\",\"@id\":\"https:\\\/\\\/residenciarucab.es\\\/blog\\\/podemos-revertir-la-crisis-climatica\\\/#breadcrumb\",\"itemListElement\":[{\"@type\":\"ListItem\",\"position\":1,\"name\":\"Portada\",\"item\":\"https:\\\/\\\/residenciarucab.es\\\/blog\\\/\"},{\"@type\":\"ListItem\",\"position\":2,\"name\":\"\u00bfPodemos revertir la crisis clim\u00e1tica?\"}]},{\"@type\":\"WebSite\",\"@id\":\"https:\\\/\\\/residenciarucab.es\\\/blog\\\/#website\",\"url\":\"https:\\\/\\\/residenciarucab.es\\\/blog\\\/\",\"name\":\"BLOG RUCAB\",\"description\":\"\u00a1Todas las novedades de nuestra residencia universitaria!\",\"potentialAction\":[{\"@type\":\"SearchAction\",\"target\":{\"@type\":\"EntryPoint\",\"urlTemplate\":\"https:\\\/\\\/residenciarucab.es\\\/blog\\\/?s={search_term_string}\"},\"query-input\":{\"@type\":\"PropertyValueSpecification\",\"valueRequired\":true,\"valueName\":\"search_term_string\"}}],\"inLanguage\":\"es\"},{\"@type\":\"Person\",\"@id\":\"https:\\\/\\\/residenciarucab.es\\\/blog\\\/#\\\/schema\\\/person\\\/f759c867eac865f0ce36c767f26f9294\",\"name\":\"RUCAB\",\"image\":{\"@type\":\"ImageObject\",\"inLanguage\":\"es\",\"@id\":\"https:\\\/\\\/residenciarucab.es\\\/blog\\\/wp-content\\\/uploads\\\/2019\\\/07\\\/r-rosa.png\",\"url\":\"https:\\\/\\\/residenciarucab.es\\\/blog\\\/wp-content\\\/uploads\\\/2019\\\/07\\\/r-rosa.png\",\"contentUrl\":\"https:\\\/\\\/residenciarucab.es\\\/blog\\\/wp-content\\\/uploads\\\/2019\\\/07\\\/r-rosa.png\",\"caption\":\"RUCAB\"},\"description\":\"La RUCAB es un referente en Extremadura por la calidad de sus instalaciones y por su estilo de vida, basado en valores de convivencia, respeto y educaci\u00f3n. Una residencia junto al campus y con todas las necesidades cubiertas.\",\"url\":\"https:\\\/\\\/residenciarucab.es\\\/blog\\\/author\\\/rucab_blog\\\/\"}]}<\/script>\n<!-- \/ Yoast SEO plugin. -->","yoast_head_json":{"title":"\u00bfPodemos revertir la crisis clim\u00e1tica? - BLOG RUCAB","description":"El residente Enrique Hern\u00e1ndez, nos habla sobre la situaci\u00f3n actual de la crisis clim\u00e1tica, y nos anima a pasar a la acci\u00f3n para frenarla.","robots":{"index":"index","follow":"follow","max-snippet":"max-snippet:-1","max-image-preview":"max-image-preview:large","max-video-preview":"max-video-preview:-1"},"canonical":"https:\/\/residenciarucab.es\/blog\/podemos-revertir-la-crisis-climatica\/","og_locale":"es_ES","og_type":"article","og_title":"\u00bfPodemos revertir la crisis clim\u00e1tica? - BLOG RUCAB","og_description":"El residente Enrique Hern\u00e1ndez, nos habla sobre la situaci\u00f3n actual de la crisis clim\u00e1tica, y nos anima a pasar a la acci\u00f3n para frenarla.","og_url":"https:\/\/residenciarucab.es\/blog\/podemos-revertir-la-crisis-climatica\/","og_site_name":"BLOG RUCAB","article_published_time":"2023-09-07T06:39:59+00:00","og_image":[{"width":1280,"height":720,"url":"http:\/\/residenciarucab.es\/blog\/wp-content\/uploads\/2023\/09\/crisis-climatica.jpg","type":"image\/jpeg"}],"author":"RUCAB","twitter_card":"summary_large_image","twitter_misc":{"Escrito por":"RUCAB","Tiempo de lectura":"3 minutos"},"schema":{"@context":"https:\/\/schema.org","@graph":[{"@type":"Article","@id":"https:\/\/residenciarucab.es\/blog\/podemos-revertir-la-crisis-climatica\/#article","isPartOf":{"@id":"https:\/\/residenciarucab.es\/blog\/podemos-revertir-la-crisis-climatica\/"},"author":{"name":"RUCAB","@id":"https:\/\/residenciarucab.es\/blog\/#\/schema\/person\/f759c867eac865f0ce36c767f26f9294"},"headline":"\u00bfPodemos revertir la crisis clim\u00e1tica?","datePublished":"2023-09-07T06:39:59+00:00","mainEntityOfPage":{"@id":"https:\/\/residenciarucab.es\/blog\/podemos-revertir-la-crisis-climatica\/"},"wordCount":608,"commentCount":0,"image":{"@id":"https:\/\/residenciarucab.es\/blog\/podemos-revertir-la-crisis-climatica\/#primaryimage"},"thumbnailUrl":"https:\/\/residenciarucab.es\/blog\/wp-content\/uploads\/2023\/09\/crisis-climatica.jpg","keywords":["AEMET","crisis clim\u00e1tica","desertizaci\u00f3n","naturaleza","planeta","Residencia Universitaria","temperatura"],"articleSection":["Noticias"],"inLanguage":"es","potentialAction":[{"@type":"CommentAction","name":"Comment","target":["https:\/\/residenciarucab.es\/blog\/podemos-revertir-la-crisis-climatica\/#respond"]}]},{"@type":"WebPage","@id":"https:\/\/residenciarucab.es\/blog\/podemos-revertir-la-crisis-climatica\/","url":"https:\/\/residenciarucab.es\/blog\/podemos-revertir-la-crisis-climatica\/","name":"\u00bfPodemos revertir la crisis clim\u00e1tica? - BLOG RUCAB","isPartOf":{"@id":"https:\/\/residenciarucab.es\/blog\/#website"},"primaryImageOfPage":{"@id":"https:\/\/residenciarucab.es\/blog\/podemos-revertir-la-crisis-climatica\/#primaryimage"},"image":{"@id":"https:\/\/residenciarucab.es\/blog\/podemos-revertir-la-crisis-climatica\/#primaryimage"},"thumbnailUrl":"https:\/\/residenciarucab.es\/blog\/wp-content\/uploads\/2023\/09\/crisis-climatica.jpg","datePublished":"2023-09-07T06:39:59+00:00","author":{"@id":"https:\/\/residenciarucab.es\/blog\/#\/schema\/person\/f759c867eac865f0ce36c767f26f9294"},"description":"El residente Enrique Hern\u00e1ndez, nos habla sobre la situaci\u00f3n actual de la crisis clim\u00e1tica, y nos anima a pasar a la acci\u00f3n para frenarla.","breadcrumb":{"@id":"https:\/\/residenciarucab.es\/blog\/podemos-revertir-la-crisis-climatica\/#breadcrumb"},"inLanguage":"es","potentialAction":[{"@type":"ReadAction","target":["https:\/\/residenciarucab.es\/blog\/podemos-revertir-la-crisis-climatica\/"]}]},{"@type":"ImageObject","inLanguage":"es","@id":"https:\/\/residenciarucab.es\/blog\/podemos-revertir-la-crisis-climatica\/#primaryimage","url":"https:\/\/residenciarucab.es\/blog\/wp-content\/uploads\/2023\/09\/crisis-climatica.jpg","contentUrl":"https:\/\/residenciarucab.es\/blog\/wp-content\/uploads\/2023\/09\/crisis-climatica.jpg","width":1280,"height":720,"caption":"Conferencia sobre crisis clim\u00e1tica en la RUCAB con el meteor\u00f3logo Marcelino N\u00fa\u00f1ez."},{"@type":"BreadcrumbList","@id":"https:\/\/residenciarucab.es\/blog\/podemos-revertir-la-crisis-climatica\/#breadcrumb","itemListElement":[{"@type":"ListItem","position":1,"name":"Portada","item":"https:\/\/residenciarucab.es\/blog\/"},{"@type":"ListItem","position":2,"name":"\u00bfPodemos revertir la crisis clim\u00e1tica?"}]},{"@type":"WebSite","@id":"https:\/\/residenciarucab.es\/blog\/#website","url":"https:\/\/residenciarucab.es\/blog\/","name":"BLOG RUCAB","description":"\u00a1Todas las novedades de nuestra residencia universitaria!","potentialAction":[{"@type":"SearchAction","target":{"@type":"EntryPoint","urlTemplate":"https:\/\/residenciarucab.es\/blog\/?s={search_term_string}"},"query-input":{"@type":"PropertyValueSpecification","valueRequired":true,"valueName":"search_term_string"}}],"inLanguage":"es"},{"@type":"Person","@id":"https:\/\/residenciarucab.es\/blog\/#\/schema\/person\/f759c867eac865f0ce36c767f26f9294","name":"RUCAB","image":{"@type":"ImageObject","inLanguage":"es","@id":"https:\/\/residenciarucab.es\/blog\/wp-content\/uploads\/2019\/07\/r-rosa.png","url":"https:\/\/residenciarucab.es\/blog\/wp-content\/uploads\/2019\/07\/r-rosa.png","contentUrl":"https:\/\/residenciarucab.es\/blog\/wp-content\/uploads\/2019\/07\/r-rosa.png","caption":"RUCAB"},"description":"La RUCAB es un referente en Extremadura por la calidad de sus instalaciones y por su estilo de vida, basado en valores de convivencia, respeto y educaci\u00f3n. Una residencia junto al campus y con todas las necesidades cubiertas.","url":"https:\/\/residenciarucab.es\/blog\/author\/rucab_blog\/"}]}},"_links":{"self":[{"href":"https:\/\/residenciarucab.es\/blog\/wp-json\/wp\/v2\/posts\/2222","targetHints":{"allow":["GET"]}}],"collection":[{"href":"https:\/\/residenciarucab.es\/blog\/wp-json\/wp\/v2\/posts"}],"about":[{"href":"https:\/\/residenciarucab.es\/blog\/wp-json\/wp\/v2\/types\/post"}],"author":[{"embeddable":true,"href":"https:\/\/residenciarucab.es\/blog\/wp-json\/wp\/v2\/users\/1"}],"replies":[{"embeddable":true,"href":"https:\/\/residenciarucab.es\/blog\/wp-json\/wp\/v2\/comments?post=2222"}],"version-history":[{"count":5,"href":"https:\/\/residenciarucab.es\/blog\/wp-json\/wp\/v2\/posts\/2222\/revisions"}],"predecessor-version":[{"id":2228,"href":"https:\/\/residenciarucab.es\/blog\/wp-json\/wp\/v2\/posts\/2222\/revisions\/2228"}],"wp:featuredmedia":[{"embeddable":true,"href":"https:\/\/residenciarucab.es\/blog\/wp-json\/wp\/v2\/media\/2224"}],"wp:attachment":[{"href":"https:\/\/residenciarucab.es\/blog\/wp-json\/wp\/v2\/media?parent=2222"}],"wp:term":[{"taxonomy":"category","embeddable":true,"href":"https:\/\/residenciarucab.es\/blog\/wp-json\/wp\/v2\/categories?post=2222"},{"taxonomy":"post_tag","embeddable":true,"href":"https:\/\/residenciarucab.es\/blog\/wp-json\/wp\/v2\/tags?post=2222"}],"curies":[{"name":"wp","href":"https:\/\/api.w.org\/{rel}","templated":true}]}}