

{"id":2339,"date":"2024-06-12T10:21:46","date_gmt":"2024-06-12T08:21:46","guid":{"rendered":"https:\/\/residenciarucab.es\/blog\/?p=2339"},"modified":"2024-06-12T10:21:46","modified_gmt":"2024-06-12T08:21:46","slug":"acto-de-clausura-curso-2023-2024","status":"publish","type":"post","link":"https:\/\/residenciarucab.es\/blog\/acto-de-clausura-curso-2023-2024\/","title":{"rendered":"Acto de Clausura Curso 2023-2024"},"content":{"rendered":"<h4>Esta semana ha tocado despedir el Curso acad\u00e9mico 2023-2024, en un Acto de Clausura muy emocionante y din\u00e1mico. Gracias a los residentes hemos podido aprender de un nuevo curso repleto de muchas sensaciones, que nos han hecho madurar y crecer en este a\u00f1o.<\/h4>\n<p>El pasado 4 de junio, la Residencia Universitaria de Fundaci\u00f3n CB, RUCAB, celebr\u00f3 con gran entusiasmo el <strong>Acto de Clausura del curso 2023-2024<\/strong>, un evento que marca el fin de una etapa y el comienzo de nuevos horizontes para sus residentes. Este acto, tan esperado cada a\u00f1o, nos hace sentir especiales al ver c\u00f3mo cada curso trae consigo nuevas ense\u00f1anzas y experiencias que enriquecen tanto a nuestros futuros profesionales como a las personas.<\/p>\n<p>Las encargadas de dirigir este gratificante evento, han sido las residentes <strong>Inmaculada S\u00e1nchez y Marta Barbero<\/strong>, dando toques de humor y mucho sentimiento en cada intervenci\u00f3n, por su parte, el residente <strong>Jorge Gallego<\/strong> nos sorprendi\u00f3 con una estupenda interpretaci\u00f3n de <a href=\"https:\/\/www.instagram.com\/reel\/C704bWgOwUL\/\" target=\"_blank\" rel=\"noopener\">Nuvole Bianche de Ludovico<\/a>.<\/p>\n<p>En este acto nos han acompa\u00f1ado la Catedr\u00e1tica de la Facultad de Medicina, <strong>Mar\u00eda Teresa Blanco Roca<\/strong> y el presidente de Fundaci\u00f3n CB, <strong>Emilio V\u00e1zquez Guerrero<\/strong>. Durante la ceremonia, se destac\u00f3 c\u00f3mo cada etapa es \u00fanica y diferente a la anterior. Los estudiantes compartieron sus aprendizajes, sentimientos in\u00e9ditos y las lecciones valiosas que han adquirido a lo largo de su estancia en la RUCAB. Lo que siempre resulta novedoso es la manera en que nuestros residentes expresan y manifiestan sus emociones, super\u00e1ndose cada a\u00f1o al hacer balance de sus experiencias.<\/p>\n<p>El momento conmovedor nos lo regal\u00f3 el residente<strong> Juan Diego Fern\u00e1ndez<\/strong> con un emotivo discurso de despedida, ante un auditorio atento que descubri\u00f3 sus dotes de escritor.<\/p>\n<p>Adem\u00e1s, se hizo entrega de las <strong>bandas y placas<\/strong> a los residentes de tercer a\u00f1o y a los residentes que han finalizado sus estudios en la RUCAB.<\/p>\n<p>La emotiva ceremonia culmin\u00f3 con palabras de agradecimiento hacia los residentes, reconociendo su papel fundamental en la vida de la RUCAB. \u00ab\u00a1Gracias por ser una parte esencial de esta casa! el objetivo de Fundaci\u00f3n CB es que se\u00e1is los m\u00e1s felices posibles en esta etapa,\u00bb <strong>\u00abvosotros sois los futuros profesionales y liderar\u00e9is esta regi\u00f3n e incluso este pa\u00eds\u00bb<\/strong> expres\u00f3 el presidente de Fundaci\u00f3n CB, Emilio V\u00e1zquez, en su discurso de clausura.<\/p>\n<p>El evento no solo marc\u00f3 el fin de un ciclo acad\u00e9mico, sino que tambi\u00e9n reforz\u00f3 los lazos de <strong>amistad y comunidad<\/strong> entre los estudiantes. La jornada concluy\u00f3 con una <strong>cena en los jardines<\/strong> de la residencia, donde los asistentes pudieron compartir sus recuerdos y celebrar sus logros en un ambiente de camarader\u00eda y alegr\u00eda.<\/p>\n<p>La Residencia Universitaria RUCAB se enorgullece de haber acompa\u00f1ado a estos j\u00f3venes en su camino de formaci\u00f3n y les desea el mayor de los \u00e9xitos en sus futuros proyectos.<\/p>\n","protected":false},"excerpt":{"rendered":"<p class=\"post-excerpt\">Esta semana ha tocado despedir el Curso acad\u00e9mico 2023-2024, en un Acto de Clausura muy emocionante y din\u00e1mico. Gracias a los residentes hemos podido aprender de un nuevo curso repleto de muchas sensaciones, que nos han hecho madurar y crecer en este a\u00f1o. El pasado 4 de junio, la Residencia&#8230;<\/p>\n","protected":false},"author":1,"featured_media":2342,"comment_status":"open","ping_status":"open","sticky":false,"template":"","format":"standard","meta":{"footnotes":""},"categories":[1],"tags":[],"class_list":["post-2339","post","type-post","status-publish","format-standard","has-post-thumbnail","hentry","category-noticias"],"yoast_head":"<!-- This site is optimized with the Yoast SEO plugin v27.5 - https:\/\/yoast.com\/product\/yoast-seo-wordpress\/ -->\n<title>Acto de Clausura Curso 2023-2024 BLOG RUCAB<\/title>\n<meta name=\"description\" content=\"El 4 de junio, la Residencia Universitaria de Fundaci\u00f3n CB, RUCAB, celebr\u00f3 con gran entusiasmo el Acto de Clausura del curso 2023-2024.\" \/>\n<meta name=\"robots\" content=\"index, follow, max-snippet:-1, max-image-preview:large, max-video-preview:-1\" \/>\n<link rel=\"canonical\" href=\"https:\/\/residenciarucab.es\/blog\/acto-de-clausura-curso-2023-2024\/\" \/>\n<meta property=\"og:locale\" content=\"es_ES\" \/>\n<meta property=\"og:type\" content=\"article\" \/>\n<meta property=\"og:title\" content=\"Acto de Clausura Curso 2023-2024 BLOG RUCAB\" \/>\n<meta property=\"og:description\" content=\"El 4 de junio, la Residencia Universitaria de Fundaci\u00f3n CB, RUCAB, celebr\u00f3 con gran entusiasmo el Acto de Clausura del curso 2023-2024.\" \/>\n<meta property=\"og:url\" content=\"https:\/\/residenciarucab.es\/blog\/acto-de-clausura-curso-2023-2024\/\" \/>\n<meta property=\"og:site_name\" content=\"BLOG RUCAB\" \/>\n<meta property=\"article:published_time\" content=\"2024-06-12T08:21:46+00:00\" \/>\n<meta property=\"og:image\" content=\"http:\/\/residenciarucab.es\/blog\/wp-content\/uploads\/2024\/06\/Foto-de-familia-curso-2023-2024.jpg\" \/>\n\t<meta property=\"og:image:width\" content=\"1920\" \/>\n\t<meta property=\"og:image:height\" content=\"1080\" \/>\n\t<meta property=\"og:image:type\" content=\"image\/jpeg\" \/>\n<meta name=\"author\" content=\"RUCAB\" \/>\n<meta name=\"twitter:card\" content=\"summary_large_image\" \/>\n<meta name=\"twitter:label1\" content=\"Escrito por\" \/>\n\t<meta name=\"twitter:data1\" content=\"RUCAB\" \/>\n\t<meta name=\"twitter:label2\" content=\"Tiempo de lectura\" \/>\n\t<meta name=\"twitter:data2\" content=\"3 minutos\" \/>\n<script type=\"application\/ld+json\" class=\"yoast-schema-graph\">{\"@context\":\"https:\\\/\\\/schema.org\",\"@graph\":[{\"@type\":\"Article\",\"@id\":\"https:\\\/\\\/residenciarucab.es\\\/blog\\\/acto-de-clausura-curso-2023-2024\\\/#article\",\"isPartOf\":{\"@id\":\"https:\\\/\\\/residenciarucab.es\\\/blog\\\/acto-de-clausura-curso-2023-2024\\\/\"},\"author\":{\"name\":\"RUCAB\",\"@id\":\"https:\\\/\\\/residenciarucab.es\\\/blog\\\/#\\\/schema\\\/person\\\/f759c867eac865f0ce36c767f26f9294\"},\"headline\":\"Acto de Clausura Curso 2023-2024\",\"datePublished\":\"2024-06-12T08:21:46+00:00\",\"mainEntityOfPage\":{\"@id\":\"https:\\\/\\\/residenciarucab.es\\\/blog\\\/acto-de-clausura-curso-2023-2024\\\/\"},\"wordCount\":499,\"commentCount\":0,\"image\":{\"@id\":\"https:\\\/\\\/residenciarucab.es\\\/blog\\\/acto-de-clausura-curso-2023-2024\\\/#primaryimage\"},\"thumbnailUrl\":\"https:\\\/\\\/residenciarucab.es\\\/blog\\\/wp-content\\\/uploads\\\/2024\\\/06\\\/Foto-de-familia-curso-2023-2024.jpg\",\"articleSection\":[\"Noticias\"],\"inLanguage\":\"es\",\"potentialAction\":[{\"@type\":\"CommentAction\",\"name\":\"Comment\",\"target\":[\"https:\\\/\\\/residenciarucab.es\\\/blog\\\/acto-de-clausura-curso-2023-2024\\\/#respond\"]}]},{\"@type\":\"WebPage\",\"@id\":\"https:\\\/\\\/residenciarucab.es\\\/blog\\\/acto-de-clausura-curso-2023-2024\\\/\",\"url\":\"https:\\\/\\\/residenciarucab.es\\\/blog\\\/acto-de-clausura-curso-2023-2024\\\/\",\"name\":\"Acto de Clausura Curso 2023-2024 BLOG RUCAB\",\"isPartOf\":{\"@id\":\"https:\\\/\\\/residenciarucab.es\\\/blog\\\/#website\"},\"primaryImageOfPage\":{\"@id\":\"https:\\\/\\\/residenciarucab.es\\\/blog\\\/acto-de-clausura-curso-2023-2024\\\/#primaryimage\"},\"image\":{\"@id\":\"https:\\\/\\\/residenciarucab.es\\\/blog\\\/acto-de-clausura-curso-2023-2024\\\/#primaryimage\"},\"thumbnailUrl\":\"https:\\\/\\\/residenciarucab.es\\\/blog\\\/wp-content\\\/uploads\\\/2024\\\/06\\\/Foto-de-familia-curso-2023-2024.jpg\",\"datePublished\":\"2024-06-12T08:21:46+00:00\",\"author\":{\"@id\":\"https:\\\/\\\/residenciarucab.es\\\/blog\\\/#\\\/schema\\\/person\\\/f759c867eac865f0ce36c767f26f9294\"},\"description\":\"El 4 de junio, la Residencia Universitaria de Fundaci\u00f3n CB, RUCAB, celebr\u00f3 con gran entusiasmo el Acto de Clausura del curso 2023-2024.\",\"breadcrumb\":{\"@id\":\"https:\\\/\\\/residenciarucab.es\\\/blog\\\/acto-de-clausura-curso-2023-2024\\\/#breadcrumb\"},\"inLanguage\":\"es\",\"potentialAction\":[{\"@type\":\"ReadAction\",\"target\":[\"https:\\\/\\\/residenciarucab.es\\\/blog\\\/acto-de-clausura-curso-2023-2024\\\/\"]}]},{\"@type\":\"ImageObject\",\"inLanguage\":\"es\",\"@id\":\"https:\\\/\\\/residenciarucab.es\\\/blog\\\/acto-de-clausura-curso-2023-2024\\\/#primaryimage\",\"url\":\"https:\\\/\\\/residenciarucab.es\\\/blog\\\/wp-content\\\/uploads\\\/2024\\\/06\\\/Foto-de-familia-curso-2023-2024.jpg\",\"contentUrl\":\"https:\\\/\\\/residenciarucab.es\\\/blog\\\/wp-content\\\/uploads\\\/2024\\\/06\\\/Foto-de-familia-curso-2023-2024.jpg\",\"width\":1920,\"height\":1080,\"caption\":\"Foto con todos los residentes de la RUCAB curso 2023-2024\"},{\"@type\":\"BreadcrumbList\",\"@id\":\"https:\\\/\\\/residenciarucab.es\\\/blog\\\/acto-de-clausura-curso-2023-2024\\\/#breadcrumb\",\"itemListElement\":[{\"@type\":\"ListItem\",\"position\":1,\"name\":\"Portada\",\"item\":\"https:\\\/\\\/residenciarucab.es\\\/blog\\\/\"},{\"@type\":\"ListItem\",\"position\":2,\"name\":\"Acto de Clausura Curso 2023-2024\"}]},{\"@type\":\"WebSite\",\"@id\":\"https:\\\/\\\/residenciarucab.es\\\/blog\\\/#website\",\"url\":\"https:\\\/\\\/residenciarucab.es\\\/blog\\\/\",\"name\":\"BLOG RUCAB\",\"description\":\"\u00a1Todas las novedades de nuestra residencia universitaria!\",\"potentialAction\":[{\"@type\":\"SearchAction\",\"target\":{\"@type\":\"EntryPoint\",\"urlTemplate\":\"https:\\\/\\\/residenciarucab.es\\\/blog\\\/?s={search_term_string}\"},\"query-input\":{\"@type\":\"PropertyValueSpecification\",\"valueRequired\":true,\"valueName\":\"search_term_string\"}}],\"inLanguage\":\"es\"},{\"@type\":\"Person\",\"@id\":\"https:\\\/\\\/residenciarucab.es\\\/blog\\\/#\\\/schema\\\/person\\\/f759c867eac865f0ce36c767f26f9294\",\"name\":\"RUCAB\",\"image\":{\"@type\":\"ImageObject\",\"inLanguage\":\"es\",\"@id\":\"https:\\\/\\\/residenciarucab.es\\\/blog\\\/wp-content\\\/uploads\\\/2019\\\/07\\\/r-rosa.png\",\"url\":\"https:\\\/\\\/residenciarucab.es\\\/blog\\\/wp-content\\\/uploads\\\/2019\\\/07\\\/r-rosa.png\",\"contentUrl\":\"https:\\\/\\\/residenciarucab.es\\\/blog\\\/wp-content\\\/uploads\\\/2019\\\/07\\\/r-rosa.png\",\"caption\":\"RUCAB\"},\"description\":\"La RUCAB es un referente en Extremadura por la calidad de sus instalaciones y por su estilo de vida, basado en valores de convivencia, respeto y educaci\u00f3n. Una residencia junto al campus y con todas las necesidades cubiertas.\",\"url\":\"https:\\\/\\\/residenciarucab.es\\\/blog\\\/author\\\/rucab_blog\\\/\"}]}<\/script>\n<!-- \/ Yoast SEO plugin. -->","yoast_head_json":{"title":"Acto de Clausura Curso 2023-2024 BLOG RUCAB","description":"El 4 de junio, la Residencia Universitaria de Fundaci\u00f3n CB, RUCAB, celebr\u00f3 con gran entusiasmo el Acto de Clausura del curso 2023-2024.","robots":{"index":"index","follow":"follow","max-snippet":"max-snippet:-1","max-image-preview":"max-image-preview:large","max-video-preview":"max-video-preview:-1"},"canonical":"https:\/\/residenciarucab.es\/blog\/acto-de-clausura-curso-2023-2024\/","og_locale":"es_ES","og_type":"article","og_title":"Acto de Clausura Curso 2023-2024 BLOG RUCAB","og_description":"El 4 de junio, la Residencia Universitaria de Fundaci\u00f3n CB, RUCAB, celebr\u00f3 con gran entusiasmo el Acto de Clausura del curso 2023-2024.","og_url":"https:\/\/residenciarucab.es\/blog\/acto-de-clausura-curso-2023-2024\/","og_site_name":"BLOG RUCAB","article_published_time":"2024-06-12T08:21:46+00:00","og_image":[{"width":1920,"height":1080,"url":"http:\/\/residenciarucab.es\/blog\/wp-content\/uploads\/2024\/06\/Foto-de-familia-curso-2023-2024.jpg","type":"image\/jpeg"}],"author":"RUCAB","twitter_card":"summary_large_image","twitter_misc":{"Escrito por":"RUCAB","Tiempo de lectura":"3 minutos"},"schema":{"@context":"https:\/\/schema.org","@graph":[{"@type":"Article","@id":"https:\/\/residenciarucab.es\/blog\/acto-de-clausura-curso-2023-2024\/#article","isPartOf":{"@id":"https:\/\/residenciarucab.es\/blog\/acto-de-clausura-curso-2023-2024\/"},"author":{"name":"RUCAB","@id":"https:\/\/residenciarucab.es\/blog\/#\/schema\/person\/f759c867eac865f0ce36c767f26f9294"},"headline":"Acto de Clausura Curso 2023-2024","datePublished":"2024-06-12T08:21:46+00:00","mainEntityOfPage":{"@id":"https:\/\/residenciarucab.es\/blog\/acto-de-clausura-curso-2023-2024\/"},"wordCount":499,"commentCount":0,"image":{"@id":"https:\/\/residenciarucab.es\/blog\/acto-de-clausura-curso-2023-2024\/#primaryimage"},"thumbnailUrl":"https:\/\/residenciarucab.es\/blog\/wp-content\/uploads\/2024\/06\/Foto-de-familia-curso-2023-2024.jpg","articleSection":["Noticias"],"inLanguage":"es","potentialAction":[{"@type":"CommentAction","name":"Comment","target":["https:\/\/residenciarucab.es\/blog\/acto-de-clausura-curso-2023-2024\/#respond"]}]},{"@type":"WebPage","@id":"https:\/\/residenciarucab.es\/blog\/acto-de-clausura-curso-2023-2024\/","url":"https:\/\/residenciarucab.es\/blog\/acto-de-clausura-curso-2023-2024\/","name":"Acto de Clausura Curso 2023-2024 BLOG RUCAB","isPartOf":{"@id":"https:\/\/residenciarucab.es\/blog\/#website"},"primaryImageOfPage":{"@id":"https:\/\/residenciarucab.es\/blog\/acto-de-clausura-curso-2023-2024\/#primaryimage"},"image":{"@id":"https:\/\/residenciarucab.es\/blog\/acto-de-clausura-curso-2023-2024\/#primaryimage"},"thumbnailUrl":"https:\/\/residenciarucab.es\/blog\/wp-content\/uploads\/2024\/06\/Foto-de-familia-curso-2023-2024.jpg","datePublished":"2024-06-12T08:21:46+00:00","author":{"@id":"https:\/\/residenciarucab.es\/blog\/#\/schema\/person\/f759c867eac865f0ce36c767f26f9294"},"description":"El 4 de junio, la Residencia Universitaria de Fundaci\u00f3n CB, RUCAB, celebr\u00f3 con gran entusiasmo el Acto de Clausura del curso 2023-2024.","breadcrumb":{"@id":"https:\/\/residenciarucab.es\/blog\/acto-de-clausura-curso-2023-2024\/#breadcrumb"},"inLanguage":"es","potentialAction":[{"@type":"ReadAction","target":["https:\/\/residenciarucab.es\/blog\/acto-de-clausura-curso-2023-2024\/"]}]},{"@type":"ImageObject","inLanguage":"es","@id":"https:\/\/residenciarucab.es\/blog\/acto-de-clausura-curso-2023-2024\/#primaryimage","url":"https:\/\/residenciarucab.es\/blog\/wp-content\/uploads\/2024\/06\/Foto-de-familia-curso-2023-2024.jpg","contentUrl":"https:\/\/residenciarucab.es\/blog\/wp-content\/uploads\/2024\/06\/Foto-de-familia-curso-2023-2024.jpg","width":1920,"height":1080,"caption":"Foto con todos los residentes de la RUCAB curso 2023-2024"},{"@type":"BreadcrumbList","@id":"https:\/\/residenciarucab.es\/blog\/acto-de-clausura-curso-2023-2024\/#breadcrumb","itemListElement":[{"@type":"ListItem","position":1,"name":"Portada","item":"https:\/\/residenciarucab.es\/blog\/"},{"@type":"ListItem","position":2,"name":"Acto de Clausura Curso 2023-2024"}]},{"@type":"WebSite","@id":"https:\/\/residenciarucab.es\/blog\/#website","url":"https:\/\/residenciarucab.es\/blog\/","name":"BLOG RUCAB","description":"\u00a1Todas las novedades de nuestra residencia universitaria!","potentialAction":[{"@type":"SearchAction","target":{"@type":"EntryPoint","urlTemplate":"https:\/\/residenciarucab.es\/blog\/?s={search_term_string}"},"query-input":{"@type":"PropertyValueSpecification","valueRequired":true,"valueName":"search_term_string"}}],"inLanguage":"es"},{"@type":"Person","@id":"https:\/\/residenciarucab.es\/blog\/#\/schema\/person\/f759c867eac865f0ce36c767f26f9294","name":"RUCAB","image":{"@type":"ImageObject","inLanguage":"es","@id":"https:\/\/residenciarucab.es\/blog\/wp-content\/uploads\/2019\/07\/r-rosa.png","url":"https:\/\/residenciarucab.es\/blog\/wp-content\/uploads\/2019\/07\/r-rosa.png","contentUrl":"https:\/\/residenciarucab.es\/blog\/wp-content\/uploads\/2019\/07\/r-rosa.png","caption":"RUCAB"},"description":"La RUCAB es un referente en Extremadura por la calidad de sus instalaciones y por su estilo de vida, basado en valores de convivencia, respeto y educaci\u00f3n. Una residencia junto al campus y con todas las necesidades cubiertas.","url":"https:\/\/residenciarucab.es\/blog\/author\/rucab_blog\/"}]}},"_links":{"self":[{"href":"https:\/\/residenciarucab.es\/blog\/wp-json\/wp\/v2\/posts\/2339","targetHints":{"allow":["GET"]}}],"collection":[{"href":"https:\/\/residenciarucab.es\/blog\/wp-json\/wp\/v2\/posts"}],"about":[{"href":"https:\/\/residenciarucab.es\/blog\/wp-json\/wp\/v2\/types\/post"}],"author":[{"embeddable":true,"href":"https:\/\/residenciarucab.es\/blog\/wp-json\/wp\/v2\/users\/1"}],"replies":[{"embeddable":true,"href":"https:\/\/residenciarucab.es\/blog\/wp-json\/wp\/v2\/comments?post=2339"}],"version-history":[{"count":3,"href":"https:\/\/residenciarucab.es\/blog\/wp-json\/wp\/v2\/posts\/2339\/revisions"}],"predecessor-version":[{"id":2344,"href":"https:\/\/residenciarucab.es\/blog\/wp-json\/wp\/v2\/posts\/2339\/revisions\/2344"}],"wp:featuredmedia":[{"embeddable":true,"href":"https:\/\/residenciarucab.es\/blog\/wp-json\/wp\/v2\/media\/2342"}],"wp:attachment":[{"href":"https:\/\/residenciarucab.es\/blog\/wp-json\/wp\/v2\/media?parent=2339"}],"wp:term":[{"taxonomy":"category","embeddable":true,"href":"https:\/\/residenciarucab.es\/blog\/wp-json\/wp\/v2\/categories?post=2339"},{"taxonomy":"post_tag","embeddable":true,"href":"https:\/\/residenciarucab.es\/blog\/wp-json\/wp\/v2\/tags?post=2339"}],"curies":[{"name":"wp","href":"https:\/\/api.w.org\/{rel}","templated":true}]}}