

{"id":2373,"date":"2025-07-21T10:09:45","date_gmt":"2025-07-21T08:09:45","guid":{"rendered":"https:\/\/residenciarucab.es\/blog\/?p=2373"},"modified":"2025-07-21T10:09:45","modified_gmt":"2025-07-21T08:09:45","slug":"siete-estudiantes-de-la-rucab-monitores-en-respiro-familiar","status":"publish","type":"post","link":"https:\/\/residenciarucab.es\/blog\/siete-estudiantes-de-la-rucab-monitores-en-respiro-familiar\/","title":{"rendered":"Siete estudiantes de la RUCAB, monitores en Respiro Familiar"},"content":{"rendered":"<h3 data-start=\"274\" data-end=\"401\"><strong data-start=\"278\" data-end=\"401\">Estos residentes convierten su verano en un compromiso con la inclusi\u00f3n a trav\u00e9s del programa Respiro Familiar<\/strong><\/h3>\n<p data-start=\"403\" data-end=\"1031\">Cada semana, durante los meses de julio y agosto, la <strong>Residencia Universitaria de Fundaci\u00f3n CB (RUCAB)<\/strong> se transforma en mucho m\u00e1s que un espacio residencial. Se convierte en un verdadero <strong>respiro para las familias<\/strong> con personas con discapacidad intelectual, gracias al programa <em data-start=\"707\" data-end=\"725\">Respiro Familiar<\/em>, impulsado por <strong>Plena Inclusi\u00f3n Extremadura<\/strong>. Pero lo que realmente da alma a esta iniciativa es el compromiso humano que hay detr\u00e1s. Y este verano, ese coraz\u00f3n late con fuerza a trav\u00e9s del trabajo de siete j\u00f3venes residentes que han decidido dedicar su tiempo a mejorar la vida de quienes m\u00e1s lo necesitan.<\/p>\n<p data-start=\"1033\" data-end=\"1468\"><strong>Gabriel Le\u00f3n, Juan Jos\u00e9 de la Cruz, Pamela Romero, Marta Barbero, Carolina Ram\u00edrez, Enrique Muriel y Ana Lozano<\/strong> forman el equipo de residentes que colaboran como monitores en este campamento, donde cada semana acompa\u00f1an y atienden a personas con necesidades especiales. Estudiantes de titulaciones como <strong>Educaci\u00f3n Infantil, Biolog\u00eda o Enfermer\u00eda<\/strong>, combinan su formaci\u00f3n acad\u00e9mica con una experiencia humana profundamente transformadora.<\/p>\n<p data-start=\"1470\" data-end=\"1869\"><em>\u201cEsta experiencia aporta un punto de vista diferente tanto a nivel personal como profesional, y en un futuro puede serles de gran utilidad\u201d<\/em>, se\u00f1ala Ana Lozano, estudiante de Educaci\u00f3n Infantil y veterana del programa, quien adem\u00e1s anim\u00f3 a sus compa\u00f1eros a unirse a esta causa. Su motivaci\u00f3n, empat\u00eda y sensibilidad han sido fundamentales para que los usuarios del campamento se sientan como en casa.<\/p>\n<p data-start=\"1871\" data-end=\"2397\">El <em data-start=\"1874\" data-end=\"1892\">Respiro Familiar<\/em> no es solo un campamento. Es una <strong>propuesta de atenci\u00f3n integral<\/strong> que permite a las familias \u2013muchas de ellas monoparentales o sin opciones de apoyo durante el verano\u2013 <strong>conciliar su vida laboral con la tranquilidad de saber que sus seres queridos est\u00e1n en buenas manos<\/strong>. La RUCAB pone a disposici\u00f3n no solo sus instalaciones \u2014jardines cuidados, piscina adaptada, habitaciones amplias, salas multiusos\u2014, sino tambi\u00e9n un esp\u00edritu de acogida y entrega que convierte sus espacios en un aut\u00e9ntico <strong>hogar inclusivo.<\/strong><\/p>\n<p data-start=\"2399\" data-end=\"2710\">Uno de los pilares de este proyecto es la participaci\u00f3n activa de antiguos y actuales residentes como monitores. J\u00f3venes que, m\u00e1s all\u00e1 de un trabajo de verano, viven esta experiencia como una oportunidad de <strong>crecimiento personal<\/strong>, donde cada d\u00eda aprenden, ense\u00f1an y contribuyen a construir una sociedad m\u00e1s justa.<\/p>\n<p data-start=\"2712\" data-end=\"3022\">Gracias a su implicaci\u00f3n, los siete monitores de la RUCAB no solo ofrecen atenci\u00f3n personalizada a los usuarios del campamento, sino que tambi\u00e9n desarrollan habilidades esenciales para sus futuras profesiones, poniendo en pr\u00e1ctica conocimientos adquiridos en las aulas en un contexto real y lleno de humanidad.<\/p>\n<p data-start=\"3024\" data-end=\"3292\">El programa <em data-start=\"3036\" data-end=\"3054\">Respiro Familiar<\/em> se ha consolidado como un<strong> recurso imprescindible en la regi\u00f3n<\/strong>, y este verano vuelve a demostrar que cuando la solidaridad, la formaci\u00f3n y la vocaci\u00f3n se unen, el impacto va mucho m\u00e1s all\u00e1 de unas semanas de convivencia: transforma vidas.<\/p>\n\n\t\t<style type=\"text\/css\">\n\t\t\t#gallery-1 {\n\t\t\t\tmargin: auto;\n\t\t\t}\n\t\t\t#gallery-1 .gallery-item {\n\t\t\t\tfloat: left;\n\t\t\t\tmargin-top: 10px;\n\t\t\t\ttext-align: center;\n\t\t\t\twidth: 50%;\n\t\t\t}\n\t\t\t#gallery-1 img {\n\t\t\t\tborder: 2px solid #cfcfcf;\n\t\t\t}\n\t\t\t#gallery-1 .gallery-caption {\n\t\t\t\tmargin-left: 0;\n\t\t\t}\n\t\t\t\/* see gallery_shortcode() in wp-includes\/media.php *\/\n\t\t<\/style>\n\t\t<div id='gallery-1' class='gallery galleryid-2373 gallery-columns-2 gallery-size-large'><dl class='gallery-item'>\n\t\t\t<dt class='gallery-icon landscape'>\n\t\t\t\t<a href='https:\/\/residenciarucab.es\/blog\/siete-estudiantes-de-la-rucab-monitores-en-respiro-familiar\/ana-lozano\/'><img loading=\"lazy\" decoding=\"async\" width=\"700\" height=\"394\" src=\"https:\/\/residenciarucab.es\/blog\/wp-content\/uploads\/2025\/07\/ana-lozano-1024x576.jpg\" class=\"attachment-large size-large\" alt=\"\" srcset=\"https:\/\/residenciarucab.es\/blog\/wp-content\/uploads\/2025\/07\/ana-lozano-1024x576.jpg 1024w, https:\/\/residenciarucab.es\/blog\/wp-content\/uploads\/2025\/07\/ana-lozano-300x169.jpg 300w, https:\/\/residenciarucab.es\/blog\/wp-content\/uploads\/2025\/07\/ana-lozano-768x432.jpg 768w, https:\/\/residenciarucab.es\/blog\/wp-content\/uploads\/2025\/07\/ana-lozano-1140x641.jpg 1140w, https:\/\/residenciarucab.es\/blog\/wp-content\/uploads\/2025\/07\/ana-lozano-552x311.jpg 552w, https:\/\/residenciarucab.es\/blog\/wp-content\/uploads\/2025\/07\/ana-lozano.jpg 1280w\" sizes=\"auto, (max-width: 700px) 100vw, 700px\" \/><\/a>\n\t\t\t<\/dt><\/dl><dl class='gallery-item'>\n\t\t\t<dt class='gallery-icon landscape'>\n\t\t\t\t<a href='https:\/\/residenciarucab.es\/blog\/siete-estudiantes-de-la-rucab-monitores-en-respiro-familiar\/ana-lozano-y-nino\/'><img loading=\"lazy\" decoding=\"async\" width=\"700\" height=\"394\" src=\"https:\/\/residenciarucab.es\/blog\/wp-content\/uploads\/2025\/07\/ana-lozano-y-nino-1024x576.jpg\" class=\"attachment-large size-large\" alt=\"\" srcset=\"https:\/\/residenciarucab.es\/blog\/wp-content\/uploads\/2025\/07\/ana-lozano-y-nino-1024x576.jpg 1024w, https:\/\/residenciarucab.es\/blog\/wp-content\/uploads\/2025\/07\/ana-lozano-y-nino-300x169.jpg 300w, https:\/\/residenciarucab.es\/blog\/wp-content\/uploads\/2025\/07\/ana-lozano-y-nino-768x432.jpg 768w, https:\/\/residenciarucab.es\/blog\/wp-content\/uploads\/2025\/07\/ana-lozano-y-nino-1140x641.jpg 1140w, https:\/\/residenciarucab.es\/blog\/wp-content\/uploads\/2025\/07\/ana-lozano-y-nino-552x311.jpg 552w, https:\/\/residenciarucab.es\/blog\/wp-content\/uploads\/2025\/07\/ana-lozano-y-nino.jpg 1280w\" sizes=\"auto, (max-width: 700px) 100vw, 700px\" \/><\/a>\n\t\t\t<\/dt><\/dl><br style=\"clear: both\" \/><dl class='gallery-item'>\n\t\t\t<dt class='gallery-icon landscape'>\n\t\t\t\t<a href='https:\/\/residenciarucab.es\/blog\/siete-estudiantes-de-la-rucab-monitores-en-respiro-familiar\/carolina\/'><img loading=\"lazy\" decoding=\"async\" width=\"700\" height=\"394\" src=\"https:\/\/residenciarucab.es\/blog\/wp-content\/uploads\/2025\/07\/carolina-1024x576.jpg\" class=\"attachment-large size-large\" alt=\"\" srcset=\"https:\/\/residenciarucab.es\/blog\/wp-content\/uploads\/2025\/07\/carolina-1024x576.jpg 1024w, https:\/\/residenciarucab.es\/blog\/wp-content\/uploads\/2025\/07\/carolina-300x169.jpg 300w, https:\/\/residenciarucab.es\/blog\/wp-content\/uploads\/2025\/07\/carolina-768x432.jpg 768w, https:\/\/residenciarucab.es\/blog\/wp-content\/uploads\/2025\/07\/carolina-1140x641.jpg 1140w, https:\/\/residenciarucab.es\/blog\/wp-content\/uploads\/2025\/07\/carolina-552x311.jpg 552w, https:\/\/residenciarucab.es\/blog\/wp-content\/uploads\/2025\/07\/carolina.jpg 1280w\" sizes=\"auto, (max-width: 700px) 100vw, 700px\" \/><\/a>\n\t\t\t<\/dt><\/dl><dl class='gallery-item'>\n\t\t\t<dt class='gallery-icon landscape'>\n\t\t\t\t<a href='https:\/\/residenciarucab.es\/blog\/siete-estudiantes-de-la-rucab-monitores-en-respiro-familiar\/juanjo-2\/'><img loading=\"lazy\" decoding=\"async\" width=\"700\" height=\"394\" src=\"https:\/\/residenciarucab.es\/blog\/wp-content\/uploads\/2025\/07\/juanjo-1-1024x576.jpg\" class=\"attachment-large size-large\" alt=\"\" srcset=\"https:\/\/residenciarucab.es\/blog\/wp-content\/uploads\/2025\/07\/juanjo-1-1024x576.jpg 1024w, https:\/\/residenciarucab.es\/blog\/wp-content\/uploads\/2025\/07\/juanjo-1-300x169.jpg 300w, https:\/\/residenciarucab.es\/blog\/wp-content\/uploads\/2025\/07\/juanjo-1-768x432.jpg 768w, https:\/\/residenciarucab.es\/blog\/wp-content\/uploads\/2025\/07\/juanjo-1-1140x641.jpg 1140w, https:\/\/residenciarucab.es\/blog\/wp-content\/uploads\/2025\/07\/juanjo-1-552x311.jpg 552w, https:\/\/residenciarucab.es\/blog\/wp-content\/uploads\/2025\/07\/juanjo-1.jpg 1280w\" sizes=\"auto, (max-width: 700px) 100vw, 700px\" \/><\/a>\n\t\t\t<\/dt><\/dl><br style=\"clear: both\" \/><dl class='gallery-item'>\n\t\t\t<dt class='gallery-icon landscape'>\n\t\t\t\t<a href='https:\/\/residenciarucab.es\/blog\/siete-estudiantes-de-la-rucab-monitores-en-respiro-familiar\/residente-2\/'><img loading=\"lazy\" decoding=\"async\" width=\"700\" height=\"394\" src=\"https:\/\/residenciarucab.es\/blog\/wp-content\/uploads\/2025\/07\/residente-2-1024x576.jpg\" class=\"attachment-large size-large\" alt=\"\" srcset=\"https:\/\/residenciarucab.es\/blog\/wp-content\/uploads\/2025\/07\/residente-2-1024x576.jpg 1024w, https:\/\/residenciarucab.es\/blog\/wp-content\/uploads\/2025\/07\/residente-2-300x169.jpg 300w, https:\/\/residenciarucab.es\/blog\/wp-content\/uploads\/2025\/07\/residente-2-768x432.jpg 768w, https:\/\/residenciarucab.es\/blog\/wp-content\/uploads\/2025\/07\/residente-2-1140x641.jpg 1140w, https:\/\/residenciarucab.es\/blog\/wp-content\/uploads\/2025\/07\/residente-2-552x311.jpg 552w, https:\/\/residenciarucab.es\/blog\/wp-content\/uploads\/2025\/07\/residente-2.jpg 1280w\" sizes=\"auto, (max-width: 700px) 100vw, 700px\" \/><\/a>\n\t\t\t<\/dt><\/dl><dl class='gallery-item'>\n\t\t\t<dt class='gallery-icon landscape'>\n\t\t\t\t<a href='https:\/\/residenciarucab.es\/blog\/siete-estudiantes-de-la-rucab-monitores-en-respiro-familiar\/residentes\/'><img loading=\"lazy\" decoding=\"async\" width=\"700\" height=\"394\" src=\"https:\/\/residenciarucab.es\/blog\/wp-content\/uploads\/2025\/07\/residentes-1024x576.jpg\" class=\"attachment-large size-large\" alt=\"\" srcset=\"https:\/\/residenciarucab.es\/blog\/wp-content\/uploads\/2025\/07\/residentes-1024x576.jpg 1024w, https:\/\/residenciarucab.es\/blog\/wp-content\/uploads\/2025\/07\/residentes-300x169.jpg 300w, https:\/\/residenciarucab.es\/blog\/wp-content\/uploads\/2025\/07\/residentes-768x432.jpg 768w, https:\/\/residenciarucab.es\/blog\/wp-content\/uploads\/2025\/07\/residentes-1140x641.jpg 1140w, https:\/\/residenciarucab.es\/blog\/wp-content\/uploads\/2025\/07\/residentes-552x311.jpg 552w, https:\/\/residenciarucab.es\/blog\/wp-content\/uploads\/2025\/07\/residentes.jpg 1280w\" sizes=\"auto, (max-width: 700px) 100vw, 700px\" \/><\/a>\n\t\t\t<\/dt><\/dl><br style=\"clear: both\" \/>\n\t\t<\/div>\n\n","protected":false},"excerpt":{"rendered":"<p class=\"post-excerpt\">Estos residentes convierten su verano en un compromiso con la inclusi\u00f3n a trav\u00e9s del programa Respiro Familiar Cada semana, durante los meses de julio y agosto, la Residencia Universitaria de Fundaci\u00f3n CB (RUCAB) se transforma en mucho m\u00e1s que un espacio residencial. Se convierte en un verdadero respiro para las&#8230;<\/p>\n","protected":false},"author":1,"featured_media":2375,"comment_status":"open","ping_status":"open","sticky":false,"template":"","format":"standard","meta":{"footnotes":""},"categories":[1],"tags":[30,2,478,35],"class_list":["post-2373","post","type-post","status-publish","format-standard","has-post-thumbnail","hentry","category-noticias","tag-campamento-rucab","tag-fundacion-cb","tag-plena-inclusion","tag-rucab"],"yoast_head":"<!-- This site is optimized with the Yoast SEO plugin v27.5 - https:\/\/yoast.com\/product\/yoast-seo-wordpress\/ -->\n<title>Siete estudiantes de la RUCAB, monitores en Respiro Familiar - BLOG RUCAB<\/title>\n<meta name=\"description\" content=\"Siete j\u00f3venes de la RUCAB convierten su verano en un compromiso con la inclusi\u00f3n a trav\u00e9s del programa Respiro Familiar.\" \/>\n<meta name=\"robots\" content=\"index, follow, max-snippet:-1, max-image-preview:large, max-video-preview:-1\" \/>\n<link rel=\"canonical\" href=\"https:\/\/residenciarucab.es\/blog\/siete-estudiantes-de-la-rucab-monitores-en-respiro-familiar\/\" \/>\n<meta property=\"og:locale\" content=\"es_ES\" \/>\n<meta property=\"og:type\" content=\"article\" \/>\n<meta property=\"og:title\" content=\"Siete estudiantes de la RUCAB, monitores en Respiro Familiar - BLOG RUCAB\" \/>\n<meta property=\"og:description\" content=\"Siete j\u00f3venes de la RUCAB convierten su verano en un compromiso con la inclusi\u00f3n a trav\u00e9s del programa Respiro Familiar.\" \/>\n<meta property=\"og:url\" content=\"https:\/\/residenciarucab.es\/blog\/siete-estudiantes-de-la-rucab-monitores-en-respiro-familiar\/\" \/>\n<meta property=\"og:site_name\" content=\"BLOG RUCAB\" \/>\n<meta property=\"article:published_time\" content=\"2025-07-21T08:09:45+00:00\" \/>\n<meta property=\"og:image\" content=\"http:\/\/residenciarucab.es\/blog\/wp-content\/uploads\/2025\/07\/juanjo.jpg\" \/>\n\t<meta property=\"og:image:width\" content=\"1280\" \/>\n\t<meta property=\"og:image:height\" content=\"720\" \/>\n\t<meta property=\"og:image:type\" content=\"image\/jpeg\" \/>\n<meta name=\"author\" content=\"RUCAB\" \/>\n<meta name=\"twitter:card\" content=\"summary_large_image\" \/>\n<meta name=\"twitter:label1\" content=\"Escrito por\" \/>\n\t<meta name=\"twitter:data1\" content=\"RUCAB\" \/>\n\t<meta name=\"twitter:label2\" content=\"Tiempo de lectura\" \/>\n\t<meta name=\"twitter:data2\" content=\"3 minutos\" \/>\n<script type=\"application\/ld+json\" class=\"yoast-schema-graph\">{\"@context\":\"https:\\\/\\\/schema.org\",\"@graph\":[{\"@type\":\"Article\",\"@id\":\"https:\\\/\\\/residenciarucab.es\\\/blog\\\/siete-estudiantes-de-la-rucab-monitores-en-respiro-familiar\\\/#article\",\"isPartOf\":{\"@id\":\"https:\\\/\\\/residenciarucab.es\\\/blog\\\/siete-estudiantes-de-la-rucab-monitores-en-respiro-familiar\\\/\"},\"author\":{\"name\":\"RUCAB\",\"@id\":\"https:\\\/\\\/residenciarucab.es\\\/blog\\\/#\\\/schema\\\/person\\\/f759c867eac865f0ce36c767f26f9294\"},\"headline\":\"Siete estudiantes de la RUCAB, monitores en Respiro Familiar\",\"datePublished\":\"2025-07-21T08:09:45+00:00\",\"mainEntityOfPage\":{\"@id\":\"https:\\\/\\\/residenciarucab.es\\\/blog\\\/siete-estudiantes-de-la-rucab-monitores-en-respiro-familiar\\\/\"},\"wordCount\":516,\"commentCount\":0,\"image\":{\"@id\":\"https:\\\/\\\/residenciarucab.es\\\/blog\\\/siete-estudiantes-de-la-rucab-monitores-en-respiro-familiar\\\/#primaryimage\"},\"thumbnailUrl\":\"https:\\\/\\\/residenciarucab.es\\\/blog\\\/wp-content\\\/uploads\\\/2025\\\/07\\\/juanjo.jpg\",\"keywords\":[\"campamento rucab\",\"Fundaci\u00f3n CB\",\"Plena Inclusi\u00f3n\",\"Rucab\"],\"articleSection\":[\"Noticias\"],\"inLanguage\":\"es\",\"potentialAction\":[{\"@type\":\"CommentAction\",\"name\":\"Comment\",\"target\":[\"https:\\\/\\\/residenciarucab.es\\\/blog\\\/siete-estudiantes-de-la-rucab-monitores-en-respiro-familiar\\\/#respond\"]}]},{\"@type\":\"WebPage\",\"@id\":\"https:\\\/\\\/residenciarucab.es\\\/blog\\\/siete-estudiantes-de-la-rucab-monitores-en-respiro-familiar\\\/\",\"url\":\"https:\\\/\\\/residenciarucab.es\\\/blog\\\/siete-estudiantes-de-la-rucab-monitores-en-respiro-familiar\\\/\",\"name\":\"Siete estudiantes de la RUCAB, monitores en Respiro Familiar - BLOG RUCAB\",\"isPartOf\":{\"@id\":\"https:\\\/\\\/residenciarucab.es\\\/blog\\\/#website\"},\"primaryImageOfPage\":{\"@id\":\"https:\\\/\\\/residenciarucab.es\\\/blog\\\/siete-estudiantes-de-la-rucab-monitores-en-respiro-familiar\\\/#primaryimage\"},\"image\":{\"@id\":\"https:\\\/\\\/residenciarucab.es\\\/blog\\\/siete-estudiantes-de-la-rucab-monitores-en-respiro-familiar\\\/#primaryimage\"},\"thumbnailUrl\":\"https:\\\/\\\/residenciarucab.es\\\/blog\\\/wp-content\\\/uploads\\\/2025\\\/07\\\/juanjo.jpg\",\"datePublished\":\"2025-07-21T08:09:45+00:00\",\"author\":{\"@id\":\"https:\\\/\\\/residenciarucab.es\\\/blog\\\/#\\\/schema\\\/person\\\/f759c867eac865f0ce36c767f26f9294\"},\"description\":\"Siete j\u00f3venes de la RUCAB convierten su verano en un compromiso con la inclusi\u00f3n a trav\u00e9s del programa Respiro Familiar.\",\"breadcrumb\":{\"@id\":\"https:\\\/\\\/residenciarucab.es\\\/blog\\\/siete-estudiantes-de-la-rucab-monitores-en-respiro-familiar\\\/#breadcrumb\"},\"inLanguage\":\"es\",\"potentialAction\":[{\"@type\":\"ReadAction\",\"target\":[\"https:\\\/\\\/residenciarucab.es\\\/blog\\\/siete-estudiantes-de-la-rucab-monitores-en-respiro-familiar\\\/\"]}]},{\"@type\":\"ImageObject\",\"inLanguage\":\"es\",\"@id\":\"https:\\\/\\\/residenciarucab.es\\\/blog\\\/siete-estudiantes-de-la-rucab-monitores-en-respiro-familiar\\\/#primaryimage\",\"url\":\"https:\\\/\\\/residenciarucab.es\\\/blog\\\/wp-content\\\/uploads\\\/2025\\\/07\\\/juanjo.jpg\",\"contentUrl\":\"https:\\\/\\\/residenciarucab.es\\\/blog\\\/wp-content\\\/uploads\\\/2025\\\/07\\\/juanjo.jpg\",\"width\":1280,\"height\":720,\"caption\":\"El residente Juanjo con una usuaria del campamento de Plena Inclusi\u00f3n Extremadura.\"},{\"@type\":\"BreadcrumbList\",\"@id\":\"https:\\\/\\\/residenciarucab.es\\\/blog\\\/siete-estudiantes-de-la-rucab-monitores-en-respiro-familiar\\\/#breadcrumb\",\"itemListElement\":[{\"@type\":\"ListItem\",\"position\":1,\"name\":\"Portada\",\"item\":\"https:\\\/\\\/residenciarucab.es\\\/blog\\\/\"},{\"@type\":\"ListItem\",\"position\":2,\"name\":\"Siete estudiantes de la RUCAB, monitores en Respiro Familiar\"}]},{\"@type\":\"WebSite\",\"@id\":\"https:\\\/\\\/residenciarucab.es\\\/blog\\\/#website\",\"url\":\"https:\\\/\\\/residenciarucab.es\\\/blog\\\/\",\"name\":\"BLOG RUCAB\",\"description\":\"\u00a1Todas las novedades de nuestra residencia universitaria!\",\"potentialAction\":[{\"@type\":\"SearchAction\",\"target\":{\"@type\":\"EntryPoint\",\"urlTemplate\":\"https:\\\/\\\/residenciarucab.es\\\/blog\\\/?s={search_term_string}\"},\"query-input\":{\"@type\":\"PropertyValueSpecification\",\"valueRequired\":true,\"valueName\":\"search_term_string\"}}],\"inLanguage\":\"es\"},{\"@type\":\"Person\",\"@id\":\"https:\\\/\\\/residenciarucab.es\\\/blog\\\/#\\\/schema\\\/person\\\/f759c867eac865f0ce36c767f26f9294\",\"name\":\"RUCAB\",\"image\":{\"@type\":\"ImageObject\",\"inLanguage\":\"es\",\"@id\":\"https:\\\/\\\/residenciarucab.es\\\/blog\\\/wp-content\\\/uploads\\\/2019\\\/07\\\/r-rosa.png\",\"url\":\"https:\\\/\\\/residenciarucab.es\\\/blog\\\/wp-content\\\/uploads\\\/2019\\\/07\\\/r-rosa.png\",\"contentUrl\":\"https:\\\/\\\/residenciarucab.es\\\/blog\\\/wp-content\\\/uploads\\\/2019\\\/07\\\/r-rosa.png\",\"caption\":\"RUCAB\"},\"description\":\"La RUCAB es un referente en Extremadura por la calidad de sus instalaciones y por su estilo de vida, basado en valores de convivencia, respeto y educaci\u00f3n. Una residencia junto al campus y con todas las necesidades cubiertas.\",\"url\":\"https:\\\/\\\/residenciarucab.es\\\/blog\\\/author\\\/rucab_blog\\\/\"}]}<\/script>\n<!-- \/ Yoast SEO plugin. -->","yoast_head_json":{"title":"Siete estudiantes de la RUCAB, monitores en Respiro Familiar - BLOG RUCAB","description":"Siete j\u00f3venes de la RUCAB convierten su verano en un compromiso con la inclusi\u00f3n a trav\u00e9s del programa Respiro Familiar.","robots":{"index":"index","follow":"follow","max-snippet":"max-snippet:-1","max-image-preview":"max-image-preview:large","max-video-preview":"max-video-preview:-1"},"canonical":"https:\/\/residenciarucab.es\/blog\/siete-estudiantes-de-la-rucab-monitores-en-respiro-familiar\/","og_locale":"es_ES","og_type":"article","og_title":"Siete estudiantes de la RUCAB, monitores en Respiro Familiar - BLOG RUCAB","og_description":"Siete j\u00f3venes de la RUCAB convierten su verano en un compromiso con la inclusi\u00f3n a trav\u00e9s del programa Respiro Familiar.","og_url":"https:\/\/residenciarucab.es\/blog\/siete-estudiantes-de-la-rucab-monitores-en-respiro-familiar\/","og_site_name":"BLOG RUCAB","article_published_time":"2025-07-21T08:09:45+00:00","og_image":[{"width":1280,"height":720,"url":"http:\/\/residenciarucab.es\/blog\/wp-content\/uploads\/2025\/07\/juanjo.jpg","type":"image\/jpeg"}],"author":"RUCAB","twitter_card":"summary_large_image","twitter_misc":{"Escrito por":"RUCAB","Tiempo de lectura":"3 minutos"},"schema":{"@context":"https:\/\/schema.org","@graph":[{"@type":"Article","@id":"https:\/\/residenciarucab.es\/blog\/siete-estudiantes-de-la-rucab-monitores-en-respiro-familiar\/#article","isPartOf":{"@id":"https:\/\/residenciarucab.es\/blog\/siete-estudiantes-de-la-rucab-monitores-en-respiro-familiar\/"},"author":{"name":"RUCAB","@id":"https:\/\/residenciarucab.es\/blog\/#\/schema\/person\/f759c867eac865f0ce36c767f26f9294"},"headline":"Siete estudiantes de la RUCAB, monitores en Respiro Familiar","datePublished":"2025-07-21T08:09:45+00:00","mainEntityOfPage":{"@id":"https:\/\/residenciarucab.es\/blog\/siete-estudiantes-de-la-rucab-monitores-en-respiro-familiar\/"},"wordCount":516,"commentCount":0,"image":{"@id":"https:\/\/residenciarucab.es\/blog\/siete-estudiantes-de-la-rucab-monitores-en-respiro-familiar\/#primaryimage"},"thumbnailUrl":"https:\/\/residenciarucab.es\/blog\/wp-content\/uploads\/2025\/07\/juanjo.jpg","keywords":["campamento rucab","Fundaci\u00f3n CB","Plena Inclusi\u00f3n","Rucab"],"articleSection":["Noticias"],"inLanguage":"es","potentialAction":[{"@type":"CommentAction","name":"Comment","target":["https:\/\/residenciarucab.es\/blog\/siete-estudiantes-de-la-rucab-monitores-en-respiro-familiar\/#respond"]}]},{"@type":"WebPage","@id":"https:\/\/residenciarucab.es\/blog\/siete-estudiantes-de-la-rucab-monitores-en-respiro-familiar\/","url":"https:\/\/residenciarucab.es\/blog\/siete-estudiantes-de-la-rucab-monitores-en-respiro-familiar\/","name":"Siete estudiantes de la RUCAB, monitores en Respiro Familiar - BLOG RUCAB","isPartOf":{"@id":"https:\/\/residenciarucab.es\/blog\/#website"},"primaryImageOfPage":{"@id":"https:\/\/residenciarucab.es\/blog\/siete-estudiantes-de-la-rucab-monitores-en-respiro-familiar\/#primaryimage"},"image":{"@id":"https:\/\/residenciarucab.es\/blog\/siete-estudiantes-de-la-rucab-monitores-en-respiro-familiar\/#primaryimage"},"thumbnailUrl":"https:\/\/residenciarucab.es\/blog\/wp-content\/uploads\/2025\/07\/juanjo.jpg","datePublished":"2025-07-21T08:09:45+00:00","author":{"@id":"https:\/\/residenciarucab.es\/blog\/#\/schema\/person\/f759c867eac865f0ce36c767f26f9294"},"description":"Siete j\u00f3venes de la RUCAB convierten su verano en un compromiso con la inclusi\u00f3n a trav\u00e9s del programa Respiro Familiar.","breadcrumb":{"@id":"https:\/\/residenciarucab.es\/blog\/siete-estudiantes-de-la-rucab-monitores-en-respiro-familiar\/#breadcrumb"},"inLanguage":"es","potentialAction":[{"@type":"ReadAction","target":["https:\/\/residenciarucab.es\/blog\/siete-estudiantes-de-la-rucab-monitores-en-respiro-familiar\/"]}]},{"@type":"ImageObject","inLanguage":"es","@id":"https:\/\/residenciarucab.es\/blog\/siete-estudiantes-de-la-rucab-monitores-en-respiro-familiar\/#primaryimage","url":"https:\/\/residenciarucab.es\/blog\/wp-content\/uploads\/2025\/07\/juanjo.jpg","contentUrl":"https:\/\/residenciarucab.es\/blog\/wp-content\/uploads\/2025\/07\/juanjo.jpg","width":1280,"height":720,"caption":"El residente Juanjo con una usuaria del campamento de Plena Inclusi\u00f3n Extremadura."},{"@type":"BreadcrumbList","@id":"https:\/\/residenciarucab.es\/blog\/siete-estudiantes-de-la-rucab-monitores-en-respiro-familiar\/#breadcrumb","itemListElement":[{"@type":"ListItem","position":1,"name":"Portada","item":"https:\/\/residenciarucab.es\/blog\/"},{"@type":"ListItem","position":2,"name":"Siete estudiantes de la RUCAB, monitores en Respiro Familiar"}]},{"@type":"WebSite","@id":"https:\/\/residenciarucab.es\/blog\/#website","url":"https:\/\/residenciarucab.es\/blog\/","name":"BLOG RUCAB","description":"\u00a1Todas las novedades de nuestra residencia universitaria!","potentialAction":[{"@type":"SearchAction","target":{"@type":"EntryPoint","urlTemplate":"https:\/\/residenciarucab.es\/blog\/?s={search_term_string}"},"query-input":{"@type":"PropertyValueSpecification","valueRequired":true,"valueName":"search_term_string"}}],"inLanguage":"es"},{"@type":"Person","@id":"https:\/\/residenciarucab.es\/blog\/#\/schema\/person\/f759c867eac865f0ce36c767f26f9294","name":"RUCAB","image":{"@type":"ImageObject","inLanguage":"es","@id":"https:\/\/residenciarucab.es\/blog\/wp-content\/uploads\/2019\/07\/r-rosa.png","url":"https:\/\/residenciarucab.es\/blog\/wp-content\/uploads\/2019\/07\/r-rosa.png","contentUrl":"https:\/\/residenciarucab.es\/blog\/wp-content\/uploads\/2019\/07\/r-rosa.png","caption":"RUCAB"},"description":"La RUCAB es un referente en Extremadura por la calidad de sus instalaciones y por su estilo de vida, basado en valores de convivencia, respeto y educaci\u00f3n. Una residencia junto al campus y con todas las necesidades cubiertas.","url":"https:\/\/residenciarucab.es\/blog\/author\/rucab_blog\/"}]}},"_links":{"self":[{"href":"https:\/\/residenciarucab.es\/blog\/wp-json\/wp\/v2\/posts\/2373","targetHints":{"allow":["GET"]}}],"collection":[{"href":"https:\/\/residenciarucab.es\/blog\/wp-json\/wp\/v2\/posts"}],"about":[{"href":"https:\/\/residenciarucab.es\/blog\/wp-json\/wp\/v2\/types\/post"}],"author":[{"embeddable":true,"href":"https:\/\/residenciarucab.es\/blog\/wp-json\/wp\/v2\/users\/1"}],"replies":[{"embeddable":true,"href":"https:\/\/residenciarucab.es\/blog\/wp-json\/wp\/v2\/comments?post=2373"}],"version-history":[{"count":4,"href":"https:\/\/residenciarucab.es\/blog\/wp-json\/wp\/v2\/posts\/2373\/revisions"}],"predecessor-version":[{"id":2384,"href":"https:\/\/residenciarucab.es\/blog\/wp-json\/wp\/v2\/posts\/2373\/revisions\/2384"}],"wp:featuredmedia":[{"embeddable":true,"href":"https:\/\/residenciarucab.es\/blog\/wp-json\/wp\/v2\/media\/2375"}],"wp:attachment":[{"href":"https:\/\/residenciarucab.es\/blog\/wp-json\/wp\/v2\/media?parent=2373"}],"wp:term":[{"taxonomy":"category","embeddable":true,"href":"https:\/\/residenciarucab.es\/blog\/wp-json\/wp\/v2\/categories?post=2373"},{"taxonomy":"post_tag","embeddable":true,"href":"https:\/\/residenciarucab.es\/blog\/wp-json\/wp\/v2\/tags?post=2373"}],"curies":[{"name":"wp","href":"https:\/\/api.w.org\/{rel}","templated":true}]}}