

{"id":24,"date":"2019-04-22T10:00:43","date_gmt":"2019-04-22T08:00:43","guid":{"rendered":"http:\/\/localhost\/blog\/?p=24"},"modified":"2019-07-22T14:38:01","modified_gmt":"2019-07-22T12:38:01","slug":"descubre-la-residencia-universitaria-que-estabas-buscando-con-rucab-day","status":"publish","type":"post","link":"https:\/\/residenciarucab.es\/blog\/descubre-la-residencia-universitaria-que-estabas-buscando-con-rucab-day\/","title":{"rendered":"Descubre la residencia universitaria que estabas buscando con &#8216;RUCAB DAY&#8217;"},"content":{"rendered":"\r\n<h3 class=\"wp-block-heading\">Lo sabemos, terminas bachillerato y surgen mil dudas de qu\u00e9 estudiar y en d\u00f3nde, si ya tienes claro que tu destino es Badajoz y empiezas a cursar el primer a\u00f1o en la Universidad de Extremadura, tenemos unas Jornadas de Puertas Abiertas para que te decidas a vivir con nosotros mientras estudias. Sigue leyendo:<\/h3>\r\n\r\n\r\n\r\n<p>La Residencia Universitaria J. A. Marcos Blanco,\u00a0<strong>RUCAB<\/strong>, organiza el pr\u00f3ximo\u00a0<strong>23 de marzo<\/strong>\u00a0de 13.00 a 18.00 horas, una\u00a0<strong>Jornada de Puertas Abiertas<\/strong>\u00a0para futuros estudiantes, esto te va a permitir que puedas ver con tus propios ojos c\u00f3mo es una residencia universitaria desde dentro, adem\u00e1s nuestros residentes te guiar\u00e1n mientras te explican todo lo que necesitas saber de la RUCAB.<\/p>\r\n\r\n\r\n\r\n<p>La idea es que vengas con\u00a0<strong>tus padres<\/strong>\u00a0o con una\u00a0<a href=\"http:\/\/residenciarucab.es\/wp-content\/uploads\/2019\/03\/AUTORIZACIO%CC%81N-PARA-MENORES-DE-EDAD.docx\" target=\"_blank\" rel=\"noreferrer noopener\">autorizaci\u00f3n<\/a>\u00a0para menores de edad, tambi\u00e9n puedes traer a tus\u00a0<strong>amigos<\/strong>\u00a0 para que sea una experiencia mucho m\u00e1s divertida, vas a visitar zonas de gran valor para nuestros residentes actuales, como el gimnasio, la piscina, las pistas deportivas, comedor, etc. incluso podr\u00e1s conocer c\u00f3mo son las\u00a0<strong>habitaciones<\/strong>\u00a0por dentro.<\/p>\r\n\r\n\r\n\r\n<p>No solo contamos con un gran n\u00famero de instalaciones y de zonas comunes, si por algo se caracteriza la RUCAB, es por su gran\u00a0<strong>oferta cultural<\/strong>\u00a0y de\u00a0<strong>entretenimiento<\/strong>\u00a0que ofrece, un sin fin de conciertos, exposiciones, presentaciones, fiestas y eventos te esperan \u00a1SI NOS ELIGES! durante todo el a\u00f1o.<\/p>\r\n\r\n\r\n\r\n<p>As\u00ed que si quieres empezar a definir tu estancia en Badajoz para el pr\u00f3ximo\u00a0<strong>curso 2019-2020<\/strong>, te esperamos en la Rucab el 23 de mayo, aprovechando el buen tiempo, organizamos una\u00a0<strong>barbacoa<\/strong>\u00a0para todos los asistentes, de esta manera podr\u00e9is hablar con los residentes actuales y compartir impresiones.<\/p>\r\n\r\n\r\n\r\n<p>Si est\u00e1s interesado, rellena la\u00a0<a href=\"http:\/\/residenciarucab.es\/wp-content\/uploads\/2019\/03\/Hoja-inscripcio%CC%81n-Rucab-Day.docx\" target=\"_blank\" rel=\"noreferrer noopener\">inscripci\u00f3n<\/a>\u00a0y env\u00edala al correo\u00a0<a href=\"mailto:director@residenciarucab.es\" target=\"_blank\" rel=\"noreferrer noopener\">director@residenciarucab.es<\/a>, as\u00ed podremos organizar el transporte, pues pondremos a vuestra disposici\u00f3n un\u00a0<strong>transporte de ida y vuelta<\/strong>.<\/p>\r\n","protected":false},"excerpt":{"rendered":"<p class=\"post-excerpt\">Lo sabemos, terminas bachillerato y surgen mil dudas de qu\u00e9 estudiar y en d\u00f3nde, si ya tienes claro que tu destino es Badajoz y empiezas a cursar el primer a\u00f1o en la Universidad de Extremadura, tenemos unas Jornadas de Puertas Abiertas para que te decidas a vivir con nosotros mientras&#8230;<\/p>\n","protected":false},"author":1,"featured_media":48,"comment_status":"open","ping_status":"open","sticky":false,"template":"","format":"standard","meta":{"footnotes":""},"categories":[1],"tags":[],"class_list":["post-24","post","type-post","status-publish","format-standard","has-post-thumbnail","hentry","category-noticias"],"yoast_head":"<!-- This site is optimized with the Yoast SEO plugin v27.4 - https:\/\/yoast.com\/product\/yoast-seo-wordpress\/ -->\n<title>Descubre la residencia universitaria que estabas buscando con &#039;RUCAB DAY&#039; - BLOG RUCAB<\/title>\n<meta name=\"robots\" content=\"index, follow, max-snippet:-1, max-image-preview:large, max-video-preview:-1\" \/>\n<link rel=\"canonical\" href=\"https:\/\/residenciarucab.es\/blog\/descubre-la-residencia-universitaria-que-estabas-buscando-con-rucab-day\/\" \/>\n<meta property=\"og:locale\" content=\"es_ES\" \/>\n<meta property=\"og:type\" content=\"article\" \/>\n<meta property=\"og:title\" content=\"Descubre la residencia universitaria que estabas buscando con &#039;RUCAB DAY&#039; - BLOG RUCAB\" \/>\n<meta property=\"og:description\" content=\"Lo sabemos, terminas bachillerato y surgen mil dudas de qu\u00e9 estudiar y en d\u00f3nde, si ya tienes claro que tu destino es Badajoz y empiezas a cursar el primer a\u00f1o en la Universidad de Extremadura, tenemos unas Jornadas de Puertas Abiertas para que te decidas a vivir con nosotros mientras...\" \/>\n<meta property=\"og:url\" content=\"https:\/\/residenciarucab.es\/blog\/descubre-la-residencia-universitaria-que-estabas-buscando-con-rucab-day\/\" \/>\n<meta property=\"og:site_name\" content=\"BLOG RUCAB\" \/>\n<meta property=\"article:published_time\" content=\"2019-04-22T08:00:43+00:00\" \/>\n<meta property=\"article:modified_time\" content=\"2019-07-22T12:38:01+00:00\" \/>\n<meta property=\"og:image\" content=\"https:\/\/residenciarucab.es\/blog\/wp-content\/uploads\/2019\/06\/rucab-day-web-1.jpg\" \/>\n\t<meta property=\"og:image:width\" content=\"510\" \/>\n\t<meta property=\"og:image:height\" content=\"310\" \/>\n\t<meta property=\"og:image:type\" content=\"image\/jpeg\" \/>\n<meta name=\"author\" content=\"RUCAB\" \/>\n<meta name=\"twitter:card\" content=\"summary_large_image\" \/>\n<meta name=\"twitter:label1\" content=\"Escrito por\" \/>\n\t<meta name=\"twitter:data1\" content=\"RUCAB\" \/>\n\t<meta name=\"twitter:label2\" content=\"Tiempo de lectura\" \/>\n\t<meta name=\"twitter:data2\" content=\"2 minutos\" \/>\n<script type=\"application\/ld+json\" class=\"yoast-schema-graph\">{\"@context\":\"https:\\\/\\\/schema.org\",\"@graph\":[{\"@type\":\"Article\",\"@id\":\"https:\\\/\\\/residenciarucab.es\\\/blog\\\/descubre-la-residencia-universitaria-que-estabas-buscando-con-rucab-day\\\/#article\",\"isPartOf\":{\"@id\":\"https:\\\/\\\/residenciarucab.es\\\/blog\\\/descubre-la-residencia-universitaria-que-estabas-buscando-con-rucab-day\\\/\"},\"author\":{\"name\":\"RUCAB\",\"@id\":\"https:\\\/\\\/residenciarucab.es\\\/blog\\\/#\\\/schema\\\/person\\\/f759c867eac865f0ce36c767f26f9294\"},\"headline\":\"Descubre la residencia universitaria que estabas buscando con &#8216;RUCAB DAY&#8217;\",\"datePublished\":\"2019-04-22T08:00:43+00:00\",\"dateModified\":\"2019-07-22T12:38:01+00:00\",\"mainEntityOfPage\":{\"@id\":\"https:\\\/\\\/residenciarucab.es\\\/blog\\\/descubre-la-residencia-universitaria-que-estabas-buscando-con-rucab-day\\\/\"},\"wordCount\":327,\"commentCount\":0,\"image\":{\"@id\":\"https:\\\/\\\/residenciarucab.es\\\/blog\\\/descubre-la-residencia-universitaria-que-estabas-buscando-con-rucab-day\\\/#primaryimage\"},\"thumbnailUrl\":\"https:\\\/\\\/residenciarucab.es\\\/blog\\\/wp-content\\\/uploads\\\/2019\\\/06\\\/rucab-day-web-1.jpg\",\"articleSection\":[\"Noticias\"],\"inLanguage\":\"es\",\"potentialAction\":[{\"@type\":\"CommentAction\",\"name\":\"Comment\",\"target\":[\"https:\\\/\\\/residenciarucab.es\\\/blog\\\/descubre-la-residencia-universitaria-que-estabas-buscando-con-rucab-day\\\/#respond\"]}]},{\"@type\":\"WebPage\",\"@id\":\"https:\\\/\\\/residenciarucab.es\\\/blog\\\/descubre-la-residencia-universitaria-que-estabas-buscando-con-rucab-day\\\/\",\"url\":\"https:\\\/\\\/residenciarucab.es\\\/blog\\\/descubre-la-residencia-universitaria-que-estabas-buscando-con-rucab-day\\\/\",\"name\":\"Descubre la residencia universitaria que estabas buscando con 'RUCAB DAY' - BLOG RUCAB\",\"isPartOf\":{\"@id\":\"https:\\\/\\\/residenciarucab.es\\\/blog\\\/#website\"},\"primaryImageOfPage\":{\"@id\":\"https:\\\/\\\/residenciarucab.es\\\/blog\\\/descubre-la-residencia-universitaria-que-estabas-buscando-con-rucab-day\\\/#primaryimage\"},\"image\":{\"@id\":\"https:\\\/\\\/residenciarucab.es\\\/blog\\\/descubre-la-residencia-universitaria-que-estabas-buscando-con-rucab-day\\\/#primaryimage\"},\"thumbnailUrl\":\"https:\\\/\\\/residenciarucab.es\\\/blog\\\/wp-content\\\/uploads\\\/2019\\\/06\\\/rucab-day-web-1.jpg\",\"datePublished\":\"2019-04-22T08:00:43+00:00\",\"dateModified\":\"2019-07-22T12:38:01+00:00\",\"author\":{\"@id\":\"https:\\\/\\\/residenciarucab.es\\\/blog\\\/#\\\/schema\\\/person\\\/f759c867eac865f0ce36c767f26f9294\"},\"breadcrumb\":{\"@id\":\"https:\\\/\\\/residenciarucab.es\\\/blog\\\/descubre-la-residencia-universitaria-que-estabas-buscando-con-rucab-day\\\/#breadcrumb\"},\"inLanguage\":\"es\",\"potentialAction\":[{\"@type\":\"ReadAction\",\"target\":[\"https:\\\/\\\/residenciarucab.es\\\/blog\\\/descubre-la-residencia-universitaria-que-estabas-buscando-con-rucab-day\\\/\"]}]},{\"@type\":\"ImageObject\",\"inLanguage\":\"es\",\"@id\":\"https:\\\/\\\/residenciarucab.es\\\/blog\\\/descubre-la-residencia-universitaria-que-estabas-buscando-con-rucab-day\\\/#primaryimage\",\"url\":\"https:\\\/\\\/residenciarucab.es\\\/blog\\\/wp-content\\\/uploads\\\/2019\\\/06\\\/rucab-day-web-1.jpg\",\"contentUrl\":\"https:\\\/\\\/residenciarucab.es\\\/blog\\\/wp-content\\\/uploads\\\/2019\\\/06\\\/rucab-day-web-1.jpg\",\"width\":510,\"height\":310},{\"@type\":\"BreadcrumbList\",\"@id\":\"https:\\\/\\\/residenciarucab.es\\\/blog\\\/descubre-la-residencia-universitaria-que-estabas-buscando-con-rucab-day\\\/#breadcrumb\",\"itemListElement\":[{\"@type\":\"ListItem\",\"position\":1,\"name\":\"Portada\",\"item\":\"https:\\\/\\\/residenciarucab.es\\\/blog\\\/\"},{\"@type\":\"ListItem\",\"position\":2,\"name\":\"Descubre la residencia universitaria que estabas buscando con &#8216;RUCAB DAY&#8217;\"}]},{\"@type\":\"WebSite\",\"@id\":\"https:\\\/\\\/residenciarucab.es\\\/blog\\\/#website\",\"url\":\"https:\\\/\\\/residenciarucab.es\\\/blog\\\/\",\"name\":\"BLOG RUCAB\",\"description\":\"\u00a1Todas las novedades de nuestra residencia universitaria!\",\"potentialAction\":[{\"@type\":\"SearchAction\",\"target\":{\"@type\":\"EntryPoint\",\"urlTemplate\":\"https:\\\/\\\/residenciarucab.es\\\/blog\\\/?s={search_term_string}\"},\"query-input\":{\"@type\":\"PropertyValueSpecification\",\"valueRequired\":true,\"valueName\":\"search_term_string\"}}],\"inLanguage\":\"es\"},{\"@type\":\"Person\",\"@id\":\"https:\\\/\\\/residenciarucab.es\\\/blog\\\/#\\\/schema\\\/person\\\/f759c867eac865f0ce36c767f26f9294\",\"name\":\"RUCAB\",\"image\":{\"@type\":\"ImageObject\",\"inLanguage\":\"es\",\"@id\":\"https:\\\/\\\/residenciarucab.es\\\/blog\\\/wp-content\\\/uploads\\\/2019\\\/07\\\/r-rosa.png\",\"url\":\"https:\\\/\\\/residenciarucab.es\\\/blog\\\/wp-content\\\/uploads\\\/2019\\\/07\\\/r-rosa.png\",\"contentUrl\":\"https:\\\/\\\/residenciarucab.es\\\/blog\\\/wp-content\\\/uploads\\\/2019\\\/07\\\/r-rosa.png\",\"caption\":\"RUCAB\"},\"description\":\"La RUCAB es un referente en Extremadura por la calidad de sus instalaciones y por su estilo de vida, basado en valores de convivencia, respeto y educaci\u00f3n. Una residencia junto al campus y con todas las necesidades cubiertas.\",\"url\":\"https:\\\/\\\/residenciarucab.es\\\/blog\\\/author\\\/rucab_blog\\\/\"}]}<\/script>\n<!-- \/ Yoast SEO plugin. -->","yoast_head_json":{"title":"Descubre la residencia universitaria que estabas buscando con 'RUCAB DAY' - BLOG RUCAB","robots":{"index":"index","follow":"follow","max-snippet":"max-snippet:-1","max-image-preview":"max-image-preview:large","max-video-preview":"max-video-preview:-1"},"canonical":"https:\/\/residenciarucab.es\/blog\/descubre-la-residencia-universitaria-que-estabas-buscando-con-rucab-day\/","og_locale":"es_ES","og_type":"article","og_title":"Descubre la residencia universitaria que estabas buscando con 'RUCAB DAY' - BLOG RUCAB","og_description":"Lo sabemos, terminas bachillerato y surgen mil dudas de qu\u00e9 estudiar y en d\u00f3nde, si ya tienes claro que tu destino es Badajoz y empiezas a cursar el primer a\u00f1o en la Universidad de Extremadura, tenemos unas Jornadas de Puertas Abiertas para que te decidas a vivir con nosotros mientras...","og_url":"https:\/\/residenciarucab.es\/blog\/descubre-la-residencia-universitaria-que-estabas-buscando-con-rucab-day\/","og_site_name":"BLOG RUCAB","article_published_time":"2019-04-22T08:00:43+00:00","article_modified_time":"2019-07-22T12:38:01+00:00","og_image":[{"width":510,"height":310,"url":"https:\/\/residenciarucab.es\/blog\/wp-content\/uploads\/2019\/06\/rucab-day-web-1.jpg","type":"image\/jpeg"}],"author":"RUCAB","twitter_card":"summary_large_image","twitter_misc":{"Escrito por":"RUCAB","Tiempo de lectura":"2 minutos"},"schema":{"@context":"https:\/\/schema.org","@graph":[{"@type":"Article","@id":"https:\/\/residenciarucab.es\/blog\/descubre-la-residencia-universitaria-que-estabas-buscando-con-rucab-day\/#article","isPartOf":{"@id":"https:\/\/residenciarucab.es\/blog\/descubre-la-residencia-universitaria-que-estabas-buscando-con-rucab-day\/"},"author":{"name":"RUCAB","@id":"https:\/\/residenciarucab.es\/blog\/#\/schema\/person\/f759c867eac865f0ce36c767f26f9294"},"headline":"Descubre la residencia universitaria que estabas buscando con &#8216;RUCAB DAY&#8217;","datePublished":"2019-04-22T08:00:43+00:00","dateModified":"2019-07-22T12:38:01+00:00","mainEntityOfPage":{"@id":"https:\/\/residenciarucab.es\/blog\/descubre-la-residencia-universitaria-que-estabas-buscando-con-rucab-day\/"},"wordCount":327,"commentCount":0,"image":{"@id":"https:\/\/residenciarucab.es\/blog\/descubre-la-residencia-universitaria-que-estabas-buscando-con-rucab-day\/#primaryimage"},"thumbnailUrl":"https:\/\/residenciarucab.es\/blog\/wp-content\/uploads\/2019\/06\/rucab-day-web-1.jpg","articleSection":["Noticias"],"inLanguage":"es","potentialAction":[{"@type":"CommentAction","name":"Comment","target":["https:\/\/residenciarucab.es\/blog\/descubre-la-residencia-universitaria-que-estabas-buscando-con-rucab-day\/#respond"]}]},{"@type":"WebPage","@id":"https:\/\/residenciarucab.es\/blog\/descubre-la-residencia-universitaria-que-estabas-buscando-con-rucab-day\/","url":"https:\/\/residenciarucab.es\/blog\/descubre-la-residencia-universitaria-que-estabas-buscando-con-rucab-day\/","name":"Descubre la residencia universitaria que estabas buscando con 'RUCAB DAY' - BLOG RUCAB","isPartOf":{"@id":"https:\/\/residenciarucab.es\/blog\/#website"},"primaryImageOfPage":{"@id":"https:\/\/residenciarucab.es\/blog\/descubre-la-residencia-universitaria-que-estabas-buscando-con-rucab-day\/#primaryimage"},"image":{"@id":"https:\/\/residenciarucab.es\/blog\/descubre-la-residencia-universitaria-que-estabas-buscando-con-rucab-day\/#primaryimage"},"thumbnailUrl":"https:\/\/residenciarucab.es\/blog\/wp-content\/uploads\/2019\/06\/rucab-day-web-1.jpg","datePublished":"2019-04-22T08:00:43+00:00","dateModified":"2019-07-22T12:38:01+00:00","author":{"@id":"https:\/\/residenciarucab.es\/blog\/#\/schema\/person\/f759c867eac865f0ce36c767f26f9294"},"breadcrumb":{"@id":"https:\/\/residenciarucab.es\/blog\/descubre-la-residencia-universitaria-que-estabas-buscando-con-rucab-day\/#breadcrumb"},"inLanguage":"es","potentialAction":[{"@type":"ReadAction","target":["https:\/\/residenciarucab.es\/blog\/descubre-la-residencia-universitaria-que-estabas-buscando-con-rucab-day\/"]}]},{"@type":"ImageObject","inLanguage":"es","@id":"https:\/\/residenciarucab.es\/blog\/descubre-la-residencia-universitaria-que-estabas-buscando-con-rucab-day\/#primaryimage","url":"https:\/\/residenciarucab.es\/blog\/wp-content\/uploads\/2019\/06\/rucab-day-web-1.jpg","contentUrl":"https:\/\/residenciarucab.es\/blog\/wp-content\/uploads\/2019\/06\/rucab-day-web-1.jpg","width":510,"height":310},{"@type":"BreadcrumbList","@id":"https:\/\/residenciarucab.es\/blog\/descubre-la-residencia-universitaria-que-estabas-buscando-con-rucab-day\/#breadcrumb","itemListElement":[{"@type":"ListItem","position":1,"name":"Portada","item":"https:\/\/residenciarucab.es\/blog\/"},{"@type":"ListItem","position":2,"name":"Descubre la residencia universitaria que estabas buscando con &#8216;RUCAB DAY&#8217;"}]},{"@type":"WebSite","@id":"https:\/\/residenciarucab.es\/blog\/#website","url":"https:\/\/residenciarucab.es\/blog\/","name":"BLOG RUCAB","description":"\u00a1Todas las novedades de nuestra residencia universitaria!","potentialAction":[{"@type":"SearchAction","target":{"@type":"EntryPoint","urlTemplate":"https:\/\/residenciarucab.es\/blog\/?s={search_term_string}"},"query-input":{"@type":"PropertyValueSpecification","valueRequired":true,"valueName":"search_term_string"}}],"inLanguage":"es"},{"@type":"Person","@id":"https:\/\/residenciarucab.es\/blog\/#\/schema\/person\/f759c867eac865f0ce36c767f26f9294","name":"RUCAB","image":{"@type":"ImageObject","inLanguage":"es","@id":"https:\/\/residenciarucab.es\/blog\/wp-content\/uploads\/2019\/07\/r-rosa.png","url":"https:\/\/residenciarucab.es\/blog\/wp-content\/uploads\/2019\/07\/r-rosa.png","contentUrl":"https:\/\/residenciarucab.es\/blog\/wp-content\/uploads\/2019\/07\/r-rosa.png","caption":"RUCAB"},"description":"La RUCAB es un referente en Extremadura por la calidad de sus instalaciones y por su estilo de vida, basado en valores de convivencia, respeto y educaci\u00f3n. Una residencia junto al campus y con todas las necesidades cubiertas.","url":"https:\/\/residenciarucab.es\/blog\/author\/rucab_blog\/"}]}},"_links":{"self":[{"href":"https:\/\/residenciarucab.es\/blog\/wp-json\/wp\/v2\/posts\/24","targetHints":{"allow":["GET"]}}],"collection":[{"href":"https:\/\/residenciarucab.es\/blog\/wp-json\/wp\/v2\/posts"}],"about":[{"href":"https:\/\/residenciarucab.es\/blog\/wp-json\/wp\/v2\/types\/post"}],"author":[{"embeddable":true,"href":"https:\/\/residenciarucab.es\/blog\/wp-json\/wp\/v2\/users\/1"}],"replies":[{"embeddable":true,"href":"https:\/\/residenciarucab.es\/blog\/wp-json\/wp\/v2\/comments?post=24"}],"version-history":[{"count":2,"href":"https:\/\/residenciarucab.es\/blog\/wp-json\/wp\/v2\/posts\/24\/revisions"}],"predecessor-version":[{"id":66,"href":"https:\/\/residenciarucab.es\/blog\/wp-json\/wp\/v2\/posts\/24\/revisions\/66"}],"wp:featuredmedia":[{"embeddable":true,"href":"https:\/\/residenciarucab.es\/blog\/wp-json\/wp\/v2\/media\/48"}],"wp:attachment":[{"href":"https:\/\/residenciarucab.es\/blog\/wp-json\/wp\/v2\/media?parent=24"}],"wp:term":[{"taxonomy":"category","embeddable":true,"href":"https:\/\/residenciarucab.es\/blog\/wp-json\/wp\/v2\/categories?post=24"},{"taxonomy":"post_tag","embeddable":true,"href":"https:\/\/residenciarucab.es\/blog\/wp-json\/wp\/v2\/tags?post=24"}],"curies":[{"name":"wp","href":"https:\/\/api.w.org\/{rel}","templated":true}]}}