

{"id":27,"date":"2019-05-01T08:00:34","date_gmt":"2019-05-01T06:00:34","guid":{"rendered":"http:\/\/localhost\/blog\/?p=27"},"modified":"2019-07-22T14:39:10","modified_gmt":"2019-07-22T12:39:10","slug":"abierto-el-periodo-de-reservas-2019-2020-de-rucab","status":"publish","type":"post","link":"https:\/\/residenciarucab.es\/blog\/abierto-el-periodo-de-reservas-2019-2020-de-rucab\/","title":{"rendered":"Abierto el periodo de reservas 2019 &#8211; 2020 de RUCAB"},"content":{"rendered":"\r\n<p>La <strong>Residencia Universitaria J. M. Marcos Blanco, RUCAB<\/strong>, abre el periodo de inscripci\u00f3n para el\u00a0<strong>curso 2019 &#8211; 2020<\/strong>.<\/p>\r\n\r\n\r\n\r\n<p>En este post te ense\u00f1amos c\u00f3mo hacer el proceso de inscripci\u00f3n, si no lo tienes claro y necesitas concertar una visita para conocer la Rucab, no dudes en ponerte en contacto con nosotros para organizar una visita guida por la residencia. Para ello puedes llamarnos al\u00a0<strong>924 273 611<\/strong>\u00a0\u00f3\u00a0<strong>924 271 518<\/strong>, o ponerte en contacto mediante correo electr\u00f3nico:\u00a0<strong>administrador@residenciarucab.es<\/strong><\/p>\r\n\r\n\r\n\r\n<p><strong>\u00bfC\u00f3mo inscribirte en la RUCAB?<\/strong><\/p>\r\n\r\n\r\n\r\n<p>Entra en nuestra web y accede al apartado\u00a0<a href=\"http:\/\/residenciarucab.es\/solicitudes\/\" target=\"_blank\" rel=\"noreferrer noopener\"><strong>&#8216;SOLICITUDES&#8217;<\/strong><\/a>\u00a0y una vez dentro pincha en<strong>\u00a0&#8216;solicitud de ingreso&#8217;<\/strong>, en este apartado deber\u00e1s registrarte con todos los datos que solicitamos, deber\u00e1s iniciar sesi\u00f3n con\u00a0<strong>&#8216;Crear una cuenta&#8217;<\/strong>.<\/p>\r\n\r\n\r\n\r\n<p>Si en alg\u00fan momento del proceso te confundes o necesitas ayuda, puedes ponerte en contacto con nosotros mediante los tel\u00e9fonos y correo arriba indicados.<\/p>\r\n\r\n\r\n\r\n<p>Si quieres que tus estudios tengan otro nivel,\u00a0<strong>\u00a1te esperamos en la RUCAB!<\/strong>\u00a0la residencia universitaria donde podr\u00e1s crear tu propio\u00a0<strong>estilo de vida<\/strong>\u00a0y desarrollar el<strong>\u00a0potencial<\/strong>\u00a0que llevas dentro.<\/p>\r\n","protected":false},"excerpt":{"rendered":"<p class=\"post-excerpt\">La Residencia Universitaria J. M. Marcos Blanco, RUCAB, abre el periodo de inscripci\u00f3n para el\u00a0curso 2019 &#8211; 2020. En este post te ense\u00f1amos c\u00f3mo hacer el proceso de inscripci\u00f3n, si no lo tienes claro y necesitas concertar una visita para conocer la Rucab, no dudes en ponerte en contacto con&#8230;<\/p>\n","protected":false},"author":1,"featured_media":50,"comment_status":"open","ping_status":"open","sticky":false,"template":"","format":"standard","meta":{"footnotes":""},"categories":[1],"tags":[],"class_list":["post-27","post","type-post","status-publish","format-standard","has-post-thumbnail","hentry","category-noticias"],"yoast_head":"<!-- This site is optimized with the Yoast SEO plugin v27.4 - https:\/\/yoast.com\/product\/yoast-seo-wordpress\/ -->\n<title>Abierto el periodo de reservas 2019 - 2020 de RUCAB - BLOG RUCAB<\/title>\n<meta name=\"robots\" content=\"index, follow, max-snippet:-1, max-image-preview:large, max-video-preview:-1\" \/>\n<link rel=\"canonical\" href=\"https:\/\/residenciarucab.es\/blog\/abierto-el-periodo-de-reservas-2019-2020-de-rucab\/\" \/>\n<meta property=\"og:locale\" content=\"es_ES\" \/>\n<meta property=\"og:type\" content=\"article\" \/>\n<meta property=\"og:title\" content=\"Abierto el periodo de reservas 2019 - 2020 de RUCAB - BLOG RUCAB\" \/>\n<meta property=\"og:description\" content=\"La Residencia Universitaria J. M. Marcos Blanco, RUCAB, abre el periodo de inscripci\u00f3n para el\u00a0curso 2019 &#8211; 2020. En este post te ense\u00f1amos c\u00f3mo hacer el proceso de inscripci\u00f3n, si no lo tienes claro y necesitas concertar una visita para conocer la Rucab, no dudes en ponerte en contacto con...\" \/>\n<meta property=\"og:url\" content=\"https:\/\/residenciarucab.es\/blog\/abierto-el-periodo-de-reservas-2019-2020-de-rucab\/\" \/>\n<meta property=\"og:site_name\" content=\"BLOG RUCAB\" \/>\n<meta property=\"article:published_time\" content=\"2019-05-01T06:00:34+00:00\" \/>\n<meta property=\"article:modified_time\" content=\"2019-07-22T12:39:10+00:00\" \/>\n<meta property=\"og:image\" content=\"https:\/\/residenciarucab.es\/blog\/wp-content\/uploads\/2019\/06\/reservas-2019-2020-web-1.jpg\" \/>\n\t<meta property=\"og:image:width\" content=\"510\" \/>\n\t<meta property=\"og:image:height\" content=\"310\" \/>\n\t<meta property=\"og:image:type\" content=\"image\/jpeg\" \/>\n<meta name=\"author\" content=\"RUCAB\" \/>\n<meta name=\"twitter:card\" content=\"summary_large_image\" \/>\n<meta name=\"twitter:label1\" content=\"Escrito por\" \/>\n\t<meta name=\"twitter:data1\" content=\"RUCAB\" \/>\n\t<meta name=\"twitter:label2\" content=\"Tiempo de lectura\" \/>\n\t<meta name=\"twitter:data2\" content=\"1 minuto\" \/>\n<script type=\"application\/ld+json\" class=\"yoast-schema-graph\">{\"@context\":\"https:\\\/\\\/schema.org\",\"@graph\":[{\"@type\":\"Article\",\"@id\":\"https:\\\/\\\/residenciarucab.es\\\/blog\\\/abierto-el-periodo-de-reservas-2019-2020-de-rucab\\\/#article\",\"isPartOf\":{\"@id\":\"https:\\\/\\\/residenciarucab.es\\\/blog\\\/abierto-el-periodo-de-reservas-2019-2020-de-rucab\\\/\"},\"author\":{\"name\":\"RUCAB\",\"@id\":\"https:\\\/\\\/residenciarucab.es\\\/blog\\\/#\\\/schema\\\/person\\\/f759c867eac865f0ce36c767f26f9294\"},\"headline\":\"Abierto el periodo de reservas 2019 &#8211; 2020 de RUCAB\",\"datePublished\":\"2019-05-01T06:00:34+00:00\",\"dateModified\":\"2019-07-22T12:39:10+00:00\",\"mainEntityOfPage\":{\"@id\":\"https:\\\/\\\/residenciarucab.es\\\/blog\\\/abierto-el-periodo-de-reservas-2019-2020-de-rucab\\\/\"},\"wordCount\":189,\"commentCount\":0,\"image\":{\"@id\":\"https:\\\/\\\/residenciarucab.es\\\/blog\\\/abierto-el-periodo-de-reservas-2019-2020-de-rucab\\\/#primaryimage\"},\"thumbnailUrl\":\"https:\\\/\\\/residenciarucab.es\\\/blog\\\/wp-content\\\/uploads\\\/2019\\\/06\\\/reservas-2019-2020-web-1.jpg\",\"articleSection\":[\"Noticias\"],\"inLanguage\":\"es\",\"potentialAction\":[{\"@type\":\"CommentAction\",\"name\":\"Comment\",\"target\":[\"https:\\\/\\\/residenciarucab.es\\\/blog\\\/abierto-el-periodo-de-reservas-2019-2020-de-rucab\\\/#respond\"]}]},{\"@type\":\"WebPage\",\"@id\":\"https:\\\/\\\/residenciarucab.es\\\/blog\\\/abierto-el-periodo-de-reservas-2019-2020-de-rucab\\\/\",\"url\":\"https:\\\/\\\/residenciarucab.es\\\/blog\\\/abierto-el-periodo-de-reservas-2019-2020-de-rucab\\\/\",\"name\":\"Abierto el periodo de reservas 2019 - 2020 de RUCAB - BLOG RUCAB\",\"isPartOf\":{\"@id\":\"https:\\\/\\\/residenciarucab.es\\\/blog\\\/#website\"},\"primaryImageOfPage\":{\"@id\":\"https:\\\/\\\/residenciarucab.es\\\/blog\\\/abierto-el-periodo-de-reservas-2019-2020-de-rucab\\\/#primaryimage\"},\"image\":{\"@id\":\"https:\\\/\\\/residenciarucab.es\\\/blog\\\/abierto-el-periodo-de-reservas-2019-2020-de-rucab\\\/#primaryimage\"},\"thumbnailUrl\":\"https:\\\/\\\/residenciarucab.es\\\/blog\\\/wp-content\\\/uploads\\\/2019\\\/06\\\/reservas-2019-2020-web-1.jpg\",\"datePublished\":\"2019-05-01T06:00:34+00:00\",\"dateModified\":\"2019-07-22T12:39:10+00:00\",\"author\":{\"@id\":\"https:\\\/\\\/residenciarucab.es\\\/blog\\\/#\\\/schema\\\/person\\\/f759c867eac865f0ce36c767f26f9294\"},\"breadcrumb\":{\"@id\":\"https:\\\/\\\/residenciarucab.es\\\/blog\\\/abierto-el-periodo-de-reservas-2019-2020-de-rucab\\\/#breadcrumb\"},\"inLanguage\":\"es\",\"potentialAction\":[{\"@type\":\"ReadAction\",\"target\":[\"https:\\\/\\\/residenciarucab.es\\\/blog\\\/abierto-el-periodo-de-reservas-2019-2020-de-rucab\\\/\"]}]},{\"@type\":\"ImageObject\",\"inLanguage\":\"es\",\"@id\":\"https:\\\/\\\/residenciarucab.es\\\/blog\\\/abierto-el-periodo-de-reservas-2019-2020-de-rucab\\\/#primaryimage\",\"url\":\"https:\\\/\\\/residenciarucab.es\\\/blog\\\/wp-content\\\/uploads\\\/2019\\\/06\\\/reservas-2019-2020-web-1.jpg\",\"contentUrl\":\"https:\\\/\\\/residenciarucab.es\\\/blog\\\/wp-content\\\/uploads\\\/2019\\\/06\\\/reservas-2019-2020-web-1.jpg\",\"width\":510,\"height\":310},{\"@type\":\"BreadcrumbList\",\"@id\":\"https:\\\/\\\/residenciarucab.es\\\/blog\\\/abierto-el-periodo-de-reservas-2019-2020-de-rucab\\\/#breadcrumb\",\"itemListElement\":[{\"@type\":\"ListItem\",\"position\":1,\"name\":\"Portada\",\"item\":\"https:\\\/\\\/residenciarucab.es\\\/blog\\\/\"},{\"@type\":\"ListItem\",\"position\":2,\"name\":\"Abierto el periodo de reservas 2019 &#8211; 2020 de RUCAB\"}]},{\"@type\":\"WebSite\",\"@id\":\"https:\\\/\\\/residenciarucab.es\\\/blog\\\/#website\",\"url\":\"https:\\\/\\\/residenciarucab.es\\\/blog\\\/\",\"name\":\"BLOG RUCAB\",\"description\":\"\u00a1Todas las novedades de nuestra residencia universitaria!\",\"potentialAction\":[{\"@type\":\"SearchAction\",\"target\":{\"@type\":\"EntryPoint\",\"urlTemplate\":\"https:\\\/\\\/residenciarucab.es\\\/blog\\\/?s={search_term_string}\"},\"query-input\":{\"@type\":\"PropertyValueSpecification\",\"valueRequired\":true,\"valueName\":\"search_term_string\"}}],\"inLanguage\":\"es\"},{\"@type\":\"Person\",\"@id\":\"https:\\\/\\\/residenciarucab.es\\\/blog\\\/#\\\/schema\\\/person\\\/f759c867eac865f0ce36c767f26f9294\",\"name\":\"RUCAB\",\"image\":{\"@type\":\"ImageObject\",\"inLanguage\":\"es\",\"@id\":\"https:\\\/\\\/residenciarucab.es\\\/blog\\\/wp-content\\\/uploads\\\/2019\\\/07\\\/r-rosa.png\",\"url\":\"https:\\\/\\\/residenciarucab.es\\\/blog\\\/wp-content\\\/uploads\\\/2019\\\/07\\\/r-rosa.png\",\"contentUrl\":\"https:\\\/\\\/residenciarucab.es\\\/blog\\\/wp-content\\\/uploads\\\/2019\\\/07\\\/r-rosa.png\",\"caption\":\"RUCAB\"},\"description\":\"La RUCAB es un referente en Extremadura por la calidad de sus instalaciones y por su estilo de vida, basado en valores de convivencia, respeto y educaci\u00f3n. Una residencia junto al campus y con todas las necesidades cubiertas.\",\"url\":\"https:\\\/\\\/residenciarucab.es\\\/blog\\\/author\\\/rucab_blog\\\/\"}]}<\/script>\n<!-- \/ Yoast SEO plugin. -->","yoast_head_json":{"title":"Abierto el periodo de reservas 2019 - 2020 de RUCAB - BLOG RUCAB","robots":{"index":"index","follow":"follow","max-snippet":"max-snippet:-1","max-image-preview":"max-image-preview:large","max-video-preview":"max-video-preview:-1"},"canonical":"https:\/\/residenciarucab.es\/blog\/abierto-el-periodo-de-reservas-2019-2020-de-rucab\/","og_locale":"es_ES","og_type":"article","og_title":"Abierto el periodo de reservas 2019 - 2020 de RUCAB - BLOG RUCAB","og_description":"La Residencia Universitaria J. M. Marcos Blanco, RUCAB, abre el periodo de inscripci\u00f3n para el\u00a0curso 2019 &#8211; 2020. En este post te ense\u00f1amos c\u00f3mo hacer el proceso de inscripci\u00f3n, si no lo tienes claro y necesitas concertar una visita para conocer la Rucab, no dudes en ponerte en contacto con...","og_url":"https:\/\/residenciarucab.es\/blog\/abierto-el-periodo-de-reservas-2019-2020-de-rucab\/","og_site_name":"BLOG RUCAB","article_published_time":"2019-05-01T06:00:34+00:00","article_modified_time":"2019-07-22T12:39:10+00:00","og_image":[{"width":510,"height":310,"url":"https:\/\/residenciarucab.es\/blog\/wp-content\/uploads\/2019\/06\/reservas-2019-2020-web-1.jpg","type":"image\/jpeg"}],"author":"RUCAB","twitter_card":"summary_large_image","twitter_misc":{"Escrito por":"RUCAB","Tiempo de lectura":"1 minuto"},"schema":{"@context":"https:\/\/schema.org","@graph":[{"@type":"Article","@id":"https:\/\/residenciarucab.es\/blog\/abierto-el-periodo-de-reservas-2019-2020-de-rucab\/#article","isPartOf":{"@id":"https:\/\/residenciarucab.es\/blog\/abierto-el-periodo-de-reservas-2019-2020-de-rucab\/"},"author":{"name":"RUCAB","@id":"https:\/\/residenciarucab.es\/blog\/#\/schema\/person\/f759c867eac865f0ce36c767f26f9294"},"headline":"Abierto el periodo de reservas 2019 &#8211; 2020 de RUCAB","datePublished":"2019-05-01T06:00:34+00:00","dateModified":"2019-07-22T12:39:10+00:00","mainEntityOfPage":{"@id":"https:\/\/residenciarucab.es\/blog\/abierto-el-periodo-de-reservas-2019-2020-de-rucab\/"},"wordCount":189,"commentCount":0,"image":{"@id":"https:\/\/residenciarucab.es\/blog\/abierto-el-periodo-de-reservas-2019-2020-de-rucab\/#primaryimage"},"thumbnailUrl":"https:\/\/residenciarucab.es\/blog\/wp-content\/uploads\/2019\/06\/reservas-2019-2020-web-1.jpg","articleSection":["Noticias"],"inLanguage":"es","potentialAction":[{"@type":"CommentAction","name":"Comment","target":["https:\/\/residenciarucab.es\/blog\/abierto-el-periodo-de-reservas-2019-2020-de-rucab\/#respond"]}]},{"@type":"WebPage","@id":"https:\/\/residenciarucab.es\/blog\/abierto-el-periodo-de-reservas-2019-2020-de-rucab\/","url":"https:\/\/residenciarucab.es\/blog\/abierto-el-periodo-de-reservas-2019-2020-de-rucab\/","name":"Abierto el periodo de reservas 2019 - 2020 de RUCAB - BLOG RUCAB","isPartOf":{"@id":"https:\/\/residenciarucab.es\/blog\/#website"},"primaryImageOfPage":{"@id":"https:\/\/residenciarucab.es\/blog\/abierto-el-periodo-de-reservas-2019-2020-de-rucab\/#primaryimage"},"image":{"@id":"https:\/\/residenciarucab.es\/blog\/abierto-el-periodo-de-reservas-2019-2020-de-rucab\/#primaryimage"},"thumbnailUrl":"https:\/\/residenciarucab.es\/blog\/wp-content\/uploads\/2019\/06\/reservas-2019-2020-web-1.jpg","datePublished":"2019-05-01T06:00:34+00:00","dateModified":"2019-07-22T12:39:10+00:00","author":{"@id":"https:\/\/residenciarucab.es\/blog\/#\/schema\/person\/f759c867eac865f0ce36c767f26f9294"},"breadcrumb":{"@id":"https:\/\/residenciarucab.es\/blog\/abierto-el-periodo-de-reservas-2019-2020-de-rucab\/#breadcrumb"},"inLanguage":"es","potentialAction":[{"@type":"ReadAction","target":["https:\/\/residenciarucab.es\/blog\/abierto-el-periodo-de-reservas-2019-2020-de-rucab\/"]}]},{"@type":"ImageObject","inLanguage":"es","@id":"https:\/\/residenciarucab.es\/blog\/abierto-el-periodo-de-reservas-2019-2020-de-rucab\/#primaryimage","url":"https:\/\/residenciarucab.es\/blog\/wp-content\/uploads\/2019\/06\/reservas-2019-2020-web-1.jpg","contentUrl":"https:\/\/residenciarucab.es\/blog\/wp-content\/uploads\/2019\/06\/reservas-2019-2020-web-1.jpg","width":510,"height":310},{"@type":"BreadcrumbList","@id":"https:\/\/residenciarucab.es\/blog\/abierto-el-periodo-de-reservas-2019-2020-de-rucab\/#breadcrumb","itemListElement":[{"@type":"ListItem","position":1,"name":"Portada","item":"https:\/\/residenciarucab.es\/blog\/"},{"@type":"ListItem","position":2,"name":"Abierto el periodo de reservas 2019 &#8211; 2020 de RUCAB"}]},{"@type":"WebSite","@id":"https:\/\/residenciarucab.es\/blog\/#website","url":"https:\/\/residenciarucab.es\/blog\/","name":"BLOG RUCAB","description":"\u00a1Todas las novedades de nuestra residencia universitaria!","potentialAction":[{"@type":"SearchAction","target":{"@type":"EntryPoint","urlTemplate":"https:\/\/residenciarucab.es\/blog\/?s={search_term_string}"},"query-input":{"@type":"PropertyValueSpecification","valueRequired":true,"valueName":"search_term_string"}}],"inLanguage":"es"},{"@type":"Person","@id":"https:\/\/residenciarucab.es\/blog\/#\/schema\/person\/f759c867eac865f0ce36c767f26f9294","name":"RUCAB","image":{"@type":"ImageObject","inLanguage":"es","@id":"https:\/\/residenciarucab.es\/blog\/wp-content\/uploads\/2019\/07\/r-rosa.png","url":"https:\/\/residenciarucab.es\/blog\/wp-content\/uploads\/2019\/07\/r-rosa.png","contentUrl":"https:\/\/residenciarucab.es\/blog\/wp-content\/uploads\/2019\/07\/r-rosa.png","caption":"RUCAB"},"description":"La RUCAB es un referente en Extremadura por la calidad de sus instalaciones y por su estilo de vida, basado en valores de convivencia, respeto y educaci\u00f3n. Una residencia junto al campus y con todas las necesidades cubiertas.","url":"https:\/\/residenciarucab.es\/blog\/author\/rucab_blog\/"}]}},"_links":{"self":[{"href":"https:\/\/residenciarucab.es\/blog\/wp-json\/wp\/v2\/posts\/27","targetHints":{"allow":["GET"]}}],"collection":[{"href":"https:\/\/residenciarucab.es\/blog\/wp-json\/wp\/v2\/posts"}],"about":[{"href":"https:\/\/residenciarucab.es\/blog\/wp-json\/wp\/v2\/types\/post"}],"author":[{"embeddable":true,"href":"https:\/\/residenciarucab.es\/blog\/wp-json\/wp\/v2\/users\/1"}],"replies":[{"embeddable":true,"href":"https:\/\/residenciarucab.es\/blog\/wp-json\/wp\/v2\/comments?post=27"}],"version-history":[{"count":3,"href":"https:\/\/residenciarucab.es\/blog\/wp-json\/wp\/v2\/posts\/27\/revisions"}],"predecessor-version":[{"id":68,"href":"https:\/\/residenciarucab.es\/blog\/wp-json\/wp\/v2\/posts\/27\/revisions\/68"}],"wp:featuredmedia":[{"embeddable":true,"href":"https:\/\/residenciarucab.es\/blog\/wp-json\/wp\/v2\/media\/50"}],"wp:attachment":[{"href":"https:\/\/residenciarucab.es\/blog\/wp-json\/wp\/v2\/media?parent=27"}],"wp:term":[{"taxonomy":"category","embeddable":true,"href":"https:\/\/residenciarucab.es\/blog\/wp-json\/wp\/v2\/categories?post=27"},{"taxonomy":"post_tag","embeddable":true,"href":"https:\/\/residenciarucab.es\/blog\/wp-json\/wp\/v2\/tags?post=27"}],"curies":[{"name":"wp","href":"https:\/\/api.w.org\/{rel}","templated":true}]}}