

{"id":291,"date":"2019-10-02T12:58:19","date_gmt":"2019-10-02T10:58:19","guid":{"rendered":"http:\/\/residenciarucab.es\/blog\/?p=291"},"modified":"2019-10-09T09:54:17","modified_gmt":"2019-10-09T07:54:17","slug":"reto-ibercaja","status":"publish","type":"post","link":"https:\/\/residenciarucab.es\/blog\/reto-ibercaja\/","title":{"rendered":"Viaja con el Reto de la Triple R de Ibercaja y Rucab"},"content":{"rendered":"<h4>El 7 de octubre, coincidiendo con el Acto de Apertura del Curso 2019 &#8211; 2020, llevaremos a cabo en el Sal\u00f3n de Actos el Reto de la &#8216;Triple R&#8217;: Reto &#8211; R\u00e9cord &#8211; Rucab, sorteamos cuatro viajes para dos personas y solo por participar te llevas totalmente gratis una Fitness Band.<\/h4>\n<p><img loading=\"lazy\" decoding=\"async\" class=\"aligncenter size-full wp-image-305\" src=\"http:\/\/residenciarucab.es\/blog\/wp-content\/uploads\/2019\/10\/imagen-blog.jpg\" alt=\"Reto ibercaja\" width=\"1280\" height=\"720\" srcset=\"https:\/\/residenciarucab.es\/blog\/wp-content\/uploads\/2019\/10\/imagen-blog.jpg 1280w, https:\/\/residenciarucab.es\/blog\/wp-content\/uploads\/2019\/10\/imagen-blog-300x169.jpg 300w, https:\/\/residenciarucab.es\/blog\/wp-content\/uploads\/2019\/10\/imagen-blog-768x432.jpg 768w, https:\/\/residenciarucab.es\/blog\/wp-content\/uploads\/2019\/10\/imagen-blog-1024x576.jpg 1024w, https:\/\/residenciarucab.es\/blog\/wp-content\/uploads\/2019\/10\/imagen-blog-1140x641.jpg 1140w, https:\/\/residenciarucab.es\/blog\/wp-content\/uploads\/2019\/10\/imagen-blog-552x311.jpg 552w\" sizes=\"auto, (max-width: 1280px) 100vw, 1280px\" \/><\/p>\n<p>Estamos muy contentos :), <a href=\"https:\/\/www.ibercaja.es\/particulares\/\" target=\"_blank\" rel=\"noopener noreferrer\">Ibercaja<\/a> nos ha propuesto un reto, el de la <em><strong>&#8216;Triple R&#8217;<\/strong><\/em> , queremos intentarlo, \u00a1OS VA A GUSTAR!, demostremos que somos r\u00e1pidos,\u00a0 lo mejor de todo es que podemos conseguir premios, \u00bfcu\u00e1les?, pues solo por participar en el reto ya te llevas gratis una <strong>Fitness Band<\/strong>, pero lo mejor aun no lo has le\u00eddo, <strong>\u00a1SORTEAMOS CUATRO VIAJES!<\/strong>, s\u00ed amigos, el reto consiste en abrir la <em><strong>Cuenta Vamos de Ibercaja en 5 minutos<\/strong><\/em>, el primero que consiga abrirla en\u00a0 cinco minutos se llevar\u00e1 autom\u00e1ticamente el primer viaje.\u00a0 Los otros tres viajes ser\u00e1n sorteados entres los residentes de la siguiente forma:<\/p>\n<ul>\n<li>Deben abrir la cuenta <strong>50 residentes<\/strong> para sortear el viaje a Budapest.<\/li>\n<li>Deben abrir la cuenta <strong>100 residentes<\/strong> para sortear el viaje a Berl\u00edn.<\/li>\n<li>Deben abrir la cuenta <strong>150 residentes<\/strong> para sortear el viaje a \u00c1msterdam.<\/li>\n<\/ul>\n<p>El pr\u00f3ximo lunes 21 de octubre anunciaremos los ganadores del sorteo. Dir\u00edgete al Sal\u00f3n de Actos a las 20.00 hora para demostrar que has abierto la cuenta vamos, recibir la Fitness Band y entrar en el sorteo de los tres viajes que quedan. \u00a1Mucha suerte a todos!.<\/p>\n<ol>\n<li>\n<h4>\u00bfC\u00f3mo participar en el reto?<\/h4>\n<\/li>\n<\/ol>\n<p>Para participar necesitas cumplir los siguientes requisitos:<\/p>\n<ul>\n<li>Ser residente de la RUCAB del curso 2019-2020.<\/li>\n<li>Abrir la cuenta vamos, tienes hasta el 21 de octubre para abrirla.<\/li>\n<li>Necesitas tu m\u00f3vil para abrir la cuenta Vamos de Ibercaja.<\/li>\n<li>Y tu DNI.<\/li>\n<\/ul>\n<h4>2. Condiciones de la Cuenta Vamos de Ibercaja:<\/h4>\n<ul>\n<li>Sin comisiones.<\/li>\n<li>Sin gastos.<\/li>\n<li>Sin permanencia.<\/li>\n<li>Contratar: Cuenta + Tarjeta + Banca electr\u00f3nica.<\/li>\n<li>Ning\u00fan servicio tiene coste hasta los 30 a\u00f1os.<\/li>\n<li>Puedes adelantarte y abrirla ya: <a href=\"https:\/\/www.youtube.com\/watch?v=YB3hQLyGC8U\" target=\"_blank\" rel=\"noopener noreferrer\">c\u00f3mo se abre la Cuenta Vamos<\/a>.<\/li>\n<li>Puedes ver todas las <a href=\"https:\/\/www.youtube.com\/watch?v=t0mvUiNTdvk\" target=\"_blank\" rel=\"noopener noreferrer\">condiciones<\/a> aqu\u00ed.<\/li>\n<\/ul>\n<h4>3. Sorteo de tres viajes para dos personas:<\/h4>\n<p>Una vez has abierto la <strong>Cuenta Vamos de Ibercaja<\/strong>, entrar\u00e1s inmediatamente en el <strong>sorteo<\/strong>.<\/p>\n<p>Tres viajes de un fin de semana <strong>para dos personas<\/strong> ser\u00e1n sorteados entre los residentes que se hayan abierto cuenta dentro de los 15 minutos del reto, los destinos son <strong>Budapest<\/strong>, <strong>Berl\u00edn<\/strong> y<strong> \u00c1msterdam<\/strong>*.<\/p>\n<p>Recuerda que el viaje a Par\u00eds ya ha sido sorteado en el Acto de Apertura del nuevo curso.<\/p>\n<p>Son tres ciudades con much\u00edsimo encanto, nosotros no podr\u00edamos elegir una u otra, de <strong>Par\u00eds<\/strong> destacamos su bella arquitectura, sus monumentos, como la <strong>Torre Eiffel<\/strong>, el <em>Arco del Triunfo<\/em>, la <em>Catedral de Notre Dame<\/em>, <em>Versalles<\/em> o el <em>Moulin Rouge<\/em>, entre otros, un sin fin de museos y ofertas culturales que no puedes dejar de lado, sin duda el Louvre es el museo de museos. La gastronom\u00eda francesa es deliciosa y delicada, como el <strong>crepe<\/strong>, el <strong>croissant<\/strong>, la baguette o el ratatouille.<\/p>\n<p><strong>Berl\u00edn<\/strong> es una ciudad mundial y un centro cultural y art\u00edstico de primer nivel. Su importancia hist\u00f3rica no tiene parang\u00f3n, acontecimientos como la influencia de la <em>Primera<\/em> y <em>Segunda Guerra Mundial<\/em>, la <em>Guerra Fr\u00eda<\/em>, <em>el Tal\u00f3n de Acero<\/em> o el <em>Muro de Berl\u00edn<\/em> han creado la idiosincrasia de esta ciudad. La gastronom\u00eda tiene un gran peso, como la<strong> cerveza<\/strong>, la <strong>salchicha<\/strong>, los <strong>bretzel<\/strong>, el <strong>kassler<\/strong> o los <strong>br\u00f6tchen<\/strong>. Los lugares de visita obligada son la <em>Puerta de Brandeburgo, Edificio de Reichstag o Catedral de Berl\u00edn.<\/em><\/p>\n<p><strong>\u00c1msterdam<\/strong> es la capital de los Pa\u00edses Bajos,\u00a0 un gran centro financiero y cultural de proyecci\u00f3n internacional. Sus canales y sus casas flotantes son incre\u00edbles, el arte callejero est\u00e1 muy presente, los lugares m\u00e1s emblem\u00e1ticos son la <em>Plaza de Leidseplein<\/em>, la <em>Casa de Ana Frank<\/em>, el<em> Museo de Van Gogh<\/em>, las iglesias de Amsterdam y el inconfundible <strong>Barrio Rojo<\/strong>.<\/p>\n<h4>4. Fitness Band<\/h4>\n<p>Solo por participar en el reto y abrir la Cuenta Vamos de Ibercaja, te llevas totalmente <strong>gratis<\/strong> una <strong>Fitness Band<\/strong> DigiVolt FB-3.<\/p>\n<p><img loading=\"lazy\" decoding=\"async\" class=\"size-full wp-image-317 alignleft\" src=\"http:\/\/residenciarucab.es\/blog\/wp-content\/uploads\/2019\/10\/517H4ZSGUiL._SL1000_.jpg\" alt=\"Pulsera deportiva\" width=\"800\" height=\"1000\" srcset=\"https:\/\/residenciarucab.es\/blog\/wp-content\/uploads\/2019\/10\/517H4ZSGUiL._SL1000_.jpg 800w, https:\/\/residenciarucab.es\/blog\/wp-content\/uploads\/2019\/10\/517H4ZSGUiL._SL1000_-240x300.jpg 240w, https:\/\/residenciarucab.es\/blog\/wp-content\/uploads\/2019\/10\/517H4ZSGUiL._SL1000_-768x960.jpg 768w, https:\/\/residenciarucab.es\/blog\/wp-content\/uploads\/2019\/10\/517H4ZSGUiL._SL1000_-552x690.jpg 552w\" sizes=\"auto, (max-width: 800px) 100vw, 800px\" \/><\/p>\n<ul>\n<li>Notificaciones WhatsApp.<\/li>\n<li>Monitor de pulso cardiaco.<\/li>\n<li>Pod\u00f3metro.<\/li>\n<li>Monitor de distancia.<\/li>\n<li>Medidor de distancia.<\/li>\n<li>Calor\u00edas quemadas.<\/li>\n<li>Aviso de llamada.<\/li>\n<li>Bluetooth.<\/li>\n<li>Alarma.<\/li>\n<li>Aviso de inactividad.<\/li>\n<li>Resistente al agua fr\u00eda.<\/li>\n<li>Sumergible.<\/li>\n<li>Control de c\u00e1mara para selfie.<\/li>\n<li>Compatible con Android e IOS.<\/li>\n<li>Dos correas incluidas (negra y azul).<\/li>\n<li>Pantalla t\u00e1ctil de 0,96&#8243;.<\/li>\n<\/ul>\n<p>&nbsp;<\/p>\n<p>Puedes consultar las <a href=\"http:\/\/residenciarucab.es\/blog\/wp-content\/uploads\/2019\/10\/BASES-Y-CONDICIONES-SORTEO-IBERCAJA.pdf\" target=\"_blank\" rel=\"noopener noreferrer\">BASES Y CONDICIONES<\/a> de participaci\u00f3n en el sorteo.<\/p>\n<h4><strong>El Reto de la Triple R te est\u00e1 esperando!!!<\/strong><\/h4>\n<p>Para m\u00e1s informaci\u00f3n p\u00e1sate por administraci\u00f3n.<\/p>\n<p>Sigue leyendo m\u00e1s contenido sobre la RUCAB en nuestro <a href=\"https:\/\/residenciarucab.es\/blog\/\" target=\"_blank\" rel=\"noopener noreferrer\">blog<\/a>.<\/p>\n<p>&nbsp;<\/p>\n","protected":false},"excerpt":{"rendered":"<p class=\"post-excerpt\">El 7 de octubre, coincidiendo con el Acto de Apertura del Curso 2019 &#8211; 2020, llevaremos a cabo en el Sal\u00f3n de Actos el Reto de la &#8216;Triple R&#8217;: Reto &#8211; R\u00e9cord &#8211; Rucab, sorteamos cuatro viajes para dos personas y solo por participar te llevas totalmente gratis una Fitness&#8230;<\/p>\n","protected":false},"author":1,"featured_media":305,"comment_status":"open","ping_status":"open","sticky":false,"template":"","format":"standard","meta":{"footnotes":""},"categories":[1],"tags":[115,114,116,2,111,113,112,35,110],"class_list":["post-291","post","type-post","status-publish","format-standard","has-post-thumbnail","hentry","category-noticias","tag-amsterdam","tag-berlin","tag-cuenta-vamos","tag-fundacion-cb","tag-ibercaja","tag-paris","tag-reto-triple-r","tag-rucab","tag-sorte-viaje"],"yoast_head":"<!-- This site is optimized with the Yoast SEO plugin v27.4 - https:\/\/yoast.com\/product\/yoast-seo-wordpress\/ -->\n<title>Viaja con el Reto de la Triple R de Ibercaja y Rucab - BLOG RUCAB<\/title>\n<meta name=\"description\" content=\"El 7 de octubre con el Acto de Apertura del Curso, llevamos a cabo en el Sal\u00f3n de Actos la participaci\u00f3n del Reto de la &#039;Triple R&#039;, sorteamos tres viaje.\" \/>\n<meta name=\"robots\" content=\"index, follow, max-snippet:-1, max-image-preview:large, max-video-preview:-1\" \/>\n<link rel=\"canonical\" href=\"https:\/\/residenciarucab.es\/blog\/reto-ibercaja\/\" \/>\n<meta property=\"og:locale\" content=\"es_ES\" \/>\n<meta property=\"og:type\" content=\"article\" \/>\n<meta property=\"og:title\" content=\"Viaja con el Reto de la Triple R de Ibercaja y Rucab - BLOG RUCAB\" \/>\n<meta property=\"og:description\" content=\"El 7 de octubre con el Acto de Apertura del Curso, llevamos a cabo en el Sal\u00f3n de Actos la participaci\u00f3n del Reto de la &#039;Triple R&#039;, sorteamos tres viaje.\" \/>\n<meta property=\"og:url\" content=\"https:\/\/residenciarucab.es\/blog\/reto-ibercaja\/\" \/>\n<meta property=\"og:site_name\" content=\"BLOG RUCAB\" \/>\n<meta property=\"article:published_time\" content=\"2019-10-02T10:58:19+00:00\" \/>\n<meta property=\"article:modified_time\" content=\"2019-10-09T07:54:17+00:00\" \/>\n<meta property=\"og:image\" content=\"https:\/\/residenciarucab.es\/blog\/wp-content\/uploads\/2019\/10\/imagen-blog.jpg\" \/>\n\t<meta property=\"og:image:width\" content=\"1280\" \/>\n\t<meta property=\"og:image:height\" content=\"720\" \/>\n\t<meta property=\"og:image:type\" content=\"image\/jpeg\" \/>\n<meta name=\"author\" content=\"RUCAB\" \/>\n<meta name=\"twitter:card\" content=\"summary_large_image\" \/>\n<meta name=\"twitter:label1\" content=\"Escrito por\" \/>\n\t<meta name=\"twitter:data1\" content=\"RUCAB\" \/>\n\t<meta name=\"twitter:label2\" content=\"Tiempo de lectura\" \/>\n\t<meta name=\"twitter:data2\" content=\"4 minutos\" \/>\n<script type=\"application\/ld+json\" class=\"yoast-schema-graph\">{\"@context\":\"https:\\\/\\\/schema.org\",\"@graph\":[{\"@type\":\"Article\",\"@id\":\"https:\\\/\\\/residenciarucab.es\\\/blog\\\/reto-ibercaja\\\/#article\",\"isPartOf\":{\"@id\":\"https:\\\/\\\/residenciarucab.es\\\/blog\\\/reto-ibercaja\\\/\"},\"author\":{\"name\":\"RUCAB\",\"@id\":\"https:\\\/\\\/residenciarucab.es\\\/blog\\\/#\\\/schema\\\/person\\\/f759c867eac865f0ce36c767f26f9294\"},\"headline\":\"Viaja con el Reto de la Triple R de Ibercaja y Rucab\",\"datePublished\":\"2019-10-02T10:58:19+00:00\",\"dateModified\":\"2019-10-09T07:54:17+00:00\",\"mainEntityOfPage\":{\"@id\":\"https:\\\/\\\/residenciarucab.es\\\/blog\\\/reto-ibercaja\\\/\"},\"wordCount\":781,\"commentCount\":1,\"image\":{\"@id\":\"https:\\\/\\\/residenciarucab.es\\\/blog\\\/reto-ibercaja\\\/#primaryimage\"},\"thumbnailUrl\":\"https:\\\/\\\/residenciarucab.es\\\/blog\\\/wp-content\\\/uploads\\\/2019\\\/10\\\/imagen-blog.jpg\",\"keywords\":[\"amsterdam\",\"berlin\",\"cuenta vamos\",\"Fundaci\u00f3n CB\",\"ibercaja\",\"paris\",\"Reto Triple R\",\"Rucab\",\"sorte viaje\"],\"articleSection\":[\"Noticias\"],\"inLanguage\":\"es\",\"potentialAction\":[{\"@type\":\"CommentAction\",\"name\":\"Comment\",\"target\":[\"https:\\\/\\\/residenciarucab.es\\\/blog\\\/reto-ibercaja\\\/#respond\"]}]},{\"@type\":\"WebPage\",\"@id\":\"https:\\\/\\\/residenciarucab.es\\\/blog\\\/reto-ibercaja\\\/\",\"url\":\"https:\\\/\\\/residenciarucab.es\\\/blog\\\/reto-ibercaja\\\/\",\"name\":\"Viaja con el Reto de la Triple R de Ibercaja y Rucab - BLOG RUCAB\",\"isPartOf\":{\"@id\":\"https:\\\/\\\/residenciarucab.es\\\/blog\\\/#website\"},\"primaryImageOfPage\":{\"@id\":\"https:\\\/\\\/residenciarucab.es\\\/blog\\\/reto-ibercaja\\\/#primaryimage\"},\"image\":{\"@id\":\"https:\\\/\\\/residenciarucab.es\\\/blog\\\/reto-ibercaja\\\/#primaryimage\"},\"thumbnailUrl\":\"https:\\\/\\\/residenciarucab.es\\\/blog\\\/wp-content\\\/uploads\\\/2019\\\/10\\\/imagen-blog.jpg\",\"datePublished\":\"2019-10-02T10:58:19+00:00\",\"dateModified\":\"2019-10-09T07:54:17+00:00\",\"author\":{\"@id\":\"https:\\\/\\\/residenciarucab.es\\\/blog\\\/#\\\/schema\\\/person\\\/f759c867eac865f0ce36c767f26f9294\"},\"description\":\"El 7 de octubre con el Acto de Apertura del Curso, llevamos a cabo en el Sal\u00f3n de Actos la participaci\u00f3n del Reto de la 'Triple R', sorteamos tres viaje.\",\"breadcrumb\":{\"@id\":\"https:\\\/\\\/residenciarucab.es\\\/blog\\\/reto-ibercaja\\\/#breadcrumb\"},\"inLanguage\":\"es\",\"potentialAction\":[{\"@type\":\"ReadAction\",\"target\":[\"https:\\\/\\\/residenciarucab.es\\\/blog\\\/reto-ibercaja\\\/\"]}]},{\"@type\":\"ImageObject\",\"inLanguage\":\"es\",\"@id\":\"https:\\\/\\\/residenciarucab.es\\\/blog\\\/reto-ibercaja\\\/#primaryimage\",\"url\":\"https:\\\/\\\/residenciarucab.es\\\/blog\\\/wp-content\\\/uploads\\\/2019\\\/10\\\/imagen-blog.jpg\",\"contentUrl\":\"https:\\\/\\\/residenciarucab.es\\\/blog\\\/wp-content\\\/uploads\\\/2019\\\/10\\\/imagen-blog.jpg\",\"width\":1280,\"height\":720,\"caption\":\"Reto ibercaja\"},{\"@type\":\"BreadcrumbList\",\"@id\":\"https:\\\/\\\/residenciarucab.es\\\/blog\\\/reto-ibercaja\\\/#breadcrumb\",\"itemListElement\":[{\"@type\":\"ListItem\",\"position\":1,\"name\":\"Portada\",\"item\":\"https:\\\/\\\/residenciarucab.es\\\/blog\\\/\"},{\"@type\":\"ListItem\",\"position\":2,\"name\":\"Viaja con el Reto de la Triple R de Ibercaja y Rucab\"}]},{\"@type\":\"WebSite\",\"@id\":\"https:\\\/\\\/residenciarucab.es\\\/blog\\\/#website\",\"url\":\"https:\\\/\\\/residenciarucab.es\\\/blog\\\/\",\"name\":\"BLOG RUCAB\",\"description\":\"\u00a1Todas las novedades de nuestra residencia universitaria!\",\"potentialAction\":[{\"@type\":\"SearchAction\",\"target\":{\"@type\":\"EntryPoint\",\"urlTemplate\":\"https:\\\/\\\/residenciarucab.es\\\/blog\\\/?s={search_term_string}\"},\"query-input\":{\"@type\":\"PropertyValueSpecification\",\"valueRequired\":true,\"valueName\":\"search_term_string\"}}],\"inLanguage\":\"es\"},{\"@type\":\"Person\",\"@id\":\"https:\\\/\\\/residenciarucab.es\\\/blog\\\/#\\\/schema\\\/person\\\/f759c867eac865f0ce36c767f26f9294\",\"name\":\"RUCAB\",\"image\":{\"@type\":\"ImageObject\",\"inLanguage\":\"es\",\"@id\":\"https:\\\/\\\/residenciarucab.es\\\/blog\\\/wp-content\\\/uploads\\\/2019\\\/07\\\/r-rosa.png\",\"url\":\"https:\\\/\\\/residenciarucab.es\\\/blog\\\/wp-content\\\/uploads\\\/2019\\\/07\\\/r-rosa.png\",\"contentUrl\":\"https:\\\/\\\/residenciarucab.es\\\/blog\\\/wp-content\\\/uploads\\\/2019\\\/07\\\/r-rosa.png\",\"caption\":\"RUCAB\"},\"description\":\"La RUCAB es un referente en Extremadura por la calidad de sus instalaciones y por su estilo de vida, basado en valores de convivencia, respeto y educaci\u00f3n. Una residencia junto al campus y con todas las necesidades cubiertas.\",\"url\":\"https:\\\/\\\/residenciarucab.es\\\/blog\\\/author\\\/rucab_blog\\\/\"}]}<\/script>\n<!-- \/ Yoast SEO plugin. -->","yoast_head_json":{"title":"Viaja con el Reto de la Triple R de Ibercaja y Rucab - BLOG RUCAB","description":"El 7 de octubre con el Acto de Apertura del Curso, llevamos a cabo en el Sal\u00f3n de Actos la participaci\u00f3n del Reto de la 'Triple R', sorteamos tres viaje.","robots":{"index":"index","follow":"follow","max-snippet":"max-snippet:-1","max-image-preview":"max-image-preview:large","max-video-preview":"max-video-preview:-1"},"canonical":"https:\/\/residenciarucab.es\/blog\/reto-ibercaja\/","og_locale":"es_ES","og_type":"article","og_title":"Viaja con el Reto de la Triple R de Ibercaja y Rucab - BLOG RUCAB","og_description":"El 7 de octubre con el Acto de Apertura del Curso, llevamos a cabo en el Sal\u00f3n de Actos la participaci\u00f3n del Reto de la 'Triple R', sorteamos tres viaje.","og_url":"https:\/\/residenciarucab.es\/blog\/reto-ibercaja\/","og_site_name":"BLOG RUCAB","article_published_time":"2019-10-02T10:58:19+00:00","article_modified_time":"2019-10-09T07:54:17+00:00","og_image":[{"width":1280,"height":720,"url":"https:\/\/residenciarucab.es\/blog\/wp-content\/uploads\/2019\/10\/imagen-blog.jpg","type":"image\/jpeg"}],"author":"RUCAB","twitter_card":"summary_large_image","twitter_misc":{"Escrito por":"RUCAB","Tiempo de lectura":"4 minutos"},"schema":{"@context":"https:\/\/schema.org","@graph":[{"@type":"Article","@id":"https:\/\/residenciarucab.es\/blog\/reto-ibercaja\/#article","isPartOf":{"@id":"https:\/\/residenciarucab.es\/blog\/reto-ibercaja\/"},"author":{"name":"RUCAB","@id":"https:\/\/residenciarucab.es\/blog\/#\/schema\/person\/f759c867eac865f0ce36c767f26f9294"},"headline":"Viaja con el Reto de la Triple R de Ibercaja y Rucab","datePublished":"2019-10-02T10:58:19+00:00","dateModified":"2019-10-09T07:54:17+00:00","mainEntityOfPage":{"@id":"https:\/\/residenciarucab.es\/blog\/reto-ibercaja\/"},"wordCount":781,"commentCount":1,"image":{"@id":"https:\/\/residenciarucab.es\/blog\/reto-ibercaja\/#primaryimage"},"thumbnailUrl":"https:\/\/residenciarucab.es\/blog\/wp-content\/uploads\/2019\/10\/imagen-blog.jpg","keywords":["amsterdam","berlin","cuenta vamos","Fundaci\u00f3n CB","ibercaja","paris","Reto Triple R","Rucab","sorte viaje"],"articleSection":["Noticias"],"inLanguage":"es","potentialAction":[{"@type":"CommentAction","name":"Comment","target":["https:\/\/residenciarucab.es\/blog\/reto-ibercaja\/#respond"]}]},{"@type":"WebPage","@id":"https:\/\/residenciarucab.es\/blog\/reto-ibercaja\/","url":"https:\/\/residenciarucab.es\/blog\/reto-ibercaja\/","name":"Viaja con el Reto de la Triple R de Ibercaja y Rucab - BLOG RUCAB","isPartOf":{"@id":"https:\/\/residenciarucab.es\/blog\/#website"},"primaryImageOfPage":{"@id":"https:\/\/residenciarucab.es\/blog\/reto-ibercaja\/#primaryimage"},"image":{"@id":"https:\/\/residenciarucab.es\/blog\/reto-ibercaja\/#primaryimage"},"thumbnailUrl":"https:\/\/residenciarucab.es\/blog\/wp-content\/uploads\/2019\/10\/imagen-blog.jpg","datePublished":"2019-10-02T10:58:19+00:00","dateModified":"2019-10-09T07:54:17+00:00","author":{"@id":"https:\/\/residenciarucab.es\/blog\/#\/schema\/person\/f759c867eac865f0ce36c767f26f9294"},"description":"El 7 de octubre con el Acto de Apertura del Curso, llevamos a cabo en el Sal\u00f3n de Actos la participaci\u00f3n del Reto de la 'Triple R', sorteamos tres viaje.","breadcrumb":{"@id":"https:\/\/residenciarucab.es\/blog\/reto-ibercaja\/#breadcrumb"},"inLanguage":"es","potentialAction":[{"@type":"ReadAction","target":["https:\/\/residenciarucab.es\/blog\/reto-ibercaja\/"]}]},{"@type":"ImageObject","inLanguage":"es","@id":"https:\/\/residenciarucab.es\/blog\/reto-ibercaja\/#primaryimage","url":"https:\/\/residenciarucab.es\/blog\/wp-content\/uploads\/2019\/10\/imagen-blog.jpg","contentUrl":"https:\/\/residenciarucab.es\/blog\/wp-content\/uploads\/2019\/10\/imagen-blog.jpg","width":1280,"height":720,"caption":"Reto ibercaja"},{"@type":"BreadcrumbList","@id":"https:\/\/residenciarucab.es\/blog\/reto-ibercaja\/#breadcrumb","itemListElement":[{"@type":"ListItem","position":1,"name":"Portada","item":"https:\/\/residenciarucab.es\/blog\/"},{"@type":"ListItem","position":2,"name":"Viaja con el Reto de la Triple R de Ibercaja y Rucab"}]},{"@type":"WebSite","@id":"https:\/\/residenciarucab.es\/blog\/#website","url":"https:\/\/residenciarucab.es\/blog\/","name":"BLOG RUCAB","description":"\u00a1Todas las novedades de nuestra residencia universitaria!","potentialAction":[{"@type":"SearchAction","target":{"@type":"EntryPoint","urlTemplate":"https:\/\/residenciarucab.es\/blog\/?s={search_term_string}"},"query-input":{"@type":"PropertyValueSpecification","valueRequired":true,"valueName":"search_term_string"}}],"inLanguage":"es"},{"@type":"Person","@id":"https:\/\/residenciarucab.es\/blog\/#\/schema\/person\/f759c867eac865f0ce36c767f26f9294","name":"RUCAB","image":{"@type":"ImageObject","inLanguage":"es","@id":"https:\/\/residenciarucab.es\/blog\/wp-content\/uploads\/2019\/07\/r-rosa.png","url":"https:\/\/residenciarucab.es\/blog\/wp-content\/uploads\/2019\/07\/r-rosa.png","contentUrl":"https:\/\/residenciarucab.es\/blog\/wp-content\/uploads\/2019\/07\/r-rosa.png","caption":"RUCAB"},"description":"La RUCAB es un referente en Extremadura por la calidad de sus instalaciones y por su estilo de vida, basado en valores de convivencia, respeto y educaci\u00f3n. Una residencia junto al campus y con todas las necesidades cubiertas.","url":"https:\/\/residenciarucab.es\/blog\/author\/rucab_blog\/"}]}},"_links":{"self":[{"href":"https:\/\/residenciarucab.es\/blog\/wp-json\/wp\/v2\/posts\/291","targetHints":{"allow":["GET"]}}],"collection":[{"href":"https:\/\/residenciarucab.es\/blog\/wp-json\/wp\/v2\/posts"}],"about":[{"href":"https:\/\/residenciarucab.es\/blog\/wp-json\/wp\/v2\/types\/post"}],"author":[{"embeddable":true,"href":"https:\/\/residenciarucab.es\/blog\/wp-json\/wp\/v2\/users\/1"}],"replies":[{"embeddable":true,"href":"https:\/\/residenciarucab.es\/blog\/wp-json\/wp\/v2\/comments?post=291"}],"version-history":[{"count":28,"href":"https:\/\/residenciarucab.es\/blog\/wp-json\/wp\/v2\/posts\/291\/revisions"}],"predecessor-version":[{"id":377,"href":"https:\/\/residenciarucab.es\/blog\/wp-json\/wp\/v2\/posts\/291\/revisions\/377"}],"wp:featuredmedia":[{"embeddable":true,"href":"https:\/\/residenciarucab.es\/blog\/wp-json\/wp\/v2\/media\/305"}],"wp:attachment":[{"href":"https:\/\/residenciarucab.es\/blog\/wp-json\/wp\/v2\/media?parent=291"}],"wp:term":[{"taxonomy":"category","embeddable":true,"href":"https:\/\/residenciarucab.es\/blog\/wp-json\/wp\/v2\/categories?post=291"},{"taxonomy":"post_tag","embeddable":true,"href":"https:\/\/residenciarucab.es\/blog\/wp-json\/wp\/v2\/tags?post=291"}],"curies":[{"name":"wp","href":"https:\/\/api.w.org\/{rel}","templated":true}]}}