

{"id":30,"date":"2019-04-05T13:55:51","date_gmt":"2019-04-05T11:55:51","guid":{"rendered":"http:\/\/localhost\/blog\/?p=30"},"modified":"2019-07-22T14:40:12","modified_gmt":"2019-07-22T12:40:12","slug":"eleuterio-sanchez-visita-la-rucab-para-ofrecer-una-conferencia-sobre-su-vida-y-su-libro","status":"publish","type":"post","link":"https:\/\/residenciarucab.es\/blog\/eleuterio-sanchez-visita-la-rucab-para-ofrecer-una-conferencia-sobre-su-vida-y-su-libro\/","title":{"rendered":"Eleuterio S\u00e1nchez visita la RUCAB para ofrecer una conferencia sobre su vida y su libro"},"content":{"rendered":"\r\n<h3 class=\"wp-block-heading\">El jueves 4 de abril, hemos tenido el placer de recibir en la RUCAB a\u00a0<strong>Eleuterio S\u00e1nchez<\/strong>, m\u00e1s conocido como\u00a0<strong><em>&#8216;El Lute&#8217;<\/em><\/strong>, y que como hemos descubierto, no le gusta que lo llamen as\u00ed. Pues es un personaje creado por el r\u00e9gimen franquista.<\/h3>\r\n\r\n\r\n\r\n<p>La RUCAB lo ha recibido en un\u00a0<strong>caf\u00e9-tertulia<\/strong>, donde algunos residentes han escuchado el particular relato de una persona que ha sufrido las consecuencias de un contexto pol\u00edtico y social en el que se desarroll\u00f3 la primera parte de su vida, desde entonces hasta la actualidad, poco o nada queda de El Lute.<\/p>\r\n\r\n\r\n\r\n<div class=\"wp-block-image\">\r\n<figure class=\"alignleft\"><img decoding=\"async\" class=\"wp-image-2772\" src=\"http:\/\/residenciarucab.es\/blog\/wp-content\/uploads\/2019\/04\/el-lute-3.jpg\" alt=\"el lute en la rucab\" \/><\/figure>\r\n<\/div>\r\n\r\n\r\n\r\n<p>Para los residentes ha sido un momento donde hacer preguntas de todo tipo:\u00a0<strong>\u00bfc\u00f3mo contrapone la Espa\u00f1a de sus veinte a\u00f1os con la de los veinte a\u00f1os de ahora?<\/strong>,\u00a0<strong>\u00bfen la sociedad actual con las ayudas sociales que hay, entender\u00eda a la persona que decidiera robar?<\/strong>\u00a0o\u00a0<strong>\u00bfqu\u00e9 queda de El Lute en la actualidad?<\/strong>.<\/p>\r\n\r\n\r\n\r\n<p>A primera vista puede resultar complicado entender las peculiaridades de la vida de El Lute, pero ciertamente, si escuchas su historia, resulta f\u00e1cil comprender que es una persona completamente\u00a0<strong>&#8216;normal&#8217;<\/strong>, as\u00ed le gusta denominarse,\u00a0ha vivido y ha salido de sus dificultades como buenamente ha podido, como dice Jos\u00e9 Ortega y Gasset,\u00a0<strong><em>\u00abyo soy yo y mi circunstancias\u00bb<\/em><\/strong>, viene esto a decir, que \u00e9l ha ido campeando la vicisitudes de una vida marcada por las consecuencias de cuarenta a\u00f1os de fascismo y conservadurismo de la\u00a0<strong>\u00e9poca franquista<\/strong>.\u00a0<em>\u00abCuando uno toma algo para no morir de inanici\u00f3n no es robar, est\u00e1 en el c\u00f3digo penal, son delitos fam\u00e9licos\u00bb<\/em>, as\u00ed nos relata el hecho sobre el robo de gallinas, al cual se vio obligado por necesidades fisiol\u00f3gicas, debido a la situaci\u00f3n de pobreza en la que viv\u00eda con su familia.<\/p>\r\n\r\n\r\n\r\n<div class=\"wp-block-image\">\r\n<figure class=\"alignleft\"><img decoding=\"async\" class=\"wp-image-2771\" src=\"http:\/\/residenciarucab.es\/blog\/wp-content\/uploads\/2019\/04\/el-lute-2-1.jpg\" alt=\"el lute en la rucab\" \/><\/figure>\r\n<\/div>\r\n\r\n\r\n\r\n<p>En cualquier caso, El Lute es un\u00a0<strong>mito de lucha y rebeld\u00eda<\/strong>, y desde la RUCAB queremos destacar la parte positiva de esta historia tan compleja y llena de matices, si bien, El lute rob\u00f3 unas gallinas y atrac\u00f3 junto con otras personas una joyer\u00eda en Madrid, ahora y desde hace mucho, nada queda de esa chaval joven, rebelde y con ganas de comerse el mundo para ayudar a los suyos.<\/p>\r\n\r\n\r\n\r\n<p>El\u00a0<strong>mensaje<\/strong>\u00a0que nos llega de Eleuterio a sus 76 a\u00f1os es enormemente\u00a0<strong>valioso<\/strong>, lleno de fuerza y de experiencia vital. Su discurso est\u00e1 basado en defender la\u00a0<strong>cultura<\/strong>, como motor fundamental para la vida, en este caso, la cultura para \u00e9l fue una v\u00eda de escape en la c\u00e1rcel, y que podemos apreciar en este p\u00e1rrafo de su libro:<\/p>\r\n\r\n\r\n\r\n<blockquote class=\"wp-block-quote is-layout-flow wp-block-quote-is-layout-flow\">\r\n<p>\u00abLa cultura me transform\u00f3 absolutamente e hizo de m\u00ed un hombre templado, seguro, nuevo. La cultura enriquece y hace al hombre m\u00e1s libre. No hay mayor pobreza que la ignorancia. La incultura empobrece al hombre, lo esclaviza y lo hace ruin\u00bb<\/p>\r\n<\/blockquote>\r\n\r\n\r\n\r\n<p>Tanto es as\u00ed, que ha mandado un mensaje a los j\u00f3venes, y es que considera que mucha de la juventud de ahora est\u00e1 desprovista de cultura, de curiosidad e inquietud que hagan de sus intelectos armas del conocimiento para luchar por lo que quieren e ir por el camino adecuado, para que formen su criterio y no sean borregos de la sociedad del consumismo.<\/p>\r\n\r\n\r\n\r\n<p><strong>&#8216;Ma\u00f1ana ser\u00e9 libre&#8217;<\/strong>\u00a0es el nuevo libro que ha presentado Eleuterio S\u00e1nchez en el sal\u00f3n de actos de la RUCAB, es la continuaci\u00f3n de<strong>\u00a0&#8216;Camina o revienta&#8217;,<\/strong>\u00a0primera parte de sus memorias, El Lute, vuelve a caminar y nos presenta en este libro la continuaci\u00f3n de una vida que siempre borde\u00f3 el abismo de lo imposible. Siendo un homenaje al af\u00e1n de\u00a0<strong>superaci\u00f3n<\/strong>\u00a0y al ansia de\u00a0<strong>libertad<\/strong>\u00a0de una persona que nunca se rindi\u00f3 ante nada y ante nadie.<\/p>\r\n","protected":false},"excerpt":{"rendered":"<p class=\"post-excerpt\">El jueves 4 de abril, hemos tenido el placer de recibir en la RUCAB a\u00a0Eleuterio S\u00e1nchez, m\u00e1s conocido como\u00a0&#8216;El Lute&#8217;, y que como hemos descubierto, no le gusta que lo llamen as\u00ed. Pues es un personaje creado por el r\u00e9gimen franquista. La RUCAB lo ha recibido en un\u00a0caf\u00e9-tertulia, donde algunos&#8230;<\/p>\n","protected":false},"author":1,"featured_media":52,"comment_status":"open","ping_status":"open","sticky":false,"template":"","format":"standard","meta":{"footnotes":""},"categories":[1],"tags":[],"class_list":["post-30","post","type-post","status-publish","format-standard","has-post-thumbnail","hentry","category-noticias"],"yoast_head":"<!-- This site is optimized with the Yoast SEO plugin v27.4 - https:\/\/yoast.com\/product\/yoast-seo-wordpress\/ -->\n<title>Eleuterio S\u00e1nchez visita la RUCAB para ofrecer una conferencia sobre su vida y su libro - BLOG RUCAB<\/title>\n<meta name=\"robots\" content=\"index, follow, max-snippet:-1, max-image-preview:large, max-video-preview:-1\" \/>\n<link rel=\"canonical\" href=\"https:\/\/residenciarucab.es\/blog\/eleuterio-sanchez-visita-la-rucab-para-ofrecer-una-conferencia-sobre-su-vida-y-su-libro\/\" \/>\n<meta property=\"og:locale\" content=\"es_ES\" \/>\n<meta property=\"og:type\" content=\"article\" \/>\n<meta property=\"og:title\" content=\"Eleuterio S\u00e1nchez visita la RUCAB para ofrecer una conferencia sobre su vida y su libro - BLOG RUCAB\" \/>\n<meta property=\"og:description\" content=\"El jueves 4 de abril, hemos tenido el placer de recibir en la RUCAB a\u00a0Eleuterio S\u00e1nchez, m\u00e1s conocido como\u00a0&#8216;El Lute&#8217;, y que como hemos descubierto, no le gusta que lo llamen as\u00ed. Pues es un personaje creado por el r\u00e9gimen franquista. La RUCAB lo ha recibido en un\u00a0caf\u00e9-tertulia, donde algunos...\" \/>\n<meta property=\"og:url\" content=\"https:\/\/residenciarucab.es\/blog\/eleuterio-sanchez-visita-la-rucab-para-ofrecer-una-conferencia-sobre-su-vida-y-su-libro\/\" \/>\n<meta property=\"og:site_name\" content=\"BLOG RUCAB\" \/>\n<meta property=\"article:published_time\" content=\"2019-04-05T11:55:51+00:00\" \/>\n<meta property=\"article:modified_time\" content=\"2019-07-22T12:40:12+00:00\" \/>\n<meta property=\"og:image\" content=\"https:\/\/residenciarucab.es\/blog\/wp-content\/uploads\/2019\/06\/el-lute-2-1.jpg\" \/>\n\t<meta property=\"og:image:width\" content=\"824\" \/>\n\t<meta property=\"og:image:height\" content=\"449\" \/>\n\t<meta property=\"og:image:type\" content=\"image\/jpeg\" \/>\n<meta name=\"author\" content=\"RUCAB\" \/>\n<meta name=\"twitter:card\" content=\"summary_large_image\" \/>\n<meta name=\"twitter:label1\" content=\"Escrito por\" \/>\n\t<meta name=\"twitter:data1\" content=\"RUCAB\" \/>\n\t<meta name=\"twitter:label2\" content=\"Tiempo de lectura\" \/>\n\t<meta name=\"twitter:data2\" content=\"3 minutos\" \/>\n<script type=\"application\/ld+json\" class=\"yoast-schema-graph\">{\"@context\":\"https:\\\/\\\/schema.org\",\"@graph\":[{\"@type\":\"Article\",\"@id\":\"https:\\\/\\\/residenciarucab.es\\\/blog\\\/eleuterio-sanchez-visita-la-rucab-para-ofrecer-una-conferencia-sobre-su-vida-y-su-libro\\\/#article\",\"isPartOf\":{\"@id\":\"https:\\\/\\\/residenciarucab.es\\\/blog\\\/eleuterio-sanchez-visita-la-rucab-para-ofrecer-una-conferencia-sobre-su-vida-y-su-libro\\\/\"},\"author\":{\"name\":\"RUCAB\",\"@id\":\"https:\\\/\\\/residenciarucab.es\\\/blog\\\/#\\\/schema\\\/person\\\/f759c867eac865f0ce36c767f26f9294\"},\"headline\":\"Eleuterio S\u00e1nchez visita la RUCAB para ofrecer una conferencia sobre su vida y su libro\",\"datePublished\":\"2019-04-05T11:55:51+00:00\",\"dateModified\":\"2019-07-22T12:40:12+00:00\",\"mainEntityOfPage\":{\"@id\":\"https:\\\/\\\/residenciarucab.es\\\/blog\\\/eleuterio-sanchez-visita-la-rucab-para-ofrecer-una-conferencia-sobre-su-vida-y-su-libro\\\/\"},\"wordCount\":652,\"commentCount\":0,\"image\":{\"@id\":\"https:\\\/\\\/residenciarucab.es\\\/blog\\\/eleuterio-sanchez-visita-la-rucab-para-ofrecer-una-conferencia-sobre-su-vida-y-su-libro\\\/#primaryimage\"},\"thumbnailUrl\":\"https:\\\/\\\/residenciarucab.es\\\/blog\\\/wp-content\\\/uploads\\\/2019\\\/06\\\/el-lute-2-1.jpg\",\"articleSection\":[\"Noticias\"],\"inLanguage\":\"es\",\"potentialAction\":[{\"@type\":\"CommentAction\",\"name\":\"Comment\",\"target\":[\"https:\\\/\\\/residenciarucab.es\\\/blog\\\/eleuterio-sanchez-visita-la-rucab-para-ofrecer-una-conferencia-sobre-su-vida-y-su-libro\\\/#respond\"]}]},{\"@type\":\"WebPage\",\"@id\":\"https:\\\/\\\/residenciarucab.es\\\/blog\\\/eleuterio-sanchez-visita-la-rucab-para-ofrecer-una-conferencia-sobre-su-vida-y-su-libro\\\/\",\"url\":\"https:\\\/\\\/residenciarucab.es\\\/blog\\\/eleuterio-sanchez-visita-la-rucab-para-ofrecer-una-conferencia-sobre-su-vida-y-su-libro\\\/\",\"name\":\"Eleuterio S\u00e1nchez visita la RUCAB para ofrecer una conferencia sobre su vida y su libro - BLOG RUCAB\",\"isPartOf\":{\"@id\":\"https:\\\/\\\/residenciarucab.es\\\/blog\\\/#website\"},\"primaryImageOfPage\":{\"@id\":\"https:\\\/\\\/residenciarucab.es\\\/blog\\\/eleuterio-sanchez-visita-la-rucab-para-ofrecer-una-conferencia-sobre-su-vida-y-su-libro\\\/#primaryimage\"},\"image\":{\"@id\":\"https:\\\/\\\/residenciarucab.es\\\/blog\\\/eleuterio-sanchez-visita-la-rucab-para-ofrecer-una-conferencia-sobre-su-vida-y-su-libro\\\/#primaryimage\"},\"thumbnailUrl\":\"https:\\\/\\\/residenciarucab.es\\\/blog\\\/wp-content\\\/uploads\\\/2019\\\/06\\\/el-lute-2-1.jpg\",\"datePublished\":\"2019-04-05T11:55:51+00:00\",\"dateModified\":\"2019-07-22T12:40:12+00:00\",\"author\":{\"@id\":\"https:\\\/\\\/residenciarucab.es\\\/blog\\\/#\\\/schema\\\/person\\\/f759c867eac865f0ce36c767f26f9294\"},\"breadcrumb\":{\"@id\":\"https:\\\/\\\/residenciarucab.es\\\/blog\\\/eleuterio-sanchez-visita-la-rucab-para-ofrecer-una-conferencia-sobre-su-vida-y-su-libro\\\/#breadcrumb\"},\"inLanguage\":\"es\",\"potentialAction\":[{\"@type\":\"ReadAction\",\"target\":[\"https:\\\/\\\/residenciarucab.es\\\/blog\\\/eleuterio-sanchez-visita-la-rucab-para-ofrecer-una-conferencia-sobre-su-vida-y-su-libro\\\/\"]}]},{\"@type\":\"ImageObject\",\"inLanguage\":\"es\",\"@id\":\"https:\\\/\\\/residenciarucab.es\\\/blog\\\/eleuterio-sanchez-visita-la-rucab-para-ofrecer-una-conferencia-sobre-su-vida-y-su-libro\\\/#primaryimage\",\"url\":\"https:\\\/\\\/residenciarucab.es\\\/blog\\\/wp-content\\\/uploads\\\/2019\\\/06\\\/el-lute-2-1.jpg\",\"contentUrl\":\"https:\\\/\\\/residenciarucab.es\\\/blog\\\/wp-content\\\/uploads\\\/2019\\\/06\\\/el-lute-2-1.jpg\",\"width\":824,\"height\":449},{\"@type\":\"BreadcrumbList\",\"@id\":\"https:\\\/\\\/residenciarucab.es\\\/blog\\\/eleuterio-sanchez-visita-la-rucab-para-ofrecer-una-conferencia-sobre-su-vida-y-su-libro\\\/#breadcrumb\",\"itemListElement\":[{\"@type\":\"ListItem\",\"position\":1,\"name\":\"Portada\",\"item\":\"https:\\\/\\\/residenciarucab.es\\\/blog\\\/\"},{\"@type\":\"ListItem\",\"position\":2,\"name\":\"Eleuterio S\u00e1nchez visita la RUCAB para ofrecer una conferencia sobre su vida y su libro\"}]},{\"@type\":\"WebSite\",\"@id\":\"https:\\\/\\\/residenciarucab.es\\\/blog\\\/#website\",\"url\":\"https:\\\/\\\/residenciarucab.es\\\/blog\\\/\",\"name\":\"BLOG RUCAB\",\"description\":\"\u00a1Todas las novedades de nuestra residencia universitaria!\",\"potentialAction\":[{\"@type\":\"SearchAction\",\"target\":{\"@type\":\"EntryPoint\",\"urlTemplate\":\"https:\\\/\\\/residenciarucab.es\\\/blog\\\/?s={search_term_string}\"},\"query-input\":{\"@type\":\"PropertyValueSpecification\",\"valueRequired\":true,\"valueName\":\"search_term_string\"}}],\"inLanguage\":\"es\"},{\"@type\":\"Person\",\"@id\":\"https:\\\/\\\/residenciarucab.es\\\/blog\\\/#\\\/schema\\\/person\\\/f759c867eac865f0ce36c767f26f9294\",\"name\":\"RUCAB\",\"image\":{\"@type\":\"ImageObject\",\"inLanguage\":\"es\",\"@id\":\"https:\\\/\\\/residenciarucab.es\\\/blog\\\/wp-content\\\/uploads\\\/2019\\\/07\\\/r-rosa.png\",\"url\":\"https:\\\/\\\/residenciarucab.es\\\/blog\\\/wp-content\\\/uploads\\\/2019\\\/07\\\/r-rosa.png\",\"contentUrl\":\"https:\\\/\\\/residenciarucab.es\\\/blog\\\/wp-content\\\/uploads\\\/2019\\\/07\\\/r-rosa.png\",\"caption\":\"RUCAB\"},\"description\":\"La RUCAB es un referente en Extremadura por la calidad de sus instalaciones y por su estilo de vida, basado en valores de convivencia, respeto y educaci\u00f3n. Una residencia junto al campus y con todas las necesidades cubiertas.\",\"url\":\"https:\\\/\\\/residenciarucab.es\\\/blog\\\/author\\\/rucab_blog\\\/\"}]}<\/script>\n<!-- \/ Yoast SEO plugin. -->","yoast_head_json":{"title":"Eleuterio S\u00e1nchez visita la RUCAB para ofrecer una conferencia sobre su vida y su libro - BLOG RUCAB","robots":{"index":"index","follow":"follow","max-snippet":"max-snippet:-1","max-image-preview":"max-image-preview:large","max-video-preview":"max-video-preview:-1"},"canonical":"https:\/\/residenciarucab.es\/blog\/eleuterio-sanchez-visita-la-rucab-para-ofrecer-una-conferencia-sobre-su-vida-y-su-libro\/","og_locale":"es_ES","og_type":"article","og_title":"Eleuterio S\u00e1nchez visita la RUCAB para ofrecer una conferencia sobre su vida y su libro - BLOG RUCAB","og_description":"El jueves 4 de abril, hemos tenido el placer de recibir en la RUCAB a\u00a0Eleuterio S\u00e1nchez, m\u00e1s conocido como\u00a0&#8216;El Lute&#8217;, y que como hemos descubierto, no le gusta que lo llamen as\u00ed. Pues es un personaje creado por el r\u00e9gimen franquista. La RUCAB lo ha recibido en un\u00a0caf\u00e9-tertulia, donde algunos...","og_url":"https:\/\/residenciarucab.es\/blog\/eleuterio-sanchez-visita-la-rucab-para-ofrecer-una-conferencia-sobre-su-vida-y-su-libro\/","og_site_name":"BLOG RUCAB","article_published_time":"2019-04-05T11:55:51+00:00","article_modified_time":"2019-07-22T12:40:12+00:00","og_image":[{"width":824,"height":449,"url":"https:\/\/residenciarucab.es\/blog\/wp-content\/uploads\/2019\/06\/el-lute-2-1.jpg","type":"image\/jpeg"}],"author":"RUCAB","twitter_card":"summary_large_image","twitter_misc":{"Escrito por":"RUCAB","Tiempo de lectura":"3 minutos"},"schema":{"@context":"https:\/\/schema.org","@graph":[{"@type":"Article","@id":"https:\/\/residenciarucab.es\/blog\/eleuterio-sanchez-visita-la-rucab-para-ofrecer-una-conferencia-sobre-su-vida-y-su-libro\/#article","isPartOf":{"@id":"https:\/\/residenciarucab.es\/blog\/eleuterio-sanchez-visita-la-rucab-para-ofrecer-una-conferencia-sobre-su-vida-y-su-libro\/"},"author":{"name":"RUCAB","@id":"https:\/\/residenciarucab.es\/blog\/#\/schema\/person\/f759c867eac865f0ce36c767f26f9294"},"headline":"Eleuterio S\u00e1nchez visita la RUCAB para ofrecer una conferencia sobre su vida y su libro","datePublished":"2019-04-05T11:55:51+00:00","dateModified":"2019-07-22T12:40:12+00:00","mainEntityOfPage":{"@id":"https:\/\/residenciarucab.es\/blog\/eleuterio-sanchez-visita-la-rucab-para-ofrecer-una-conferencia-sobre-su-vida-y-su-libro\/"},"wordCount":652,"commentCount":0,"image":{"@id":"https:\/\/residenciarucab.es\/blog\/eleuterio-sanchez-visita-la-rucab-para-ofrecer-una-conferencia-sobre-su-vida-y-su-libro\/#primaryimage"},"thumbnailUrl":"https:\/\/residenciarucab.es\/blog\/wp-content\/uploads\/2019\/06\/el-lute-2-1.jpg","articleSection":["Noticias"],"inLanguage":"es","potentialAction":[{"@type":"CommentAction","name":"Comment","target":["https:\/\/residenciarucab.es\/blog\/eleuterio-sanchez-visita-la-rucab-para-ofrecer-una-conferencia-sobre-su-vida-y-su-libro\/#respond"]}]},{"@type":"WebPage","@id":"https:\/\/residenciarucab.es\/blog\/eleuterio-sanchez-visita-la-rucab-para-ofrecer-una-conferencia-sobre-su-vida-y-su-libro\/","url":"https:\/\/residenciarucab.es\/blog\/eleuterio-sanchez-visita-la-rucab-para-ofrecer-una-conferencia-sobre-su-vida-y-su-libro\/","name":"Eleuterio S\u00e1nchez visita la RUCAB para ofrecer una conferencia sobre su vida y su libro - BLOG RUCAB","isPartOf":{"@id":"https:\/\/residenciarucab.es\/blog\/#website"},"primaryImageOfPage":{"@id":"https:\/\/residenciarucab.es\/blog\/eleuterio-sanchez-visita-la-rucab-para-ofrecer-una-conferencia-sobre-su-vida-y-su-libro\/#primaryimage"},"image":{"@id":"https:\/\/residenciarucab.es\/blog\/eleuterio-sanchez-visita-la-rucab-para-ofrecer-una-conferencia-sobre-su-vida-y-su-libro\/#primaryimage"},"thumbnailUrl":"https:\/\/residenciarucab.es\/blog\/wp-content\/uploads\/2019\/06\/el-lute-2-1.jpg","datePublished":"2019-04-05T11:55:51+00:00","dateModified":"2019-07-22T12:40:12+00:00","author":{"@id":"https:\/\/residenciarucab.es\/blog\/#\/schema\/person\/f759c867eac865f0ce36c767f26f9294"},"breadcrumb":{"@id":"https:\/\/residenciarucab.es\/blog\/eleuterio-sanchez-visita-la-rucab-para-ofrecer-una-conferencia-sobre-su-vida-y-su-libro\/#breadcrumb"},"inLanguage":"es","potentialAction":[{"@type":"ReadAction","target":["https:\/\/residenciarucab.es\/blog\/eleuterio-sanchez-visita-la-rucab-para-ofrecer-una-conferencia-sobre-su-vida-y-su-libro\/"]}]},{"@type":"ImageObject","inLanguage":"es","@id":"https:\/\/residenciarucab.es\/blog\/eleuterio-sanchez-visita-la-rucab-para-ofrecer-una-conferencia-sobre-su-vida-y-su-libro\/#primaryimage","url":"https:\/\/residenciarucab.es\/blog\/wp-content\/uploads\/2019\/06\/el-lute-2-1.jpg","contentUrl":"https:\/\/residenciarucab.es\/blog\/wp-content\/uploads\/2019\/06\/el-lute-2-1.jpg","width":824,"height":449},{"@type":"BreadcrumbList","@id":"https:\/\/residenciarucab.es\/blog\/eleuterio-sanchez-visita-la-rucab-para-ofrecer-una-conferencia-sobre-su-vida-y-su-libro\/#breadcrumb","itemListElement":[{"@type":"ListItem","position":1,"name":"Portada","item":"https:\/\/residenciarucab.es\/blog\/"},{"@type":"ListItem","position":2,"name":"Eleuterio S\u00e1nchez visita la RUCAB para ofrecer una conferencia sobre su vida y su libro"}]},{"@type":"WebSite","@id":"https:\/\/residenciarucab.es\/blog\/#website","url":"https:\/\/residenciarucab.es\/blog\/","name":"BLOG RUCAB","description":"\u00a1Todas las novedades de nuestra residencia universitaria!","potentialAction":[{"@type":"SearchAction","target":{"@type":"EntryPoint","urlTemplate":"https:\/\/residenciarucab.es\/blog\/?s={search_term_string}"},"query-input":{"@type":"PropertyValueSpecification","valueRequired":true,"valueName":"search_term_string"}}],"inLanguage":"es"},{"@type":"Person","@id":"https:\/\/residenciarucab.es\/blog\/#\/schema\/person\/f759c867eac865f0ce36c767f26f9294","name":"RUCAB","image":{"@type":"ImageObject","inLanguage":"es","@id":"https:\/\/residenciarucab.es\/blog\/wp-content\/uploads\/2019\/07\/r-rosa.png","url":"https:\/\/residenciarucab.es\/blog\/wp-content\/uploads\/2019\/07\/r-rosa.png","contentUrl":"https:\/\/residenciarucab.es\/blog\/wp-content\/uploads\/2019\/07\/r-rosa.png","caption":"RUCAB"},"description":"La RUCAB es un referente en Extremadura por la calidad de sus instalaciones y por su estilo de vida, basado en valores de convivencia, respeto y educaci\u00f3n. Una residencia junto al campus y con todas las necesidades cubiertas.","url":"https:\/\/residenciarucab.es\/blog\/author\/rucab_blog\/"}]}},"_links":{"self":[{"href":"https:\/\/residenciarucab.es\/blog\/wp-json\/wp\/v2\/posts\/30","targetHints":{"allow":["GET"]}}],"collection":[{"href":"https:\/\/residenciarucab.es\/blog\/wp-json\/wp\/v2\/posts"}],"about":[{"href":"https:\/\/residenciarucab.es\/blog\/wp-json\/wp\/v2\/types\/post"}],"author":[{"embeddable":true,"href":"https:\/\/residenciarucab.es\/blog\/wp-json\/wp\/v2\/users\/1"}],"replies":[{"embeddable":true,"href":"https:\/\/residenciarucab.es\/blog\/wp-json\/wp\/v2\/comments?post=30"}],"version-history":[{"count":3,"href":"https:\/\/residenciarucab.es\/blog\/wp-json\/wp\/v2\/posts\/30\/revisions"}],"predecessor-version":[{"id":69,"href":"https:\/\/residenciarucab.es\/blog\/wp-json\/wp\/v2\/posts\/30\/revisions\/69"}],"wp:featuredmedia":[{"embeddable":true,"href":"https:\/\/residenciarucab.es\/blog\/wp-json\/wp\/v2\/media\/52"}],"wp:attachment":[{"href":"https:\/\/residenciarucab.es\/blog\/wp-json\/wp\/v2\/media?parent=30"}],"wp:term":[{"taxonomy":"category","embeddable":true,"href":"https:\/\/residenciarucab.es\/blog\/wp-json\/wp\/v2\/categories?post=30"},{"taxonomy":"post_tag","embeddable":true,"href":"https:\/\/residenciarucab.es\/blog\/wp-json\/wp\/v2\/tags?post=30"}],"curies":[{"name":"wp","href":"https:\/\/api.w.org\/{rel}","templated":true}]}}