

{"id":322,"date":"2019-10-04T12:23:54","date_gmt":"2019-10-04T10:23:54","guid":{"rendered":"http:\/\/residenciarucab.es\/blog\/?p=322"},"modified":"2019-10-04T12:53:12","modified_gmt":"2019-10-04T10:53:12","slug":"federico-mayor-zaragoza","status":"publish","type":"post","link":"https:\/\/residenciarucab.es\/blog\/federico-mayor-zaragoza\/","title":{"rendered":"Caf\u00e9 &#8211; Tertulia con Federico Mayor Zaragoza"},"content":{"rendered":"<h4>Un total de diez residentes han compartido opiniones en una charla con Federico Mayor Zaragoza, este caf\u00e9 tertulia se enmarca en el nuevo ciclo de conferencias que organiza Fundaci\u00f3n CB\u00a0en la RUCAB, de la mano de Juan Carlos Rodr\u00edguez Ibarra.<\/h4>\n<p>En la RUCAB nos gusta fomentar la <strong>cultura y debatir los temas de actualidad<\/strong>. Consideramos fundamental incidir en el conocimiento y el pensamiento cr\u00edtico, gracias a <a href=\"https:\/\/www.fundacioncb.es\/\" target=\"_blank\" rel=\"noopener noreferrer\"><strong>Fundaci\u00f3n CB<\/strong><\/a> podemos decir que contribuimos positivamente a ello. Esto lo conseguimos con los caf\u00e9s tertulias que organizamos cada curso, para que, los residentes que lo deseen, puedan charlar con un personaje relevante, mientras se toman un caf\u00e9 en el despacho del director.<\/p>\n<p>En esta ocasi\u00f3n hemos mantenido una interesante conversaci\u00f3n con <a href=\"https:\/\/es.wikipedia.org\/wiki\/Federico_Mayor_Zaragoza\" target=\"_blank\" rel=\"noopener noreferrer\"><em><strong>Federico Mayor Zaragoza<\/strong><\/em><\/a>, farmac\u00e9utico, profesor, poeta, pol\u00edtico y alto funcionario internacional espa\u00f1ol. El principal tema que se ha tratado es el <strong>cambio clim\u00e1tico<\/strong>, considera que actualmente en el mundo solo quedan dos esperanzas, la mujer y los j\u00f3venes, <em>\u00abla mujer ser\u00e1 la piedra angular de la nueva era\u00bb<\/em>, nos cuenta que, hablando con <strong>Nelson Mandela<\/strong>, este le dec\u00eda que <em>\u00abla mujer s\u00f3lo excepcionalmente utiliza la fuerza, el hombre solo excepcionalmente no la usa\u00bb<\/em>.<\/p>\n<p><img loading=\"lazy\" decoding=\"async\" class=\"aligncenter size-full wp-image-332\" src=\"http:\/\/residenciarucab.es\/blog\/wp-content\/uploads\/2019\/10\/mayor-zaragoza-2.jpg\" alt=\"mayor zaragoza y el cambio climatico\" width=\"1280\" height=\"720\" srcset=\"https:\/\/residenciarucab.es\/blog\/wp-content\/uploads\/2019\/10\/mayor-zaragoza-2.jpg 1280w, https:\/\/residenciarucab.es\/blog\/wp-content\/uploads\/2019\/10\/mayor-zaragoza-2-300x169.jpg 300w, https:\/\/residenciarucab.es\/blog\/wp-content\/uploads\/2019\/10\/mayor-zaragoza-2-768x432.jpg 768w, https:\/\/residenciarucab.es\/blog\/wp-content\/uploads\/2019\/10\/mayor-zaragoza-2-1024x576.jpg 1024w, https:\/\/residenciarucab.es\/blog\/wp-content\/uploads\/2019\/10\/mayor-zaragoza-2-1140x641.jpg 1140w, https:\/\/residenciarucab.es\/blog\/wp-content\/uploads\/2019\/10\/mayor-zaragoza-2-552x311.jpg 552w\" sizes=\"auto, (max-width: 1280px) 100vw, 1280px\" \/><\/p>\n<h4>Cambio clim\u00e1tico<\/h4>\n<p>Est\u00e1 en juego la habitabilidad de la tierra y debemos defender nuestro planeta, no hay un plan B para la tierra, relata que las actuaciones deben de ser inminentes y efectivas, estamos en un punto muy cr\u00edtico, en el 2016 con la entrada de <strong>Donald Tramp<\/strong> en el gobierno norteamericano, se perdi\u00f3 la posibilidad de empezar con las mejoras para atajar el cambio clim\u00e1tico, pues se negaron los <a href=\"https:\/\/www.un.org\/sustainabledevelopment\/es\/objetivos-de-desarrollo-sostenible\/\" target=\"_blank\" rel=\"noopener noreferrer\"><strong>Objetivos de Desarrollo Sostenible<\/strong><\/a> y los <strong>Acuerdos de Par\u00eds<\/strong> sobre el cambio clim\u00e1tico, adem\u00e1s el <strong>G7<\/strong> acuerda incrementar los gastos de defensa y eliminar los objetivos contra el cambio clim\u00e1tico. Esto nos ha llevado a una situaci\u00f3n delicada, y los <strong>j\u00f3venes<\/strong> est\u00e1n tomando un papel muy importante de protesta frente a la situaci\u00f3n del clima.<\/p>\n<blockquote><p><strong>Mayor Zaragoza<\/strong> explica que \u00abtenemos que ser conscientes de que o bien somos capaces de cambiar o tendremos que asumir las consecuencias del cambio clim\u00e1tico\u00bb.<\/p><\/blockquote>\n<h4><img loading=\"lazy\" decoding=\"async\" class=\"aligncenter size-full wp-image-333\" src=\"http:\/\/residenciarucab.es\/blog\/wp-content\/uploads\/2019\/10\/mayor-zaragoza-4.jpg\" alt=\"mayor zaragoza y la pena de muerte\" width=\"1280\" height=\"720\" srcset=\"https:\/\/residenciarucab.es\/blog\/wp-content\/uploads\/2019\/10\/mayor-zaragoza-4.jpg 1280w, https:\/\/residenciarucab.es\/blog\/wp-content\/uploads\/2019\/10\/mayor-zaragoza-4-300x169.jpg 300w, https:\/\/residenciarucab.es\/blog\/wp-content\/uploads\/2019\/10\/mayor-zaragoza-4-768x432.jpg 768w, https:\/\/residenciarucab.es\/blog\/wp-content\/uploads\/2019\/10\/mayor-zaragoza-4-1024x576.jpg 1024w, https:\/\/residenciarucab.es\/blog\/wp-content\/uploads\/2019\/10\/mayor-zaragoza-4-1140x641.jpg 1140w, https:\/\/residenciarucab.es\/blog\/wp-content\/uploads\/2019\/10\/mayor-zaragoza-4-552x311.jpg 552w\" sizes=\"auto, (max-width: 1280px) 100vw, 1280px\" \/><\/h4>\n<h4>Otros temas<\/h4>\n<p>Finalmente hemos hablado sobre la <strong>abolici\u00f3n de la pena de muerte<\/strong>, ya que es presidente de la Comisi\u00f3n Internacional Contra la Pena de Muerte.<\/p>\n<p>La <strong>educaci\u00f3n<\/strong> ha sido otro tema importante de esta tertulia, para \u00e9l es fundamental que la educaci\u00f3n empiece en las <strong>personas que mandan<\/strong>, para no imponer una serie de pautas que los propios mandatarios no cumplen.<\/p>\n<p>Mayor Zaragoza finaliza declarando que la soluci\u00f3n es <strong>inventar el futuro<\/strong>.<\/p>\n<p>Posteriormente se ha llevado a cabo la conferencia en el Sal\u00f3n de Actos con Juan Carlos Rodr\u00edguez Ibarra.<\/p>\n<p><img loading=\"lazy\" decoding=\"async\" class=\"aligncenter size-full wp-image-334\" src=\"http:\/\/residenciarucab.es\/blog\/wp-content\/uploads\/2019\/10\/mayor-zaragoza-3.jpg\" alt=\"mayor zaragoza, emilio vazquez y emilio jimenez\" width=\"1280\" height=\"720\" srcset=\"https:\/\/residenciarucab.es\/blog\/wp-content\/uploads\/2019\/10\/mayor-zaragoza-3.jpg 1280w, https:\/\/residenciarucab.es\/blog\/wp-content\/uploads\/2019\/10\/mayor-zaragoza-3-300x169.jpg 300w, https:\/\/residenciarucab.es\/blog\/wp-content\/uploads\/2019\/10\/mayor-zaragoza-3-768x432.jpg 768w, https:\/\/residenciarucab.es\/blog\/wp-content\/uploads\/2019\/10\/mayor-zaragoza-3-1024x576.jpg 1024w, https:\/\/residenciarucab.es\/blog\/wp-content\/uploads\/2019\/10\/mayor-zaragoza-3-1140x641.jpg 1140w, https:\/\/residenciarucab.es\/blog\/wp-content\/uploads\/2019\/10\/mayor-zaragoza-3-552x311.jpg 552w\" sizes=\"auto, (max-width: 1280px) 100vw, 1280px\" \/><\/p>\n<p>Sigue leyendo m\u00e1s contenido sobre la RUCAB en nuestro\u00a0<a href=\"https:\/\/residenciarucab.es\/blog\/\" target=\"_blank\" rel=\"noopener noreferrer\">blog<\/a>.<\/p>\n<p>&nbsp;<\/p>\n<p>&nbsp;<\/p>\n<p>&nbsp;<\/p>\n<p>&nbsp;<\/p>\n","protected":false},"excerpt":{"rendered":"<p class=\"post-excerpt\">Un total de diez residentes han compartido opiniones en una charla con Federico Mayor Zaragoza, este caf\u00e9 tertulia se enmarca en el nuevo ciclo de conferencias que organiza Fundaci\u00f3n CB\u00a0en la RUCAB, de la mano de Juan Carlos Rodr\u00edguez Ibarra. En la RUCAB nos gusta fomentar la cultura y debatir&#8230;<\/p>\n","protected":false},"author":1,"featured_media":331,"comment_status":"open","ping_status":"open","sticky":false,"template":"","format":"standard","meta":{"footnotes":""},"categories":[1],"tags":[9,119,121,117,118,122,36,35,120,123],"class_list":["post-322","post","type-post","status-publish","format-standard","has-post-thumbnail","hentry","category-noticias","tag-badajoz","tag-cambio-climatico","tag-educacion","tag-federico-mayor-zaragoza","tag-ibarra","tag-pena-de-murte","tag-residencia-universitaria","tag-rucab","tag-tertulia","tag-unesco"],"yoast_head":"<!-- This site is optimized with the Yoast SEO plugin v27.5 - https:\/\/yoast.com\/product\/yoast-seo-wordpress\/ -->\n<title>Caf\u00e9 - Tertulia con Federico Mayor Zaragoza - BLOG RUCAB<\/title>\n<meta name=\"description\" content=\"Charla con Federico Mayor Zaragoza, este caf\u00e9 tertulia se enmarca en el nuevo ciclo de conferencias que organiza Fundaci\u00f3n CB\u00a0en la RUCAB.\" \/>\n<meta name=\"robots\" content=\"index, follow, max-snippet:-1, max-image-preview:large, max-video-preview:-1\" \/>\n<link rel=\"canonical\" href=\"https:\/\/residenciarucab.es\/blog\/federico-mayor-zaragoza\/\" \/>\n<meta property=\"og:locale\" content=\"es_ES\" \/>\n<meta property=\"og:type\" content=\"article\" \/>\n<meta property=\"og:title\" content=\"Caf\u00e9 - Tertulia con Federico Mayor Zaragoza - BLOG RUCAB\" \/>\n<meta property=\"og:description\" content=\"Charla con Federico Mayor Zaragoza, este caf\u00e9 tertulia se enmarca en el nuevo ciclo de conferencias que organiza Fundaci\u00f3n CB\u00a0en la RUCAB.\" \/>\n<meta property=\"og:url\" content=\"https:\/\/residenciarucab.es\/blog\/federico-mayor-zaragoza\/\" \/>\n<meta property=\"og:site_name\" content=\"BLOG RUCAB\" \/>\n<meta property=\"article:published_time\" content=\"2019-10-04T10:23:54+00:00\" \/>\n<meta property=\"article:modified_time\" content=\"2019-10-04T10:53:12+00:00\" \/>\n<meta property=\"og:image\" content=\"https:\/\/residenciarucab.es\/blog\/wp-content\/uploads\/2019\/10\/mayor-zaragoza-1.jpg\" \/>\n\t<meta property=\"og:image:width\" content=\"1280\" \/>\n\t<meta property=\"og:image:height\" content=\"720\" \/>\n\t<meta property=\"og:image:type\" content=\"image\/jpeg\" \/>\n<meta name=\"author\" content=\"RUCAB\" \/>\n<meta name=\"twitter:card\" content=\"summary_large_image\" \/>\n<meta name=\"twitter:label1\" content=\"Escrito por\" \/>\n\t<meta name=\"twitter:data1\" content=\"RUCAB\" \/>\n\t<meta name=\"twitter:label2\" content=\"Tiempo de lectura\" \/>\n\t<meta name=\"twitter:data2\" content=\"2 minutos\" \/>\n<script type=\"application\/ld+json\" class=\"yoast-schema-graph\">{\"@context\":\"https:\\\/\\\/schema.org\",\"@graph\":[{\"@type\":\"Article\",\"@id\":\"https:\\\/\\\/residenciarucab.es\\\/blog\\\/federico-mayor-zaragoza\\\/#article\",\"isPartOf\":{\"@id\":\"https:\\\/\\\/residenciarucab.es\\\/blog\\\/federico-mayor-zaragoza\\\/\"},\"author\":{\"name\":\"RUCAB\",\"@id\":\"https:\\\/\\\/residenciarucab.es\\\/blog\\\/#\\\/schema\\\/person\\\/f759c867eac865f0ce36c767f26f9294\"},\"headline\":\"Caf\u00e9 &#8211; Tertulia con Federico Mayor Zaragoza\",\"datePublished\":\"2019-10-04T10:23:54+00:00\",\"dateModified\":\"2019-10-04T10:53:12+00:00\",\"mainEntityOfPage\":{\"@id\":\"https:\\\/\\\/residenciarucab.es\\\/blog\\\/federico-mayor-zaragoza\\\/\"},\"wordCount\":487,\"commentCount\":0,\"image\":{\"@id\":\"https:\\\/\\\/residenciarucab.es\\\/blog\\\/federico-mayor-zaragoza\\\/#primaryimage\"},\"thumbnailUrl\":\"https:\\\/\\\/residenciarucab.es\\\/blog\\\/wp-content\\\/uploads\\\/2019\\\/10\\\/mayor-zaragoza-1.jpg\",\"keywords\":[\"Badajoz\",\"cambio climatico\",\"educacion\",\"federico mayor zaragoza\",\"ibarra\",\"pena de murte\",\"Residencia Universitaria\",\"Rucab\",\"tertulia\",\"unesco\"],\"articleSection\":[\"Noticias\"],\"inLanguage\":\"es\",\"potentialAction\":[{\"@type\":\"CommentAction\",\"name\":\"Comment\",\"target\":[\"https:\\\/\\\/residenciarucab.es\\\/blog\\\/federico-mayor-zaragoza\\\/#respond\"]}]},{\"@type\":\"WebPage\",\"@id\":\"https:\\\/\\\/residenciarucab.es\\\/blog\\\/federico-mayor-zaragoza\\\/\",\"url\":\"https:\\\/\\\/residenciarucab.es\\\/blog\\\/federico-mayor-zaragoza\\\/\",\"name\":\"Caf\u00e9 - Tertulia con Federico Mayor Zaragoza - BLOG RUCAB\",\"isPartOf\":{\"@id\":\"https:\\\/\\\/residenciarucab.es\\\/blog\\\/#website\"},\"primaryImageOfPage\":{\"@id\":\"https:\\\/\\\/residenciarucab.es\\\/blog\\\/federico-mayor-zaragoza\\\/#primaryimage\"},\"image\":{\"@id\":\"https:\\\/\\\/residenciarucab.es\\\/blog\\\/federico-mayor-zaragoza\\\/#primaryimage\"},\"thumbnailUrl\":\"https:\\\/\\\/residenciarucab.es\\\/blog\\\/wp-content\\\/uploads\\\/2019\\\/10\\\/mayor-zaragoza-1.jpg\",\"datePublished\":\"2019-10-04T10:23:54+00:00\",\"dateModified\":\"2019-10-04T10:53:12+00:00\",\"author\":{\"@id\":\"https:\\\/\\\/residenciarucab.es\\\/blog\\\/#\\\/schema\\\/person\\\/f759c867eac865f0ce36c767f26f9294\"},\"description\":\"Charla con Federico Mayor Zaragoza, este caf\u00e9 tertulia se enmarca en el nuevo ciclo de conferencias que organiza Fundaci\u00f3n CB\u00a0en la RUCAB.\",\"breadcrumb\":{\"@id\":\"https:\\\/\\\/residenciarucab.es\\\/blog\\\/federico-mayor-zaragoza\\\/#breadcrumb\"},\"inLanguage\":\"es\",\"potentialAction\":[{\"@type\":\"ReadAction\",\"target\":[\"https:\\\/\\\/residenciarucab.es\\\/blog\\\/federico-mayor-zaragoza\\\/\"]}]},{\"@type\":\"ImageObject\",\"inLanguage\":\"es\",\"@id\":\"https:\\\/\\\/residenciarucab.es\\\/blog\\\/federico-mayor-zaragoza\\\/#primaryimage\",\"url\":\"https:\\\/\\\/residenciarucab.es\\\/blog\\\/wp-content\\\/uploads\\\/2019\\\/10\\\/mayor-zaragoza-1.jpg\",\"contentUrl\":\"https:\\\/\\\/residenciarucab.es\\\/blog\\\/wp-content\\\/uploads\\\/2019\\\/10\\\/mayor-zaragoza-1.jpg\",\"width\":1280,\"height\":720,\"caption\":\"caf\u00e9 tertulia mayor zaragoza\"},{\"@type\":\"BreadcrumbList\",\"@id\":\"https:\\\/\\\/residenciarucab.es\\\/blog\\\/federico-mayor-zaragoza\\\/#breadcrumb\",\"itemListElement\":[{\"@type\":\"ListItem\",\"position\":1,\"name\":\"Portada\",\"item\":\"https:\\\/\\\/residenciarucab.es\\\/blog\\\/\"},{\"@type\":\"ListItem\",\"position\":2,\"name\":\"Caf\u00e9 &#8211; Tertulia con Federico Mayor Zaragoza\"}]},{\"@type\":\"WebSite\",\"@id\":\"https:\\\/\\\/residenciarucab.es\\\/blog\\\/#website\",\"url\":\"https:\\\/\\\/residenciarucab.es\\\/blog\\\/\",\"name\":\"BLOG RUCAB\",\"description\":\"\u00a1Todas las novedades de nuestra residencia universitaria!\",\"potentialAction\":[{\"@type\":\"SearchAction\",\"target\":{\"@type\":\"EntryPoint\",\"urlTemplate\":\"https:\\\/\\\/residenciarucab.es\\\/blog\\\/?s={search_term_string}\"},\"query-input\":{\"@type\":\"PropertyValueSpecification\",\"valueRequired\":true,\"valueName\":\"search_term_string\"}}],\"inLanguage\":\"es\"},{\"@type\":\"Person\",\"@id\":\"https:\\\/\\\/residenciarucab.es\\\/blog\\\/#\\\/schema\\\/person\\\/f759c867eac865f0ce36c767f26f9294\",\"name\":\"RUCAB\",\"image\":{\"@type\":\"ImageObject\",\"inLanguage\":\"es\",\"@id\":\"https:\\\/\\\/residenciarucab.es\\\/blog\\\/wp-content\\\/uploads\\\/2019\\\/07\\\/r-rosa.png\",\"url\":\"https:\\\/\\\/residenciarucab.es\\\/blog\\\/wp-content\\\/uploads\\\/2019\\\/07\\\/r-rosa.png\",\"contentUrl\":\"https:\\\/\\\/residenciarucab.es\\\/blog\\\/wp-content\\\/uploads\\\/2019\\\/07\\\/r-rosa.png\",\"caption\":\"RUCAB\"},\"description\":\"La RUCAB es un referente en Extremadura por la calidad de sus instalaciones y por su estilo de vida, basado en valores de convivencia, respeto y educaci\u00f3n. Una residencia junto al campus y con todas las necesidades cubiertas.\",\"url\":\"https:\\\/\\\/residenciarucab.es\\\/blog\\\/author\\\/rucab_blog\\\/\"}]}<\/script>\n<!-- \/ Yoast SEO plugin. -->","yoast_head_json":{"title":"Caf\u00e9 - Tertulia con Federico Mayor Zaragoza - BLOG RUCAB","description":"Charla con Federico Mayor Zaragoza, este caf\u00e9 tertulia se enmarca en el nuevo ciclo de conferencias que organiza Fundaci\u00f3n CB\u00a0en la RUCAB.","robots":{"index":"index","follow":"follow","max-snippet":"max-snippet:-1","max-image-preview":"max-image-preview:large","max-video-preview":"max-video-preview:-1"},"canonical":"https:\/\/residenciarucab.es\/blog\/federico-mayor-zaragoza\/","og_locale":"es_ES","og_type":"article","og_title":"Caf\u00e9 - Tertulia con Federico Mayor Zaragoza - BLOG RUCAB","og_description":"Charla con Federico Mayor Zaragoza, este caf\u00e9 tertulia se enmarca en el nuevo ciclo de conferencias que organiza Fundaci\u00f3n CB\u00a0en la RUCAB.","og_url":"https:\/\/residenciarucab.es\/blog\/federico-mayor-zaragoza\/","og_site_name":"BLOG RUCAB","article_published_time":"2019-10-04T10:23:54+00:00","article_modified_time":"2019-10-04T10:53:12+00:00","og_image":[{"width":1280,"height":720,"url":"https:\/\/residenciarucab.es\/blog\/wp-content\/uploads\/2019\/10\/mayor-zaragoza-1.jpg","type":"image\/jpeg"}],"author":"RUCAB","twitter_card":"summary_large_image","twitter_misc":{"Escrito por":"RUCAB","Tiempo de lectura":"2 minutos"},"schema":{"@context":"https:\/\/schema.org","@graph":[{"@type":"Article","@id":"https:\/\/residenciarucab.es\/blog\/federico-mayor-zaragoza\/#article","isPartOf":{"@id":"https:\/\/residenciarucab.es\/blog\/federico-mayor-zaragoza\/"},"author":{"name":"RUCAB","@id":"https:\/\/residenciarucab.es\/blog\/#\/schema\/person\/f759c867eac865f0ce36c767f26f9294"},"headline":"Caf\u00e9 &#8211; Tertulia con Federico Mayor Zaragoza","datePublished":"2019-10-04T10:23:54+00:00","dateModified":"2019-10-04T10:53:12+00:00","mainEntityOfPage":{"@id":"https:\/\/residenciarucab.es\/blog\/federico-mayor-zaragoza\/"},"wordCount":487,"commentCount":0,"image":{"@id":"https:\/\/residenciarucab.es\/blog\/federico-mayor-zaragoza\/#primaryimage"},"thumbnailUrl":"https:\/\/residenciarucab.es\/blog\/wp-content\/uploads\/2019\/10\/mayor-zaragoza-1.jpg","keywords":["Badajoz","cambio climatico","educacion","federico mayor zaragoza","ibarra","pena de murte","Residencia Universitaria","Rucab","tertulia","unesco"],"articleSection":["Noticias"],"inLanguage":"es","potentialAction":[{"@type":"CommentAction","name":"Comment","target":["https:\/\/residenciarucab.es\/blog\/federico-mayor-zaragoza\/#respond"]}]},{"@type":"WebPage","@id":"https:\/\/residenciarucab.es\/blog\/federico-mayor-zaragoza\/","url":"https:\/\/residenciarucab.es\/blog\/federico-mayor-zaragoza\/","name":"Caf\u00e9 - Tertulia con Federico Mayor Zaragoza - BLOG RUCAB","isPartOf":{"@id":"https:\/\/residenciarucab.es\/blog\/#website"},"primaryImageOfPage":{"@id":"https:\/\/residenciarucab.es\/blog\/federico-mayor-zaragoza\/#primaryimage"},"image":{"@id":"https:\/\/residenciarucab.es\/blog\/federico-mayor-zaragoza\/#primaryimage"},"thumbnailUrl":"https:\/\/residenciarucab.es\/blog\/wp-content\/uploads\/2019\/10\/mayor-zaragoza-1.jpg","datePublished":"2019-10-04T10:23:54+00:00","dateModified":"2019-10-04T10:53:12+00:00","author":{"@id":"https:\/\/residenciarucab.es\/blog\/#\/schema\/person\/f759c867eac865f0ce36c767f26f9294"},"description":"Charla con Federico Mayor Zaragoza, este caf\u00e9 tertulia se enmarca en el nuevo ciclo de conferencias que organiza Fundaci\u00f3n CB\u00a0en la RUCAB.","breadcrumb":{"@id":"https:\/\/residenciarucab.es\/blog\/federico-mayor-zaragoza\/#breadcrumb"},"inLanguage":"es","potentialAction":[{"@type":"ReadAction","target":["https:\/\/residenciarucab.es\/blog\/federico-mayor-zaragoza\/"]}]},{"@type":"ImageObject","inLanguage":"es","@id":"https:\/\/residenciarucab.es\/blog\/federico-mayor-zaragoza\/#primaryimage","url":"https:\/\/residenciarucab.es\/blog\/wp-content\/uploads\/2019\/10\/mayor-zaragoza-1.jpg","contentUrl":"https:\/\/residenciarucab.es\/blog\/wp-content\/uploads\/2019\/10\/mayor-zaragoza-1.jpg","width":1280,"height":720,"caption":"caf\u00e9 tertulia mayor zaragoza"},{"@type":"BreadcrumbList","@id":"https:\/\/residenciarucab.es\/blog\/federico-mayor-zaragoza\/#breadcrumb","itemListElement":[{"@type":"ListItem","position":1,"name":"Portada","item":"https:\/\/residenciarucab.es\/blog\/"},{"@type":"ListItem","position":2,"name":"Caf\u00e9 &#8211; Tertulia con Federico Mayor Zaragoza"}]},{"@type":"WebSite","@id":"https:\/\/residenciarucab.es\/blog\/#website","url":"https:\/\/residenciarucab.es\/blog\/","name":"BLOG RUCAB","description":"\u00a1Todas las novedades de nuestra residencia universitaria!","potentialAction":[{"@type":"SearchAction","target":{"@type":"EntryPoint","urlTemplate":"https:\/\/residenciarucab.es\/blog\/?s={search_term_string}"},"query-input":{"@type":"PropertyValueSpecification","valueRequired":true,"valueName":"search_term_string"}}],"inLanguage":"es"},{"@type":"Person","@id":"https:\/\/residenciarucab.es\/blog\/#\/schema\/person\/f759c867eac865f0ce36c767f26f9294","name":"RUCAB","image":{"@type":"ImageObject","inLanguage":"es","@id":"https:\/\/residenciarucab.es\/blog\/wp-content\/uploads\/2019\/07\/r-rosa.png","url":"https:\/\/residenciarucab.es\/blog\/wp-content\/uploads\/2019\/07\/r-rosa.png","contentUrl":"https:\/\/residenciarucab.es\/blog\/wp-content\/uploads\/2019\/07\/r-rosa.png","caption":"RUCAB"},"description":"La RUCAB es un referente en Extremadura por la calidad de sus instalaciones y por su estilo de vida, basado en valores de convivencia, respeto y educaci\u00f3n. Una residencia junto al campus y con todas las necesidades cubiertas.","url":"https:\/\/residenciarucab.es\/blog\/author\/rucab_blog\/"}]}},"_links":{"self":[{"href":"https:\/\/residenciarucab.es\/blog\/wp-json\/wp\/v2\/posts\/322","targetHints":{"allow":["GET"]}}],"collection":[{"href":"https:\/\/residenciarucab.es\/blog\/wp-json\/wp\/v2\/posts"}],"about":[{"href":"https:\/\/residenciarucab.es\/blog\/wp-json\/wp\/v2\/types\/post"}],"author":[{"embeddable":true,"href":"https:\/\/residenciarucab.es\/blog\/wp-json\/wp\/v2\/users\/1"}],"replies":[{"embeddable":true,"href":"https:\/\/residenciarucab.es\/blog\/wp-json\/wp\/v2\/comments?post=322"}],"version-history":[{"count":16,"href":"https:\/\/residenciarucab.es\/blog\/wp-json\/wp\/v2\/posts\/322\/revisions"}],"predecessor-version":[{"id":342,"href":"https:\/\/residenciarucab.es\/blog\/wp-json\/wp\/v2\/posts\/322\/revisions\/342"}],"wp:featuredmedia":[{"embeddable":true,"href":"https:\/\/residenciarucab.es\/blog\/wp-json\/wp\/v2\/media\/331"}],"wp:attachment":[{"href":"https:\/\/residenciarucab.es\/blog\/wp-json\/wp\/v2\/media?parent=322"}],"wp:term":[{"taxonomy":"category","embeddable":true,"href":"https:\/\/residenciarucab.es\/blog\/wp-json\/wp\/v2\/categories?post=322"},{"taxonomy":"post_tag","embeddable":true,"href":"https:\/\/residenciarucab.es\/blog\/wp-json\/wp\/v2\/tags?post=322"}],"curies":[{"name":"wp","href":"https:\/\/api.w.org\/{rel}","templated":true}]}}