

{"id":33,"date":"2019-04-30T13:56:36","date_gmt":"2019-04-30T11:56:36","guid":{"rendered":"http:\/\/localhost\/blog\/?p=33"},"modified":"2019-07-22T14:42:12","modified_gmt":"2019-07-22T12:42:12","slug":"acto-de-imposicion-de-beca-de-la-rucab-curso-2018-2019","status":"publish","type":"post","link":"https:\/\/residenciarucab.es\/blog\/acto-de-imposicion-de-beca-de-la-rucab-curso-2018-2019\/","title":{"rendered":"Acto de Imposici\u00f3n de Beca de la RUCAB curso 2018 &#8211; 2019"},"content":{"rendered":"<h4>En la RUCAB hemos celebrado un acto muy importante para nuestros residentes, la imposici\u00f3n de beca del curso 2018 &#8211; 2019. En este post hacemos un peque\u00f1o resumen del evento y os dejamos una galer\u00eda de fotos.<\/h4>\r\n\r\n<p>Cada a\u00f1o en el mes de abril, los residentes tienen una cita muy especial en la RUCAB, realizamos el\u00a0<strong>Acto de Imposici\u00f3n de Beca<\/strong>\u00a0de nuestra residencia. En este evento reconocemos a los residentes de tercer a\u00f1o con una distinci\u00f3n, esta beca es colocada por el padrino que cada uno elige y representa el sentimiento de pertenencia de la RUCAB.<\/p>\r\n\r\n\r\n\r\n<p>El acto ha comenzado con un\u00a0<strong>coro musical<\/strong>\u00a0formado por cuatro residentes: Paula B\u00e1\u00f1ez, Irene Puig-Sanper, Elena Serradilla, Carlos Hern\u00e1ndez y Cristina Fern\u00e1ndez al piano, interpretando la canci\u00f3n &#8216;Cheap thrills&#8217; de Sia.<\/p>\r\n\r\n\r\n\r\n<p>Despu\u00e9s se ha dado paso a la presentaci\u00f3n oficial, con las palabras\u00a0<strong>Luis Mar\u00edn,<\/strong>\u00a0Director de la RUCAB, que ha ensalzado la historia y el reconocimiento de la residencia, ha afirmado que \u00abentendemos que hay una comuni\u00f3n entre nosotros y vosotros, por eso se os da la beca, para que siempre record\u00e9is con cari\u00f1o esta etapa y esta residencia\u00bb, no ha querido terminar su discurso sin agradecer la confianza depositada en esta instituci\u00f3n, y espera que pronto sean graduados de la\u00a0<a href=\"https:\/\/www.unex.es\/\" target=\"_blank\" rel=\"noreferrer noopener\">Universidad de Extremadura<\/a>.<\/p>\r\n\r\n\r\n\r\n<p>Le han seguido las palabras de\u00a0<strong>Emilio V\u00e1zquez<\/strong>, Presidente de la\u00a0<a href=\"http:\/\/www.fundacioncb.es\/\" target=\"_blank\" rel=\"noreferrer noopener\">Fundaci\u00f3n CB<\/a>, qui\u00e9n ha destacado que es un honor hacer entrega de la beca de la RUCAB al actual Rector de la Universidad de Extremadura y antiguo residente, Antonio Hidalgo. Adem\u00e1s ha recalcado la importancia de la cultura para labrar un porvenir y un futuro, \u00abentregaros y participar en la cultura, que ella os va a abrir much\u00edsimo las posibilidades de ser m\u00e1s felices en la vida\u00bb, se ha dirigido a los residentes como la generaci\u00f3n que pilotar\u00e1 la sociedad del futura.<\/p>\r\n\r\n\r\n\r\n<p>El antiguo residente y actual Rector de la Unex,\u00a0<strong>Antonio Hidalgo<\/strong>, ha querido recordar su paso por esta residencia, la cual fue su primera casa en Badajoz y de la que posee grandes recuerdos. A esta casa le unen batallitas y gamberradas propias de la edad, pero sobre todo le une un sentimiento de cari\u00f1o, respeto y unidad, el de las personas que pertenecen al concepto #WeAreRucab. Tambi\u00e9n ha querido destacar el gran cambio y transformaci\u00f3n, a mejor, que ha ido experimentando la RUCAB, adapt\u00e1ndose a los tiempo y las necesidades actuales.<\/p>\r\n\r\n\r\n\r\n<p>Finalmente, y con bastante entusiasmo por parte de los chicos, los miembros de la mesa\u00a0<strong>Emilio Jim\u00e9nez<\/strong>, Director de Fundaci\u00f3n CB, Emilio V\u00e1zquez, Antonio Hidalgo y Luis Mar\u00edn han colocado las becas a los 25 residentes de tercer a\u00f1o de la RUCAB.<\/p>\r\n\r\n\r\n\r\n<p>Galer\u00eda de im\u00e1genes<\/p>\r\n\r\n\r\n\r\n<figure class=\"wp-block-image\"><img decoding=\"async\" src=\"http:\/\/residenciarucab.es\/blog\/wp-content\/uploads\/2019\/04\/beca-3-300x210.jpg\" alt=\"\" \/><\/figure>\r\n\r\n\r\n\r\n<figure class=\"wp-block-image\"><img decoding=\"async\" src=\"http:\/\/residenciarucab.es\/blog\/wp-content\/uploads\/2019\/04\/beca-4-300x210.jpg\" alt=\"\" \/><\/figure>\r\n\r\n\r\n\r\n<figure class=\"wp-block-image\"><img decoding=\"async\" src=\"http:\/\/residenciarucab.es\/blog\/wp-content\/uploads\/2019\/04\/beca-uno-300x210.jpg\" alt=\"\" \/><\/figure>\r\n\r\n\r\n\r\n<figure class=\"wp-block-image\"><img decoding=\"async\" src=\"http:\/\/residenciarucab.es\/blog\/wp-content\/uploads\/2019\/04\/beca2-300x210.jpg\" alt=\"\" \/><\/figure>\r\n\r\n\r\n\r\n<figure class=\"wp-block-image\"><img decoding=\"async\" src=\"http:\/\/residenciarucab.es\/blog\/wp-content\/uploads\/2019\/04\/beca-5-300x210.jpg\" alt=\"\" \/><\/figure>\r\n\r\n\r\n\r\n<figure class=\"wp-block-image\"><img decoding=\"async\" src=\"http:\/\/residenciarucab.es\/blog\/wp-content\/uploads\/2019\/04\/beca-6-300x210.jpg\" alt=\"\" \/><\/figure>\r\n\r\n\r\n\r\n<figure class=\"wp-block-image\"><img decoding=\"async\" src=\"http:\/\/residenciarucab.es\/blog\/wp-content\/uploads\/2019\/04\/beca-7-300x210.jpg\" alt=\"\" \/><\/figure>\r\n\r\n\r\n\r\n<figure class=\"wp-block-image\"><img decoding=\"async\" src=\"http:\/\/residenciarucab.es\/blog\/wp-content\/uploads\/2019\/04\/beca-8-300x210.jpg\" alt=\"\" \/><\/figure>\r\n\r\n\r\n\r\n<figure class=\"wp-block-image\"><img decoding=\"async\" src=\"http:\/\/residenciarucab.es\/blog\/wp-content\/uploads\/2019\/04\/beca-9-300x210.jpg\" alt=\"\" \/><\/figure>\r\n\r\n\r\n\r\n<figure class=\"wp-block-image\"><img decoding=\"async\" src=\"http:\/\/residenciarucab.es\/blog\/wp-content\/uploads\/2019\/04\/beca-10-300x210.jpg\" alt=\"\" \/><\/figure>\r\n\r\n\r\n\r\n<figure class=\"wp-block-image\"><img decoding=\"async\" src=\"http:\/\/residenciarucab.es\/blog\/wp-content\/uploads\/2019\/04\/beca-11-300x210.jpg\" alt=\"\" \/><\/figure>\r\n\r\n\r\n\r\n<figure class=\"wp-block-image\"><img decoding=\"async\" src=\"http:\/\/residenciarucab.es\/blog\/wp-content\/uploads\/2019\/04\/beca-12-300x210.jpg\" alt=\"\" \/><\/figure>\r\n\r\n\r\n\r\n<figure class=\"wp-block-image\"><img decoding=\"async\" src=\"http:\/\/residenciarucab.es\/blog\/wp-content\/uploads\/2019\/04\/beca-13-300x210.jpg\" alt=\"\" \/><\/figure>\r\n\r\n\r\n\r\n<figure class=\"wp-block-image\"><img decoding=\"async\" src=\"http:\/\/residenciarucab.es\/blog\/wp-content\/uploads\/2019\/04\/beca-14-300x210.jpg\" alt=\"\" \/><\/figure>\r\n\r\n\r\n\r\n<figure class=\"wp-block-image\"><img decoding=\"async\" src=\"http:\/\/residenciarucab.es\/blog\/wp-content\/uploads\/2019\/04\/beca-15-300x210.jpg\" alt=\"\" \/><\/figure>\r\n\r\n\r\n\r\n<figure class=\"wp-block-image\"><img decoding=\"async\" src=\"http:\/\/residenciarucab.es\/blog\/wp-content\/uploads\/2019\/04\/beca-16-300x210.jpg\" alt=\"\" \/><\/figure>\r\n\r\n\r\n\r\n<figure class=\"wp-block-image\"><img decoding=\"async\" src=\"http:\/\/residenciarucab.es\/blog\/wp-content\/uploads\/2019\/04\/beca-17-300x210.jpg\" alt=\"\" \/><\/figure>\r\n\r\n\r\n\r\n<figure class=\"wp-block-image\"><img decoding=\"async\" src=\"http:\/\/residenciarucab.es\/blog\/wp-content\/uploads\/2019\/04\/beca-18-300x210.jpg\" alt=\"\" \/><\/figure>\r\n\r\n\r\n\r\n<figure class=\"wp-block-image\"><img decoding=\"async\" src=\"http:\/\/residenciarucab.es\/blog\/wp-content\/uploads\/2019\/04\/beca-19-300x210.jpg\" alt=\"\" \/><\/figure>\r\n\r\n\r\n\r\n<figure class=\"wp-block-image\"><img decoding=\"async\" src=\"http:\/\/residenciarucab.es\/blog\/wp-content\/uploads\/2019\/04\/beca-20-300x210.jpg\" alt=\"\" \/><\/figure>\r\n\r\n\r\n\r\n<figure class=\"wp-block-image\"><img decoding=\"async\" src=\"http:\/\/residenciarucab.es\/blog\/wp-content\/uploads\/2019\/04\/antonio-hidalgo-300x210.jpg\" alt=\"\" \/><\/figure>\r\n\r\n\r\n\r\n<figure class=\"wp-block-image\"><img decoding=\"async\" src=\"http:\/\/residenciarucab.es\/blog\/wp-content\/uploads\/2019\/04\/beca-21-300x210.jpg\" alt=\"\" \/><\/figure>\r\n\r\n\r\n\r\n<figure class=\"wp-block-image\"><img decoding=\"async\" src=\"http:\/\/residenciarucab.es\/blog\/wp-content\/uploads\/2019\/04\/beca-22-300x210.jpg\" alt=\"\" \/><\/figure>\r\n\r\n\r\n\r\n<figure class=\"wp-block-image\"><img decoding=\"async\" src=\"http:\/\/residenciarucab.es\/blog\/wp-content\/uploads\/2019\/04\/beca-23-300x210.jpg\" alt=\"\" \/><\/figure>\r\n\r\n\r\n\r\n<figure class=\"wp-block-image\"><img decoding=\"async\" src=\"http:\/\/residenciarucab.es\/blog\/wp-content\/uploads\/2019\/04\/beca-24-300x210.jpg\" alt=\"\" \/><\/figure>\r\n\r\n\r\n\r\n<figure class=\"wp-block-image\"><img decoding=\"async\" src=\"http:\/\/residenciarucab.es\/blog\/wp-content\/uploads\/2019\/04\/beca-25-300x210.jpg\" alt=\"\" \/><\/figure>\r\n\r\n\r\n\r\n<figure class=\"wp-block-image\"><img decoding=\"async\" src=\"http:\/\/residenciarucab.es\/blog\/wp-content\/uploads\/2019\/04\/beca-mesa-300x210.jpg\" alt=\"\" \/><\/figure>\r\n","protected":false},"excerpt":{"rendered":"<p class=\"post-excerpt\">En la RUCAB hemos celebrado un acto muy importante para nuestros residentes, la imposici\u00f3n de beca del curso 2018 &#8211; 2019. En este post hacemos un peque\u00f1o resumen del evento y os dejamos una galer\u00eda de fotos. Cada a\u00f1o en el mes de abril, los residentes tienen una cita muy&#8230;<\/p>\n","protected":false},"author":1,"featured_media":54,"comment_status":"open","ping_status":"open","sticky":false,"template":"","format":"standard","meta":{"footnotes":""},"categories":[1],"tags":[],"class_list":["post-33","post","type-post","status-publish","format-standard","has-post-thumbnail","hentry","category-noticias"],"yoast_head":"<!-- This site is optimized with the Yoast SEO plugin v27.4 - https:\/\/yoast.com\/product\/yoast-seo-wordpress\/ -->\n<title>Acto de Imposici\u00f3n de Beca de la RUCAB curso 2018 - 2019 - BLOG RUCAB<\/title>\n<meta name=\"robots\" content=\"index, follow, max-snippet:-1, max-image-preview:large, max-video-preview:-1\" \/>\n<link rel=\"canonical\" href=\"https:\/\/residenciarucab.es\/blog\/acto-de-imposicion-de-beca-de-la-rucab-curso-2018-2019\/\" \/>\n<meta property=\"og:locale\" content=\"es_ES\" \/>\n<meta property=\"og:type\" content=\"article\" \/>\n<meta property=\"og:title\" content=\"Acto de Imposici\u00f3n de Beca de la RUCAB curso 2018 - 2019 - BLOG RUCAB\" \/>\n<meta property=\"og:description\" content=\"En la RUCAB hemos celebrado un acto muy importante para nuestros residentes, la imposici\u00f3n de beca del curso 2018 &#8211; 2019. En este post hacemos un peque\u00f1o resumen del evento y os dejamos una galer\u00eda de fotos. Cada a\u00f1o en el mes de abril, los residentes tienen una cita muy...\" \/>\n<meta property=\"og:url\" content=\"https:\/\/residenciarucab.es\/blog\/acto-de-imposicion-de-beca-de-la-rucab-curso-2018-2019\/\" \/>\n<meta property=\"og:site_name\" content=\"BLOG RUCAB\" \/>\n<meta property=\"article:published_time\" content=\"2019-04-30T11:56:36+00:00\" \/>\n<meta property=\"article:modified_time\" content=\"2019-07-22T12:42:12+00:00\" \/>\n<meta property=\"og:image\" content=\"https:\/\/residenciarucab.es\/blog\/wp-content\/uploads\/2019\/06\/beca-1-1.jpg\" \/>\n\t<meta property=\"og:image:width\" content=\"510\" \/>\n\t<meta property=\"og:image:height\" content=\"310\" \/>\n\t<meta property=\"og:image:type\" content=\"image\/jpeg\" \/>\n<meta name=\"author\" content=\"RUCAB\" \/>\n<meta name=\"twitter:card\" content=\"summary_large_image\" \/>\n<meta name=\"twitter:label1\" content=\"Escrito por\" \/>\n\t<meta name=\"twitter:data1\" content=\"RUCAB\" \/>\n\t<meta name=\"twitter:label2\" content=\"Tiempo de lectura\" \/>\n\t<meta name=\"twitter:data2\" content=\"2 minutos\" \/>\n<script type=\"application\/ld+json\" class=\"yoast-schema-graph\">{\"@context\":\"https:\\\/\\\/schema.org\",\"@graph\":[{\"@type\":\"Article\",\"@id\":\"https:\\\/\\\/residenciarucab.es\\\/blog\\\/acto-de-imposicion-de-beca-de-la-rucab-curso-2018-2019\\\/#article\",\"isPartOf\":{\"@id\":\"https:\\\/\\\/residenciarucab.es\\\/blog\\\/acto-de-imposicion-de-beca-de-la-rucab-curso-2018-2019\\\/\"},\"author\":{\"name\":\"RUCAB\",\"@id\":\"https:\\\/\\\/residenciarucab.es\\\/blog\\\/#\\\/schema\\\/person\\\/f759c867eac865f0ce36c767f26f9294\"},\"headline\":\"Acto de Imposici\u00f3n de Beca de la RUCAB curso 2018 &#8211; 2019\",\"datePublished\":\"2019-04-30T11:56:36+00:00\",\"dateModified\":\"2019-07-22T12:42:12+00:00\",\"mainEntityOfPage\":{\"@id\":\"https:\\\/\\\/residenciarucab.es\\\/blog\\\/acto-de-imposicion-de-beca-de-la-rucab-curso-2018-2019\\\/\"},\"wordCount\":487,\"commentCount\":0,\"image\":{\"@id\":\"https:\\\/\\\/residenciarucab.es\\\/blog\\\/acto-de-imposicion-de-beca-de-la-rucab-curso-2018-2019\\\/#primaryimage\"},\"thumbnailUrl\":\"https:\\\/\\\/residenciarucab.es\\\/blog\\\/wp-content\\\/uploads\\\/2019\\\/06\\\/beca-1-1.jpg\",\"articleSection\":[\"Noticias\"],\"inLanguage\":\"es\",\"potentialAction\":[{\"@type\":\"CommentAction\",\"name\":\"Comment\",\"target\":[\"https:\\\/\\\/residenciarucab.es\\\/blog\\\/acto-de-imposicion-de-beca-de-la-rucab-curso-2018-2019\\\/#respond\"]}]},{\"@type\":\"WebPage\",\"@id\":\"https:\\\/\\\/residenciarucab.es\\\/blog\\\/acto-de-imposicion-de-beca-de-la-rucab-curso-2018-2019\\\/\",\"url\":\"https:\\\/\\\/residenciarucab.es\\\/blog\\\/acto-de-imposicion-de-beca-de-la-rucab-curso-2018-2019\\\/\",\"name\":\"Acto de Imposici\u00f3n de Beca de la RUCAB curso 2018 - 2019 - BLOG RUCAB\",\"isPartOf\":{\"@id\":\"https:\\\/\\\/residenciarucab.es\\\/blog\\\/#website\"},\"primaryImageOfPage\":{\"@id\":\"https:\\\/\\\/residenciarucab.es\\\/blog\\\/acto-de-imposicion-de-beca-de-la-rucab-curso-2018-2019\\\/#primaryimage\"},\"image\":{\"@id\":\"https:\\\/\\\/residenciarucab.es\\\/blog\\\/acto-de-imposicion-de-beca-de-la-rucab-curso-2018-2019\\\/#primaryimage\"},\"thumbnailUrl\":\"https:\\\/\\\/residenciarucab.es\\\/blog\\\/wp-content\\\/uploads\\\/2019\\\/06\\\/beca-1-1.jpg\",\"datePublished\":\"2019-04-30T11:56:36+00:00\",\"dateModified\":\"2019-07-22T12:42:12+00:00\",\"author\":{\"@id\":\"https:\\\/\\\/residenciarucab.es\\\/blog\\\/#\\\/schema\\\/person\\\/f759c867eac865f0ce36c767f26f9294\"},\"breadcrumb\":{\"@id\":\"https:\\\/\\\/residenciarucab.es\\\/blog\\\/acto-de-imposicion-de-beca-de-la-rucab-curso-2018-2019\\\/#breadcrumb\"},\"inLanguage\":\"es\",\"potentialAction\":[{\"@type\":\"ReadAction\",\"target\":[\"https:\\\/\\\/residenciarucab.es\\\/blog\\\/acto-de-imposicion-de-beca-de-la-rucab-curso-2018-2019\\\/\"]}]},{\"@type\":\"ImageObject\",\"inLanguage\":\"es\",\"@id\":\"https:\\\/\\\/residenciarucab.es\\\/blog\\\/acto-de-imposicion-de-beca-de-la-rucab-curso-2018-2019\\\/#primaryimage\",\"url\":\"https:\\\/\\\/residenciarucab.es\\\/blog\\\/wp-content\\\/uploads\\\/2019\\\/06\\\/beca-1-1.jpg\",\"contentUrl\":\"https:\\\/\\\/residenciarucab.es\\\/blog\\\/wp-content\\\/uploads\\\/2019\\\/06\\\/beca-1-1.jpg\",\"width\":510,\"height\":310},{\"@type\":\"BreadcrumbList\",\"@id\":\"https:\\\/\\\/residenciarucab.es\\\/blog\\\/acto-de-imposicion-de-beca-de-la-rucab-curso-2018-2019\\\/#breadcrumb\",\"itemListElement\":[{\"@type\":\"ListItem\",\"position\":1,\"name\":\"Portada\",\"item\":\"https:\\\/\\\/residenciarucab.es\\\/blog\\\/\"},{\"@type\":\"ListItem\",\"position\":2,\"name\":\"Acto de Imposici\u00f3n de Beca de la RUCAB curso 2018 &#8211; 2019\"}]},{\"@type\":\"WebSite\",\"@id\":\"https:\\\/\\\/residenciarucab.es\\\/blog\\\/#website\",\"url\":\"https:\\\/\\\/residenciarucab.es\\\/blog\\\/\",\"name\":\"BLOG RUCAB\",\"description\":\"\u00a1Todas las novedades de nuestra residencia universitaria!\",\"potentialAction\":[{\"@type\":\"SearchAction\",\"target\":{\"@type\":\"EntryPoint\",\"urlTemplate\":\"https:\\\/\\\/residenciarucab.es\\\/blog\\\/?s={search_term_string}\"},\"query-input\":{\"@type\":\"PropertyValueSpecification\",\"valueRequired\":true,\"valueName\":\"search_term_string\"}}],\"inLanguage\":\"es\"},{\"@type\":\"Person\",\"@id\":\"https:\\\/\\\/residenciarucab.es\\\/blog\\\/#\\\/schema\\\/person\\\/f759c867eac865f0ce36c767f26f9294\",\"name\":\"RUCAB\",\"image\":{\"@type\":\"ImageObject\",\"inLanguage\":\"es\",\"@id\":\"https:\\\/\\\/residenciarucab.es\\\/blog\\\/wp-content\\\/uploads\\\/2019\\\/07\\\/r-rosa.png\",\"url\":\"https:\\\/\\\/residenciarucab.es\\\/blog\\\/wp-content\\\/uploads\\\/2019\\\/07\\\/r-rosa.png\",\"contentUrl\":\"https:\\\/\\\/residenciarucab.es\\\/blog\\\/wp-content\\\/uploads\\\/2019\\\/07\\\/r-rosa.png\",\"caption\":\"RUCAB\"},\"description\":\"La RUCAB es un referente en Extremadura por la calidad de sus instalaciones y por su estilo de vida, basado en valores de convivencia, respeto y educaci\u00f3n. Una residencia junto al campus y con todas las necesidades cubiertas.\",\"url\":\"https:\\\/\\\/residenciarucab.es\\\/blog\\\/author\\\/rucab_blog\\\/\"}]}<\/script>\n<!-- \/ Yoast SEO plugin. -->","yoast_head_json":{"title":"Acto de Imposici\u00f3n de Beca de la RUCAB curso 2018 - 2019 - BLOG RUCAB","robots":{"index":"index","follow":"follow","max-snippet":"max-snippet:-1","max-image-preview":"max-image-preview:large","max-video-preview":"max-video-preview:-1"},"canonical":"https:\/\/residenciarucab.es\/blog\/acto-de-imposicion-de-beca-de-la-rucab-curso-2018-2019\/","og_locale":"es_ES","og_type":"article","og_title":"Acto de Imposici\u00f3n de Beca de la RUCAB curso 2018 - 2019 - BLOG RUCAB","og_description":"En la RUCAB hemos celebrado un acto muy importante para nuestros residentes, la imposici\u00f3n de beca del curso 2018 &#8211; 2019. En este post hacemos un peque\u00f1o resumen del evento y os dejamos una galer\u00eda de fotos. Cada a\u00f1o en el mes de abril, los residentes tienen una cita muy...","og_url":"https:\/\/residenciarucab.es\/blog\/acto-de-imposicion-de-beca-de-la-rucab-curso-2018-2019\/","og_site_name":"BLOG RUCAB","article_published_time":"2019-04-30T11:56:36+00:00","article_modified_time":"2019-07-22T12:42:12+00:00","og_image":[{"width":510,"height":310,"url":"https:\/\/residenciarucab.es\/blog\/wp-content\/uploads\/2019\/06\/beca-1-1.jpg","type":"image\/jpeg"}],"author":"RUCAB","twitter_card":"summary_large_image","twitter_misc":{"Escrito por":"RUCAB","Tiempo de lectura":"2 minutos"},"schema":{"@context":"https:\/\/schema.org","@graph":[{"@type":"Article","@id":"https:\/\/residenciarucab.es\/blog\/acto-de-imposicion-de-beca-de-la-rucab-curso-2018-2019\/#article","isPartOf":{"@id":"https:\/\/residenciarucab.es\/blog\/acto-de-imposicion-de-beca-de-la-rucab-curso-2018-2019\/"},"author":{"name":"RUCAB","@id":"https:\/\/residenciarucab.es\/blog\/#\/schema\/person\/f759c867eac865f0ce36c767f26f9294"},"headline":"Acto de Imposici\u00f3n de Beca de la RUCAB curso 2018 &#8211; 2019","datePublished":"2019-04-30T11:56:36+00:00","dateModified":"2019-07-22T12:42:12+00:00","mainEntityOfPage":{"@id":"https:\/\/residenciarucab.es\/blog\/acto-de-imposicion-de-beca-de-la-rucab-curso-2018-2019\/"},"wordCount":487,"commentCount":0,"image":{"@id":"https:\/\/residenciarucab.es\/blog\/acto-de-imposicion-de-beca-de-la-rucab-curso-2018-2019\/#primaryimage"},"thumbnailUrl":"https:\/\/residenciarucab.es\/blog\/wp-content\/uploads\/2019\/06\/beca-1-1.jpg","articleSection":["Noticias"],"inLanguage":"es","potentialAction":[{"@type":"CommentAction","name":"Comment","target":["https:\/\/residenciarucab.es\/blog\/acto-de-imposicion-de-beca-de-la-rucab-curso-2018-2019\/#respond"]}]},{"@type":"WebPage","@id":"https:\/\/residenciarucab.es\/blog\/acto-de-imposicion-de-beca-de-la-rucab-curso-2018-2019\/","url":"https:\/\/residenciarucab.es\/blog\/acto-de-imposicion-de-beca-de-la-rucab-curso-2018-2019\/","name":"Acto de Imposici\u00f3n de Beca de la RUCAB curso 2018 - 2019 - BLOG RUCAB","isPartOf":{"@id":"https:\/\/residenciarucab.es\/blog\/#website"},"primaryImageOfPage":{"@id":"https:\/\/residenciarucab.es\/blog\/acto-de-imposicion-de-beca-de-la-rucab-curso-2018-2019\/#primaryimage"},"image":{"@id":"https:\/\/residenciarucab.es\/blog\/acto-de-imposicion-de-beca-de-la-rucab-curso-2018-2019\/#primaryimage"},"thumbnailUrl":"https:\/\/residenciarucab.es\/blog\/wp-content\/uploads\/2019\/06\/beca-1-1.jpg","datePublished":"2019-04-30T11:56:36+00:00","dateModified":"2019-07-22T12:42:12+00:00","author":{"@id":"https:\/\/residenciarucab.es\/blog\/#\/schema\/person\/f759c867eac865f0ce36c767f26f9294"},"breadcrumb":{"@id":"https:\/\/residenciarucab.es\/blog\/acto-de-imposicion-de-beca-de-la-rucab-curso-2018-2019\/#breadcrumb"},"inLanguage":"es","potentialAction":[{"@type":"ReadAction","target":["https:\/\/residenciarucab.es\/blog\/acto-de-imposicion-de-beca-de-la-rucab-curso-2018-2019\/"]}]},{"@type":"ImageObject","inLanguage":"es","@id":"https:\/\/residenciarucab.es\/blog\/acto-de-imposicion-de-beca-de-la-rucab-curso-2018-2019\/#primaryimage","url":"https:\/\/residenciarucab.es\/blog\/wp-content\/uploads\/2019\/06\/beca-1-1.jpg","contentUrl":"https:\/\/residenciarucab.es\/blog\/wp-content\/uploads\/2019\/06\/beca-1-1.jpg","width":510,"height":310},{"@type":"BreadcrumbList","@id":"https:\/\/residenciarucab.es\/blog\/acto-de-imposicion-de-beca-de-la-rucab-curso-2018-2019\/#breadcrumb","itemListElement":[{"@type":"ListItem","position":1,"name":"Portada","item":"https:\/\/residenciarucab.es\/blog\/"},{"@type":"ListItem","position":2,"name":"Acto de Imposici\u00f3n de Beca de la RUCAB curso 2018 &#8211; 2019"}]},{"@type":"WebSite","@id":"https:\/\/residenciarucab.es\/blog\/#website","url":"https:\/\/residenciarucab.es\/blog\/","name":"BLOG RUCAB","description":"\u00a1Todas las novedades de nuestra residencia universitaria!","potentialAction":[{"@type":"SearchAction","target":{"@type":"EntryPoint","urlTemplate":"https:\/\/residenciarucab.es\/blog\/?s={search_term_string}"},"query-input":{"@type":"PropertyValueSpecification","valueRequired":true,"valueName":"search_term_string"}}],"inLanguage":"es"},{"@type":"Person","@id":"https:\/\/residenciarucab.es\/blog\/#\/schema\/person\/f759c867eac865f0ce36c767f26f9294","name":"RUCAB","image":{"@type":"ImageObject","inLanguage":"es","@id":"https:\/\/residenciarucab.es\/blog\/wp-content\/uploads\/2019\/07\/r-rosa.png","url":"https:\/\/residenciarucab.es\/blog\/wp-content\/uploads\/2019\/07\/r-rosa.png","contentUrl":"https:\/\/residenciarucab.es\/blog\/wp-content\/uploads\/2019\/07\/r-rosa.png","caption":"RUCAB"},"description":"La RUCAB es un referente en Extremadura por la calidad de sus instalaciones y por su estilo de vida, basado en valores de convivencia, respeto y educaci\u00f3n. Una residencia junto al campus y con todas las necesidades cubiertas.","url":"https:\/\/residenciarucab.es\/blog\/author\/rucab_blog\/"}]}},"_links":{"self":[{"href":"https:\/\/residenciarucab.es\/blog\/wp-json\/wp\/v2\/posts\/33","targetHints":{"allow":["GET"]}}],"collection":[{"href":"https:\/\/residenciarucab.es\/blog\/wp-json\/wp\/v2\/posts"}],"about":[{"href":"https:\/\/residenciarucab.es\/blog\/wp-json\/wp\/v2\/types\/post"}],"author":[{"embeddable":true,"href":"https:\/\/residenciarucab.es\/blog\/wp-json\/wp\/v2\/users\/1"}],"replies":[{"embeddable":true,"href":"https:\/\/residenciarucab.es\/blog\/wp-json\/wp\/v2\/comments?post=33"}],"version-history":[{"count":4,"href":"https:\/\/residenciarucab.es\/blog\/wp-json\/wp\/v2\/posts\/33\/revisions"}],"predecessor-version":[{"id":70,"href":"https:\/\/residenciarucab.es\/blog\/wp-json\/wp\/v2\/posts\/33\/revisions\/70"}],"wp:featuredmedia":[{"embeddable":true,"href":"https:\/\/residenciarucab.es\/blog\/wp-json\/wp\/v2\/media\/54"}],"wp:attachment":[{"href":"https:\/\/residenciarucab.es\/blog\/wp-json\/wp\/v2\/media?parent=33"}],"wp:term":[{"taxonomy":"category","embeddable":true,"href":"https:\/\/residenciarucab.es\/blog\/wp-json\/wp\/v2\/categories?post=33"},{"taxonomy":"post_tag","embeddable":true,"href":"https:\/\/residenciarucab.es\/blog\/wp-json\/wp\/v2\/tags?post=33"}],"curies":[{"name":"wp","href":"https:\/\/api.w.org\/{rel}","templated":true}]}}