

{"id":36,"date":"2019-04-29T13:57:35","date_gmt":"2019-04-29T11:57:35","guid":{"rendered":"http:\/\/localhost\/blog\/?p=36"},"modified":"2019-07-24T10:12:03","modified_gmt":"2019-07-24T08:12:03","slug":"rucab-fest-celebrara-su-primera-edicion-el-3-de-mayo","status":"publish","type":"post","link":"https:\/\/residenciarucab.es\/blog\/rucab-fest-celebrara-su-primera-edicion-el-3-de-mayo\/","title":{"rendered":"RUCAB FEST celebrar\u00e1 su primera edici\u00f3n el 3 de mayo"},"content":{"rendered":"\r\n<h4 class=\"wp-block-heading\">El 3 de mayo se celebrar\u00e1 el Concurso Musical\u00a0<strong>RUCAB FEST<\/strong>, a partir de las 21.00 horas en los jardines de la Residencia Universitaria J. A. Marcos Blanco disfrutaremos de cinco grupos musicales procedentes y residentes de Extremadura que actuar\u00e1n en directo para ofrecer una noche cargada de mucha m\u00fasica.<\/h4>\r\n\r\n\r\n\r\n<p>Con este evento pretendemos:<\/p>\r\n\r\n\r\n\r\n<ul class=\"wp-block-list\">\r\n<li>Fomentar la difusi\u00f3n de la m\u00fasica como forma de expresi\u00f3n cultural.<\/li>\r\n<li>Poner en valor la creatividad y el arte como uno de los elementos fundamentales de nuestra cultura.<\/li>\r\n<li>Dar visibilidad y difusi\u00f3n a los artistas y creadores extreme\u00f1os y darles la posibilidad de expresarse y de ser escuchados.<\/li>\r\n<li>Hacer de altavoz del talento y la iniciativa musical actuales en nuestra regi\u00f3n.<\/li>\r\n<li>Potenciar la RUCAB como centro cultural de referencia de la ciudad de Badajoz.<\/li>\r\n<li>Ampliar la oferta formativa y cultural de los residentes de la RUCAB.<\/li>\r\n<\/ul>\r\n\r\n\r\n\r\n<p>Queremos consolidar RUCAB FEST como uno de los<strong>\u00a0festivales de renombre de la ciudad de Badajoz<\/strong>, por eso, estamos muy emocionado con el nivel de participaci\u00f3n de esta primera edici\u00f3n, donde se han presentado casi una\u00a0<strong>treintena<\/strong>\u00a0de grupos y solistas con origen y residencia en Extremadura.El concurso musical ha pasado por diferentes fases, en la primera se han inscrito los interesados en participar en el RUCAB FEST, una vez finalizado el periodo de inscripci\u00f3n, un jurado ha seleccionado a los cinco grupos finalistas que actuar\u00e1n en directo el pr\u00f3ximo 3 de mayo.\u00a0Estos son los grupos que actuar\u00e1n en directo durante 20 minutos cada uno:\u00a0\ud83d\udca5<a href=\"https:\/\/www.facebook.com\/Lesmotriz\/?__tn__=K-R&amp;eid=ARBALCBco3a_RLT541d8bcB00K9FWC4y4Y1fzkqPt1b80C0hOsT78trNw_UakBN98xt6XCGo06QYSMEY&amp;fref=mentions&amp;__xts__[0]=68.ARCTb_iMI-fMllGEH-ihcMsqlrMQF2kQyOZdLE_vBEJ9GamtsLxCyKWXxIXhrxSFfzLgSqoM5BL1tz1pnN3LzZS-ona3Ig_-MQDZswoaZvukFpQ-ChYdNw2X57Z-bw4wsBQyKlqOtBP9BZPeemm2aZzY588qvAemDID_zpm1J5cwc13J8Nu-pH2R7Zq09d2yS96o_sVdlZ--J7RU4PEyz3XRSEOCJAzW6VahSJD85z1k3UQPHxRPvQWP6ikRBH1uJfjmSltQEDhmyYSIg6Q1WSmiQ-y6XB8AGtpvRTFADVu3Sia9obDpliaXF0D-3UJfAirtbA2L_tBEtq9WGVyBJc8\" target=\"_blank\" rel=\"noreferrer noopener\">Les Motriz<\/a>\ud83d\udca5<a href=\"https:\/\/www.facebook.com\/javi.fernandezrobles?__tn__=K-R&amp;eid=ARDFyRyWASDOLek6XcN3pJObBUw2-dyxJUiI6HRzeJ0Yutw6K5BEFSKENQdBRWzKn8HrOwM8q6T0qxLh&amp;fref=mentions&amp;__xts__[0]=68.ARCGrmkiJwnzY9-fOoAD4-J0VhVcdCw21xbW3woqUhQMbBR2G8tfKUhkfgjBgtoBo8T18PhxxPMh3-T29-1YbAjfqtR72lj2FMvx7S1xCbUthEuhxtGQfs0fq_gSAd_U0ZlD0PQzf7DLtr3iWNi-ArKG8fVfmwtAQOwqJgVtLcBriB3qd46yN9UB-HfsATjRsCGPbMXVVU4aSrV2F_zQ9XmB_6EC5yqKkTyDbI8T8R73ga6Xd6t_QMKQ25BkUUM_Up3G6vcIPeHu98bO4ijIDP41A1Jlie6AUlYKufKqq15HR7YjErgU9jKAxoDyTcBfKoHjYKrlzJv_6L-ugGfLJMg\" target=\"_blank\" rel=\"noreferrer noopener\">Javi Fernandez Robles<\/a>\ud83d\udca5<a href=\"https:\/\/www.facebook.com\/marcusvalleyband\/?__tn__=K-R&amp;eid=ARBvadgOWvO3FXwkMGx5S_LQwyejzpoSFrHd0_hC4NNmi_8eduy8mY4vbNeHvrI_SUk-TQ9ULoLIXWzV&amp;fref=mentions&amp;__xts__[0]=68.ARAlyMPe21hAGn2WTHqZ-0-nUYIm1B8O58FAYbEtQE_1iwzSbb7YwfINZw7nDpUe5_s-utpCKwLUV_JTIVOPLsmQDCEJsROtOM0IHG5F9-PC_th62a07yls1ffkoX11-xxTEBit-LpqQ6LMQK4jdzDY364JZeNw8Z7t236Tu-86Nvw0iRxp_zdmhuRcFEEdDw0On-HuuWQI13DJE_GeDVi-12rP2KirKbfjJNyZEgCuodaeaH-DiI4VxHt4z89JBmIoCW29HMy6Icxij_Hn2a6bSTJuDS06x52Q8eRKKNy-JFZPx_nCALVwcB_-LmVtTmUSNPlM0uKhZ7iuQYBGJOuM\" target=\"_blank\" rel=\"noreferrer noopener\">Marcus Valley<\/a>\ud83d\udca5<a href=\"https:\/\/www.facebook.com\/LadyJaqueMusic\/?__tn__=K-R&amp;eid=ARBTSF6mNjWm3FH1w2EtGlzRatqyQcELCqdn_tvdAVTZhdRGOoicFRA-vdRtsc0RF9cZN01FssIwGESi&amp;fref=mentions&amp;__xts__[0]=68.ARAAOMTCaTq5Py1cITSRDRw2ZxM2wT5mSdEmeoEauW1HEj9MevmtPoGgGEBaItv7jdMVLGD93ypouYMPx8_bTVXKC11rE6IrHKri-icd_HUlmEBV68a7xUMvpVgirkOid3NfV94BtOKvejr3fk86FmI9C9dNHY0qJ2mDA4bWttfyehubW90WdoqTHVLq3J372w2vCFVWzBgWFAmx3eXdS79q39_LPP9nlYMJDi_7qShDUdT1hNY8hmneyPQrmXse757opzIzTHpXtpxrdnXVDV1aeTumAjqkwf6T2l6rm__Ga8SA3fw_zwatk7xxssOkypD4amiQzQj6MkxiKEFpDks\" target=\"_blank\" rel=\"noreferrer noopener\">Lady Jaque<\/a>\ud83d\udca5<a href=\"https:\/\/www.facebook.com\/Bilateral-718077101721577\/?__tn__=K-R&amp;eid=ARB52EvpZyGskq4qxMLzlQbi8ODyKJ0Vju25YQv_bQJTyb3SWBiYKOZi94gncpmKsqBsW0vpZlD3AA1Y&amp;fref=mentions&amp;__xts__[0]=68.ARAgualZf9nV2kOayb97Nu49CxrkT1qRPBhoZTitcz-YMjoo7wrskqXw_HsX1TxbWWtVYhJs9QBQW_r_k005_R-YledZbDwmLs3jEk6-otYH7OqHG3MNmORspdQyxllKTNBGM3yI-RQ31m3ddaA4VftoZAhFh024qciSvNb0y3H8hPZiYy7l7fSGsbCfPY92HQL08jXrvn1s827r70pCDILop1CSa3e872TiuGOpf5r8i0I846cM91UN3_IikT7TobzB0BBz3u84pqqNIoiGiFBqSDsQzt20WShOgAn8riqsNyMBdlnSSDInsFGpyp8FzpUn5u4b3SsSBajVBqBuCz4\" target=\"_blank\" rel=\"noreferrer noopener\">Bilateral<\/a>\u00a0Os aseguramos que estos grupos tienen\u00a0<strong>\u00a1UN NIVELAZO!<\/strong>\u00a0estamos muy emocionados con la acogida y el nivel que presenta esta primera edici\u00f3n del\u00a0RUCABFEST, \u00bfsabes lo mejor de todo? que la entrada es GRATIS, en esta edici\u00f3n el p\u00fablico juega un papel importante, pues podr\u00e1n votar por su grupo preferido para ayudarlos a conseguir uno de los tres premios, os recordamos que consta de tres, uno de\u00a0<strong>800\u20ac, 200\u20ac y 100\u20ac.<\/strong><\/p>\r\n\r\n\r\n\r\n<p>El jurado tendr\u00e1 la misi\u00f3n de valorar de la forma m\u00e1s objetiva posible los siguientes aspectos de cada uno de los participantes en la\u00a0<strong>Fase Final<\/strong>:<\/p>\r\n\r\n\r\n\r\n<ul class=\"wp-block-list\">\r\n<li>Originalidad.<\/li>\r\n<li>Capacidad t\u00e9cnica.<\/li>\r\n<li>Actitud.<\/li>\r\n<li>Puesta en escena.<\/li>\r\n<li>Conexi\u00f3n con el p\u00fablico.<\/li>\r\n<li>El resultado de la final del concurso vendr\u00e1 determinado por los votos de los miembros del jurado m\u00e1s el voto del p\u00fablico asistente.<\/li>\r\n<\/ul>\r\n\r\n\r\n\r\n<p>\u00a0Ya queda menos para el gran d\u00eda, y como ves esta edici\u00f3n va a ser muy especial, esperamos tu asistencia para apoyar a tu grupo musical preferido.\u00a0<br \/><br \/><\/p>\r\n","protected":false},"excerpt":{"rendered":"<p class=\"post-excerpt\">El 3 de mayo se celebrar\u00e1 el Concurso Musical\u00a0RUCAB FEST, a partir de las 21.00 horas en los jardines de la Residencia Universitaria J. A. Marcos Blanco disfrutaremos de cinco grupos musicales procedentes y residentes de Extremadura que actuar\u00e1n en directo para ofrecer una noche cargada de mucha m\u00fasica. Con&#8230;<\/p>\n","protected":false},"author":1,"featured_media":46,"comment_status":"open","ping_status":"open","sticky":false,"template":"","format":"standard","meta":{"footnotes":""},"categories":[1],"tags":[],"class_list":["post-36","post","type-post","status-publish","format-standard","has-post-thumbnail","hentry","category-noticias"],"yoast_head":"<!-- This site is optimized with the Yoast SEO plugin v27.4 - https:\/\/yoast.com\/product\/yoast-seo-wordpress\/ -->\n<title>RUCAB FEST celebrar\u00e1 su primera edici\u00f3n el 3 de mayo - BLOG RUCAB<\/title>\n<meta name=\"robots\" content=\"index, follow, max-snippet:-1, max-image-preview:large, max-video-preview:-1\" \/>\n<link rel=\"canonical\" href=\"https:\/\/residenciarucab.es\/blog\/rucab-fest-celebrara-su-primera-edicion-el-3-de-mayo\/\" \/>\n<meta property=\"og:locale\" content=\"es_ES\" \/>\n<meta property=\"og:type\" content=\"article\" \/>\n<meta property=\"og:title\" content=\"RUCAB FEST celebrar\u00e1 su primera edici\u00f3n el 3 de mayo - BLOG RUCAB\" \/>\n<meta property=\"og:description\" content=\"El 3 de mayo se celebrar\u00e1 el Concurso Musical\u00a0RUCAB FEST, a partir de las 21.00 horas en los jardines de la Residencia Universitaria J. A. Marcos Blanco disfrutaremos de cinco grupos musicales procedentes y residentes de Extremadura que actuar\u00e1n en directo para ofrecer una noche cargada de mucha m\u00fasica. Con...\" \/>\n<meta property=\"og:url\" content=\"https:\/\/residenciarucab.es\/blog\/rucab-fest-celebrara-su-primera-edicion-el-3-de-mayo\/\" \/>\n<meta property=\"og:site_name\" content=\"BLOG RUCAB\" \/>\n<meta property=\"article:published_time\" content=\"2019-04-29T11:57:35+00:00\" \/>\n<meta property=\"article:modified_time\" content=\"2019-07-24T08:12:03+00:00\" \/>\n<meta property=\"og:image\" content=\"https:\/\/residenciarucab.es\/blog\/wp-content\/uploads\/2019\/06\/rucab-fest-articulo-1.jpg\" \/>\n\t<meta property=\"og:image:width\" content=\"510\" \/>\n\t<meta property=\"og:image:height\" content=\"310\" \/>\n\t<meta property=\"og:image:type\" content=\"image\/jpeg\" \/>\n<meta name=\"author\" content=\"RUCAB\" \/>\n<meta name=\"twitter:card\" content=\"summary_large_image\" \/>\n<meta name=\"twitter:label1\" content=\"Escrito por\" \/>\n\t<meta name=\"twitter:data1\" content=\"RUCAB\" \/>\n\t<meta name=\"twitter:label2\" content=\"Tiempo de lectura\" \/>\n\t<meta name=\"twitter:data2\" content=\"2 minutos\" \/>\n<script type=\"application\/ld+json\" class=\"yoast-schema-graph\">{\"@context\":\"https:\\\/\\\/schema.org\",\"@graph\":[{\"@type\":\"Article\",\"@id\":\"https:\\\/\\\/residenciarucab.es\\\/blog\\\/rucab-fest-celebrara-su-primera-edicion-el-3-de-mayo\\\/#article\",\"isPartOf\":{\"@id\":\"https:\\\/\\\/residenciarucab.es\\\/blog\\\/rucab-fest-celebrara-su-primera-edicion-el-3-de-mayo\\\/\"},\"author\":{\"name\":\"RUCAB\",\"@id\":\"https:\\\/\\\/residenciarucab.es\\\/blog\\\/#\\\/schema\\\/person\\\/f759c867eac865f0ce36c767f26f9294\"},\"headline\":\"RUCAB FEST celebrar\u00e1 su primera edici\u00f3n el 3 de mayo\",\"datePublished\":\"2019-04-29T11:57:35+00:00\",\"dateModified\":\"2019-07-24T08:12:03+00:00\",\"mainEntityOfPage\":{\"@id\":\"https:\\\/\\\/residenciarucab.es\\\/blog\\\/rucab-fest-celebrara-su-primera-edicion-el-3-de-mayo\\\/\"},\"wordCount\":445,\"commentCount\":0,\"image\":{\"@id\":\"https:\\\/\\\/residenciarucab.es\\\/blog\\\/rucab-fest-celebrara-su-primera-edicion-el-3-de-mayo\\\/#primaryimage\"},\"thumbnailUrl\":\"https:\\\/\\\/residenciarucab.es\\\/blog\\\/wp-content\\\/uploads\\\/2019\\\/06\\\/rucab-fest-articulo-1.jpg\",\"articleSection\":[\"Noticias\"],\"inLanguage\":\"es\",\"potentialAction\":[{\"@type\":\"CommentAction\",\"name\":\"Comment\",\"target\":[\"https:\\\/\\\/residenciarucab.es\\\/blog\\\/rucab-fest-celebrara-su-primera-edicion-el-3-de-mayo\\\/#respond\"]}]},{\"@type\":\"WebPage\",\"@id\":\"https:\\\/\\\/residenciarucab.es\\\/blog\\\/rucab-fest-celebrara-su-primera-edicion-el-3-de-mayo\\\/\",\"url\":\"https:\\\/\\\/residenciarucab.es\\\/blog\\\/rucab-fest-celebrara-su-primera-edicion-el-3-de-mayo\\\/\",\"name\":\"RUCAB FEST celebrar\u00e1 su primera edici\u00f3n el 3 de mayo - BLOG RUCAB\",\"isPartOf\":{\"@id\":\"https:\\\/\\\/residenciarucab.es\\\/blog\\\/#website\"},\"primaryImageOfPage\":{\"@id\":\"https:\\\/\\\/residenciarucab.es\\\/blog\\\/rucab-fest-celebrara-su-primera-edicion-el-3-de-mayo\\\/#primaryimage\"},\"image\":{\"@id\":\"https:\\\/\\\/residenciarucab.es\\\/blog\\\/rucab-fest-celebrara-su-primera-edicion-el-3-de-mayo\\\/#primaryimage\"},\"thumbnailUrl\":\"https:\\\/\\\/residenciarucab.es\\\/blog\\\/wp-content\\\/uploads\\\/2019\\\/06\\\/rucab-fest-articulo-1.jpg\",\"datePublished\":\"2019-04-29T11:57:35+00:00\",\"dateModified\":\"2019-07-24T08:12:03+00:00\",\"author\":{\"@id\":\"https:\\\/\\\/residenciarucab.es\\\/blog\\\/#\\\/schema\\\/person\\\/f759c867eac865f0ce36c767f26f9294\"},\"breadcrumb\":{\"@id\":\"https:\\\/\\\/residenciarucab.es\\\/blog\\\/rucab-fest-celebrara-su-primera-edicion-el-3-de-mayo\\\/#breadcrumb\"},\"inLanguage\":\"es\",\"potentialAction\":[{\"@type\":\"ReadAction\",\"target\":[\"https:\\\/\\\/residenciarucab.es\\\/blog\\\/rucab-fest-celebrara-su-primera-edicion-el-3-de-mayo\\\/\"]}]},{\"@type\":\"ImageObject\",\"inLanguage\":\"es\",\"@id\":\"https:\\\/\\\/residenciarucab.es\\\/blog\\\/rucab-fest-celebrara-su-primera-edicion-el-3-de-mayo\\\/#primaryimage\",\"url\":\"https:\\\/\\\/residenciarucab.es\\\/blog\\\/wp-content\\\/uploads\\\/2019\\\/06\\\/rucab-fest-articulo-1.jpg\",\"contentUrl\":\"https:\\\/\\\/residenciarucab.es\\\/blog\\\/wp-content\\\/uploads\\\/2019\\\/06\\\/rucab-fest-articulo-1.jpg\",\"width\":510,\"height\":310},{\"@type\":\"BreadcrumbList\",\"@id\":\"https:\\\/\\\/residenciarucab.es\\\/blog\\\/rucab-fest-celebrara-su-primera-edicion-el-3-de-mayo\\\/#breadcrumb\",\"itemListElement\":[{\"@type\":\"ListItem\",\"position\":1,\"name\":\"Portada\",\"item\":\"https:\\\/\\\/residenciarucab.es\\\/blog\\\/\"},{\"@type\":\"ListItem\",\"position\":2,\"name\":\"RUCAB FEST celebrar\u00e1 su primera edici\u00f3n el 3 de mayo\"}]},{\"@type\":\"WebSite\",\"@id\":\"https:\\\/\\\/residenciarucab.es\\\/blog\\\/#website\",\"url\":\"https:\\\/\\\/residenciarucab.es\\\/blog\\\/\",\"name\":\"BLOG RUCAB\",\"description\":\"\u00a1Todas las novedades de nuestra residencia universitaria!\",\"potentialAction\":[{\"@type\":\"SearchAction\",\"target\":{\"@type\":\"EntryPoint\",\"urlTemplate\":\"https:\\\/\\\/residenciarucab.es\\\/blog\\\/?s={search_term_string}\"},\"query-input\":{\"@type\":\"PropertyValueSpecification\",\"valueRequired\":true,\"valueName\":\"search_term_string\"}}],\"inLanguage\":\"es\"},{\"@type\":\"Person\",\"@id\":\"https:\\\/\\\/residenciarucab.es\\\/blog\\\/#\\\/schema\\\/person\\\/f759c867eac865f0ce36c767f26f9294\",\"name\":\"RUCAB\",\"image\":{\"@type\":\"ImageObject\",\"inLanguage\":\"es\",\"@id\":\"https:\\\/\\\/residenciarucab.es\\\/blog\\\/wp-content\\\/uploads\\\/2019\\\/07\\\/r-rosa.png\",\"url\":\"https:\\\/\\\/residenciarucab.es\\\/blog\\\/wp-content\\\/uploads\\\/2019\\\/07\\\/r-rosa.png\",\"contentUrl\":\"https:\\\/\\\/residenciarucab.es\\\/blog\\\/wp-content\\\/uploads\\\/2019\\\/07\\\/r-rosa.png\",\"caption\":\"RUCAB\"},\"description\":\"La RUCAB es un referente en Extremadura por la calidad de sus instalaciones y por su estilo de vida, basado en valores de convivencia, respeto y educaci\u00f3n. Una residencia junto al campus y con todas las necesidades cubiertas.\",\"url\":\"https:\\\/\\\/residenciarucab.es\\\/blog\\\/author\\\/rucab_blog\\\/\"}]}<\/script>\n<!-- \/ Yoast SEO plugin. -->","yoast_head_json":{"title":"RUCAB FEST celebrar\u00e1 su primera edici\u00f3n el 3 de mayo - BLOG RUCAB","robots":{"index":"index","follow":"follow","max-snippet":"max-snippet:-1","max-image-preview":"max-image-preview:large","max-video-preview":"max-video-preview:-1"},"canonical":"https:\/\/residenciarucab.es\/blog\/rucab-fest-celebrara-su-primera-edicion-el-3-de-mayo\/","og_locale":"es_ES","og_type":"article","og_title":"RUCAB FEST celebrar\u00e1 su primera edici\u00f3n el 3 de mayo - BLOG RUCAB","og_description":"El 3 de mayo se celebrar\u00e1 el Concurso Musical\u00a0RUCAB FEST, a partir de las 21.00 horas en los jardines de la Residencia Universitaria J. A. Marcos Blanco disfrutaremos de cinco grupos musicales procedentes y residentes de Extremadura que actuar\u00e1n en directo para ofrecer una noche cargada de mucha m\u00fasica. Con...","og_url":"https:\/\/residenciarucab.es\/blog\/rucab-fest-celebrara-su-primera-edicion-el-3-de-mayo\/","og_site_name":"BLOG RUCAB","article_published_time":"2019-04-29T11:57:35+00:00","article_modified_time":"2019-07-24T08:12:03+00:00","og_image":[{"width":510,"height":310,"url":"https:\/\/residenciarucab.es\/blog\/wp-content\/uploads\/2019\/06\/rucab-fest-articulo-1.jpg","type":"image\/jpeg"}],"author":"RUCAB","twitter_card":"summary_large_image","twitter_misc":{"Escrito por":"RUCAB","Tiempo de lectura":"2 minutos"},"schema":{"@context":"https:\/\/schema.org","@graph":[{"@type":"Article","@id":"https:\/\/residenciarucab.es\/blog\/rucab-fest-celebrara-su-primera-edicion-el-3-de-mayo\/#article","isPartOf":{"@id":"https:\/\/residenciarucab.es\/blog\/rucab-fest-celebrara-su-primera-edicion-el-3-de-mayo\/"},"author":{"name":"RUCAB","@id":"https:\/\/residenciarucab.es\/blog\/#\/schema\/person\/f759c867eac865f0ce36c767f26f9294"},"headline":"RUCAB FEST celebrar\u00e1 su primera edici\u00f3n el 3 de mayo","datePublished":"2019-04-29T11:57:35+00:00","dateModified":"2019-07-24T08:12:03+00:00","mainEntityOfPage":{"@id":"https:\/\/residenciarucab.es\/blog\/rucab-fest-celebrara-su-primera-edicion-el-3-de-mayo\/"},"wordCount":445,"commentCount":0,"image":{"@id":"https:\/\/residenciarucab.es\/blog\/rucab-fest-celebrara-su-primera-edicion-el-3-de-mayo\/#primaryimage"},"thumbnailUrl":"https:\/\/residenciarucab.es\/blog\/wp-content\/uploads\/2019\/06\/rucab-fest-articulo-1.jpg","articleSection":["Noticias"],"inLanguage":"es","potentialAction":[{"@type":"CommentAction","name":"Comment","target":["https:\/\/residenciarucab.es\/blog\/rucab-fest-celebrara-su-primera-edicion-el-3-de-mayo\/#respond"]}]},{"@type":"WebPage","@id":"https:\/\/residenciarucab.es\/blog\/rucab-fest-celebrara-su-primera-edicion-el-3-de-mayo\/","url":"https:\/\/residenciarucab.es\/blog\/rucab-fest-celebrara-su-primera-edicion-el-3-de-mayo\/","name":"RUCAB FEST celebrar\u00e1 su primera edici\u00f3n el 3 de mayo - BLOG RUCAB","isPartOf":{"@id":"https:\/\/residenciarucab.es\/blog\/#website"},"primaryImageOfPage":{"@id":"https:\/\/residenciarucab.es\/blog\/rucab-fest-celebrara-su-primera-edicion-el-3-de-mayo\/#primaryimage"},"image":{"@id":"https:\/\/residenciarucab.es\/blog\/rucab-fest-celebrara-su-primera-edicion-el-3-de-mayo\/#primaryimage"},"thumbnailUrl":"https:\/\/residenciarucab.es\/blog\/wp-content\/uploads\/2019\/06\/rucab-fest-articulo-1.jpg","datePublished":"2019-04-29T11:57:35+00:00","dateModified":"2019-07-24T08:12:03+00:00","author":{"@id":"https:\/\/residenciarucab.es\/blog\/#\/schema\/person\/f759c867eac865f0ce36c767f26f9294"},"breadcrumb":{"@id":"https:\/\/residenciarucab.es\/blog\/rucab-fest-celebrara-su-primera-edicion-el-3-de-mayo\/#breadcrumb"},"inLanguage":"es","potentialAction":[{"@type":"ReadAction","target":["https:\/\/residenciarucab.es\/blog\/rucab-fest-celebrara-su-primera-edicion-el-3-de-mayo\/"]}]},{"@type":"ImageObject","inLanguage":"es","@id":"https:\/\/residenciarucab.es\/blog\/rucab-fest-celebrara-su-primera-edicion-el-3-de-mayo\/#primaryimage","url":"https:\/\/residenciarucab.es\/blog\/wp-content\/uploads\/2019\/06\/rucab-fest-articulo-1.jpg","contentUrl":"https:\/\/residenciarucab.es\/blog\/wp-content\/uploads\/2019\/06\/rucab-fest-articulo-1.jpg","width":510,"height":310},{"@type":"BreadcrumbList","@id":"https:\/\/residenciarucab.es\/blog\/rucab-fest-celebrara-su-primera-edicion-el-3-de-mayo\/#breadcrumb","itemListElement":[{"@type":"ListItem","position":1,"name":"Portada","item":"https:\/\/residenciarucab.es\/blog\/"},{"@type":"ListItem","position":2,"name":"RUCAB FEST celebrar\u00e1 su primera edici\u00f3n el 3 de mayo"}]},{"@type":"WebSite","@id":"https:\/\/residenciarucab.es\/blog\/#website","url":"https:\/\/residenciarucab.es\/blog\/","name":"BLOG RUCAB","description":"\u00a1Todas las novedades de nuestra residencia universitaria!","potentialAction":[{"@type":"SearchAction","target":{"@type":"EntryPoint","urlTemplate":"https:\/\/residenciarucab.es\/blog\/?s={search_term_string}"},"query-input":{"@type":"PropertyValueSpecification","valueRequired":true,"valueName":"search_term_string"}}],"inLanguage":"es"},{"@type":"Person","@id":"https:\/\/residenciarucab.es\/blog\/#\/schema\/person\/f759c867eac865f0ce36c767f26f9294","name":"RUCAB","image":{"@type":"ImageObject","inLanguage":"es","@id":"https:\/\/residenciarucab.es\/blog\/wp-content\/uploads\/2019\/07\/r-rosa.png","url":"https:\/\/residenciarucab.es\/blog\/wp-content\/uploads\/2019\/07\/r-rosa.png","contentUrl":"https:\/\/residenciarucab.es\/blog\/wp-content\/uploads\/2019\/07\/r-rosa.png","caption":"RUCAB"},"description":"La RUCAB es un referente en Extremadura por la calidad de sus instalaciones y por su estilo de vida, basado en valores de convivencia, respeto y educaci\u00f3n. Una residencia junto al campus y con todas las necesidades cubiertas.","url":"https:\/\/residenciarucab.es\/blog\/author\/rucab_blog\/"}]}},"_links":{"self":[{"href":"https:\/\/residenciarucab.es\/blog\/wp-json\/wp\/v2\/posts\/36","targetHints":{"allow":["GET"]}}],"collection":[{"href":"https:\/\/residenciarucab.es\/blog\/wp-json\/wp\/v2\/posts"}],"about":[{"href":"https:\/\/residenciarucab.es\/blog\/wp-json\/wp\/v2\/types\/post"}],"author":[{"embeddable":true,"href":"https:\/\/residenciarucab.es\/blog\/wp-json\/wp\/v2\/users\/1"}],"replies":[{"embeddable":true,"href":"https:\/\/residenciarucab.es\/blog\/wp-json\/wp\/v2\/comments?post=36"}],"version-history":[{"count":3,"href":"https:\/\/residenciarucab.es\/blog\/wp-json\/wp\/v2\/posts\/36\/revisions"}],"predecessor-version":[{"id":71,"href":"https:\/\/residenciarucab.es\/blog\/wp-json\/wp\/v2\/posts\/36\/revisions\/71"}],"wp:featuredmedia":[{"embeddable":true,"href":"https:\/\/residenciarucab.es\/blog\/wp-json\/wp\/v2\/media\/46"}],"wp:attachment":[{"href":"https:\/\/residenciarucab.es\/blog\/wp-json\/wp\/v2\/media?parent=36"}],"wp:term":[{"taxonomy":"category","embeddable":true,"href":"https:\/\/residenciarucab.es\/blog\/wp-json\/wp\/v2\/categories?post=36"},{"taxonomy":"post_tag","embeddable":true,"href":"https:\/\/residenciarucab.es\/blog\/wp-json\/wp\/v2\/tags?post=36"}],"curies":[{"name":"wp","href":"https:\/\/api.w.org\/{rel}","templated":true}]}}