

{"id":438,"date":"2019-10-23T10:14:44","date_gmt":"2019-10-23T08:14:44","guid":{"rendered":"http:\/\/residenciarucab.es\/blog\/?p=438"},"modified":"2019-10-23T11:50:36","modified_gmt":"2019-10-23T09:50:36","slug":"charla-vih-sida","status":"publish","type":"post","link":"https:\/\/residenciarucab.es\/blog\/charla-vih-sida\/","title":{"rendered":"Charla sobre VIH y SIDA en la RUCAB"},"content":{"rendered":"<h4>Con esta charla intentamos concienciar sobre c\u00f3mo prevenir los riesgos de adquirir la infecci\u00f3n de VIH y SIDA gracias a la asociaci\u00f3n Nueva Vida de Badajoz que lucha para prevenir y sensibilizar sobre esta enfermedad.<\/h4>\n<p>El 22 de octubre hemos tenido una cita muy importante en la <strong>RUCAB<\/strong>, las chicas de la asociaci\u00f3n pacense <a href=\"https:\/\/sites.google.com\/site\/asociacionnuevavidabadajoz\/\" target=\"_blank\" rel=\"noopener noreferrer\"><strong>Nueva Vida<\/strong><\/a> han abordado el tema del <strong>VIH y SIDA<\/strong>. Para empezar, explican que el <strong>VIH<\/strong> es un virus que ataca al sistema de defensas del cuerpo humano, y lo expone a infecciones y enfermedades, mientras que el <strong>SIDA<\/strong> es la fase avanzada de la infecci\u00f3n y la m\u00e1s grave, ocasionando la destrucci\u00f3n del sistema inmunol\u00f3gico.<\/p>\n<p>Adem\u00e1s, el SIDA no tiene cura, pero se est\u00e1 creando una <strong>vacuna<\/strong> para prevenirlo. S\u00ed que existen medicamentos que frenan la reproducci\u00f3n del VIH, logrando con ello que no haya progresi\u00f3n hacia el SIDA. Por lo tanto, nos explican que el VIH produce una <strong>enfermedad cr\u00f3nica<\/strong>. Cuando este VIH no es tratado, lo normal es que en seis o diez a\u00f1os se desarrolle el SIDA y la persona infectada fallezca.<\/p>\n<p>Otros aspectos interesantes y que debemos saber, son las <strong>v\u00edas de transmisi\u00f3n del VIH<\/strong>. Y estas son:<\/p>\n<p><img loading=\"lazy\" decoding=\"async\" class=\"size-full wp-image-443 alignleft\" src=\"http:\/\/residenciarucab.es\/blog\/wp-content\/uploads\/2019\/10\/2-nueva-vida.jpg\" alt=\"Transmisi\u00f3n sexual SIDA\" width=\"1280\" height=\"720\" srcset=\"https:\/\/residenciarucab.es\/blog\/wp-content\/uploads\/2019\/10\/2-nueva-vida.jpg 1280w, https:\/\/residenciarucab.es\/blog\/wp-content\/uploads\/2019\/10\/2-nueva-vida-300x169.jpg 300w, https:\/\/residenciarucab.es\/blog\/wp-content\/uploads\/2019\/10\/2-nueva-vida-768x432.jpg 768w, https:\/\/residenciarucab.es\/blog\/wp-content\/uploads\/2019\/10\/2-nueva-vida-1024x576.jpg 1024w, https:\/\/residenciarucab.es\/blog\/wp-content\/uploads\/2019\/10\/2-nueva-vida-1140x641.jpg 1140w, https:\/\/residenciarucab.es\/blog\/wp-content\/uploads\/2019\/10\/2-nueva-vida-552x311.jpg 552w\" sizes=\"auto, (max-width: 1280px) 100vw, 1280px\" \/><\/p>\n<ul>\n<li>Transmisi\u00f3n sexual<\/li>\n<li>Transmisi\u00f3n sangu\u00ednea<\/li>\n<li>Transmisi\u00f3n vertical (de madre a hijo)<\/li>\n<\/ul>\n<p>Cuatro son los fluidos que transmiten el VIH: la sangre, el semen, las secreciones vaginales y la leche materna.<\/p>\n<p>El desconocimiento o conocimiento err\u00f3neo sobre <strong>c\u00f3mo se transmite o no el VIH<\/strong> son causas de estigma y discriminaci\u00f3n hacia las personas con esta enfermedad. Y nos cuenta que el VIH no se transmite por: los besos, con tocar o preparar los alimentos, mosquitos o compartiendo el mismo lugar de oficina, casa o sitio p\u00fablico.<\/p>\n<h4>\u00bfC\u00f3mo prevenir la transmisi\u00f3n del VIH?<\/h4>\n<ul>\n<li>Usando <strong>preservativo<\/strong> en las relaciones sexuales con penetraci\u00f3n.<\/li>\n<li>Utilizar siempre <strong>material est\u00e9ril<\/strong> y evitando el uso compartido de jeringuillas, agujas y otros \u00fatiles de inyecci\u00f3n si se consume droga inyectada.<\/li>\n<li>Para el embarazo, hay tratamientos que reducen el riesgo de transmisi\u00f3n del virus al beb\u00e9.<\/li>\n<\/ul>\n<p><img loading=\"lazy\" decoding=\"async\" class=\"aligncenter size-full wp-image-444\" src=\"http:\/\/residenciarucab.es\/blog\/wp-content\/uploads\/2019\/10\/3-nueva-vida.jpg\" alt=\"SIDA\/VIH \" width=\"1280\" height=\"720\" srcset=\"https:\/\/residenciarucab.es\/blog\/wp-content\/uploads\/2019\/10\/3-nueva-vida.jpg 1280w, https:\/\/residenciarucab.es\/blog\/wp-content\/uploads\/2019\/10\/3-nueva-vida-300x169.jpg 300w, https:\/\/residenciarucab.es\/blog\/wp-content\/uploads\/2019\/10\/3-nueva-vida-768x432.jpg 768w, https:\/\/residenciarucab.es\/blog\/wp-content\/uploads\/2019\/10\/3-nueva-vida-1024x576.jpg 1024w, https:\/\/residenciarucab.es\/blog\/wp-content\/uploads\/2019\/10\/3-nueva-vida-1140x641.jpg 1140w, https:\/\/residenciarucab.es\/blog\/wp-content\/uploads\/2019\/10\/3-nueva-vida-552x311.jpg 552w\" sizes=\"auto, (max-width: 1280px) 100vw, 1280px\" \/><\/p>\n<p>Finalmente hemos tenido un di\u00e1logo sobre todas las dudas que han ido surgiendo. Queremos dar las gracias a <strong>Nueva Vida<\/strong> por su gran trabajo para mejorar la calidad de vida de las personas afectadas por el VIH\/SIDA buscando su bienestar f\u00edsico, ps\u00edquico y social. Adem\u00e1s de todo esto su proyecto tambi\u00e9n est\u00e1 orientado a ofrecer informaci\u00f3n para la prevenci\u00f3n y sensibilizaci\u00f3n del VIH\/SIDA.<\/p>\n<p>Descubre otros <a href=\"https:\/\/residenciarucab.es\/blog\/charla-sexualidad\/\" target=\"_blank\" rel=\"noopener noreferrer\">temas relacionados.<\/a><\/p>\n<p>&nbsp;<\/p>\n<p>&nbsp;<\/p>\n<p>&nbsp;<\/p>\n","protected":false},"excerpt":{"rendered":"<p class=\"post-excerpt\">Con esta charla intentamos concienciar sobre c\u00f3mo prevenir los riesgos de adquirir la infecci\u00f3n de VIH y SIDA gracias a la asociaci\u00f3n Nueva Vida de Badajoz que lucha para prevenir y sensibilizar sobre esta enfermedad. El 22 de octubre hemos tenido una cita muy importante en la RUCAB, las chicas&#8230;<\/p>\n","protected":false},"author":1,"featured_media":442,"comment_status":"open","ping_status":"open","sticky":false,"template":"","format":"standard","meta":{"footnotes":""},"categories":[1],"tags":[9,149,97,36,148,145,147,144,146],"class_list":["post-438","post","type-post","status-publish","format-standard","has-post-thumbnail","hentry","category-noticias","tag-badajoz","tag-nueva-vida","tag-preservativo","tag-residencia-universitaria","tag-sangre","tag-sida","tag-transmision-sexual","tag-vih","tag-virus"],"yoast_head":"<!-- This site is optimized with the Yoast SEO plugin v27.5 - https:\/\/yoast.com\/product\/yoast-seo-wordpress\/ -->\n<title>Charla sobre VIH y SIDA en la RUCAB - BLOG RUCAB<\/title>\n<meta name=\"description\" content=\"Charla sobre c\u00f3mo prevenir los riesgos de adquirir la infecci\u00f3n de VIH y SIDA, gracias a Nueva Vida que lucha para prevenir y sensibilizar la enfermedad.\" \/>\n<meta name=\"robots\" content=\"index, follow, max-snippet:-1, max-image-preview:large, max-video-preview:-1\" \/>\n<link rel=\"canonical\" href=\"https:\/\/residenciarucab.es\/blog\/charla-vih-sida\/\" \/>\n<meta property=\"og:locale\" content=\"es_ES\" \/>\n<meta property=\"og:type\" content=\"article\" \/>\n<meta property=\"og:title\" content=\"Charla sobre VIH y SIDA en la RUCAB - BLOG RUCAB\" \/>\n<meta property=\"og:description\" content=\"Charla sobre c\u00f3mo prevenir los riesgos de adquirir la infecci\u00f3n de VIH y SIDA, gracias a Nueva Vida que lucha para prevenir y sensibilizar la enfermedad.\" \/>\n<meta property=\"og:url\" content=\"https:\/\/residenciarucab.es\/blog\/charla-vih-sida\/\" \/>\n<meta property=\"og:site_name\" content=\"BLOG RUCAB\" \/>\n<meta property=\"article:published_time\" content=\"2019-10-23T08:14:44+00:00\" \/>\n<meta property=\"article:modified_time\" content=\"2019-10-23T09:50:36+00:00\" \/>\n<meta property=\"og:image\" content=\"https:\/\/residenciarucab.es\/blog\/wp-content\/uploads\/2019\/10\/1-nueva-vida.jpg\" \/>\n\t<meta property=\"og:image:width\" content=\"1280\" \/>\n\t<meta property=\"og:image:height\" content=\"720\" \/>\n\t<meta property=\"og:image:type\" content=\"image\/jpeg\" \/>\n<meta name=\"author\" content=\"RUCAB\" \/>\n<meta name=\"twitter:card\" content=\"summary_large_image\" \/>\n<meta name=\"twitter:label1\" content=\"Escrito por\" \/>\n\t<meta name=\"twitter:data1\" content=\"RUCAB\" \/>\n\t<meta name=\"twitter:label2\" content=\"Tiempo de lectura\" \/>\n\t<meta name=\"twitter:data2\" content=\"2 minutos\" \/>\n<script type=\"application\/ld+json\" class=\"yoast-schema-graph\">{\"@context\":\"https:\\\/\\\/schema.org\",\"@graph\":[{\"@type\":\"Article\",\"@id\":\"https:\\\/\\\/residenciarucab.es\\\/blog\\\/charla-vih-sida\\\/#article\",\"isPartOf\":{\"@id\":\"https:\\\/\\\/residenciarucab.es\\\/blog\\\/charla-vih-sida\\\/\"},\"author\":{\"name\":\"RUCAB\",\"@id\":\"https:\\\/\\\/residenciarucab.es\\\/blog\\\/#\\\/schema\\\/person\\\/f759c867eac865f0ce36c767f26f9294\"},\"headline\":\"Charla sobre VIH y SIDA en la RUCAB\",\"datePublished\":\"2019-10-23T08:14:44+00:00\",\"dateModified\":\"2019-10-23T09:50:36+00:00\",\"mainEntityOfPage\":{\"@id\":\"https:\\\/\\\/residenciarucab.es\\\/blog\\\/charla-vih-sida\\\/\"},\"wordCount\":448,\"commentCount\":0,\"image\":{\"@id\":\"https:\\\/\\\/residenciarucab.es\\\/blog\\\/charla-vih-sida\\\/#primaryimage\"},\"thumbnailUrl\":\"https:\\\/\\\/residenciarucab.es\\\/blog\\\/wp-content\\\/uploads\\\/2019\\\/10\\\/1-nueva-vida.jpg\",\"keywords\":[\"Badajoz\",\"Nueva Vida\",\"preservativo\",\"Residencia Universitaria\",\"sangre\",\"SIDA\",\"transmisi\u00f3n sexual\",\"VIH\",\"virus\"],\"articleSection\":[\"Noticias\"],\"inLanguage\":\"es\",\"potentialAction\":[{\"@type\":\"CommentAction\",\"name\":\"Comment\",\"target\":[\"https:\\\/\\\/residenciarucab.es\\\/blog\\\/charla-vih-sida\\\/#respond\"]}]},{\"@type\":\"WebPage\",\"@id\":\"https:\\\/\\\/residenciarucab.es\\\/blog\\\/charla-vih-sida\\\/\",\"url\":\"https:\\\/\\\/residenciarucab.es\\\/blog\\\/charla-vih-sida\\\/\",\"name\":\"Charla sobre VIH y SIDA en la RUCAB - BLOG RUCAB\",\"isPartOf\":{\"@id\":\"https:\\\/\\\/residenciarucab.es\\\/blog\\\/#website\"},\"primaryImageOfPage\":{\"@id\":\"https:\\\/\\\/residenciarucab.es\\\/blog\\\/charla-vih-sida\\\/#primaryimage\"},\"image\":{\"@id\":\"https:\\\/\\\/residenciarucab.es\\\/blog\\\/charla-vih-sida\\\/#primaryimage\"},\"thumbnailUrl\":\"https:\\\/\\\/residenciarucab.es\\\/blog\\\/wp-content\\\/uploads\\\/2019\\\/10\\\/1-nueva-vida.jpg\",\"datePublished\":\"2019-10-23T08:14:44+00:00\",\"dateModified\":\"2019-10-23T09:50:36+00:00\",\"author\":{\"@id\":\"https:\\\/\\\/residenciarucab.es\\\/blog\\\/#\\\/schema\\\/person\\\/f759c867eac865f0ce36c767f26f9294\"},\"description\":\"Charla sobre c\u00f3mo prevenir los riesgos de adquirir la infecci\u00f3n de VIH y SIDA, gracias a Nueva Vida que lucha para prevenir y sensibilizar la enfermedad.\",\"breadcrumb\":{\"@id\":\"https:\\\/\\\/residenciarucab.es\\\/blog\\\/charla-vih-sida\\\/#breadcrumb\"},\"inLanguage\":\"es\",\"potentialAction\":[{\"@type\":\"ReadAction\",\"target\":[\"https:\\\/\\\/residenciarucab.es\\\/blog\\\/charla-vih-sida\\\/\"]}]},{\"@type\":\"ImageObject\",\"inLanguage\":\"es\",\"@id\":\"https:\\\/\\\/residenciarucab.es\\\/blog\\\/charla-vih-sida\\\/#primaryimage\",\"url\":\"https:\\\/\\\/residenciarucab.es\\\/blog\\\/wp-content\\\/uploads\\\/2019\\\/10\\\/1-nueva-vida.jpg\",\"contentUrl\":\"https:\\\/\\\/residenciarucab.es\\\/blog\\\/wp-content\\\/uploads\\\/2019\\\/10\\\/1-nueva-vida.jpg\",\"width\":1280,\"height\":720,\"caption\":\"Charla SIDA\\\/VIH\"},{\"@type\":\"BreadcrumbList\",\"@id\":\"https:\\\/\\\/residenciarucab.es\\\/blog\\\/charla-vih-sida\\\/#breadcrumb\",\"itemListElement\":[{\"@type\":\"ListItem\",\"position\":1,\"name\":\"Portada\",\"item\":\"https:\\\/\\\/residenciarucab.es\\\/blog\\\/\"},{\"@type\":\"ListItem\",\"position\":2,\"name\":\"Charla sobre VIH y SIDA en la RUCAB\"}]},{\"@type\":\"WebSite\",\"@id\":\"https:\\\/\\\/residenciarucab.es\\\/blog\\\/#website\",\"url\":\"https:\\\/\\\/residenciarucab.es\\\/blog\\\/\",\"name\":\"BLOG RUCAB\",\"description\":\"\u00a1Todas las novedades de nuestra residencia universitaria!\",\"potentialAction\":[{\"@type\":\"SearchAction\",\"target\":{\"@type\":\"EntryPoint\",\"urlTemplate\":\"https:\\\/\\\/residenciarucab.es\\\/blog\\\/?s={search_term_string}\"},\"query-input\":{\"@type\":\"PropertyValueSpecification\",\"valueRequired\":true,\"valueName\":\"search_term_string\"}}],\"inLanguage\":\"es\"},{\"@type\":\"Person\",\"@id\":\"https:\\\/\\\/residenciarucab.es\\\/blog\\\/#\\\/schema\\\/person\\\/f759c867eac865f0ce36c767f26f9294\",\"name\":\"RUCAB\",\"image\":{\"@type\":\"ImageObject\",\"inLanguage\":\"es\",\"@id\":\"https:\\\/\\\/residenciarucab.es\\\/blog\\\/wp-content\\\/uploads\\\/2019\\\/07\\\/r-rosa.png\",\"url\":\"https:\\\/\\\/residenciarucab.es\\\/blog\\\/wp-content\\\/uploads\\\/2019\\\/07\\\/r-rosa.png\",\"contentUrl\":\"https:\\\/\\\/residenciarucab.es\\\/blog\\\/wp-content\\\/uploads\\\/2019\\\/07\\\/r-rosa.png\",\"caption\":\"RUCAB\"},\"description\":\"La RUCAB es un referente en Extremadura por la calidad de sus instalaciones y por su estilo de vida, basado en valores de convivencia, respeto y educaci\u00f3n. Una residencia junto al campus y con todas las necesidades cubiertas.\",\"url\":\"https:\\\/\\\/residenciarucab.es\\\/blog\\\/author\\\/rucab_blog\\\/\"}]}<\/script>\n<!-- \/ Yoast SEO plugin. -->","yoast_head_json":{"title":"Charla sobre VIH y SIDA en la RUCAB - BLOG RUCAB","description":"Charla sobre c\u00f3mo prevenir los riesgos de adquirir la infecci\u00f3n de VIH y SIDA, gracias a Nueva Vida que lucha para prevenir y sensibilizar la enfermedad.","robots":{"index":"index","follow":"follow","max-snippet":"max-snippet:-1","max-image-preview":"max-image-preview:large","max-video-preview":"max-video-preview:-1"},"canonical":"https:\/\/residenciarucab.es\/blog\/charla-vih-sida\/","og_locale":"es_ES","og_type":"article","og_title":"Charla sobre VIH y SIDA en la RUCAB - BLOG RUCAB","og_description":"Charla sobre c\u00f3mo prevenir los riesgos de adquirir la infecci\u00f3n de VIH y SIDA, gracias a Nueva Vida que lucha para prevenir y sensibilizar la enfermedad.","og_url":"https:\/\/residenciarucab.es\/blog\/charla-vih-sida\/","og_site_name":"BLOG RUCAB","article_published_time":"2019-10-23T08:14:44+00:00","article_modified_time":"2019-10-23T09:50:36+00:00","og_image":[{"width":1280,"height":720,"url":"https:\/\/residenciarucab.es\/blog\/wp-content\/uploads\/2019\/10\/1-nueva-vida.jpg","type":"image\/jpeg"}],"author":"RUCAB","twitter_card":"summary_large_image","twitter_misc":{"Escrito por":"RUCAB","Tiempo de lectura":"2 minutos"},"schema":{"@context":"https:\/\/schema.org","@graph":[{"@type":"Article","@id":"https:\/\/residenciarucab.es\/blog\/charla-vih-sida\/#article","isPartOf":{"@id":"https:\/\/residenciarucab.es\/blog\/charla-vih-sida\/"},"author":{"name":"RUCAB","@id":"https:\/\/residenciarucab.es\/blog\/#\/schema\/person\/f759c867eac865f0ce36c767f26f9294"},"headline":"Charla sobre VIH y SIDA en la RUCAB","datePublished":"2019-10-23T08:14:44+00:00","dateModified":"2019-10-23T09:50:36+00:00","mainEntityOfPage":{"@id":"https:\/\/residenciarucab.es\/blog\/charla-vih-sida\/"},"wordCount":448,"commentCount":0,"image":{"@id":"https:\/\/residenciarucab.es\/blog\/charla-vih-sida\/#primaryimage"},"thumbnailUrl":"https:\/\/residenciarucab.es\/blog\/wp-content\/uploads\/2019\/10\/1-nueva-vida.jpg","keywords":["Badajoz","Nueva Vida","preservativo","Residencia Universitaria","sangre","SIDA","transmisi\u00f3n sexual","VIH","virus"],"articleSection":["Noticias"],"inLanguage":"es","potentialAction":[{"@type":"CommentAction","name":"Comment","target":["https:\/\/residenciarucab.es\/blog\/charla-vih-sida\/#respond"]}]},{"@type":"WebPage","@id":"https:\/\/residenciarucab.es\/blog\/charla-vih-sida\/","url":"https:\/\/residenciarucab.es\/blog\/charla-vih-sida\/","name":"Charla sobre VIH y SIDA en la RUCAB - BLOG RUCAB","isPartOf":{"@id":"https:\/\/residenciarucab.es\/blog\/#website"},"primaryImageOfPage":{"@id":"https:\/\/residenciarucab.es\/blog\/charla-vih-sida\/#primaryimage"},"image":{"@id":"https:\/\/residenciarucab.es\/blog\/charla-vih-sida\/#primaryimage"},"thumbnailUrl":"https:\/\/residenciarucab.es\/blog\/wp-content\/uploads\/2019\/10\/1-nueva-vida.jpg","datePublished":"2019-10-23T08:14:44+00:00","dateModified":"2019-10-23T09:50:36+00:00","author":{"@id":"https:\/\/residenciarucab.es\/blog\/#\/schema\/person\/f759c867eac865f0ce36c767f26f9294"},"description":"Charla sobre c\u00f3mo prevenir los riesgos de adquirir la infecci\u00f3n de VIH y SIDA, gracias a Nueva Vida que lucha para prevenir y sensibilizar la enfermedad.","breadcrumb":{"@id":"https:\/\/residenciarucab.es\/blog\/charla-vih-sida\/#breadcrumb"},"inLanguage":"es","potentialAction":[{"@type":"ReadAction","target":["https:\/\/residenciarucab.es\/blog\/charla-vih-sida\/"]}]},{"@type":"ImageObject","inLanguage":"es","@id":"https:\/\/residenciarucab.es\/blog\/charla-vih-sida\/#primaryimage","url":"https:\/\/residenciarucab.es\/blog\/wp-content\/uploads\/2019\/10\/1-nueva-vida.jpg","contentUrl":"https:\/\/residenciarucab.es\/blog\/wp-content\/uploads\/2019\/10\/1-nueva-vida.jpg","width":1280,"height":720,"caption":"Charla SIDA\/VIH"},{"@type":"BreadcrumbList","@id":"https:\/\/residenciarucab.es\/blog\/charla-vih-sida\/#breadcrumb","itemListElement":[{"@type":"ListItem","position":1,"name":"Portada","item":"https:\/\/residenciarucab.es\/blog\/"},{"@type":"ListItem","position":2,"name":"Charla sobre VIH y SIDA en la RUCAB"}]},{"@type":"WebSite","@id":"https:\/\/residenciarucab.es\/blog\/#website","url":"https:\/\/residenciarucab.es\/blog\/","name":"BLOG RUCAB","description":"\u00a1Todas las novedades de nuestra residencia universitaria!","potentialAction":[{"@type":"SearchAction","target":{"@type":"EntryPoint","urlTemplate":"https:\/\/residenciarucab.es\/blog\/?s={search_term_string}"},"query-input":{"@type":"PropertyValueSpecification","valueRequired":true,"valueName":"search_term_string"}}],"inLanguage":"es"},{"@type":"Person","@id":"https:\/\/residenciarucab.es\/blog\/#\/schema\/person\/f759c867eac865f0ce36c767f26f9294","name":"RUCAB","image":{"@type":"ImageObject","inLanguage":"es","@id":"https:\/\/residenciarucab.es\/blog\/wp-content\/uploads\/2019\/07\/r-rosa.png","url":"https:\/\/residenciarucab.es\/blog\/wp-content\/uploads\/2019\/07\/r-rosa.png","contentUrl":"https:\/\/residenciarucab.es\/blog\/wp-content\/uploads\/2019\/07\/r-rosa.png","caption":"RUCAB"},"description":"La RUCAB es un referente en Extremadura por la calidad de sus instalaciones y por su estilo de vida, basado en valores de convivencia, respeto y educaci\u00f3n. Una residencia junto al campus y con todas las necesidades cubiertas.","url":"https:\/\/residenciarucab.es\/blog\/author\/rucab_blog\/"}]}},"_links":{"self":[{"href":"https:\/\/residenciarucab.es\/blog\/wp-json\/wp\/v2\/posts\/438","targetHints":{"allow":["GET"]}}],"collection":[{"href":"https:\/\/residenciarucab.es\/blog\/wp-json\/wp\/v2\/posts"}],"about":[{"href":"https:\/\/residenciarucab.es\/blog\/wp-json\/wp\/v2\/types\/post"}],"author":[{"embeddable":true,"href":"https:\/\/residenciarucab.es\/blog\/wp-json\/wp\/v2\/users\/1"}],"replies":[{"embeddable":true,"href":"https:\/\/residenciarucab.es\/blog\/wp-json\/wp\/v2\/comments?post=438"}],"version-history":[{"count":6,"href":"https:\/\/residenciarucab.es\/blog\/wp-json\/wp\/v2\/posts\/438\/revisions"}],"predecessor-version":[{"id":447,"href":"https:\/\/residenciarucab.es\/blog\/wp-json\/wp\/v2\/posts\/438\/revisions\/447"}],"wp:featuredmedia":[{"embeddable":true,"href":"https:\/\/residenciarucab.es\/blog\/wp-json\/wp\/v2\/media\/442"}],"wp:attachment":[{"href":"https:\/\/residenciarucab.es\/blog\/wp-json\/wp\/v2\/media?parent=438"}],"wp:term":[{"taxonomy":"category","embeddable":true,"href":"https:\/\/residenciarucab.es\/blog\/wp-json\/wp\/v2\/categories?post=438"},{"taxonomy":"post_tag","embeddable":true,"href":"https:\/\/residenciarucab.es\/blog\/wp-json\/wp\/v2\/tags?post=438"}],"curies":[{"name":"wp","href":"https:\/\/api.w.org\/{rel}","templated":true}]}}