

{"id":462,"date":"2019-11-11T12:08:50","date_gmt":"2019-11-11T11:08:50","guid":{"rendered":"http:\/\/residenciarucab.es\/blog\/?p=462"},"modified":"2019-11-11T12:08:50","modified_gmt":"2019-11-11T11:08:50","slug":"charla-formula-1","status":"publish","type":"post","link":"https:\/\/residenciarucab.es\/blog\/charla-formula-1\/","title":{"rendered":"Hablamos sobre la F\u00f3rmula 1 en la RUCAB"},"content":{"rendered":"<h4>Recibimos a <a href=\"https:\/\/raulmolinarecio.wordpress.com\/\" target=\"_blank\" rel=\"noopener noreferrer\">Ra\u00fal Molina Recio<\/a> profesor de la Universidad de Extremadura y periodista especializado en el mundo del motor, un total de diez residentes han entablado conversaci\u00f3n con \u00e9l sobre F\u00f3rmula 1 y automovilismo en la RUCAB.<\/h4>\n<p>Dos horas han servido para hablar sobre automovilismo y mucho m\u00e1s, en la tertulia se abordaron diversos temas relacionados con el mundo del motor, desde la<strong> f\u00f3rmula 1<\/strong>, hasta el futuro de los autom\u00f3viles el\u00e9ctricos.<\/p>\n<p><a href=\"https:\/\/twitter.com\/raulmolinarecio?lang=es\" target=\"_blank\" rel=\"noopener noreferrer\"><strong>Ra\u00fal Molina<\/strong><\/a> hizo un resumen del campeonato de f\u00f3rmula 1, tanto desde el punto de vista del <strong>rendimiento de los pilotos y escuder\u00edas en la actualidad<\/strong>, como lo que se prev\u00e9 para el a\u00f1o que viene. En este sentido, para los apasionados de la f\u00f3rmula 1, es muy interesante ver las <strong>modificaciones<\/strong> del reglamento de competici\u00f3n que se han aprobado y estar\u00e1n vigentes en la temporada pr\u00f3xima. Para \u00e9l, el favorito sigue siendo <strong>Mercedes<\/strong>, aunque habr\u00e1 que estar atentos a los desarrollos que puedan hacer otras marcas competidoras de sus motores y los de car\u00e1cter <strong>aerodin\u00e1micos<\/strong>, que son tambi\u00e9n fundamentales.<\/p>\n<p><img loading=\"lazy\" decoding=\"async\" class=\"size-full wp-image-477 alignleft\" src=\"http:\/\/residenciarucab.es\/blog\/wp-content\/uploads\/2019\/11\/2-raul-molina-recio.jpg\" alt=\"formula 1 raul molina\" width=\"1280\" height=\"720\" srcset=\"https:\/\/residenciarucab.es\/blog\/wp-content\/uploads\/2019\/11\/2-raul-molina-recio.jpg 1280w, https:\/\/residenciarucab.es\/blog\/wp-content\/uploads\/2019\/11\/2-raul-molina-recio-300x169.jpg 300w, https:\/\/residenciarucab.es\/blog\/wp-content\/uploads\/2019\/11\/2-raul-molina-recio-768x432.jpg 768w, https:\/\/residenciarucab.es\/blog\/wp-content\/uploads\/2019\/11\/2-raul-molina-recio-1024x576.jpg 1024w, https:\/\/residenciarucab.es\/blog\/wp-content\/uploads\/2019\/11\/2-raul-molina-recio-1140x641.jpg 1140w, https:\/\/residenciarucab.es\/blog\/wp-content\/uploads\/2019\/11\/2-raul-molina-recio-552x311.jpg 552w\" sizes=\"auto, (max-width: 1280px) 100vw, 1280px\" \/><\/p>\n<p>Respecto a los <strong>pilotos<\/strong>, destac\u00f3 a <strong>Lewis Hamilton<\/strong>, estad\u00edsticamente el mejor piloto de la historia, <strong>Max Verstappen <\/strong>y <strong>Carlos Sainz<\/strong>, as\u00ed como dos j\u00f3venes pilotos de gran futuro que corren con <strong>Red Bull<\/strong>: <strong>Horner<\/strong> y <strong>Albon<\/strong>. Aunque para Ra\u00fal Molina, <strong>Fernando Alonso<\/strong> est\u00e1 al mismo nivel que Lewis Hamilton. Adem\u00e1s de ser un piloto muy vers\u00e1til como lo demuestra sus victorias en la <strong>f\u00f3rmula Indy norteamericana<\/strong> y en las m\u00edticas <strong>24 horas de Le Mans<\/strong>, la carrera de resistencia m\u00e1s importante del mundo. Respecto a su anunciada participaci\u00f3n en el pr\u00f3ximo <strong>Dakar<\/strong>, no cree que tenga posibilidades de podio, dada su inexperiencia en este tipo de pruebas.<\/p>\n<p>Tambi\u00e9n se abord\u00f3 el tema de la <strong>f\u00f3rmula E<\/strong>. Para Ra\u00fal Molina su gesti\u00f3n por parte de <strong>Alejando Agag<\/strong>\u00a0 es fant\u00e1stica, pero no cree que pueda sustituir a la f\u00f3rmula 1, a pesar de tener la ventaja de que se corre en <strong>circuitos urbanos<\/strong> que hacen m\u00e1s f\u00e1cil la presencia de p\u00fablico. Y es que, es su opini\u00f3n, el rugido de un f\u00f3rmula 1 es insustituible.<\/p>\n<p><img loading=\"lazy\" decoding=\"async\" class=\"aligncenter size-full wp-image-478\" src=\"http:\/\/residenciarucab.es\/blog\/wp-content\/uploads\/2019\/11\/3-raul-molina-recio.jpg\" alt=\"residentes formula 1\" width=\"1280\" height=\"720\" srcset=\"https:\/\/residenciarucab.es\/blog\/wp-content\/uploads\/2019\/11\/3-raul-molina-recio.jpg 1280w, https:\/\/residenciarucab.es\/blog\/wp-content\/uploads\/2019\/11\/3-raul-molina-recio-300x169.jpg 300w, https:\/\/residenciarucab.es\/blog\/wp-content\/uploads\/2019\/11\/3-raul-molina-recio-768x432.jpg 768w, https:\/\/residenciarucab.es\/blog\/wp-content\/uploads\/2019\/11\/3-raul-molina-recio-1024x576.jpg 1024w, https:\/\/residenciarucab.es\/blog\/wp-content\/uploads\/2019\/11\/3-raul-molina-recio-1140x641.jpg 1140w, https:\/\/residenciarucab.es\/blog\/wp-content\/uploads\/2019\/11\/3-raul-molina-recio-552x311.jpg 552w\" sizes=\"auto, (max-width: 1280px) 100vw, 1280px\" \/><\/p>\n<p>Conectado con este tema se trat\u00f3 el <strong>futuro de los autom\u00f3viles el\u00e9ctricos<\/strong>. En su opini\u00f3n, no se ha hablado suficientemente de algunos inconvenientes que presentan los autom\u00f3viles el\u00e9ctricos, tales como los <strong>problemas medio ambientales<\/strong> derivados de la construcci\u00f3n y desecho de las bater\u00edas. Para Ra\u00fal Molina el futuro puede estar en el <strong>hidr\u00f3geno<\/strong>. Y en esa direcci\u00f3n van a ir encaminados en los pr\u00f3ximos a\u00f1os los esfuerzos de <strong>Toyota<\/strong>, el l\u00edder actual en autom\u00f3viles el\u00e9ctricos. Los autom\u00f3viles el\u00e9ctricos ser\u00e1n una buena opci\u00f3n para usuarios que habitualmente realicen <strong>desplazamientos urbanos\u00a0 de cortas distancias.<\/strong><\/p>\n<p>Descubre m\u00e1s sobre la RUCAB <a href=\"https:\/\/residenciarucab.es\/blog\/\" target=\"_blank\" rel=\"noopener noreferrer\">aqu\u00ed<\/a>.<\/p>\n<p>&nbsp;<\/p>\n","protected":false},"excerpt":{"rendered":"<p class=\"post-excerpt\">Recibimos a Ra\u00fal Molina Recio profesor de la Universidad de Extremadura y periodista especializado en el mundo del motor, un total de diez residentes han entablado conversaci\u00f3n con \u00e9l sobre F\u00f3rmula 1 y automovilismo en la RUCAB. Dos horas han servido para hablar sobre automovilismo y mucho m\u00e1s, en la&#8230;<\/p>\n","protected":false},"author":1,"featured_media":476,"comment_status":"open","ping_status":"open","sticky":false,"template":"","format":"standard","meta":{"footnotes":""},"categories":[1],"tags":[165,164,161,160,163,167,162,166],"class_list":["post-462","post","type-post","status-publish","format-standard","has-post-thumbnail","hentry","category-noticias","tag-carlos-sainz","tag-fernando-alonso","tag-formula-e","tag-fromula-1","tag-hamilton","tag-hidrogeno","tag-raul-molina","tag-red-bull"],"yoast_head":"<!-- This site is optimized with the Yoast SEO plugin v27.5 - https:\/\/yoast.com\/product\/yoast-seo-wordpress\/ -->\n<title>Hablamos sobre la F\u00f3rmula 1 en la RUCAB - BLOG RUCAB<\/title>\n<meta name=\"description\" content=\"Recibimos a Ra\u00fal Molina Recio profesor de la Universidad de Extremadura y periodista especializado en el mundo del motor.\" \/>\n<meta name=\"robots\" content=\"index, follow, max-snippet:-1, max-image-preview:large, max-video-preview:-1\" \/>\n<link rel=\"canonical\" href=\"https:\/\/residenciarucab.es\/blog\/charla-formula-1\/\" \/>\n<meta property=\"og:locale\" content=\"es_ES\" \/>\n<meta property=\"og:type\" content=\"article\" \/>\n<meta property=\"og:title\" content=\"Hablamos sobre la F\u00f3rmula 1 en la RUCAB - BLOG RUCAB\" \/>\n<meta property=\"og:description\" content=\"Recibimos a Ra\u00fal Molina Recio profesor de la Universidad de Extremadura y periodista especializado en el mundo del motor.\" \/>\n<meta property=\"og:url\" content=\"https:\/\/residenciarucab.es\/blog\/charla-formula-1\/\" \/>\n<meta property=\"og:site_name\" content=\"BLOG RUCAB\" \/>\n<meta property=\"article:published_time\" content=\"2019-11-11T11:08:50+00:00\" \/>\n<meta property=\"og:image\" content=\"https:\/\/residenciarucab.es\/blog\/wp-content\/uploads\/2019\/11\/1-raul-molina-recio.jpg\" \/>\n\t<meta property=\"og:image:width\" content=\"1280\" \/>\n\t<meta property=\"og:image:height\" content=\"720\" \/>\n\t<meta property=\"og:image:type\" content=\"image\/jpeg\" \/>\n<meta name=\"author\" content=\"RUCAB\" \/>\n<meta name=\"twitter:card\" content=\"summary_large_image\" \/>\n<meta name=\"twitter:label1\" content=\"Escrito por\" \/>\n\t<meta name=\"twitter:data1\" content=\"RUCAB\" \/>\n\t<meta name=\"twitter:label2\" content=\"Tiempo de lectura\" \/>\n\t<meta name=\"twitter:data2\" content=\"2 minutos\" \/>\n<script type=\"application\/ld+json\" class=\"yoast-schema-graph\">{\"@context\":\"https:\\\/\\\/schema.org\",\"@graph\":[{\"@type\":\"Article\",\"@id\":\"https:\\\/\\\/residenciarucab.es\\\/blog\\\/charla-formula-1\\\/#article\",\"isPartOf\":{\"@id\":\"https:\\\/\\\/residenciarucab.es\\\/blog\\\/charla-formula-1\\\/\"},\"author\":{\"name\":\"RUCAB\",\"@id\":\"https:\\\/\\\/residenciarucab.es\\\/blog\\\/#\\\/schema\\\/person\\\/f759c867eac865f0ce36c767f26f9294\"},\"headline\":\"Hablamos sobre la F\u00f3rmula 1 en la RUCAB\",\"datePublished\":\"2019-11-11T11:08:50+00:00\",\"mainEntityOfPage\":{\"@id\":\"https:\\\/\\\/residenciarucab.es\\\/blog\\\/charla-formula-1\\\/\"},\"wordCount\":504,\"commentCount\":0,\"image\":{\"@id\":\"https:\\\/\\\/residenciarucab.es\\\/blog\\\/charla-formula-1\\\/#primaryimage\"},\"thumbnailUrl\":\"https:\\\/\\\/residenciarucab.es\\\/blog\\\/wp-content\\\/uploads\\\/2019\\\/11\\\/1-raul-molina-recio.jpg\",\"keywords\":[\"carlos sainz\",\"fernando alonso\",\"formula E\",\"fromula 1\",\"hamilton\",\"hidr\u00f3geno\",\"raul molina\",\"red bull\"],\"articleSection\":[\"Noticias\"],\"inLanguage\":\"es\",\"potentialAction\":[{\"@type\":\"CommentAction\",\"name\":\"Comment\",\"target\":[\"https:\\\/\\\/residenciarucab.es\\\/blog\\\/charla-formula-1\\\/#respond\"]}]},{\"@type\":\"WebPage\",\"@id\":\"https:\\\/\\\/residenciarucab.es\\\/blog\\\/charla-formula-1\\\/\",\"url\":\"https:\\\/\\\/residenciarucab.es\\\/blog\\\/charla-formula-1\\\/\",\"name\":\"Hablamos sobre la F\u00f3rmula 1 en la RUCAB - BLOG RUCAB\",\"isPartOf\":{\"@id\":\"https:\\\/\\\/residenciarucab.es\\\/blog\\\/#website\"},\"primaryImageOfPage\":{\"@id\":\"https:\\\/\\\/residenciarucab.es\\\/blog\\\/charla-formula-1\\\/#primaryimage\"},\"image\":{\"@id\":\"https:\\\/\\\/residenciarucab.es\\\/blog\\\/charla-formula-1\\\/#primaryimage\"},\"thumbnailUrl\":\"https:\\\/\\\/residenciarucab.es\\\/blog\\\/wp-content\\\/uploads\\\/2019\\\/11\\\/1-raul-molina-recio.jpg\",\"datePublished\":\"2019-11-11T11:08:50+00:00\",\"author\":{\"@id\":\"https:\\\/\\\/residenciarucab.es\\\/blog\\\/#\\\/schema\\\/person\\\/f759c867eac865f0ce36c767f26f9294\"},\"description\":\"Recibimos a Ra\u00fal Molina Recio profesor de la Universidad de Extremadura y periodista especializado en el mundo del motor.\",\"breadcrumb\":{\"@id\":\"https:\\\/\\\/residenciarucab.es\\\/blog\\\/charla-formula-1\\\/#breadcrumb\"},\"inLanguage\":\"es\",\"potentialAction\":[{\"@type\":\"ReadAction\",\"target\":[\"https:\\\/\\\/residenciarucab.es\\\/blog\\\/charla-formula-1\\\/\"]}]},{\"@type\":\"ImageObject\",\"inLanguage\":\"es\",\"@id\":\"https:\\\/\\\/residenciarucab.es\\\/blog\\\/charla-formula-1\\\/#primaryimage\",\"url\":\"https:\\\/\\\/residenciarucab.es\\\/blog\\\/wp-content\\\/uploads\\\/2019\\\/11\\\/1-raul-molina-recio.jpg\",\"contentUrl\":\"https:\\\/\\\/residenciarucab.es\\\/blog\\\/wp-content\\\/uploads\\\/2019\\\/11\\\/1-raul-molina-recio.jpg\",\"width\":1280,\"height\":720,\"caption\":\"cafe tertulia raul molina\"},{\"@type\":\"BreadcrumbList\",\"@id\":\"https:\\\/\\\/residenciarucab.es\\\/blog\\\/charla-formula-1\\\/#breadcrumb\",\"itemListElement\":[{\"@type\":\"ListItem\",\"position\":1,\"name\":\"Portada\",\"item\":\"https:\\\/\\\/residenciarucab.es\\\/blog\\\/\"},{\"@type\":\"ListItem\",\"position\":2,\"name\":\"Hablamos sobre la F\u00f3rmula 1 en la RUCAB\"}]},{\"@type\":\"WebSite\",\"@id\":\"https:\\\/\\\/residenciarucab.es\\\/blog\\\/#website\",\"url\":\"https:\\\/\\\/residenciarucab.es\\\/blog\\\/\",\"name\":\"BLOG RUCAB\",\"description\":\"\u00a1Todas las novedades de nuestra residencia universitaria!\",\"potentialAction\":[{\"@type\":\"SearchAction\",\"target\":{\"@type\":\"EntryPoint\",\"urlTemplate\":\"https:\\\/\\\/residenciarucab.es\\\/blog\\\/?s={search_term_string}\"},\"query-input\":{\"@type\":\"PropertyValueSpecification\",\"valueRequired\":true,\"valueName\":\"search_term_string\"}}],\"inLanguage\":\"es\"},{\"@type\":\"Person\",\"@id\":\"https:\\\/\\\/residenciarucab.es\\\/blog\\\/#\\\/schema\\\/person\\\/f759c867eac865f0ce36c767f26f9294\",\"name\":\"RUCAB\",\"image\":{\"@type\":\"ImageObject\",\"inLanguage\":\"es\",\"@id\":\"https:\\\/\\\/residenciarucab.es\\\/blog\\\/wp-content\\\/uploads\\\/2019\\\/07\\\/r-rosa.png\",\"url\":\"https:\\\/\\\/residenciarucab.es\\\/blog\\\/wp-content\\\/uploads\\\/2019\\\/07\\\/r-rosa.png\",\"contentUrl\":\"https:\\\/\\\/residenciarucab.es\\\/blog\\\/wp-content\\\/uploads\\\/2019\\\/07\\\/r-rosa.png\",\"caption\":\"RUCAB\"},\"description\":\"La RUCAB es un referente en Extremadura por la calidad de sus instalaciones y por su estilo de vida, basado en valores de convivencia, respeto y educaci\u00f3n. Una residencia junto al campus y con todas las necesidades cubiertas.\",\"url\":\"https:\\\/\\\/residenciarucab.es\\\/blog\\\/author\\\/rucab_blog\\\/\"}]}<\/script>\n<!-- \/ Yoast SEO plugin. -->","yoast_head_json":{"title":"Hablamos sobre la F\u00f3rmula 1 en la RUCAB - BLOG RUCAB","description":"Recibimos a Ra\u00fal Molina Recio profesor de la Universidad de Extremadura y periodista especializado en el mundo del motor.","robots":{"index":"index","follow":"follow","max-snippet":"max-snippet:-1","max-image-preview":"max-image-preview:large","max-video-preview":"max-video-preview:-1"},"canonical":"https:\/\/residenciarucab.es\/blog\/charla-formula-1\/","og_locale":"es_ES","og_type":"article","og_title":"Hablamos sobre la F\u00f3rmula 1 en la RUCAB - BLOG RUCAB","og_description":"Recibimos a Ra\u00fal Molina Recio profesor de la Universidad de Extremadura y periodista especializado en el mundo del motor.","og_url":"https:\/\/residenciarucab.es\/blog\/charla-formula-1\/","og_site_name":"BLOG RUCAB","article_published_time":"2019-11-11T11:08:50+00:00","og_image":[{"width":1280,"height":720,"url":"https:\/\/residenciarucab.es\/blog\/wp-content\/uploads\/2019\/11\/1-raul-molina-recio.jpg","type":"image\/jpeg"}],"author":"RUCAB","twitter_card":"summary_large_image","twitter_misc":{"Escrito por":"RUCAB","Tiempo de lectura":"2 minutos"},"schema":{"@context":"https:\/\/schema.org","@graph":[{"@type":"Article","@id":"https:\/\/residenciarucab.es\/blog\/charla-formula-1\/#article","isPartOf":{"@id":"https:\/\/residenciarucab.es\/blog\/charla-formula-1\/"},"author":{"name":"RUCAB","@id":"https:\/\/residenciarucab.es\/blog\/#\/schema\/person\/f759c867eac865f0ce36c767f26f9294"},"headline":"Hablamos sobre la F\u00f3rmula 1 en la RUCAB","datePublished":"2019-11-11T11:08:50+00:00","mainEntityOfPage":{"@id":"https:\/\/residenciarucab.es\/blog\/charla-formula-1\/"},"wordCount":504,"commentCount":0,"image":{"@id":"https:\/\/residenciarucab.es\/blog\/charla-formula-1\/#primaryimage"},"thumbnailUrl":"https:\/\/residenciarucab.es\/blog\/wp-content\/uploads\/2019\/11\/1-raul-molina-recio.jpg","keywords":["carlos sainz","fernando alonso","formula E","fromula 1","hamilton","hidr\u00f3geno","raul molina","red bull"],"articleSection":["Noticias"],"inLanguage":"es","potentialAction":[{"@type":"CommentAction","name":"Comment","target":["https:\/\/residenciarucab.es\/blog\/charla-formula-1\/#respond"]}]},{"@type":"WebPage","@id":"https:\/\/residenciarucab.es\/blog\/charla-formula-1\/","url":"https:\/\/residenciarucab.es\/blog\/charla-formula-1\/","name":"Hablamos sobre la F\u00f3rmula 1 en la RUCAB - BLOG RUCAB","isPartOf":{"@id":"https:\/\/residenciarucab.es\/blog\/#website"},"primaryImageOfPage":{"@id":"https:\/\/residenciarucab.es\/blog\/charla-formula-1\/#primaryimage"},"image":{"@id":"https:\/\/residenciarucab.es\/blog\/charla-formula-1\/#primaryimage"},"thumbnailUrl":"https:\/\/residenciarucab.es\/blog\/wp-content\/uploads\/2019\/11\/1-raul-molina-recio.jpg","datePublished":"2019-11-11T11:08:50+00:00","author":{"@id":"https:\/\/residenciarucab.es\/blog\/#\/schema\/person\/f759c867eac865f0ce36c767f26f9294"},"description":"Recibimos a Ra\u00fal Molina Recio profesor de la Universidad de Extremadura y periodista especializado en el mundo del motor.","breadcrumb":{"@id":"https:\/\/residenciarucab.es\/blog\/charla-formula-1\/#breadcrumb"},"inLanguage":"es","potentialAction":[{"@type":"ReadAction","target":["https:\/\/residenciarucab.es\/blog\/charla-formula-1\/"]}]},{"@type":"ImageObject","inLanguage":"es","@id":"https:\/\/residenciarucab.es\/blog\/charla-formula-1\/#primaryimage","url":"https:\/\/residenciarucab.es\/blog\/wp-content\/uploads\/2019\/11\/1-raul-molina-recio.jpg","contentUrl":"https:\/\/residenciarucab.es\/blog\/wp-content\/uploads\/2019\/11\/1-raul-molina-recio.jpg","width":1280,"height":720,"caption":"cafe tertulia raul molina"},{"@type":"BreadcrumbList","@id":"https:\/\/residenciarucab.es\/blog\/charla-formula-1\/#breadcrumb","itemListElement":[{"@type":"ListItem","position":1,"name":"Portada","item":"https:\/\/residenciarucab.es\/blog\/"},{"@type":"ListItem","position":2,"name":"Hablamos sobre la F\u00f3rmula 1 en la RUCAB"}]},{"@type":"WebSite","@id":"https:\/\/residenciarucab.es\/blog\/#website","url":"https:\/\/residenciarucab.es\/blog\/","name":"BLOG RUCAB","description":"\u00a1Todas las novedades de nuestra residencia universitaria!","potentialAction":[{"@type":"SearchAction","target":{"@type":"EntryPoint","urlTemplate":"https:\/\/residenciarucab.es\/blog\/?s={search_term_string}"},"query-input":{"@type":"PropertyValueSpecification","valueRequired":true,"valueName":"search_term_string"}}],"inLanguage":"es"},{"@type":"Person","@id":"https:\/\/residenciarucab.es\/blog\/#\/schema\/person\/f759c867eac865f0ce36c767f26f9294","name":"RUCAB","image":{"@type":"ImageObject","inLanguage":"es","@id":"https:\/\/residenciarucab.es\/blog\/wp-content\/uploads\/2019\/07\/r-rosa.png","url":"https:\/\/residenciarucab.es\/blog\/wp-content\/uploads\/2019\/07\/r-rosa.png","contentUrl":"https:\/\/residenciarucab.es\/blog\/wp-content\/uploads\/2019\/07\/r-rosa.png","caption":"RUCAB"},"description":"La RUCAB es un referente en Extremadura por la calidad de sus instalaciones y por su estilo de vida, basado en valores de convivencia, respeto y educaci\u00f3n. Una residencia junto al campus y con todas las necesidades cubiertas.","url":"https:\/\/residenciarucab.es\/blog\/author\/rucab_blog\/"}]}},"_links":{"self":[{"href":"https:\/\/residenciarucab.es\/blog\/wp-json\/wp\/v2\/posts\/462","targetHints":{"allow":["GET"]}}],"collection":[{"href":"https:\/\/residenciarucab.es\/blog\/wp-json\/wp\/v2\/posts"}],"about":[{"href":"https:\/\/residenciarucab.es\/blog\/wp-json\/wp\/v2\/types\/post"}],"author":[{"embeddable":true,"href":"https:\/\/residenciarucab.es\/blog\/wp-json\/wp\/v2\/users\/1"}],"replies":[{"embeddable":true,"href":"https:\/\/residenciarucab.es\/blog\/wp-json\/wp\/v2\/comments?post=462"}],"version-history":[{"count":5,"href":"https:\/\/residenciarucab.es\/blog\/wp-json\/wp\/v2\/posts\/462\/revisions"}],"predecessor-version":[{"id":479,"href":"https:\/\/residenciarucab.es\/blog\/wp-json\/wp\/v2\/posts\/462\/revisions\/479"}],"wp:featuredmedia":[{"embeddable":true,"href":"https:\/\/residenciarucab.es\/blog\/wp-json\/wp\/v2\/media\/476"}],"wp:attachment":[{"href":"https:\/\/residenciarucab.es\/blog\/wp-json\/wp\/v2\/media?parent=462"}],"wp:term":[{"taxonomy":"category","embeddable":true,"href":"https:\/\/residenciarucab.es\/blog\/wp-json\/wp\/v2\/categories?post=462"},{"taxonomy":"post_tag","embeddable":true,"href":"https:\/\/residenciarucab.es\/blog\/wp-json\/wp\/v2\/tags?post=462"}],"curies":[{"name":"wp","href":"https:\/\/api.w.org\/{rel}","templated":true}]}}