

{"id":500,"date":"2019-11-14T14:52:51","date_gmt":"2019-11-14T13:52:51","guid":{"rendered":"http:\/\/residenciarucab.es\/blog\/?p=500"},"modified":"2019-11-14T14:59:29","modified_gmt":"2019-11-14T13:59:29","slug":"ruben-tanco","status":"publish","type":"post","link":"https:\/\/residenciarucab.es\/blog\/ruben-tanco\/","title":{"rendered":"Rub\u00e9n Tanco: \u00abLa discapacidad no significa incapacidad\u00bb"},"content":{"rendered":"<h4>Charlamos con Rub\u00e9n Tanco, ciclista adaptado de Badajoz, actualmente pertenece al equipo Fundaci\u00f3n CB Integra Team, nos ha visitado para aportarnos su visi\u00f3n sobre la vida y sobre c\u00f3mo desarrolla su pasi\u00f3n, el ciclismo.<\/h4>\n<p>Ayer el sal\u00f3n de actos de la RUCAB recibi\u00f3 a <strong>Rub\u00e9n Tanco<\/strong>, este ciclista empez\u00f3 con la bicicleta cuando solo ten\u00eda 8 a\u00f1os, la BMX fue su modalidad de inicio, siendo campe\u00f3n de numerosas competiciones.<\/p>\n<p><img loading=\"lazy\" decoding=\"async\" class=\"size-full wp-image-506 alignleft\" src=\"http:\/\/residenciarucab.es\/blog\/wp-content\/uploads\/2019\/11\/2-blog-ruben-tanco-min.jpg\" alt=\"Fundaci\u00f3n Integra Team\" width=\"1280\" height=\"720\" srcset=\"https:\/\/residenciarucab.es\/blog\/wp-content\/uploads\/2019\/11\/2-blog-ruben-tanco-min.jpg 1280w, https:\/\/residenciarucab.es\/blog\/wp-content\/uploads\/2019\/11\/2-blog-ruben-tanco-min-300x169.jpg 300w, https:\/\/residenciarucab.es\/blog\/wp-content\/uploads\/2019\/11\/2-blog-ruben-tanco-min-1024x576.jpg 1024w, https:\/\/residenciarucab.es\/blog\/wp-content\/uploads\/2019\/11\/2-blog-ruben-tanco-min-768x432.jpg 768w, https:\/\/residenciarucab.es\/blog\/wp-content\/uploads\/2019\/11\/2-blog-ruben-tanco-min-1140x641.jpg 1140w, https:\/\/residenciarucab.es\/blog\/wp-content\/uploads\/2019\/11\/2-blog-ruben-tanco-min-552x311.jpg 552w\" sizes=\"auto, (max-width: 1280px) 100vw, 1280px\" \/>Posteriormente cambi\u00f3 la <strong>BMX<\/strong> por el ciclismo de carretera, entr\u00f3 en el equipo Fundaci\u00f3n CB Integra Team de <a href=\"https:\/\/www.fundacioncb.es\/\" target=\"_blank\" rel=\"noopener noreferrer\">Fundaci\u00f3n CB<\/a>, esta oportunidad le ha permitido avanzar profesional y personalmente. Se define como una persona optimista y feliz que disfruta al 100% de la bicicleta. Adem\u00e1s de su pasi\u00f3n por la bici ofrece su ayuda en este sector al que lo necesite y en especial a los ni\u00f1os, ha montado su propia <strong>escuela de ciclismo para ni\u00f1os.<\/strong><\/p>\n<p>Nos cuenta que se dedica en exclusiva a la bici, \u00abcuando tienes este tipo de dedicaci\u00f3n cambia todo\u00bb reconoce que ha aprendido mucho en todos los sentidos, pero que sigue en un proceso continuo de crecimiento.<\/p>\n<p>Sus objetivos son muy claros y uno de ellos es poder participar en los <strong>Juegos Paral\u00edmpicos de Tokio 2020<\/strong>, posibilidad que todav\u00eda est\u00e1 en juego y por la que lucha a diario, ya que es\u00a0 de los ciclistas con m\u00e1s puntos UCI.<\/p>\n<p><img loading=\"lazy\" decoding=\"async\" class=\"aligncenter size-full wp-image-505\" src=\"http:\/\/residenciarucab.es\/blog\/wp-content\/uploads\/2019\/11\/3-blog-ruben-tanco-min.jpg\" alt=\"Foto grupo con Rub\u00e9n Tanco\" width=\"1280\" height=\"720\" srcset=\"https:\/\/residenciarucab.es\/blog\/wp-content\/uploads\/2019\/11\/3-blog-ruben-tanco-min.jpg 1280w, https:\/\/residenciarucab.es\/blog\/wp-content\/uploads\/2019\/11\/3-blog-ruben-tanco-min-300x169.jpg 300w, https:\/\/residenciarucab.es\/blog\/wp-content\/uploads\/2019\/11\/3-blog-ruben-tanco-min-1024x576.jpg 1024w, https:\/\/residenciarucab.es\/blog\/wp-content\/uploads\/2019\/11\/3-blog-ruben-tanco-min-768x432.jpg 768w, https:\/\/residenciarucab.es\/blog\/wp-content\/uploads\/2019\/11\/3-blog-ruben-tanco-min-1140x641.jpg 1140w, https:\/\/residenciarucab.es\/blog\/wp-content\/uploads\/2019\/11\/3-blog-ruben-tanco-min-552x311.jpg 552w\" sizes=\"auto, (max-width: 1280px) 100vw, 1280px\" \/><\/p>\n<p>Sigue leyendo m\u00e1s contenido sobre la RUCAB en nuestro\u00a0<a href=\"https:\/\/residenciarucab.es\/blog\/\" target=\"_blank\" rel=\"noopener noreferrer\">blog<\/a>.<\/p>\n","protected":false},"excerpt":{"rendered":"<p class=\"post-excerpt\">Charlamos con Rub\u00e9n Tanco, ciclista adaptado de Badajoz, actualmente pertenece al equipo Fundaci\u00f3n CB Integra Team, nos ha visitado para aportarnos su visi\u00f3n sobre la vida y sobre c\u00f3mo desarrolla su pasi\u00f3n, el ciclismo. Ayer el sal\u00f3n de actos de la RUCAB recibi\u00f3 a Rub\u00e9n Tanco, este ciclista empez\u00f3 con&#8230;<\/p>\n","protected":false},"author":1,"featured_media":504,"comment_status":"open","ping_status":"open","sticky":false,"template":"","format":"standard","meta":{"footnotes":""},"categories":[1],"tags":[9,172,173,40,174,176,2,177,175],"class_list":["post-500","post","type-post","status-publish","format-standard","has-post-thumbnail","hentry","category-noticias","tag-badajoz","tag-ciclismo","tag-ciclismo-adaptado","tag-deporte","tag-discapacidad","tag-extremadura","tag-fundacion-cb","tag-fundacion-cb-integra-team","tag-ruben-tanco"],"yoast_head":"<!-- This site is optimized with the Yoast SEO plugin v27.5 - https:\/\/yoast.com\/product\/yoast-seo-wordpress\/ -->\n<title>Rub\u00e9n Tanco: &quot;La discapacidad no significa incapacidad&quot; - BLOG RUCAB<\/title>\n<meta name=\"description\" content=\"Charlamos con Rub\u00e9n Tanco, ciclista adaptado de Badajoz, actualmente pertenece al equipo Fundaci\u00f3n CB Integra Team, nos da su visi\u00f3n sobre su vida y la bici\" \/>\n<meta name=\"robots\" content=\"index, follow, max-snippet:-1, max-image-preview:large, max-video-preview:-1\" \/>\n<link rel=\"canonical\" href=\"https:\/\/residenciarucab.es\/blog\/ruben-tanco\/\" \/>\n<meta property=\"og:locale\" content=\"es_ES\" \/>\n<meta property=\"og:type\" content=\"article\" \/>\n<meta property=\"og:title\" content=\"Rub\u00e9n Tanco: &quot;La discapacidad no significa incapacidad&quot; - BLOG RUCAB\" \/>\n<meta property=\"og:description\" content=\"Charlamos con Rub\u00e9n Tanco, ciclista adaptado de Badajoz, actualmente pertenece al equipo Fundaci\u00f3n CB Integra Team, nos da su visi\u00f3n sobre su vida y la bici\" \/>\n<meta property=\"og:url\" content=\"https:\/\/residenciarucab.es\/blog\/ruben-tanco\/\" \/>\n<meta property=\"og:site_name\" content=\"BLOG RUCAB\" \/>\n<meta property=\"article:published_time\" content=\"2019-11-14T13:52:51+00:00\" \/>\n<meta property=\"article:modified_time\" content=\"2019-11-14T13:59:29+00:00\" \/>\n<meta property=\"og:image\" content=\"https:\/\/residenciarucab.es\/blog\/wp-content\/uploads\/2019\/11\/1-blog-ruben-tanco.jpg\" \/>\n\t<meta property=\"og:image:width\" content=\"1280\" \/>\n\t<meta property=\"og:image:height\" content=\"720\" \/>\n\t<meta property=\"og:image:type\" content=\"image\/jpeg\" \/>\n<meta name=\"author\" content=\"RUCAB\" \/>\n<meta name=\"twitter:card\" content=\"summary_large_image\" \/>\n<meta name=\"twitter:label1\" content=\"Escrito por\" \/>\n\t<meta name=\"twitter:data1\" content=\"RUCAB\" \/>\n\t<meta name=\"twitter:label2\" content=\"Tiempo de lectura\" \/>\n\t<meta name=\"twitter:data2\" content=\"1 minuto\" \/>\n<script type=\"application\/ld+json\" class=\"yoast-schema-graph\">{\"@context\":\"https:\\\/\\\/schema.org\",\"@graph\":[{\"@type\":\"Article\",\"@id\":\"https:\\\/\\\/residenciarucab.es\\\/blog\\\/ruben-tanco\\\/#article\",\"isPartOf\":{\"@id\":\"https:\\\/\\\/residenciarucab.es\\\/blog\\\/ruben-tanco\\\/\"},\"author\":{\"name\":\"RUCAB\",\"@id\":\"https:\\\/\\\/residenciarucab.es\\\/blog\\\/#\\\/schema\\\/person\\\/f759c867eac865f0ce36c767f26f9294\"},\"headline\":\"Rub\u00e9n Tanco: \u00abLa discapacidad no significa incapacidad\u00bb\",\"datePublished\":\"2019-11-14T13:52:51+00:00\",\"dateModified\":\"2019-11-14T13:59:29+00:00\",\"mainEntityOfPage\":{\"@id\":\"https:\\\/\\\/residenciarucab.es\\\/blog\\\/ruben-tanco\\\/\"},\"wordCount\":259,\"commentCount\":0,\"image\":{\"@id\":\"https:\\\/\\\/residenciarucab.es\\\/blog\\\/ruben-tanco\\\/#primaryimage\"},\"thumbnailUrl\":\"https:\\\/\\\/residenciarucab.es\\\/blog\\\/wp-content\\\/uploads\\\/2019\\\/11\\\/1-blog-ruben-tanco.jpg\",\"keywords\":[\"Badajoz\",\"ciclismo\",\"ciclismo adaptado\",\"deporte\",\"discapacidad\",\"extremadura\",\"Fundaci\u00f3n CB\",\"fundacion cb integra team\",\"ruben tanco\"],\"articleSection\":[\"Noticias\"],\"inLanguage\":\"es\",\"potentialAction\":[{\"@type\":\"CommentAction\",\"name\":\"Comment\",\"target\":[\"https:\\\/\\\/residenciarucab.es\\\/blog\\\/ruben-tanco\\\/#respond\"]}]},{\"@type\":\"WebPage\",\"@id\":\"https:\\\/\\\/residenciarucab.es\\\/blog\\\/ruben-tanco\\\/\",\"url\":\"https:\\\/\\\/residenciarucab.es\\\/blog\\\/ruben-tanco\\\/\",\"name\":\"Rub\u00e9n Tanco: \\\"La discapacidad no significa incapacidad\\\" - BLOG RUCAB\",\"isPartOf\":{\"@id\":\"https:\\\/\\\/residenciarucab.es\\\/blog\\\/#website\"},\"primaryImageOfPage\":{\"@id\":\"https:\\\/\\\/residenciarucab.es\\\/blog\\\/ruben-tanco\\\/#primaryimage\"},\"image\":{\"@id\":\"https:\\\/\\\/residenciarucab.es\\\/blog\\\/ruben-tanco\\\/#primaryimage\"},\"thumbnailUrl\":\"https:\\\/\\\/residenciarucab.es\\\/blog\\\/wp-content\\\/uploads\\\/2019\\\/11\\\/1-blog-ruben-tanco.jpg\",\"datePublished\":\"2019-11-14T13:52:51+00:00\",\"dateModified\":\"2019-11-14T13:59:29+00:00\",\"author\":{\"@id\":\"https:\\\/\\\/residenciarucab.es\\\/blog\\\/#\\\/schema\\\/person\\\/f759c867eac865f0ce36c767f26f9294\"},\"description\":\"Charlamos con Rub\u00e9n Tanco, ciclista adaptado de Badajoz, actualmente pertenece al equipo Fundaci\u00f3n CB Integra Team, nos da su visi\u00f3n sobre su vida y la bici\",\"breadcrumb\":{\"@id\":\"https:\\\/\\\/residenciarucab.es\\\/blog\\\/ruben-tanco\\\/#breadcrumb\"},\"inLanguage\":\"es\",\"potentialAction\":[{\"@type\":\"ReadAction\",\"target\":[\"https:\\\/\\\/residenciarucab.es\\\/blog\\\/ruben-tanco\\\/\"]}]},{\"@type\":\"ImageObject\",\"inLanguage\":\"es\",\"@id\":\"https:\\\/\\\/residenciarucab.es\\\/blog\\\/ruben-tanco\\\/#primaryimage\",\"url\":\"https:\\\/\\\/residenciarucab.es\\\/blog\\\/wp-content\\\/uploads\\\/2019\\\/11\\\/1-blog-ruben-tanco.jpg\",\"contentUrl\":\"https:\\\/\\\/residenciarucab.es\\\/blog\\\/wp-content\\\/uploads\\\/2019\\\/11\\\/1-blog-ruben-tanco.jpg\",\"width\":1280,\"height\":720,\"caption\":\"Rub\u00e9n Tanco\"},{\"@type\":\"BreadcrumbList\",\"@id\":\"https:\\\/\\\/residenciarucab.es\\\/blog\\\/ruben-tanco\\\/#breadcrumb\",\"itemListElement\":[{\"@type\":\"ListItem\",\"position\":1,\"name\":\"Portada\",\"item\":\"https:\\\/\\\/residenciarucab.es\\\/blog\\\/\"},{\"@type\":\"ListItem\",\"position\":2,\"name\":\"Rub\u00e9n Tanco: \u00abLa discapacidad no significa incapacidad\u00bb\"}]},{\"@type\":\"WebSite\",\"@id\":\"https:\\\/\\\/residenciarucab.es\\\/blog\\\/#website\",\"url\":\"https:\\\/\\\/residenciarucab.es\\\/blog\\\/\",\"name\":\"BLOG RUCAB\",\"description\":\"\u00a1Todas las novedades de nuestra residencia universitaria!\",\"potentialAction\":[{\"@type\":\"SearchAction\",\"target\":{\"@type\":\"EntryPoint\",\"urlTemplate\":\"https:\\\/\\\/residenciarucab.es\\\/blog\\\/?s={search_term_string}\"},\"query-input\":{\"@type\":\"PropertyValueSpecification\",\"valueRequired\":true,\"valueName\":\"search_term_string\"}}],\"inLanguage\":\"es\"},{\"@type\":\"Person\",\"@id\":\"https:\\\/\\\/residenciarucab.es\\\/blog\\\/#\\\/schema\\\/person\\\/f759c867eac865f0ce36c767f26f9294\",\"name\":\"RUCAB\",\"image\":{\"@type\":\"ImageObject\",\"inLanguage\":\"es\",\"@id\":\"https:\\\/\\\/residenciarucab.es\\\/blog\\\/wp-content\\\/uploads\\\/2019\\\/07\\\/r-rosa.png\",\"url\":\"https:\\\/\\\/residenciarucab.es\\\/blog\\\/wp-content\\\/uploads\\\/2019\\\/07\\\/r-rosa.png\",\"contentUrl\":\"https:\\\/\\\/residenciarucab.es\\\/blog\\\/wp-content\\\/uploads\\\/2019\\\/07\\\/r-rosa.png\",\"caption\":\"RUCAB\"},\"description\":\"La RUCAB es un referente en Extremadura por la calidad de sus instalaciones y por su estilo de vida, basado en valores de convivencia, respeto y educaci\u00f3n. Una residencia junto al campus y con todas las necesidades cubiertas.\",\"url\":\"https:\\\/\\\/residenciarucab.es\\\/blog\\\/author\\\/rucab_blog\\\/\"}]}<\/script>\n<!-- \/ Yoast SEO plugin. -->","yoast_head_json":{"title":"Rub\u00e9n Tanco: \"La discapacidad no significa incapacidad\" - BLOG RUCAB","description":"Charlamos con Rub\u00e9n Tanco, ciclista adaptado de Badajoz, actualmente pertenece al equipo Fundaci\u00f3n CB Integra Team, nos da su visi\u00f3n sobre su vida y la bici","robots":{"index":"index","follow":"follow","max-snippet":"max-snippet:-1","max-image-preview":"max-image-preview:large","max-video-preview":"max-video-preview:-1"},"canonical":"https:\/\/residenciarucab.es\/blog\/ruben-tanco\/","og_locale":"es_ES","og_type":"article","og_title":"Rub\u00e9n Tanco: \"La discapacidad no significa incapacidad\" - BLOG RUCAB","og_description":"Charlamos con Rub\u00e9n Tanco, ciclista adaptado de Badajoz, actualmente pertenece al equipo Fundaci\u00f3n CB Integra Team, nos da su visi\u00f3n sobre su vida y la bici","og_url":"https:\/\/residenciarucab.es\/blog\/ruben-tanco\/","og_site_name":"BLOG RUCAB","article_published_time":"2019-11-14T13:52:51+00:00","article_modified_time":"2019-11-14T13:59:29+00:00","og_image":[{"width":1280,"height":720,"url":"https:\/\/residenciarucab.es\/blog\/wp-content\/uploads\/2019\/11\/1-blog-ruben-tanco.jpg","type":"image\/jpeg"}],"author":"RUCAB","twitter_card":"summary_large_image","twitter_misc":{"Escrito por":"RUCAB","Tiempo de lectura":"1 minuto"},"schema":{"@context":"https:\/\/schema.org","@graph":[{"@type":"Article","@id":"https:\/\/residenciarucab.es\/blog\/ruben-tanco\/#article","isPartOf":{"@id":"https:\/\/residenciarucab.es\/blog\/ruben-tanco\/"},"author":{"name":"RUCAB","@id":"https:\/\/residenciarucab.es\/blog\/#\/schema\/person\/f759c867eac865f0ce36c767f26f9294"},"headline":"Rub\u00e9n Tanco: \u00abLa discapacidad no significa incapacidad\u00bb","datePublished":"2019-11-14T13:52:51+00:00","dateModified":"2019-11-14T13:59:29+00:00","mainEntityOfPage":{"@id":"https:\/\/residenciarucab.es\/blog\/ruben-tanco\/"},"wordCount":259,"commentCount":0,"image":{"@id":"https:\/\/residenciarucab.es\/blog\/ruben-tanco\/#primaryimage"},"thumbnailUrl":"https:\/\/residenciarucab.es\/blog\/wp-content\/uploads\/2019\/11\/1-blog-ruben-tanco.jpg","keywords":["Badajoz","ciclismo","ciclismo adaptado","deporte","discapacidad","extremadura","Fundaci\u00f3n CB","fundacion cb integra team","ruben tanco"],"articleSection":["Noticias"],"inLanguage":"es","potentialAction":[{"@type":"CommentAction","name":"Comment","target":["https:\/\/residenciarucab.es\/blog\/ruben-tanco\/#respond"]}]},{"@type":"WebPage","@id":"https:\/\/residenciarucab.es\/blog\/ruben-tanco\/","url":"https:\/\/residenciarucab.es\/blog\/ruben-tanco\/","name":"Rub\u00e9n Tanco: \"La discapacidad no significa incapacidad\" - BLOG RUCAB","isPartOf":{"@id":"https:\/\/residenciarucab.es\/blog\/#website"},"primaryImageOfPage":{"@id":"https:\/\/residenciarucab.es\/blog\/ruben-tanco\/#primaryimage"},"image":{"@id":"https:\/\/residenciarucab.es\/blog\/ruben-tanco\/#primaryimage"},"thumbnailUrl":"https:\/\/residenciarucab.es\/blog\/wp-content\/uploads\/2019\/11\/1-blog-ruben-tanco.jpg","datePublished":"2019-11-14T13:52:51+00:00","dateModified":"2019-11-14T13:59:29+00:00","author":{"@id":"https:\/\/residenciarucab.es\/blog\/#\/schema\/person\/f759c867eac865f0ce36c767f26f9294"},"description":"Charlamos con Rub\u00e9n Tanco, ciclista adaptado de Badajoz, actualmente pertenece al equipo Fundaci\u00f3n CB Integra Team, nos da su visi\u00f3n sobre su vida y la bici","breadcrumb":{"@id":"https:\/\/residenciarucab.es\/blog\/ruben-tanco\/#breadcrumb"},"inLanguage":"es","potentialAction":[{"@type":"ReadAction","target":["https:\/\/residenciarucab.es\/blog\/ruben-tanco\/"]}]},{"@type":"ImageObject","inLanguage":"es","@id":"https:\/\/residenciarucab.es\/blog\/ruben-tanco\/#primaryimage","url":"https:\/\/residenciarucab.es\/blog\/wp-content\/uploads\/2019\/11\/1-blog-ruben-tanco.jpg","contentUrl":"https:\/\/residenciarucab.es\/blog\/wp-content\/uploads\/2019\/11\/1-blog-ruben-tanco.jpg","width":1280,"height":720,"caption":"Rub\u00e9n Tanco"},{"@type":"BreadcrumbList","@id":"https:\/\/residenciarucab.es\/blog\/ruben-tanco\/#breadcrumb","itemListElement":[{"@type":"ListItem","position":1,"name":"Portada","item":"https:\/\/residenciarucab.es\/blog\/"},{"@type":"ListItem","position":2,"name":"Rub\u00e9n Tanco: \u00abLa discapacidad no significa incapacidad\u00bb"}]},{"@type":"WebSite","@id":"https:\/\/residenciarucab.es\/blog\/#website","url":"https:\/\/residenciarucab.es\/blog\/","name":"BLOG RUCAB","description":"\u00a1Todas las novedades de nuestra residencia universitaria!","potentialAction":[{"@type":"SearchAction","target":{"@type":"EntryPoint","urlTemplate":"https:\/\/residenciarucab.es\/blog\/?s={search_term_string}"},"query-input":{"@type":"PropertyValueSpecification","valueRequired":true,"valueName":"search_term_string"}}],"inLanguage":"es"},{"@type":"Person","@id":"https:\/\/residenciarucab.es\/blog\/#\/schema\/person\/f759c867eac865f0ce36c767f26f9294","name":"RUCAB","image":{"@type":"ImageObject","inLanguage":"es","@id":"https:\/\/residenciarucab.es\/blog\/wp-content\/uploads\/2019\/07\/r-rosa.png","url":"https:\/\/residenciarucab.es\/blog\/wp-content\/uploads\/2019\/07\/r-rosa.png","contentUrl":"https:\/\/residenciarucab.es\/blog\/wp-content\/uploads\/2019\/07\/r-rosa.png","caption":"RUCAB"},"description":"La RUCAB es un referente en Extremadura por la calidad de sus instalaciones y por su estilo de vida, basado en valores de convivencia, respeto y educaci\u00f3n. Una residencia junto al campus y con todas las necesidades cubiertas.","url":"https:\/\/residenciarucab.es\/blog\/author\/rucab_blog\/"}]}},"_links":{"self":[{"href":"https:\/\/residenciarucab.es\/blog\/wp-json\/wp\/v2\/posts\/500","targetHints":{"allow":["GET"]}}],"collection":[{"href":"https:\/\/residenciarucab.es\/blog\/wp-json\/wp\/v2\/posts"}],"about":[{"href":"https:\/\/residenciarucab.es\/blog\/wp-json\/wp\/v2\/types\/post"}],"author":[{"embeddable":true,"href":"https:\/\/residenciarucab.es\/blog\/wp-json\/wp\/v2\/users\/1"}],"replies":[{"embeddable":true,"href":"https:\/\/residenciarucab.es\/blog\/wp-json\/wp\/v2\/comments?post=500"}],"version-history":[{"count":13,"href":"https:\/\/residenciarucab.es\/blog\/wp-json\/wp\/v2\/posts\/500\/revisions"}],"predecessor-version":[{"id":516,"href":"https:\/\/residenciarucab.es\/blog\/wp-json\/wp\/v2\/posts\/500\/revisions\/516"}],"wp:featuredmedia":[{"embeddable":true,"href":"https:\/\/residenciarucab.es\/blog\/wp-json\/wp\/v2\/media\/504"}],"wp:attachment":[{"href":"https:\/\/residenciarucab.es\/blog\/wp-json\/wp\/v2\/media?parent=500"}],"wp:term":[{"taxonomy":"category","embeddable":true,"href":"https:\/\/residenciarucab.es\/blog\/wp-json\/wp\/v2\/categories?post=500"},{"taxonomy":"post_tag","embeddable":true,"href":"https:\/\/residenciarucab.es\/blog\/wp-json\/wp\/v2\/tags?post=500"}],"curies":[{"name":"wp","href":"https:\/\/api.w.org\/{rel}","templated":true}]}}