

{"id":584,"date":"2019-11-28T14:52:29","date_gmt":"2019-11-28T13:52:29","guid":{"rendered":"http:\/\/residenciarucab.es\/blog\/?p=584"},"modified":"2019-11-28T14:52:29","modified_gmt":"2019-11-28T13:52:29","slug":"francisco-rubio","status":"publish","type":"post","link":"https:\/\/residenciarucab.es\/blog\/francisco-rubio\/","title":{"rendered":"Caf\u00e9 &#8211; tertulia con Francisco Rubio ex presidente del comit\u00e9 de competici\u00f3n de RFEF"},"content":{"rendered":"<h4>Tertulia en la RUCAB con Francisco Rubio S\u00e1nchez, mediador del TAS, experto en derecho del deporte, ex presidente del Comit\u00e9 de Competici\u00f3n de la RFEF, ex presidente de la Junta electoral de la <a href=\"https:\/\/www.rfef.es\/\" target=\"_blank\" rel=\"noopener noreferrer\">RFEF<\/a>, profesor de la Uex.<\/h4>\n<p>A la tertulia asistieron, adem\u00e1s de un grupo de residentes, el vicepresidente del Club Deportivo Santa Teresa, <strong>Pablo Ritor\u00e9<\/strong>; el vocal del Colegio de \u00c1rbitros de la FEF, <strong>Jorge Prieto<\/strong>,\u00a0 y el ex presidente de dichos \u00e1rbitros, <strong>Jos\u00e9 Cidoncha<\/strong> que con sus intervenciones aportaron diferentes puntos de vista, junto con Francisco Rubio.<\/p>\n<p>Se abordaron diversos temas de actualidad relacionados con el f\u00fatbol, tales como el\u00a0 <strong>arbitraje<\/strong> y el uso del <strong>VAR<\/strong>, sus ventajas e inconvenientes; la <strong>violencia en el mundo del f\u00fatbol<\/strong>, sus or\u00edgenes en categor\u00edas de formaci\u00f3n y c\u00f3mo combatirla; el debatido convenio colectivo del <strong>f\u00fatbol femenino<\/strong>.<\/p>\n<p>Francisco Rubio tambi\u00e9n explic\u00f3 c\u00f3mo funcionan los <strong>\u00f3rganos disciplinarios<\/strong>, en especial, los comit\u00e9s de competici\u00f3n, y los estrictos par\u00e1metros que siguen para imponer las <strong>sanciones<\/strong>, siempre de acuerdo con los reglamentos previamente aprobados. Asimismo manifest\u00f3 que en todos los a\u00f1os en que ha asumido esta responsabilidad nunca ha recibido presi\u00f3n alguna de ning\u00fan \u00f3rgano federativo.<\/p>\n<p>En este marco, hizo referencia a diferentes resoluciones en las que \u00e9l intervino, como la expulsi\u00f3n al <strong>Real Madrid<\/strong> por el asunto <strong>Cherysev<\/strong>; o al jugador que se levant\u00f3 la camiseta, para celebrar un gol, con un lema a favor de la lucha contra el c\u00e1ncer; o <strong>Cristiano Ronaldo<\/strong> por agarrar del brazo al \u00e1rbitro, y otras que fueron en su d\u00eda motivo de pol\u00e9mica, en muchos casos, explic\u00f3 el tertuliano invitado, debido a informaciones period\u00edsticas no siempre bien documentadas.<\/p>\n<p>Sigue leyendo m\u00e1s contenido sobre la RUCAB en nuestro\u00a0<a href=\"https:\/\/residenciarucab.es\/blog\/\" target=\"_blank\" rel=\"noopener noreferrer\">blog<\/a><\/p>\n","protected":false},"excerpt":{"rendered":"<p class=\"post-excerpt\">Tertulia en la RUCAB con Francisco Rubio S\u00e1nchez, mediador del TAS, experto en derecho del deporte, ex presidente del Comit\u00e9 de Competici\u00f3n de la RFEF, ex presidente de la Junta electoral de la RFEF, profesor de la Uex. A la tertulia asistieron, adem\u00e1s de un grupo de residentes, el vicepresidente&#8230;<\/p>\n","protected":false},"author":1,"featured_media":586,"comment_status":"open","ping_status":"open","sticky":false,"template":"","format":"standard","meta":{"footnotes":""},"categories":[1],"tags":[195,42,36,196,35],"class_list":["post-584","post","type-post","status-publish","format-standard","has-post-thumbnail","hentry","category-noticias","tag-francisco-rubio","tag-futbol","tag-residencia-universitaria","tag-rfef","tag-rucab"],"yoast_head":"<!-- This site is optimized with the Yoast SEO plugin v27.5 - https:\/\/yoast.com\/product\/yoast-seo-wordpress\/ -->\n<title>Caf\u00e9 - tertulia con Francisco Rubio ex presidente del comit\u00e9 de competici\u00f3n de RFEF - BLOG RUCAB<\/title>\n<meta name=\"robots\" content=\"index, follow, max-snippet:-1, max-image-preview:large, max-video-preview:-1\" \/>\n<link rel=\"canonical\" href=\"https:\/\/residenciarucab.es\/blog\/francisco-rubio\/\" \/>\n<meta property=\"og:locale\" content=\"es_ES\" \/>\n<meta property=\"og:type\" content=\"article\" \/>\n<meta property=\"og:title\" content=\"Caf\u00e9 - tertulia con Francisco Rubio ex presidente del comit\u00e9 de competici\u00f3n de RFEF - BLOG RUCAB\" \/>\n<meta property=\"og:description\" content=\"Tertulia en la RUCAB con Francisco Rubio S\u00e1nchez, mediador del TAS, experto en derecho del deporte, ex presidente del Comit\u00e9 de Competici\u00f3n de la RFEF, ex presidente de la Junta electoral de la RFEF, profesor de la Uex. A la tertulia asistieron, adem\u00e1s de un grupo de residentes, el vicepresidente...\" \/>\n<meta property=\"og:url\" content=\"https:\/\/residenciarucab.es\/blog\/francisco-rubio\/\" \/>\n<meta property=\"og:site_name\" content=\"BLOG RUCAB\" \/>\n<meta property=\"article:published_time\" content=\"2019-11-28T13:52:29+00:00\" \/>\n<meta property=\"og:image\" content=\"https:\/\/residenciarucab.es\/blog\/wp-content\/uploads\/2019\/11\/cafe-tertulia-francisco-rubio.jpg\" \/>\n\t<meta property=\"og:image:width\" content=\"1280\" \/>\n\t<meta property=\"og:image:height\" content=\"720\" \/>\n\t<meta property=\"og:image:type\" content=\"image\/jpeg\" \/>\n<meta name=\"author\" content=\"RUCAB\" \/>\n<meta name=\"twitter:card\" content=\"summary_large_image\" \/>\n<meta name=\"twitter:label1\" content=\"Escrito por\" \/>\n\t<meta name=\"twitter:data1\" content=\"RUCAB\" \/>\n\t<meta name=\"twitter:label2\" content=\"Tiempo de lectura\" \/>\n\t<meta name=\"twitter:data2\" content=\"2 minutos\" \/>\n<script type=\"application\/ld+json\" class=\"yoast-schema-graph\">{\"@context\":\"https:\\\/\\\/schema.org\",\"@graph\":[{\"@type\":\"Article\",\"@id\":\"https:\\\/\\\/residenciarucab.es\\\/blog\\\/francisco-rubio\\\/#article\",\"isPartOf\":{\"@id\":\"https:\\\/\\\/residenciarucab.es\\\/blog\\\/francisco-rubio\\\/\"},\"author\":{\"name\":\"RUCAB\",\"@id\":\"https:\\\/\\\/residenciarucab.es\\\/blog\\\/#\\\/schema\\\/person\\\/f759c867eac865f0ce36c767f26f9294\"},\"headline\":\"Caf\u00e9 &#8211; tertulia con Francisco Rubio ex presidente del comit\u00e9 de competici\u00f3n de RFEF\",\"datePublished\":\"2019-11-28T13:52:29+00:00\",\"mainEntityOfPage\":{\"@id\":\"https:\\\/\\\/residenciarucab.es\\\/blog\\\/francisco-rubio\\\/\"},\"wordCount\":320,\"commentCount\":0,\"image\":{\"@id\":\"https:\\\/\\\/residenciarucab.es\\\/blog\\\/francisco-rubio\\\/#primaryimage\"},\"thumbnailUrl\":\"https:\\\/\\\/residenciarucab.es\\\/blog\\\/wp-content\\\/uploads\\\/2019\\\/11\\\/cafe-tertulia-francisco-rubio.jpg\",\"keywords\":[\"Francisco Rubio\",\"futbol\",\"Residencia Universitaria\",\"RFEF\",\"Rucab\"],\"articleSection\":[\"Noticias\"],\"inLanguage\":\"es\",\"potentialAction\":[{\"@type\":\"CommentAction\",\"name\":\"Comment\",\"target\":[\"https:\\\/\\\/residenciarucab.es\\\/blog\\\/francisco-rubio\\\/#respond\"]}]},{\"@type\":\"WebPage\",\"@id\":\"https:\\\/\\\/residenciarucab.es\\\/blog\\\/francisco-rubio\\\/\",\"url\":\"https:\\\/\\\/residenciarucab.es\\\/blog\\\/francisco-rubio\\\/\",\"name\":\"Caf\u00e9 - tertulia con Francisco Rubio ex presidente del comit\u00e9 de competici\u00f3n de RFEF - BLOG RUCAB\",\"isPartOf\":{\"@id\":\"https:\\\/\\\/residenciarucab.es\\\/blog\\\/#website\"},\"primaryImageOfPage\":{\"@id\":\"https:\\\/\\\/residenciarucab.es\\\/blog\\\/francisco-rubio\\\/#primaryimage\"},\"image\":{\"@id\":\"https:\\\/\\\/residenciarucab.es\\\/blog\\\/francisco-rubio\\\/#primaryimage\"},\"thumbnailUrl\":\"https:\\\/\\\/residenciarucab.es\\\/blog\\\/wp-content\\\/uploads\\\/2019\\\/11\\\/cafe-tertulia-francisco-rubio.jpg\",\"datePublished\":\"2019-11-28T13:52:29+00:00\",\"author\":{\"@id\":\"https:\\\/\\\/residenciarucab.es\\\/blog\\\/#\\\/schema\\\/person\\\/f759c867eac865f0ce36c767f26f9294\"},\"breadcrumb\":{\"@id\":\"https:\\\/\\\/residenciarucab.es\\\/blog\\\/francisco-rubio\\\/#breadcrumb\"},\"inLanguage\":\"es\",\"potentialAction\":[{\"@type\":\"ReadAction\",\"target\":[\"https:\\\/\\\/residenciarucab.es\\\/blog\\\/francisco-rubio\\\/\"]}]},{\"@type\":\"ImageObject\",\"inLanguage\":\"es\",\"@id\":\"https:\\\/\\\/residenciarucab.es\\\/blog\\\/francisco-rubio\\\/#primaryimage\",\"url\":\"https:\\\/\\\/residenciarucab.es\\\/blog\\\/wp-content\\\/uploads\\\/2019\\\/11\\\/cafe-tertulia-francisco-rubio.jpg\",\"contentUrl\":\"https:\\\/\\\/residenciarucab.es\\\/blog\\\/wp-content\\\/uploads\\\/2019\\\/11\\\/cafe-tertulia-francisco-rubio.jpg\",\"width\":1280,\"height\":720,\"caption\":\"francisco rubio de RFEF\"},{\"@type\":\"BreadcrumbList\",\"@id\":\"https:\\\/\\\/residenciarucab.es\\\/blog\\\/francisco-rubio\\\/#breadcrumb\",\"itemListElement\":[{\"@type\":\"ListItem\",\"position\":1,\"name\":\"Portada\",\"item\":\"https:\\\/\\\/residenciarucab.es\\\/blog\\\/\"},{\"@type\":\"ListItem\",\"position\":2,\"name\":\"Caf\u00e9 &#8211; tertulia con Francisco Rubio ex presidente del comit\u00e9 de competici\u00f3n de RFEF\"}]},{\"@type\":\"WebSite\",\"@id\":\"https:\\\/\\\/residenciarucab.es\\\/blog\\\/#website\",\"url\":\"https:\\\/\\\/residenciarucab.es\\\/blog\\\/\",\"name\":\"BLOG RUCAB\",\"description\":\"\u00a1Todas las novedades de nuestra residencia universitaria!\",\"potentialAction\":[{\"@type\":\"SearchAction\",\"target\":{\"@type\":\"EntryPoint\",\"urlTemplate\":\"https:\\\/\\\/residenciarucab.es\\\/blog\\\/?s={search_term_string}\"},\"query-input\":{\"@type\":\"PropertyValueSpecification\",\"valueRequired\":true,\"valueName\":\"search_term_string\"}}],\"inLanguage\":\"es\"},{\"@type\":\"Person\",\"@id\":\"https:\\\/\\\/residenciarucab.es\\\/blog\\\/#\\\/schema\\\/person\\\/f759c867eac865f0ce36c767f26f9294\",\"name\":\"RUCAB\",\"image\":{\"@type\":\"ImageObject\",\"inLanguage\":\"es\",\"@id\":\"https:\\\/\\\/residenciarucab.es\\\/blog\\\/wp-content\\\/uploads\\\/2019\\\/07\\\/r-rosa.png\",\"url\":\"https:\\\/\\\/residenciarucab.es\\\/blog\\\/wp-content\\\/uploads\\\/2019\\\/07\\\/r-rosa.png\",\"contentUrl\":\"https:\\\/\\\/residenciarucab.es\\\/blog\\\/wp-content\\\/uploads\\\/2019\\\/07\\\/r-rosa.png\",\"caption\":\"RUCAB\"},\"description\":\"La RUCAB es un referente en Extremadura por la calidad de sus instalaciones y por su estilo de vida, basado en valores de convivencia, respeto y educaci\u00f3n. Una residencia junto al campus y con todas las necesidades cubiertas.\",\"url\":\"https:\\\/\\\/residenciarucab.es\\\/blog\\\/author\\\/rucab_blog\\\/\"}]}<\/script>\n<!-- \/ Yoast SEO plugin. -->","yoast_head_json":{"title":"Caf\u00e9 - tertulia con Francisco Rubio ex presidente del comit\u00e9 de competici\u00f3n de RFEF - BLOG RUCAB","robots":{"index":"index","follow":"follow","max-snippet":"max-snippet:-1","max-image-preview":"max-image-preview:large","max-video-preview":"max-video-preview:-1"},"canonical":"https:\/\/residenciarucab.es\/blog\/francisco-rubio\/","og_locale":"es_ES","og_type":"article","og_title":"Caf\u00e9 - tertulia con Francisco Rubio ex presidente del comit\u00e9 de competici\u00f3n de RFEF - BLOG RUCAB","og_description":"Tertulia en la RUCAB con Francisco Rubio S\u00e1nchez, mediador del TAS, experto en derecho del deporte, ex presidente del Comit\u00e9 de Competici\u00f3n de la RFEF, ex presidente de la Junta electoral de la RFEF, profesor de la Uex. A la tertulia asistieron, adem\u00e1s de un grupo de residentes, el vicepresidente...","og_url":"https:\/\/residenciarucab.es\/blog\/francisco-rubio\/","og_site_name":"BLOG RUCAB","article_published_time":"2019-11-28T13:52:29+00:00","og_image":[{"width":1280,"height":720,"url":"https:\/\/residenciarucab.es\/blog\/wp-content\/uploads\/2019\/11\/cafe-tertulia-francisco-rubio.jpg","type":"image\/jpeg"}],"author":"RUCAB","twitter_card":"summary_large_image","twitter_misc":{"Escrito por":"RUCAB","Tiempo de lectura":"2 minutos"},"schema":{"@context":"https:\/\/schema.org","@graph":[{"@type":"Article","@id":"https:\/\/residenciarucab.es\/blog\/francisco-rubio\/#article","isPartOf":{"@id":"https:\/\/residenciarucab.es\/blog\/francisco-rubio\/"},"author":{"name":"RUCAB","@id":"https:\/\/residenciarucab.es\/blog\/#\/schema\/person\/f759c867eac865f0ce36c767f26f9294"},"headline":"Caf\u00e9 &#8211; tertulia con Francisco Rubio ex presidente del comit\u00e9 de competici\u00f3n de RFEF","datePublished":"2019-11-28T13:52:29+00:00","mainEntityOfPage":{"@id":"https:\/\/residenciarucab.es\/blog\/francisco-rubio\/"},"wordCount":320,"commentCount":0,"image":{"@id":"https:\/\/residenciarucab.es\/blog\/francisco-rubio\/#primaryimage"},"thumbnailUrl":"https:\/\/residenciarucab.es\/blog\/wp-content\/uploads\/2019\/11\/cafe-tertulia-francisco-rubio.jpg","keywords":["Francisco Rubio","futbol","Residencia Universitaria","RFEF","Rucab"],"articleSection":["Noticias"],"inLanguage":"es","potentialAction":[{"@type":"CommentAction","name":"Comment","target":["https:\/\/residenciarucab.es\/blog\/francisco-rubio\/#respond"]}]},{"@type":"WebPage","@id":"https:\/\/residenciarucab.es\/blog\/francisco-rubio\/","url":"https:\/\/residenciarucab.es\/blog\/francisco-rubio\/","name":"Caf\u00e9 - tertulia con Francisco Rubio ex presidente del comit\u00e9 de competici\u00f3n de RFEF - BLOG RUCAB","isPartOf":{"@id":"https:\/\/residenciarucab.es\/blog\/#website"},"primaryImageOfPage":{"@id":"https:\/\/residenciarucab.es\/blog\/francisco-rubio\/#primaryimage"},"image":{"@id":"https:\/\/residenciarucab.es\/blog\/francisco-rubio\/#primaryimage"},"thumbnailUrl":"https:\/\/residenciarucab.es\/blog\/wp-content\/uploads\/2019\/11\/cafe-tertulia-francisco-rubio.jpg","datePublished":"2019-11-28T13:52:29+00:00","author":{"@id":"https:\/\/residenciarucab.es\/blog\/#\/schema\/person\/f759c867eac865f0ce36c767f26f9294"},"breadcrumb":{"@id":"https:\/\/residenciarucab.es\/blog\/francisco-rubio\/#breadcrumb"},"inLanguage":"es","potentialAction":[{"@type":"ReadAction","target":["https:\/\/residenciarucab.es\/blog\/francisco-rubio\/"]}]},{"@type":"ImageObject","inLanguage":"es","@id":"https:\/\/residenciarucab.es\/blog\/francisco-rubio\/#primaryimage","url":"https:\/\/residenciarucab.es\/blog\/wp-content\/uploads\/2019\/11\/cafe-tertulia-francisco-rubio.jpg","contentUrl":"https:\/\/residenciarucab.es\/blog\/wp-content\/uploads\/2019\/11\/cafe-tertulia-francisco-rubio.jpg","width":1280,"height":720,"caption":"francisco rubio de RFEF"},{"@type":"BreadcrumbList","@id":"https:\/\/residenciarucab.es\/blog\/francisco-rubio\/#breadcrumb","itemListElement":[{"@type":"ListItem","position":1,"name":"Portada","item":"https:\/\/residenciarucab.es\/blog\/"},{"@type":"ListItem","position":2,"name":"Caf\u00e9 &#8211; tertulia con Francisco Rubio ex presidente del comit\u00e9 de competici\u00f3n de RFEF"}]},{"@type":"WebSite","@id":"https:\/\/residenciarucab.es\/blog\/#website","url":"https:\/\/residenciarucab.es\/blog\/","name":"BLOG RUCAB","description":"\u00a1Todas las novedades de nuestra residencia universitaria!","potentialAction":[{"@type":"SearchAction","target":{"@type":"EntryPoint","urlTemplate":"https:\/\/residenciarucab.es\/blog\/?s={search_term_string}"},"query-input":{"@type":"PropertyValueSpecification","valueRequired":true,"valueName":"search_term_string"}}],"inLanguage":"es"},{"@type":"Person","@id":"https:\/\/residenciarucab.es\/blog\/#\/schema\/person\/f759c867eac865f0ce36c767f26f9294","name":"RUCAB","image":{"@type":"ImageObject","inLanguage":"es","@id":"https:\/\/residenciarucab.es\/blog\/wp-content\/uploads\/2019\/07\/r-rosa.png","url":"https:\/\/residenciarucab.es\/blog\/wp-content\/uploads\/2019\/07\/r-rosa.png","contentUrl":"https:\/\/residenciarucab.es\/blog\/wp-content\/uploads\/2019\/07\/r-rosa.png","caption":"RUCAB"},"description":"La RUCAB es un referente en Extremadura por la calidad de sus instalaciones y por su estilo de vida, basado en valores de convivencia, respeto y educaci\u00f3n. Una residencia junto al campus y con todas las necesidades cubiertas.","url":"https:\/\/residenciarucab.es\/blog\/author\/rucab_blog\/"}]}},"_links":{"self":[{"href":"https:\/\/residenciarucab.es\/blog\/wp-json\/wp\/v2\/posts\/584","targetHints":{"allow":["GET"]}}],"collection":[{"href":"https:\/\/residenciarucab.es\/blog\/wp-json\/wp\/v2\/posts"}],"about":[{"href":"https:\/\/residenciarucab.es\/blog\/wp-json\/wp\/v2\/types\/post"}],"author":[{"embeddable":true,"href":"https:\/\/residenciarucab.es\/blog\/wp-json\/wp\/v2\/users\/1"}],"replies":[{"embeddable":true,"href":"https:\/\/residenciarucab.es\/blog\/wp-json\/wp\/v2\/comments?post=584"}],"version-history":[{"count":2,"href":"https:\/\/residenciarucab.es\/blog\/wp-json\/wp\/v2\/posts\/584\/revisions"}],"predecessor-version":[{"id":587,"href":"https:\/\/residenciarucab.es\/blog\/wp-json\/wp\/v2\/posts\/584\/revisions\/587"}],"wp:featuredmedia":[{"embeddable":true,"href":"https:\/\/residenciarucab.es\/blog\/wp-json\/wp\/v2\/media\/586"}],"wp:attachment":[{"href":"https:\/\/residenciarucab.es\/blog\/wp-json\/wp\/v2\/media?parent=584"}],"wp:term":[{"taxonomy":"category","embeddable":true,"href":"https:\/\/residenciarucab.es\/blog\/wp-json\/wp\/v2\/categories?post=584"},{"taxonomy":"post_tag","embeddable":true,"href":"https:\/\/residenciarucab.es\/blog\/wp-json\/wp\/v2\/tags?post=584"}],"curies":[{"name":"wp","href":"https:\/\/api.w.org\/{rel}","templated":true}]}}