

{"id":654,"date":"2020-01-17T11:37:07","date_gmt":"2020-01-17T10:37:07","guid":{"rendered":"http:\/\/residenciarucab.es\/blog\/?p=654"},"modified":"2020-01-17T11:52:32","modified_gmt":"2020-01-17T10:52:32","slug":"juan-carlos-monedero","status":"publish","type":"post","link":"https:\/\/residenciarucab.es\/blog\/juan-carlos-monedero\/","title":{"rendered":"Caf\u00e9 &#8211; Tertulia con Juan Carlos Monedero en la RUCAB"},"content":{"rendered":"<h4>Los residentes de la RUCAB se han reunido para hablar con Juan Carlos Monedero, donde han podido realizarle todo tipo de preguntas, posteriormente se llev\u00f3 a cabo una conferencia en el sal\u00f3n de actos.<\/h4>\n<p>El jueves 16 de enero, hemos tenido al polit\u00f3logo, pol\u00edtico y profesor espa\u00f1ol <a href=\"https:\/\/www.facebook.com\/juancarlos.monedero\/?__tn__=K-R&amp;eid=ARB25c7cV9QwwX9ooqCy-YtOGZIOr6B7v05ePSoiqY3i_Ns9fQeRXoKJkfMmAU_GB_c_vqvcqSfouhP-&amp;fref=mentions&amp;__xts__[0]=68.ARDWzojetSEn2-wEUVLCHedcFe9VLKlkW04S53wI7Kpj39vX7BFOuB6yv7MqgptwTmH1Z2dB4iHSIki24P89BYRTmUfxmfg9FZEAfGN2Xa-KrQ16NZbKK0GriCPXeRC9HP1QzaRy1ySSNk81Haa7wF6G1wI97F8Py-ysAIY_juL-VRw8nBb9z6KLE5tU3Jpv06REDdqgbTab7t0dGnK7baDmgKJ079xQgLe6Vy6nw_gNU_0ldvFaj4JqMZceuTo0U-GkWog42R6gvxDYAJWJNBli32sD8RCDiH9AZ3H9UvBMqbIyQniUfeIyMtJVeNx0NzbS4lVv8rod7edhE9FvVWSCT65CIQzO_qtOJw\" target=\"_blank\" rel=\"noopener noreferrer\"><strong>Juan Carlos Monedero<\/strong><\/a> en la RUCAB. Profesor de la Universidad Complutense de Madrid, lugar donde estudi\u00f3. Es Doctor en Ciencias Pol\u00edticas y Sociolog\u00eda, su tesis trat\u00f3 sobre <strong>&#8216;Causas de la disoluci\u00f3n de la Rep\u00fablica Democr\u00e1tica Alemana. La Ausencia de la legitimidad: 1949 -1989&#8217;,<\/strong> tema del que tambi\u00e9n habl\u00f3 posteriormente en la conferencia.<\/p>\n<p><img loading=\"lazy\" decoding=\"async\" class=\"aligncenter size-full wp-image-662\" src=\"http:\/\/residenciarucab.es\/blog\/wp-content\/uploads\/2020\/01\/monedero-1-min.jpg\" alt=\"Monedero, Emilio V\u00e1zquez y Emilio Jim\u00e9nez\" width=\"1280\" height=\"720\" srcset=\"https:\/\/residenciarucab.es\/blog\/wp-content\/uploads\/2020\/01\/monedero-1-min.jpg 1280w, https:\/\/residenciarucab.es\/blog\/wp-content\/uploads\/2020\/01\/monedero-1-min-300x169.jpg 300w, https:\/\/residenciarucab.es\/blog\/wp-content\/uploads\/2020\/01\/monedero-1-min-1024x576.jpg 1024w, https:\/\/residenciarucab.es\/blog\/wp-content\/uploads\/2020\/01\/monedero-1-min-768x432.jpg 768w, https:\/\/residenciarucab.es\/blog\/wp-content\/uploads\/2020\/01\/monedero-1-min-1140x641.jpg 1140w, https:\/\/residenciarucab.es\/blog\/wp-content\/uploads\/2020\/01\/monedero-1-min-552x311.jpg 552w\" sizes=\"auto, (max-width: 1280px) 100vw, 1280px\" \/><\/p>\n<h4>Temas a tratar<\/h4>\n<p>La charla con los residentes ha sido muy participativa, se han expresado todo tipo de opiniones y hemos podido escuchar de primera mano las respuesta de Monedero. Entre los temas a tratar, han estado presentes la igualdad, la mujer, el desarrollo tecnol\u00f3gico, el cambio clim\u00e1tico, la econom\u00eda, el futuro de Espa\u00f1a y su etapa de asesor de Hugo Ch\u00e1vez en Latinoam\u00e9rica.<\/p>\n<p>Su discurso ha estado basado en el <strong>optimismo <\/strong>y la <strong>empat\u00eda<\/strong>, Juan Carlos considera que sin optimismo nos convertimos en monstruos y se anulan las razones para pelear. Declara que:<\/p>\n<blockquote><p>\u00abLa vida viene de la cooperaci\u00f3n y no de la competencia por lo que hay que crear estructuras sociales donde la cooperaci\u00f3n pueda crecer\u00bb y asegura que \u00abla econom\u00eda de mercado nos hace competir constantemente\u00bb.<\/p><\/blockquote>\n<p><img loading=\"lazy\" decoding=\"async\" class=\"aligncenter size-full wp-image-663\" src=\"http:\/\/residenciarucab.es\/blog\/wp-content\/uploads\/2020\/01\/monedero-3-min.jpg\" alt=\"Juan Carlos Monedero en la RUCAB\" width=\"1280\" height=\"720\" srcset=\"https:\/\/residenciarucab.es\/blog\/wp-content\/uploads\/2020\/01\/monedero-3-min.jpg 1280w, https:\/\/residenciarucab.es\/blog\/wp-content\/uploads\/2020\/01\/monedero-3-min-300x169.jpg 300w, https:\/\/residenciarucab.es\/blog\/wp-content\/uploads\/2020\/01\/monedero-3-min-1024x576.jpg 1024w, https:\/\/residenciarucab.es\/blog\/wp-content\/uploads\/2020\/01\/monedero-3-min-768x432.jpg 768w, https:\/\/residenciarucab.es\/blog\/wp-content\/uploads\/2020\/01\/monedero-3-min-1140x641.jpg 1140w, https:\/\/residenciarucab.es\/blog\/wp-content\/uploads\/2020\/01\/monedero-3-min-552x311.jpg 552w\" sizes=\"auto, (max-width: 1280px) 100vw, 1280px\" \/><\/p>\n<p>Para este pol\u00edtico, actualmente, el <strong>desarrollo tecnol\u00f3gico<\/strong> est\u00e1 pensado para ahorrar empleo, considera que esta situaci\u00f3n va a afectar a los j\u00f3venes, sugiere que se tiene que ir pensando en favorecer fiscalmente al desarrollo tecnol\u00f3gico que ayude a conseguir tecnolog\u00eda que cree tecnolog\u00eda que cree <strong>empleo<\/strong> y no tecnolog\u00eda que destruya empleo. Por ello defiende que hay varios elementos encima de la mesa; el <strong>reto medioambiental<\/strong> y el<strong> reto laboral,<\/strong> y que para estos desaf\u00edos no tenemos soluci\u00f3n, ya que a\u00fan no est\u00e1 claro el diagn\u00f3stico, por lo que afirma que lo m\u00e1s apropiado es abrir bases de <strong>di\u00e1logo<\/strong>\u00a0muy fuertes para que la <strong>sociedad<\/strong> se implique en la soluci\u00f3n de todos estos problemas.<\/p>\n<p>Sobre su etapa de asesor para el <strong>gobierno Venezolano<\/strong> entre 2005 y 2010, declara que est\u00e1 muy orgulloso de lo que hizo con <strong>Ch\u00e1vez<\/strong> porque sacaron 40 millones de personas de la pobreza, afirma que cuando muere Ch\u00e1vez se pudre todo.<\/p>\n<p><img loading=\"lazy\" decoding=\"async\" class=\"aligncenter size-full wp-image-664\" src=\"http:\/\/residenciarucab.es\/blog\/wp-content\/uploads\/2020\/01\/monedero-2-min.jpg\" alt=\"Residentes RUCAB y Monedero\" width=\"1280\" height=\"720\" srcset=\"https:\/\/residenciarucab.es\/blog\/wp-content\/uploads\/2020\/01\/monedero-2-min.jpg 1280w, https:\/\/residenciarucab.es\/blog\/wp-content\/uploads\/2020\/01\/monedero-2-min-300x169.jpg 300w, https:\/\/residenciarucab.es\/blog\/wp-content\/uploads\/2020\/01\/monedero-2-min-1024x576.jpg 1024w, https:\/\/residenciarucab.es\/blog\/wp-content\/uploads\/2020\/01\/monedero-2-min-768x432.jpg 768w, https:\/\/residenciarucab.es\/blog\/wp-content\/uploads\/2020\/01\/monedero-2-min-1140x641.jpg 1140w, https:\/\/residenciarucab.es\/blog\/wp-content\/uploads\/2020\/01\/monedero-2-min-552x311.jpg 552w\" sizes=\"auto, (max-width: 1280px) 100vw, 1280px\" \/><\/p>\n<p>Finalmente se dio paso a la conferencia en el Sal\u00f3n de Actos de la RUCAB, donde el resto de asistentes pudieron escuchar su conferencia: &#8216;Heridas abiertas de la democracia espa\u00f1ola&#8217;.<\/p>\n<p>Sigue leyendo m\u00e1s contenido sobre la RUCAB en nuestro\u00a0<a href=\"https:\/\/residenciarucab.es\/blog\/\" target=\"_blank\" rel=\"noopener noreferrer\">blog<\/a>.<\/p>\n<p>&nbsp;<\/p>\n<p>&nbsp;<\/p>\n<p>&nbsp;<\/p>\n","protected":false},"excerpt":{"rendered":"<p class=\"post-excerpt\">Los residentes de la RUCAB se han reunido para hablar con Juan Carlos Monedero, donde han podido realizarle todo tipo de preguntas, posteriormente se llev\u00f3 a cabo una conferencia en el sal\u00f3n de actos. El jueves 16 de enero, hemos tenido al polit\u00f3logo, pol\u00edtico y profesor espa\u00f1ol Juan Carlos Monedero&#8230;<\/p>\n","protected":false},"author":1,"featured_media":661,"comment_status":"open","ping_status":"open","sticky":false,"template":"","format":"standard","meta":{"footnotes":""},"categories":[1],"tags":[9,202,204,207,206,201,208,203,35,205],"class_list":["post-654","post","type-post","status-publish","format-standard","has-post-thumbnail","hentry","category-noticias","tag-badajoz","tag-economia","tag-empleo","tag-feminismo","tag-igualdad","tag-juan-carlos-monedero","tag-machismo","tag-politica","tag-rucab","tag-tecnologia"],"yoast_head":"<!-- This site is optimized with the Yoast SEO plugin v27.5 - https:\/\/yoast.com\/product\/yoast-seo-wordpress\/ -->\n<title>Caf\u00e9 - Tertulia con Juan Carlos Monedero en la RUCAB - BLOG RUCAB<\/title>\n<meta name=\"description\" content=\"Los residentes se han reunido en el despacho del director para hablar con Juan Carlos Monedero, donde han podido preguntarle todo tipo de preguntas.\" \/>\n<meta name=\"robots\" content=\"index, follow, max-snippet:-1, max-image-preview:large, max-video-preview:-1\" \/>\n<link rel=\"canonical\" href=\"https:\/\/residenciarucab.es\/blog\/juan-carlos-monedero\/\" \/>\n<meta property=\"og:locale\" content=\"es_ES\" \/>\n<meta property=\"og:type\" content=\"article\" \/>\n<meta property=\"og:title\" content=\"Caf\u00e9 - Tertulia con Juan Carlos Monedero en la RUCAB - BLOG RUCAB\" \/>\n<meta property=\"og:description\" content=\"Los residentes se han reunido en el despacho del director para hablar con Juan Carlos Monedero, donde han podido preguntarle todo tipo de preguntas.\" \/>\n<meta property=\"og:url\" content=\"https:\/\/residenciarucab.es\/blog\/juan-carlos-monedero\/\" \/>\n<meta property=\"og:site_name\" content=\"BLOG RUCAB\" \/>\n<meta property=\"article:published_time\" content=\"2020-01-17T10:37:07+00:00\" \/>\n<meta property=\"article:modified_time\" content=\"2020-01-17T10:52:32+00:00\" \/>\n<meta property=\"og:image\" content=\"https:\/\/residenciarucab.es\/blog\/wp-content\/uploads\/2020\/01\/monedero-5-min.jpg\" \/>\n\t<meta property=\"og:image:width\" content=\"1280\" \/>\n\t<meta property=\"og:image:height\" content=\"720\" \/>\n\t<meta property=\"og:image:type\" content=\"image\/jpeg\" \/>\n<meta name=\"author\" content=\"RUCAB\" \/>\n<meta name=\"twitter:card\" content=\"summary_large_image\" \/>\n<meta name=\"twitter:label1\" content=\"Escrito por\" \/>\n\t<meta name=\"twitter:data1\" content=\"RUCAB\" \/>\n\t<meta name=\"twitter:label2\" content=\"Tiempo de lectura\" \/>\n\t<meta name=\"twitter:data2\" content=\"2 minutos\" \/>\n<script type=\"application\/ld+json\" class=\"yoast-schema-graph\">{\"@context\":\"https:\\\/\\\/schema.org\",\"@graph\":[{\"@type\":\"Article\",\"@id\":\"https:\\\/\\\/residenciarucab.es\\\/blog\\\/juan-carlos-monedero\\\/#article\",\"isPartOf\":{\"@id\":\"https:\\\/\\\/residenciarucab.es\\\/blog\\\/juan-carlos-monedero\\\/\"},\"author\":{\"name\":\"RUCAB\",\"@id\":\"https:\\\/\\\/residenciarucab.es\\\/blog\\\/#\\\/schema\\\/person\\\/f759c867eac865f0ce36c767f26f9294\"},\"headline\":\"Caf\u00e9 &#8211; Tertulia con Juan Carlos Monedero en la RUCAB\",\"datePublished\":\"2020-01-17T10:37:07+00:00\",\"dateModified\":\"2020-01-17T10:52:32+00:00\",\"mainEntityOfPage\":{\"@id\":\"https:\\\/\\\/residenciarucab.es\\\/blog\\\/juan-carlos-monedero\\\/\"},\"wordCount\":472,\"commentCount\":0,\"image\":{\"@id\":\"https:\\\/\\\/residenciarucab.es\\\/blog\\\/juan-carlos-monedero\\\/#primaryimage\"},\"thumbnailUrl\":\"https:\\\/\\\/residenciarucab.es\\\/blog\\\/wp-content\\\/uploads\\\/2020\\\/01\\\/monedero-5-min.jpg\",\"keywords\":[\"Badajoz\",\"economia\",\"empleo\",\"feminismo\",\"igualdad\",\"Juan Carlos Monedero\",\"machismo\",\"politica\",\"Rucab\",\"tecnologia\"],\"articleSection\":[\"Noticias\"],\"inLanguage\":\"es\",\"potentialAction\":[{\"@type\":\"CommentAction\",\"name\":\"Comment\",\"target\":[\"https:\\\/\\\/residenciarucab.es\\\/blog\\\/juan-carlos-monedero\\\/#respond\"]}]},{\"@type\":\"WebPage\",\"@id\":\"https:\\\/\\\/residenciarucab.es\\\/blog\\\/juan-carlos-monedero\\\/\",\"url\":\"https:\\\/\\\/residenciarucab.es\\\/blog\\\/juan-carlos-monedero\\\/\",\"name\":\"Caf\u00e9 - Tertulia con Juan Carlos Monedero en la RUCAB - BLOG RUCAB\",\"isPartOf\":{\"@id\":\"https:\\\/\\\/residenciarucab.es\\\/blog\\\/#website\"},\"primaryImageOfPage\":{\"@id\":\"https:\\\/\\\/residenciarucab.es\\\/blog\\\/juan-carlos-monedero\\\/#primaryimage\"},\"image\":{\"@id\":\"https:\\\/\\\/residenciarucab.es\\\/blog\\\/juan-carlos-monedero\\\/#primaryimage\"},\"thumbnailUrl\":\"https:\\\/\\\/residenciarucab.es\\\/blog\\\/wp-content\\\/uploads\\\/2020\\\/01\\\/monedero-5-min.jpg\",\"datePublished\":\"2020-01-17T10:37:07+00:00\",\"dateModified\":\"2020-01-17T10:52:32+00:00\",\"author\":{\"@id\":\"https:\\\/\\\/residenciarucab.es\\\/blog\\\/#\\\/schema\\\/person\\\/f759c867eac865f0ce36c767f26f9294\"},\"description\":\"Los residentes se han reunido en el despacho del director para hablar con Juan Carlos Monedero, donde han podido preguntarle todo tipo de preguntas.\",\"breadcrumb\":{\"@id\":\"https:\\\/\\\/residenciarucab.es\\\/blog\\\/juan-carlos-monedero\\\/#breadcrumb\"},\"inLanguage\":\"es\",\"potentialAction\":[{\"@type\":\"ReadAction\",\"target\":[\"https:\\\/\\\/residenciarucab.es\\\/blog\\\/juan-carlos-monedero\\\/\"]}]},{\"@type\":\"ImageObject\",\"inLanguage\":\"es\",\"@id\":\"https:\\\/\\\/residenciarucab.es\\\/blog\\\/juan-carlos-monedero\\\/#primaryimage\",\"url\":\"https:\\\/\\\/residenciarucab.es\\\/blog\\\/wp-content\\\/uploads\\\/2020\\\/01\\\/monedero-5-min.jpg\",\"contentUrl\":\"https:\\\/\\\/residenciarucab.es\\\/blog\\\/wp-content\\\/uploads\\\/2020\\\/01\\\/monedero-5-min.jpg\",\"width\":1280,\"height\":720,\"caption\":\"Juan Carlos Monedero\"},{\"@type\":\"BreadcrumbList\",\"@id\":\"https:\\\/\\\/residenciarucab.es\\\/blog\\\/juan-carlos-monedero\\\/#breadcrumb\",\"itemListElement\":[{\"@type\":\"ListItem\",\"position\":1,\"name\":\"Portada\",\"item\":\"https:\\\/\\\/residenciarucab.es\\\/blog\\\/\"},{\"@type\":\"ListItem\",\"position\":2,\"name\":\"Caf\u00e9 &#8211; Tertulia con Juan Carlos Monedero en la RUCAB\"}]},{\"@type\":\"WebSite\",\"@id\":\"https:\\\/\\\/residenciarucab.es\\\/blog\\\/#website\",\"url\":\"https:\\\/\\\/residenciarucab.es\\\/blog\\\/\",\"name\":\"BLOG RUCAB\",\"description\":\"\u00a1Todas las novedades de nuestra residencia universitaria!\",\"potentialAction\":[{\"@type\":\"SearchAction\",\"target\":{\"@type\":\"EntryPoint\",\"urlTemplate\":\"https:\\\/\\\/residenciarucab.es\\\/blog\\\/?s={search_term_string}\"},\"query-input\":{\"@type\":\"PropertyValueSpecification\",\"valueRequired\":true,\"valueName\":\"search_term_string\"}}],\"inLanguage\":\"es\"},{\"@type\":\"Person\",\"@id\":\"https:\\\/\\\/residenciarucab.es\\\/blog\\\/#\\\/schema\\\/person\\\/f759c867eac865f0ce36c767f26f9294\",\"name\":\"RUCAB\",\"image\":{\"@type\":\"ImageObject\",\"inLanguage\":\"es\",\"@id\":\"https:\\\/\\\/residenciarucab.es\\\/blog\\\/wp-content\\\/uploads\\\/2019\\\/07\\\/r-rosa.png\",\"url\":\"https:\\\/\\\/residenciarucab.es\\\/blog\\\/wp-content\\\/uploads\\\/2019\\\/07\\\/r-rosa.png\",\"contentUrl\":\"https:\\\/\\\/residenciarucab.es\\\/blog\\\/wp-content\\\/uploads\\\/2019\\\/07\\\/r-rosa.png\",\"caption\":\"RUCAB\"},\"description\":\"La RUCAB es un referente en Extremadura por la calidad de sus instalaciones y por su estilo de vida, basado en valores de convivencia, respeto y educaci\u00f3n. Una residencia junto al campus y con todas las necesidades cubiertas.\",\"url\":\"https:\\\/\\\/residenciarucab.es\\\/blog\\\/author\\\/rucab_blog\\\/\"}]}<\/script>\n<!-- \/ Yoast SEO plugin. -->","yoast_head_json":{"title":"Caf\u00e9 - Tertulia con Juan Carlos Monedero en la RUCAB - BLOG RUCAB","description":"Los residentes se han reunido en el despacho del director para hablar con Juan Carlos Monedero, donde han podido preguntarle todo tipo de preguntas.","robots":{"index":"index","follow":"follow","max-snippet":"max-snippet:-1","max-image-preview":"max-image-preview:large","max-video-preview":"max-video-preview:-1"},"canonical":"https:\/\/residenciarucab.es\/blog\/juan-carlos-monedero\/","og_locale":"es_ES","og_type":"article","og_title":"Caf\u00e9 - Tertulia con Juan Carlos Monedero en la RUCAB - BLOG RUCAB","og_description":"Los residentes se han reunido en el despacho del director para hablar con Juan Carlos Monedero, donde han podido preguntarle todo tipo de preguntas.","og_url":"https:\/\/residenciarucab.es\/blog\/juan-carlos-monedero\/","og_site_name":"BLOG RUCAB","article_published_time":"2020-01-17T10:37:07+00:00","article_modified_time":"2020-01-17T10:52:32+00:00","og_image":[{"width":1280,"height":720,"url":"https:\/\/residenciarucab.es\/blog\/wp-content\/uploads\/2020\/01\/monedero-5-min.jpg","type":"image\/jpeg"}],"author":"RUCAB","twitter_card":"summary_large_image","twitter_misc":{"Escrito por":"RUCAB","Tiempo de lectura":"2 minutos"},"schema":{"@context":"https:\/\/schema.org","@graph":[{"@type":"Article","@id":"https:\/\/residenciarucab.es\/blog\/juan-carlos-monedero\/#article","isPartOf":{"@id":"https:\/\/residenciarucab.es\/blog\/juan-carlos-monedero\/"},"author":{"name":"RUCAB","@id":"https:\/\/residenciarucab.es\/blog\/#\/schema\/person\/f759c867eac865f0ce36c767f26f9294"},"headline":"Caf\u00e9 &#8211; Tertulia con Juan Carlos Monedero en la RUCAB","datePublished":"2020-01-17T10:37:07+00:00","dateModified":"2020-01-17T10:52:32+00:00","mainEntityOfPage":{"@id":"https:\/\/residenciarucab.es\/blog\/juan-carlos-monedero\/"},"wordCount":472,"commentCount":0,"image":{"@id":"https:\/\/residenciarucab.es\/blog\/juan-carlos-monedero\/#primaryimage"},"thumbnailUrl":"https:\/\/residenciarucab.es\/blog\/wp-content\/uploads\/2020\/01\/monedero-5-min.jpg","keywords":["Badajoz","economia","empleo","feminismo","igualdad","Juan Carlos Monedero","machismo","politica","Rucab","tecnologia"],"articleSection":["Noticias"],"inLanguage":"es","potentialAction":[{"@type":"CommentAction","name":"Comment","target":["https:\/\/residenciarucab.es\/blog\/juan-carlos-monedero\/#respond"]}]},{"@type":"WebPage","@id":"https:\/\/residenciarucab.es\/blog\/juan-carlos-monedero\/","url":"https:\/\/residenciarucab.es\/blog\/juan-carlos-monedero\/","name":"Caf\u00e9 - Tertulia con Juan Carlos Monedero en la RUCAB - BLOG RUCAB","isPartOf":{"@id":"https:\/\/residenciarucab.es\/blog\/#website"},"primaryImageOfPage":{"@id":"https:\/\/residenciarucab.es\/blog\/juan-carlos-monedero\/#primaryimage"},"image":{"@id":"https:\/\/residenciarucab.es\/blog\/juan-carlos-monedero\/#primaryimage"},"thumbnailUrl":"https:\/\/residenciarucab.es\/blog\/wp-content\/uploads\/2020\/01\/monedero-5-min.jpg","datePublished":"2020-01-17T10:37:07+00:00","dateModified":"2020-01-17T10:52:32+00:00","author":{"@id":"https:\/\/residenciarucab.es\/blog\/#\/schema\/person\/f759c867eac865f0ce36c767f26f9294"},"description":"Los residentes se han reunido en el despacho del director para hablar con Juan Carlos Monedero, donde han podido preguntarle todo tipo de preguntas.","breadcrumb":{"@id":"https:\/\/residenciarucab.es\/blog\/juan-carlos-monedero\/#breadcrumb"},"inLanguage":"es","potentialAction":[{"@type":"ReadAction","target":["https:\/\/residenciarucab.es\/blog\/juan-carlos-monedero\/"]}]},{"@type":"ImageObject","inLanguage":"es","@id":"https:\/\/residenciarucab.es\/blog\/juan-carlos-monedero\/#primaryimage","url":"https:\/\/residenciarucab.es\/blog\/wp-content\/uploads\/2020\/01\/monedero-5-min.jpg","contentUrl":"https:\/\/residenciarucab.es\/blog\/wp-content\/uploads\/2020\/01\/monedero-5-min.jpg","width":1280,"height":720,"caption":"Juan Carlos Monedero"},{"@type":"BreadcrumbList","@id":"https:\/\/residenciarucab.es\/blog\/juan-carlos-monedero\/#breadcrumb","itemListElement":[{"@type":"ListItem","position":1,"name":"Portada","item":"https:\/\/residenciarucab.es\/blog\/"},{"@type":"ListItem","position":2,"name":"Caf\u00e9 &#8211; Tertulia con Juan Carlos Monedero en la RUCAB"}]},{"@type":"WebSite","@id":"https:\/\/residenciarucab.es\/blog\/#website","url":"https:\/\/residenciarucab.es\/blog\/","name":"BLOG RUCAB","description":"\u00a1Todas las novedades de nuestra residencia universitaria!","potentialAction":[{"@type":"SearchAction","target":{"@type":"EntryPoint","urlTemplate":"https:\/\/residenciarucab.es\/blog\/?s={search_term_string}"},"query-input":{"@type":"PropertyValueSpecification","valueRequired":true,"valueName":"search_term_string"}}],"inLanguage":"es"},{"@type":"Person","@id":"https:\/\/residenciarucab.es\/blog\/#\/schema\/person\/f759c867eac865f0ce36c767f26f9294","name":"RUCAB","image":{"@type":"ImageObject","inLanguage":"es","@id":"https:\/\/residenciarucab.es\/blog\/wp-content\/uploads\/2019\/07\/r-rosa.png","url":"https:\/\/residenciarucab.es\/blog\/wp-content\/uploads\/2019\/07\/r-rosa.png","contentUrl":"https:\/\/residenciarucab.es\/blog\/wp-content\/uploads\/2019\/07\/r-rosa.png","caption":"RUCAB"},"description":"La RUCAB es un referente en Extremadura por la calidad de sus instalaciones y por su estilo de vida, basado en valores de convivencia, respeto y educaci\u00f3n. Una residencia junto al campus y con todas las necesidades cubiertas.","url":"https:\/\/residenciarucab.es\/blog\/author\/rucab_blog\/"}]}},"_links":{"self":[{"href":"https:\/\/residenciarucab.es\/blog\/wp-json\/wp\/v2\/posts\/654","targetHints":{"allow":["GET"]}}],"collection":[{"href":"https:\/\/residenciarucab.es\/blog\/wp-json\/wp\/v2\/posts"}],"about":[{"href":"https:\/\/residenciarucab.es\/blog\/wp-json\/wp\/v2\/types\/post"}],"author":[{"embeddable":true,"href":"https:\/\/residenciarucab.es\/blog\/wp-json\/wp\/v2\/users\/1"}],"replies":[{"embeddable":true,"href":"https:\/\/residenciarucab.es\/blog\/wp-json\/wp\/v2\/comments?post=654"}],"version-history":[{"count":11,"href":"https:\/\/residenciarucab.es\/blog\/wp-json\/wp\/v2\/posts\/654\/revisions"}],"predecessor-version":[{"id":669,"href":"https:\/\/residenciarucab.es\/blog\/wp-json\/wp\/v2\/posts\/654\/revisions\/669"}],"wp:featuredmedia":[{"embeddable":true,"href":"https:\/\/residenciarucab.es\/blog\/wp-json\/wp\/v2\/media\/661"}],"wp:attachment":[{"href":"https:\/\/residenciarucab.es\/blog\/wp-json\/wp\/v2\/media?parent=654"}],"wp:term":[{"taxonomy":"category","embeddable":true,"href":"https:\/\/residenciarucab.es\/blog\/wp-json\/wp\/v2\/categories?post=654"},{"taxonomy":"post_tag","embeddable":true,"href":"https:\/\/residenciarucab.es\/blog\/wp-json\/wp\/v2\/tags?post=654"}],"curies":[{"name":"wp","href":"https:\/\/api.w.org\/{rel}","templated":true}]}}