

{"id":671,"date":"2020-01-20T10:33:03","date_gmt":"2020-01-20T09:33:03","guid":{"rendered":"http:\/\/residenciarucab.es\/blog\/?p=671"},"modified":"2020-01-20T10:33:03","modified_gmt":"2020-01-20T09:33:03","slug":"jornadas-academica-en-villafranca-de-los-barros","status":"publish","type":"post","link":"https:\/\/residenciarucab.es\/blog\/jornadas-academica-en-villafranca-de-los-barros\/","title":{"rendered":"Jornadas Acad\u00e9mica en Villafranca de los Barros"},"content":{"rendered":"<h4>La RUCAB ha estado en la V Jornada de Orientaci\u00f3n Acad\u00e9mica y Profesional para Alumnos y Familias de Bachillerato del Colegio San Jos\u00e9 de Villafranca de los Barros, ofreciendo informaci\u00f3n para los estudiantes sobre nuestras instalaciones y la Universidad de Extremadura.<\/h4>\n<p>Como cada curso, desde hace cinco a\u00f1os, la RUCAB es invitada a participar en las Jornadas de Orientaci\u00f3n que organiza el <a href=\"https:\/\/fundacionloyola.com\/sanjosevillafranca\/\" target=\"_blank\" rel=\"noopener noreferrer\"><strong>Colegio San Jos\u00e9 de Villafranca de los Barros<\/strong><\/a>. La finalidad de esta actividad es ofrecer de forma directa a los alumnos de este prestigioso Centro, informaci\u00f3n sobre los estudios universitarios y servicios de alojamiento que proporcionan diversas universidades, residencias universitarias y colegios mayores p\u00fablicos y privado. <strong>M\u00e1s de<\/strong> <strong>25 instituciones<\/strong> de Madrid, Sevilla y Extremadura han participado este a\u00f1o en las Jornadas.<\/p>\n<p>Durante la ma\u00f1ana del jueves 16 de enero la RUCAB estuvo presente con un stand desde d\u00f3nde se atendi\u00f3 a los numerosos alumnos de <strong>1\u00ba y 2\u00ba de Bachillerato<\/strong> del Colegio San Jos\u00e9 que desean estudiar una carrera universitaria en la <strong>Universidad de Extremadura<\/strong> y que se acercaron solicitar informaci\u00f3n sobre nuestra Residencia. Para todos estos inminentes futuros universitarios tan importante como la cuesti\u00f3n acad\u00e9mica es encontrar un <strong>lugar adecuado donde residir durante su etapa universitaria<\/strong>.<\/p>\n<p>Los alumnos del Colegio San Jos\u00e9 pudieron comprobar c\u00f3mo en la Residencia proporcionamos no s\u00f3lo unas complet\u00edsimas <strong>instalaciones de primer nivel<\/strong>, sino tambi\u00e9n una oferta de <strong>actividades culturales<\/strong> y <strong>formativas<\/strong>, un aut\u00e9ntico ambiente universitario que nos convierten en el destino ideal para los estudiantes del campus de <strong>Badajoz<\/strong> de la Universidad de Extremadura.<\/p>\n<p>En nuestro stand no han faltado fotos, sorteos, presentaciones, videos promocionales y mucha ganas de conocer a los estudiantes de este colegio.<\/p>\n<p>Desde la RUCAB queremos dar las gracias por vuestra acogida chicas y chicos del San Jos\u00e9, muchas gracias a <strong>Patricia Mazarr\u00f3n<\/strong> y al Colegio por la invitaci\u00f3n, esperamos veros pronto a todos, en la RUCAB y en las pr\u00f3ximas jornadas.<\/p>\n<style type=\"text\/css\">\n#foogallery-gallery-676 .fg-image { width: 150px; }\n#foogallery-gallery-676 { --fg-gutter: 10px; }<\/style>\n\t\t\t<div class=\"foogallery foogallery-container foogallery-default foogallery-lightbox-foobox fg-center fg-default fg-ready fg-light fg-border-thin fg-shadow-outline fg-loading-default fg-loaded-fade-in fg-caption-hover fg-hover-fade fg-hover-zoom\" id=\"foogallery-gallery-676\" data-foogallery=\"{&quot;item&quot;:{&quot;showCaptionTitle&quot;:true,&quot;showCaptionDescription&quot;:true},&quot;lazy&quot;:true}\" style=\"--fg-title-line-clamp: 0; --fg-description-line-clamp: 0;\" >\n\t<div class=\"fg-item fg-type-image fg-idle\"><figure class=\"fg-item-inner\"><a href=\"https:\/\/residenciarucab.es\/blog\/wp-content\/uploads\/2020\/01\/1-colegio-san-jose-min.jpg\" data-attachment-id=\"677\" data-type=\"image\" class=\"fg-thumb\"><span class=\"fg-image-wrap\"><img decoding=\"async\" alt=\"Alumnos de bachillerato conociendo la RUCAB\" width=\"150\" height=\"150\" class=\"skip-lazy fg-image\" data-src-fg=\"https:\/\/residenciarucab.es\/blog\/wp-content\/uploads\/cache\/2020\/01\/1-colegio-san-jose-min\/3066410511.jpg\" src=\"data:image\/svg+xml,%3Csvg%20xmlns%3D%22http%3A%2F%2Fwww.w3.org%2F2000%2Fsvg%22%20width%3D%22150%22%20height%3D%22150%22%20viewBox%3D%220%200%20150%20150%22%3E%3C%2Fsvg%3E\" loading=\"eager\"><\/span><span class=\"fg-image-overlay\"><\/span><\/a><\/figure><div class=\"fg-loader\"><\/div><\/div><div class=\"fg-item fg-type-image fg-idle\"><figure class=\"fg-item-inner\"><a href=\"https:\/\/residenciarucab.es\/blog\/wp-content\/uploads\/2020\/01\/2-colegio-san-jose-min.jpg\" data-attachment-id=\"678\" data-type=\"image\" class=\"fg-thumb\"><span class=\"fg-image-wrap\"><img decoding=\"async\" width=\"150\" height=\"150\" class=\"skip-lazy fg-image\" data-src-fg=\"https:\/\/residenciarucab.es\/blog\/wp-content\/uploads\/cache\/2020\/01\/2-colegio-san-jose-min\/2323082653.jpg\" src=\"data:image\/svg+xml,%3Csvg%20xmlns%3D%22http%3A%2F%2Fwww.w3.org%2F2000%2Fsvg%22%20width%3D%22150%22%20height%3D%22150%22%20viewBox%3D%220%200%20150%20150%22%3E%3C%2Fsvg%3E\" loading=\"eager\"><\/span><span class=\"fg-image-overlay\"><\/span><\/a><\/figure><div class=\"fg-loader\"><\/div><\/div><div class=\"fg-item fg-type-image fg-idle\"><figure class=\"fg-item-inner\"><a href=\"https:\/\/residenciarucab.es\/blog\/wp-content\/uploads\/2020\/01\/3-colegio-san-jose-min.jpg\" data-attachment-id=\"679\" data-type=\"image\" class=\"fg-thumb\"><span class=\"fg-image-wrap\"><img decoding=\"async\" width=\"150\" height=\"150\" class=\"skip-lazy fg-image\" data-src-fg=\"https:\/\/residenciarucab.es\/blog\/wp-content\/uploads\/cache\/2020\/01\/3-colegio-san-jose-min\/3142450301.jpg\" src=\"data:image\/svg+xml,%3Csvg%20xmlns%3D%22http%3A%2F%2Fwww.w3.org%2F2000%2Fsvg%22%20width%3D%22150%22%20height%3D%22150%22%20viewBox%3D%220%200%20150%20150%22%3E%3C%2Fsvg%3E\" loading=\"eager\"><\/span><span class=\"fg-image-overlay\"><\/span><\/a><\/figure><div class=\"fg-loader\"><\/div><\/div><div class=\"fg-item fg-type-image fg-idle\"><figure class=\"fg-item-inner\"><a href=\"https:\/\/residenciarucab.es\/blog\/wp-content\/uploads\/2020\/01\/4-colegio-san-jose-min.jpg\" data-attachment-id=\"680\" data-type=\"image\" class=\"fg-thumb\"><span class=\"fg-image-wrap\"><img decoding=\"async\" width=\"150\" height=\"150\" class=\"skip-lazy fg-image\" data-src-fg=\"https:\/\/residenciarucab.es\/blog\/wp-content\/uploads\/cache\/2020\/01\/4-colegio-san-jose-min\/3186857036.jpg\" src=\"data:image\/svg+xml,%3Csvg%20xmlns%3D%22http%3A%2F%2Fwww.w3.org%2F2000%2Fsvg%22%20width%3D%22150%22%20height%3D%22150%22%20viewBox%3D%220%200%20150%20150%22%3E%3C%2Fsvg%3E\" loading=\"eager\"><\/span><span class=\"fg-image-overlay\"><\/span><\/a><\/figure><div class=\"fg-loader\"><\/div><\/div><div class=\"fg-item fg-type-image fg-idle\"><figure class=\"fg-item-inner\"><a href=\"https:\/\/residenciarucab.es\/blog\/wp-content\/uploads\/2020\/01\/5-colegio-san-jose-min.jpg\" data-attachment-id=\"681\" data-type=\"image\" class=\"fg-thumb\"><span class=\"fg-image-wrap\"><img decoding=\"async\" width=\"150\" height=\"150\" class=\"skip-lazy fg-image\" data-src-fg=\"https:\/\/residenciarucab.es\/blog\/wp-content\/uploads\/cache\/2020\/01\/5-colegio-san-jose-min\/2361984428.jpg\" src=\"data:image\/svg+xml,%3Csvg%20xmlns%3D%22http%3A%2F%2Fwww.w3.org%2F2000%2Fsvg%22%20width%3D%22150%22%20height%3D%22150%22%20viewBox%3D%220%200%20150%20150%22%3E%3C%2Fsvg%3E\" loading=\"eager\"><\/span><span class=\"fg-image-overlay\"><\/span><\/a><\/figure><div class=\"fg-loader\"><\/div><\/div><div class=\"fg-item fg-type-image fg-idle\"><figure class=\"fg-item-inner\"><a href=\"https:\/\/residenciarucab.es\/blog\/wp-content\/uploads\/2020\/01\/6-colegio-san-jose-min.jpg\" data-attachment-id=\"682\" data-type=\"image\" class=\"fg-thumb\"><span class=\"fg-image-wrap\"><img decoding=\"async\" width=\"150\" height=\"150\" class=\"skip-lazy fg-image\" data-src-fg=\"https:\/\/residenciarucab.es\/blog\/wp-content\/uploads\/cache\/2020\/01\/6-colegio-san-jose-min\/3750147980.jpg\" src=\"data:image\/svg+xml,%3Csvg%20xmlns%3D%22http%3A%2F%2Fwww.w3.org%2F2000%2Fsvg%22%20width%3D%22150%22%20height%3D%22150%22%20viewBox%3D%220%200%20150%20150%22%3E%3C%2Fsvg%3E\" loading=\"eager\"><\/span><span class=\"fg-image-overlay\"><\/span><\/a><\/figure><div class=\"fg-loader\"><\/div><\/div><div class=\"fg-item fg-type-image fg-idle\"><figure class=\"fg-item-inner\"><a href=\"https:\/\/residenciarucab.es\/blog\/wp-content\/uploads\/2020\/01\/7-colegio-san-jose-min.jpg\" data-attachment-id=\"683\" data-type=\"image\" class=\"fg-thumb\"><span class=\"fg-image-wrap\"><img decoding=\"async\" width=\"150\" height=\"150\" class=\"skip-lazy fg-image\" data-src-fg=\"https:\/\/residenciarucab.es\/blog\/wp-content\/uploads\/cache\/2020\/01\/7-colegio-san-jose-min\/4005308012.jpg\" src=\"data:image\/svg+xml,%3Csvg%20xmlns%3D%22http%3A%2F%2Fwww.w3.org%2F2000%2Fsvg%22%20width%3D%22150%22%20height%3D%22150%22%20viewBox%3D%220%200%20150%20150%22%3E%3C%2Fsvg%3E\" loading=\"eager\"><\/span><span class=\"fg-image-overlay\"><\/span><\/a><\/figure><div class=\"fg-loader\"><\/div><\/div><div class=\"fg-item fg-type-image fg-idle\"><figure class=\"fg-item-inner\"><a href=\"https:\/\/residenciarucab.es\/blog\/wp-content\/uploads\/2020\/01\/8-colegio-san-jose-min.jpg\" data-attachment-id=\"684\" data-type=\"image\" class=\"fg-thumb\"><span class=\"fg-image-wrap\"><img decoding=\"async\" width=\"150\" height=\"150\" class=\"skip-lazy fg-image\" data-src-fg=\"https:\/\/residenciarucab.es\/blog\/wp-content\/uploads\/cache\/2020\/01\/8-colegio-san-jose-min\/3620017774.jpg\" src=\"data:image\/svg+xml,%3Csvg%20xmlns%3D%22http%3A%2F%2Fwww.w3.org%2F2000%2Fsvg%22%20width%3D%22150%22%20height%3D%22150%22%20viewBox%3D%220%200%20150%20150%22%3E%3C%2Fsvg%3E\" loading=\"eager\"><\/span><span class=\"fg-image-overlay\"><\/span><\/a><\/figure><div class=\"fg-loader\"><\/div><\/div><div class=\"fg-item fg-type-image fg-idle\"><figure class=\"fg-item-inner\"><a href=\"https:\/\/residenciarucab.es\/blog\/wp-content\/uploads\/2020\/01\/9-colegio-san-jose-min.jpg\" data-attachment-id=\"685\" data-type=\"image\" class=\"fg-thumb\"><span class=\"fg-image-wrap\"><img decoding=\"async\" width=\"150\" height=\"150\" class=\"skip-lazy fg-image\" data-src-fg=\"https:\/\/residenciarucab.es\/blog\/wp-content\/uploads\/cache\/2020\/01\/9-colegio-san-jose-min\/3875506062.jpg\" src=\"data:image\/svg+xml,%3Csvg%20xmlns%3D%22http%3A%2F%2Fwww.w3.org%2F2000%2Fsvg%22%20width%3D%22150%22%20height%3D%22150%22%20viewBox%3D%220%200%20150%20150%22%3E%3C%2Fsvg%3E\" loading=\"eager\"><\/span><span class=\"fg-image-overlay\"><\/span><\/a><\/figure><div class=\"fg-loader\"><\/div><\/div><div class=\"fg-item fg-type-image fg-idle\"><figure class=\"fg-item-inner\"><a href=\"https:\/\/residenciarucab.es\/blog\/wp-content\/uploads\/2020\/01\/10-colegio-san-jose-min.jpg\" data-attachment-id=\"686\" data-type=\"image\" class=\"fg-thumb\"><span class=\"fg-image-wrap\"><img decoding=\"async\" width=\"150\" height=\"150\" class=\"skip-lazy fg-image\" data-src-fg=\"https:\/\/residenciarucab.es\/blog\/wp-content\/uploads\/cache\/2020\/01\/10-colegio-san-jose-min\/361679848.jpg\" src=\"data:image\/svg+xml,%3Csvg%20xmlns%3D%22http%3A%2F%2Fwww.w3.org%2F2000%2Fsvg%22%20width%3D%22150%22%20height%3D%22150%22%20viewBox%3D%220%200%20150%20150%22%3E%3C%2Fsvg%3E\" loading=\"eager\"><\/span><span class=\"fg-image-overlay\"><\/span><\/a><\/figure><div class=\"fg-loader\"><\/div><\/div><div class=\"fg-item fg-type-image fg-idle\"><figure class=\"fg-item-inner\"><a href=\"https:\/\/residenciarucab.es\/blog\/wp-content\/uploads\/2020\/01\/11-colegio-san-jose-min.jpg\" data-attachment-id=\"687\" data-type=\"image\" class=\"fg-thumb\"><span class=\"fg-image-wrap\"><img decoding=\"async\" width=\"150\" height=\"150\" class=\"skip-lazy fg-image\" data-src-fg=\"https:\/\/residenciarucab.es\/blog\/wp-content\/uploads\/cache\/2020\/01\/11-colegio-san-jose-min\/3939641645.jpg\" src=\"data:image\/svg+xml,%3Csvg%20xmlns%3D%22http%3A%2F%2Fwww.w3.org%2F2000%2Fsvg%22%20width%3D%22150%22%20height%3D%22150%22%20viewBox%3D%220%200%20150%20150%22%3E%3C%2Fsvg%3E\" loading=\"eager\"><\/span><span class=\"fg-image-overlay\"><\/span><\/a><\/figure><div class=\"fg-loader\"><\/div><\/div><div class=\"fg-item fg-type-image fg-idle\"><figure class=\"fg-item-inner\"><a href=\"https:\/\/residenciarucab.es\/blog\/wp-content\/uploads\/2020\/01\/12-colegio-san-jose-min.jpg\" data-attachment-id=\"688\" data-type=\"image\" class=\"fg-thumb\"><span class=\"fg-image-wrap\"><img decoding=\"async\" width=\"150\" height=\"150\" class=\"skip-lazy fg-image\" data-src-fg=\"https:\/\/residenciarucab.es\/blog\/wp-content\/uploads\/cache\/2020\/01\/12-colegio-san-jose-min\/356919274.jpg\" src=\"data:image\/svg+xml,%3Csvg%20xmlns%3D%22http%3A%2F%2Fwww.w3.org%2F2000%2Fsvg%22%20width%3D%22150%22%20height%3D%22150%22%20viewBox%3D%220%200%20150%20150%22%3E%3C%2Fsvg%3E\" loading=\"eager\"><\/span><span class=\"fg-image-overlay\"><\/span><\/a><\/figure><div class=\"fg-loader\"><\/div><\/div><div class=\"fg-item fg-type-image fg-idle\"><figure class=\"fg-item-inner\"><a href=\"https:\/\/residenciarucab.es\/blog\/wp-content\/uploads\/2020\/01\/13-colegio-san-jose-min-1.jpg\" data-attachment-id=\"689\" data-type=\"image\" class=\"fg-thumb\"><span class=\"fg-image-wrap\"><img decoding=\"async\" width=\"150\" height=\"150\" class=\"skip-lazy fg-image\" data-src-fg=\"https:\/\/residenciarucab.es\/blog\/wp-content\/uploads\/cache\/2020\/01\/13-colegio-san-jose-min-1\/838134837.jpg\" src=\"data:image\/svg+xml,%3Csvg%20xmlns%3D%22http%3A%2F%2Fwww.w3.org%2F2000%2Fsvg%22%20width%3D%22150%22%20height%3D%22150%22%20viewBox%3D%220%200%20150%20150%22%3E%3C%2Fsvg%3E\" loading=\"eager\"><\/span><span class=\"fg-image-overlay\"><\/span><\/a><\/figure><div class=\"fg-loader\"><\/div><\/div><div class=\"fg-item fg-type-image fg-idle\"><figure class=\"fg-item-inner\"><a href=\"https:\/\/residenciarucab.es\/blog\/wp-content\/uploads\/2020\/01\/14-colegio-san-jose-min.jpg\" data-attachment-id=\"692\" data-type=\"image\" class=\"fg-thumb\"><span class=\"fg-image-wrap\"><img decoding=\"async\" alt=\"presentando la RUCAB en villafranca de los barros\" width=\"150\" height=\"150\" class=\"skip-lazy fg-image\" data-src-fg=\"https:\/\/residenciarucab.es\/blog\/wp-content\/uploads\/cache\/2020\/01\/14-colegio-san-jose-min\/2307835307.jpg\" src=\"data:image\/svg+xml,%3Csvg%20xmlns%3D%22http%3A%2F%2Fwww.w3.org%2F2000%2Fsvg%22%20width%3D%22150%22%20height%3D%22150%22%20viewBox%3D%220%200%20150%20150%22%3E%3C%2Fsvg%3E\" loading=\"eager\"><\/span><span class=\"fg-image-overlay\"><\/span><\/a><\/figure><div class=\"fg-loader\"><\/div><\/div><div class=\"fg-item fg-type-image fg-idle\"><figure class=\"fg-item-inner\"><a href=\"https:\/\/residenciarucab.es\/blog\/wp-content\/uploads\/2020\/01\/15-colegio-san-jose-min.jpg\" data-attachment-id=\"693\" data-type=\"image\" class=\"fg-thumb\"><span class=\"fg-image-wrap\"><img decoding=\"async\" width=\"150\" height=\"150\" class=\"skip-lazy fg-image\" data-src-fg=\"https:\/\/residenciarucab.es\/blog\/wp-content\/uploads\/cache\/2020\/01\/15-colegio-san-jose-min\/1993484142.jpg\" src=\"data:image\/svg+xml,%3Csvg%20xmlns%3D%22http%3A%2F%2Fwww.w3.org%2F2000%2Fsvg%22%20width%3D%22150%22%20height%3D%22150%22%20viewBox%3D%220%200%20150%20150%22%3E%3C%2Fsvg%3E\" loading=\"eager\"><\/span><span class=\"fg-image-overlay\"><\/span><\/a><\/figure><div class=\"fg-loader\"><\/div><\/div><\/div>\n\n<p>Sigue leyendo m\u00e1s contenido sobre la RUCAB en nuestro\u00a0<a href=\"https:\/\/residenciarucab.es\/blog\/\" target=\"_blank\" rel=\"noopener noreferrer\">blog<\/a>.<\/p>\n","protected":false},"excerpt":{"rendered":"<p class=\"post-excerpt\">La RUCAB ha estado en la V Jornada de Orientaci\u00f3n Acad\u00e9mica y Profesional para Alumnos y Familias de Bachillerato del Colegio San Jos\u00e9 de Villafranca de los Barros, ofreciendo informaci\u00f3n para los estudiantes sobre nuestras instalaciones y la Universidad de Extremadura. Como cada curso, desde hace cinco a\u00f1os, la RUCAB&#8230;<\/p>\n","protected":false},"author":1,"featured_media":677,"comment_status":"open","ping_status":"open","sticky":false,"template":"","format":"standard","meta":{"footnotes":""},"categories":[1],"tags":[212,209,211,35,210],"class_list":["post-671","post","type-post","status-publish","format-standard","has-post-thumbnail","hentry","category-noticias","tag-bachillerato","tag-colegio-san-jose","tag-orientacion-academica","tag-rucab","tag-villafranca-de-los-barros"],"yoast_head":"<!-- This site is optimized with the Yoast SEO plugin v27.5 - https:\/\/yoast.com\/product\/yoast-seo-wordpress\/ -->\n<title>Jornadas Acad\u00e9mica en Villafranca de los Barros - BLOG RUCAB<\/title>\n<meta name=\"description\" content=\"La RUCAB en la V Jornada de Orientaci\u00f3n Acad\u00e9mica y Profesional para Alumnos y Familias de Bachillerato del Colegio San Jos\u00e9 de Villafranca de los Barros.\" \/>\n<meta name=\"robots\" content=\"index, follow, max-snippet:-1, max-image-preview:large, max-video-preview:-1\" \/>\n<link rel=\"canonical\" href=\"https:\/\/residenciarucab.es\/blog\/jornadas-academica-en-villafranca-de-los-barros\/\" \/>\n<meta property=\"og:locale\" content=\"es_ES\" \/>\n<meta property=\"og:type\" content=\"article\" \/>\n<meta property=\"og:title\" content=\"Jornadas Acad\u00e9mica en Villafranca de los Barros - BLOG RUCAB\" \/>\n<meta property=\"og:description\" content=\"La RUCAB en la V Jornada de Orientaci\u00f3n Acad\u00e9mica y Profesional para Alumnos y Familias de Bachillerato del Colegio San Jos\u00e9 de Villafranca de los Barros.\" \/>\n<meta property=\"og:url\" content=\"https:\/\/residenciarucab.es\/blog\/jornadas-academica-en-villafranca-de-los-barros\/\" \/>\n<meta property=\"og:site_name\" content=\"BLOG RUCAB\" \/>\n<meta property=\"article:published_time\" content=\"2020-01-20T09:33:03+00:00\" \/>\n<meta property=\"og:image\" content=\"https:\/\/residenciarucab.es\/blog\/wp-content\/uploads\/2020\/01\/1-colegio-san-jose-min.jpg\" \/>\n\t<meta property=\"og:image:width\" content=\"1280\" \/>\n\t<meta property=\"og:image:height\" content=\"720\" \/>\n\t<meta property=\"og:image:type\" content=\"image\/jpeg\" \/>\n<meta name=\"author\" content=\"RUCAB\" \/>\n<meta name=\"twitter:card\" content=\"summary_large_image\" \/>\n<meta name=\"twitter:label1\" content=\"Escrito por\" \/>\n\t<meta name=\"twitter:data1\" content=\"RUCAB\" \/>\n\t<meta name=\"twitter:label2\" content=\"Tiempo de lectura\" \/>\n\t<meta name=\"twitter:data2\" content=\"2 minutos\" \/>\n<script type=\"application\/ld+json\" class=\"yoast-schema-graph\">{\"@context\":\"https:\\\/\\\/schema.org\",\"@graph\":[{\"@type\":\"Article\",\"@id\":\"https:\\\/\\\/residenciarucab.es\\\/blog\\\/jornadas-academica-en-villafranca-de-los-barros\\\/#article\",\"isPartOf\":{\"@id\":\"https:\\\/\\\/residenciarucab.es\\\/blog\\\/jornadas-academica-en-villafranca-de-los-barros\\\/\"},\"author\":{\"name\":\"RUCAB\",\"@id\":\"https:\\\/\\\/residenciarucab.es\\\/blog\\\/#\\\/schema\\\/person\\\/f759c867eac865f0ce36c767f26f9294\"},\"headline\":\"Jornadas Acad\u00e9mica en Villafranca de los Barros\",\"datePublished\":\"2020-01-20T09:33:03+00:00\",\"mainEntityOfPage\":{\"@id\":\"https:\\\/\\\/residenciarucab.es\\\/blog\\\/jornadas-academica-en-villafranca-de-los-barros\\\/\"},\"wordCount\":354,\"commentCount\":0,\"image\":{\"@id\":\"https:\\\/\\\/residenciarucab.es\\\/blog\\\/jornadas-academica-en-villafranca-de-los-barros\\\/#primaryimage\"},\"thumbnailUrl\":\"https:\\\/\\\/residenciarucab.es\\\/blog\\\/wp-content\\\/uploads\\\/2020\\\/01\\\/1-colegio-san-jose-min.jpg\",\"keywords\":[\"bachillerato\",\"Colegio San Jos\u00e9\",\"orientaci\u00f3n acad\u00e9mica\",\"Rucab\",\"Villafranca de los Barros\"],\"articleSection\":[\"Noticias\"],\"inLanguage\":\"es\",\"potentialAction\":[{\"@type\":\"CommentAction\",\"name\":\"Comment\",\"target\":[\"https:\\\/\\\/residenciarucab.es\\\/blog\\\/jornadas-academica-en-villafranca-de-los-barros\\\/#respond\"]}]},{\"@type\":\"WebPage\",\"@id\":\"https:\\\/\\\/residenciarucab.es\\\/blog\\\/jornadas-academica-en-villafranca-de-los-barros\\\/\",\"url\":\"https:\\\/\\\/residenciarucab.es\\\/blog\\\/jornadas-academica-en-villafranca-de-los-barros\\\/\",\"name\":\"Jornadas Acad\u00e9mica en Villafranca de los Barros - BLOG RUCAB\",\"isPartOf\":{\"@id\":\"https:\\\/\\\/residenciarucab.es\\\/blog\\\/#website\"},\"primaryImageOfPage\":{\"@id\":\"https:\\\/\\\/residenciarucab.es\\\/blog\\\/jornadas-academica-en-villafranca-de-los-barros\\\/#primaryimage\"},\"image\":{\"@id\":\"https:\\\/\\\/residenciarucab.es\\\/blog\\\/jornadas-academica-en-villafranca-de-los-barros\\\/#primaryimage\"},\"thumbnailUrl\":\"https:\\\/\\\/residenciarucab.es\\\/blog\\\/wp-content\\\/uploads\\\/2020\\\/01\\\/1-colegio-san-jose-min.jpg\",\"datePublished\":\"2020-01-20T09:33:03+00:00\",\"author\":{\"@id\":\"https:\\\/\\\/residenciarucab.es\\\/blog\\\/#\\\/schema\\\/person\\\/f759c867eac865f0ce36c767f26f9294\"},\"description\":\"La RUCAB en la V Jornada de Orientaci\u00f3n Acad\u00e9mica y Profesional para Alumnos y Familias de Bachillerato del Colegio San Jos\u00e9 de Villafranca de los Barros.\",\"breadcrumb\":{\"@id\":\"https:\\\/\\\/residenciarucab.es\\\/blog\\\/jornadas-academica-en-villafranca-de-los-barros\\\/#breadcrumb\"},\"inLanguage\":\"es\",\"potentialAction\":[{\"@type\":\"ReadAction\",\"target\":[\"https:\\\/\\\/residenciarucab.es\\\/blog\\\/jornadas-academica-en-villafranca-de-los-barros\\\/\"]}]},{\"@type\":\"ImageObject\",\"inLanguage\":\"es\",\"@id\":\"https:\\\/\\\/residenciarucab.es\\\/blog\\\/jornadas-academica-en-villafranca-de-los-barros\\\/#primaryimage\",\"url\":\"https:\\\/\\\/residenciarucab.es\\\/blog\\\/wp-content\\\/uploads\\\/2020\\\/01\\\/1-colegio-san-jose-min.jpg\",\"contentUrl\":\"https:\\\/\\\/residenciarucab.es\\\/blog\\\/wp-content\\\/uploads\\\/2020\\\/01\\\/1-colegio-san-jose-min.jpg\",\"width\":1280,\"height\":720,\"caption\":\"Alumnos de bachillerato conociendo la RUCAB\"},{\"@type\":\"BreadcrumbList\",\"@id\":\"https:\\\/\\\/residenciarucab.es\\\/blog\\\/jornadas-academica-en-villafranca-de-los-barros\\\/#breadcrumb\",\"itemListElement\":[{\"@type\":\"ListItem\",\"position\":1,\"name\":\"Portada\",\"item\":\"https:\\\/\\\/residenciarucab.es\\\/blog\\\/\"},{\"@type\":\"ListItem\",\"position\":2,\"name\":\"Jornadas Acad\u00e9mica en Villafranca de los Barros\"}]},{\"@type\":\"WebSite\",\"@id\":\"https:\\\/\\\/residenciarucab.es\\\/blog\\\/#website\",\"url\":\"https:\\\/\\\/residenciarucab.es\\\/blog\\\/\",\"name\":\"BLOG RUCAB\",\"description\":\"\u00a1Todas las novedades de nuestra residencia universitaria!\",\"potentialAction\":[{\"@type\":\"SearchAction\",\"target\":{\"@type\":\"EntryPoint\",\"urlTemplate\":\"https:\\\/\\\/residenciarucab.es\\\/blog\\\/?s={search_term_string}\"},\"query-input\":{\"@type\":\"PropertyValueSpecification\",\"valueRequired\":true,\"valueName\":\"search_term_string\"}}],\"inLanguage\":\"es\"},{\"@type\":\"Person\",\"@id\":\"https:\\\/\\\/residenciarucab.es\\\/blog\\\/#\\\/schema\\\/person\\\/f759c867eac865f0ce36c767f26f9294\",\"name\":\"RUCAB\",\"image\":{\"@type\":\"ImageObject\",\"inLanguage\":\"es\",\"@id\":\"https:\\\/\\\/residenciarucab.es\\\/blog\\\/wp-content\\\/uploads\\\/2019\\\/07\\\/r-rosa.png\",\"url\":\"https:\\\/\\\/residenciarucab.es\\\/blog\\\/wp-content\\\/uploads\\\/2019\\\/07\\\/r-rosa.png\",\"contentUrl\":\"https:\\\/\\\/residenciarucab.es\\\/blog\\\/wp-content\\\/uploads\\\/2019\\\/07\\\/r-rosa.png\",\"caption\":\"RUCAB\"},\"description\":\"La RUCAB es un referente en Extremadura por la calidad de sus instalaciones y por su estilo de vida, basado en valores de convivencia, respeto y educaci\u00f3n. Una residencia junto al campus y con todas las necesidades cubiertas.\",\"url\":\"https:\\\/\\\/residenciarucab.es\\\/blog\\\/author\\\/rucab_blog\\\/\"}]}<\/script>\n<!-- \/ Yoast SEO plugin. -->","yoast_head_json":{"title":"Jornadas Acad\u00e9mica en Villafranca de los Barros - BLOG RUCAB","description":"La RUCAB en la V Jornada de Orientaci\u00f3n Acad\u00e9mica y Profesional para Alumnos y Familias de Bachillerato del Colegio San Jos\u00e9 de Villafranca de los Barros.","robots":{"index":"index","follow":"follow","max-snippet":"max-snippet:-1","max-image-preview":"max-image-preview:large","max-video-preview":"max-video-preview:-1"},"canonical":"https:\/\/residenciarucab.es\/blog\/jornadas-academica-en-villafranca-de-los-barros\/","og_locale":"es_ES","og_type":"article","og_title":"Jornadas Acad\u00e9mica en Villafranca de los Barros - BLOG RUCAB","og_description":"La RUCAB en la V Jornada de Orientaci\u00f3n Acad\u00e9mica y Profesional para Alumnos y Familias de Bachillerato del Colegio San Jos\u00e9 de Villafranca de los Barros.","og_url":"https:\/\/residenciarucab.es\/blog\/jornadas-academica-en-villafranca-de-los-barros\/","og_site_name":"BLOG RUCAB","article_published_time":"2020-01-20T09:33:03+00:00","og_image":[{"width":1280,"height":720,"url":"https:\/\/residenciarucab.es\/blog\/wp-content\/uploads\/2020\/01\/1-colegio-san-jose-min.jpg","type":"image\/jpeg"}],"author":"RUCAB","twitter_card":"summary_large_image","twitter_misc":{"Escrito por":"RUCAB","Tiempo de lectura":"2 minutos"},"schema":{"@context":"https:\/\/schema.org","@graph":[{"@type":"Article","@id":"https:\/\/residenciarucab.es\/blog\/jornadas-academica-en-villafranca-de-los-barros\/#article","isPartOf":{"@id":"https:\/\/residenciarucab.es\/blog\/jornadas-academica-en-villafranca-de-los-barros\/"},"author":{"name":"RUCAB","@id":"https:\/\/residenciarucab.es\/blog\/#\/schema\/person\/f759c867eac865f0ce36c767f26f9294"},"headline":"Jornadas Acad\u00e9mica en Villafranca de los Barros","datePublished":"2020-01-20T09:33:03+00:00","mainEntityOfPage":{"@id":"https:\/\/residenciarucab.es\/blog\/jornadas-academica-en-villafranca-de-los-barros\/"},"wordCount":354,"commentCount":0,"image":{"@id":"https:\/\/residenciarucab.es\/blog\/jornadas-academica-en-villafranca-de-los-barros\/#primaryimage"},"thumbnailUrl":"https:\/\/residenciarucab.es\/blog\/wp-content\/uploads\/2020\/01\/1-colegio-san-jose-min.jpg","keywords":["bachillerato","Colegio San Jos\u00e9","orientaci\u00f3n acad\u00e9mica","Rucab","Villafranca de los Barros"],"articleSection":["Noticias"],"inLanguage":"es","potentialAction":[{"@type":"CommentAction","name":"Comment","target":["https:\/\/residenciarucab.es\/blog\/jornadas-academica-en-villafranca-de-los-barros\/#respond"]}]},{"@type":"WebPage","@id":"https:\/\/residenciarucab.es\/blog\/jornadas-academica-en-villafranca-de-los-barros\/","url":"https:\/\/residenciarucab.es\/blog\/jornadas-academica-en-villafranca-de-los-barros\/","name":"Jornadas Acad\u00e9mica en Villafranca de los Barros - BLOG RUCAB","isPartOf":{"@id":"https:\/\/residenciarucab.es\/blog\/#website"},"primaryImageOfPage":{"@id":"https:\/\/residenciarucab.es\/blog\/jornadas-academica-en-villafranca-de-los-barros\/#primaryimage"},"image":{"@id":"https:\/\/residenciarucab.es\/blog\/jornadas-academica-en-villafranca-de-los-barros\/#primaryimage"},"thumbnailUrl":"https:\/\/residenciarucab.es\/blog\/wp-content\/uploads\/2020\/01\/1-colegio-san-jose-min.jpg","datePublished":"2020-01-20T09:33:03+00:00","author":{"@id":"https:\/\/residenciarucab.es\/blog\/#\/schema\/person\/f759c867eac865f0ce36c767f26f9294"},"description":"La RUCAB en la V Jornada de Orientaci\u00f3n Acad\u00e9mica y Profesional para Alumnos y Familias de Bachillerato del Colegio San Jos\u00e9 de Villafranca de los Barros.","breadcrumb":{"@id":"https:\/\/residenciarucab.es\/blog\/jornadas-academica-en-villafranca-de-los-barros\/#breadcrumb"},"inLanguage":"es","potentialAction":[{"@type":"ReadAction","target":["https:\/\/residenciarucab.es\/blog\/jornadas-academica-en-villafranca-de-los-barros\/"]}]},{"@type":"ImageObject","inLanguage":"es","@id":"https:\/\/residenciarucab.es\/blog\/jornadas-academica-en-villafranca-de-los-barros\/#primaryimage","url":"https:\/\/residenciarucab.es\/blog\/wp-content\/uploads\/2020\/01\/1-colegio-san-jose-min.jpg","contentUrl":"https:\/\/residenciarucab.es\/blog\/wp-content\/uploads\/2020\/01\/1-colegio-san-jose-min.jpg","width":1280,"height":720,"caption":"Alumnos de bachillerato conociendo la RUCAB"},{"@type":"BreadcrumbList","@id":"https:\/\/residenciarucab.es\/blog\/jornadas-academica-en-villafranca-de-los-barros\/#breadcrumb","itemListElement":[{"@type":"ListItem","position":1,"name":"Portada","item":"https:\/\/residenciarucab.es\/blog\/"},{"@type":"ListItem","position":2,"name":"Jornadas Acad\u00e9mica en Villafranca de los Barros"}]},{"@type":"WebSite","@id":"https:\/\/residenciarucab.es\/blog\/#website","url":"https:\/\/residenciarucab.es\/blog\/","name":"BLOG RUCAB","description":"\u00a1Todas las novedades de nuestra residencia universitaria!","potentialAction":[{"@type":"SearchAction","target":{"@type":"EntryPoint","urlTemplate":"https:\/\/residenciarucab.es\/blog\/?s={search_term_string}"},"query-input":{"@type":"PropertyValueSpecification","valueRequired":true,"valueName":"search_term_string"}}],"inLanguage":"es"},{"@type":"Person","@id":"https:\/\/residenciarucab.es\/blog\/#\/schema\/person\/f759c867eac865f0ce36c767f26f9294","name":"RUCAB","image":{"@type":"ImageObject","inLanguage":"es","@id":"https:\/\/residenciarucab.es\/blog\/wp-content\/uploads\/2019\/07\/r-rosa.png","url":"https:\/\/residenciarucab.es\/blog\/wp-content\/uploads\/2019\/07\/r-rosa.png","contentUrl":"https:\/\/residenciarucab.es\/blog\/wp-content\/uploads\/2019\/07\/r-rosa.png","caption":"RUCAB"},"description":"La RUCAB es un referente en Extremadura por la calidad de sus instalaciones y por su estilo de vida, basado en valores de convivencia, respeto y educaci\u00f3n. Una residencia junto al campus y con todas las necesidades cubiertas.","url":"https:\/\/residenciarucab.es\/blog\/author\/rucab_blog\/"}]}},"_links":{"self":[{"href":"https:\/\/residenciarucab.es\/blog\/wp-json\/wp\/v2\/posts\/671","targetHints":{"allow":["GET"]}}],"collection":[{"href":"https:\/\/residenciarucab.es\/blog\/wp-json\/wp\/v2\/posts"}],"about":[{"href":"https:\/\/residenciarucab.es\/blog\/wp-json\/wp\/v2\/types\/post"}],"author":[{"embeddable":true,"href":"https:\/\/residenciarucab.es\/blog\/wp-json\/wp\/v2\/users\/1"}],"replies":[{"embeddable":true,"href":"https:\/\/residenciarucab.es\/blog\/wp-json\/wp\/v2\/comments?post=671"}],"version-history":[{"count":5,"href":"https:\/\/residenciarucab.es\/blog\/wp-json\/wp\/v2\/posts\/671\/revisions"}],"predecessor-version":[{"id":691,"href":"https:\/\/residenciarucab.es\/blog\/wp-json\/wp\/v2\/posts\/671\/revisions\/691"}],"wp:featuredmedia":[{"embeddable":true,"href":"https:\/\/residenciarucab.es\/blog\/wp-json\/wp\/v2\/media\/677"}],"wp:attachment":[{"href":"https:\/\/residenciarucab.es\/blog\/wp-json\/wp\/v2\/media?parent=671"}],"wp:term":[{"taxonomy":"category","embeddable":true,"href":"https:\/\/residenciarucab.es\/blog\/wp-json\/wp\/v2\/categories?post=671"},{"taxonomy":"post_tag","embeddable":true,"href":"https:\/\/residenciarucab.es\/blog\/wp-json\/wp\/v2\/tags?post=671"}],"curies":[{"name":"wp","href":"https:\/\/api.w.org\/{rel}","templated":true}]}}