

{"id":72,"date":"2019-04-10T10:41:28","date_gmt":"2019-04-10T08:41:28","guid":{"rendered":"http:\/\/residenciarucab.es\/blog\/?p=72"},"modified":"2019-07-23T11:02:19","modified_gmt":"2019-07-23T09:02:19","slug":"corredor-sudoeste-iberico","status":"publish","type":"post","link":"https:\/\/residenciarucab.es\/blog\/corredor-sudoeste-iberico\/","title":{"rendered":"Charla sobre el &#8216;Corredor Sudoeste Ib\u00e9rico&#8217; en la RUCAB"},"content":{"rendered":"<h4><strong>La RUCAB y sus residentes tambi\u00e9n apuestan por el Corredor Sudoeste Ib\u00e9rico.<\/strong><\/h4>\n<p>El 9 de abril hemos estado con <strong>Antonio Garc\u00eda Salas<\/strong>, Coordinador y portavoz del <a href=\"http:\/\/corredorsudoesteiberico.net\/\" target=\"_blank\" rel=\"noopener noreferrer\"><strong>Corredor Sudoeste Ib\u00e9rico<\/strong><\/a>, el auditorio de la residencia universitaria ha sido el escenario para que nuestros residentes comprendan la importancia de impulsar la creaci\u00f3n de infraestructuras de conexiones para conectar el territorio extreme\u00f1o con el resto de las regiones.<\/p>\n<p>En este caso, estas han sido las palabras de Antonio Salas:<\/p>\n<blockquote><p>\u00abEl objetivo es pasar de una zona aislada a una 100% conectada en 10 a\u00f1os\u00bb, y concluye que \u00ablo poco que hay en Extremadura nos lo podemos cargar por falta de infraestructuras de comunicaci\u00f3n, nos jugamos mucho\u00bb<\/p><\/blockquote>\n<p>Para finalizar los residentes se han tomado una foto para apoyar esta iniciativa.<\/p>\n<p>Si t\u00fa tambi\u00e9n quieres poner tu granito de arena, puedes <a href=\"http:\/\/corredorsudoesteiberico.net\/que-puedo-hacer\/\" target=\"_blank\" rel=\"noopener noreferrer\">firmar<\/a> en defensa del <strong>Corredor Sudoeste Ib\u00e9rico<\/strong>.<\/p>\n<h5>Ya somos 16.645 firmantes, \u00a1\u00daNETE!<\/h5>\n<p><img loading=\"lazy\" decoding=\"async\" class=\"aligncenter size-full wp-image-73\" src=\"http:\/\/residenciarucab.es\/blog\/wp-content\/uploads\/2019\/07\/corredor-sudoeste-foto-residentes.jpg\" alt=\"charla corredor sudoeste iberico\" width=\"1280\" height=\"720\" srcset=\"https:\/\/residenciarucab.es\/blog\/wp-content\/uploads\/2019\/07\/corredor-sudoeste-foto-residentes.jpg 1280w, https:\/\/residenciarucab.es\/blog\/wp-content\/uploads\/2019\/07\/corredor-sudoeste-foto-residentes-300x169.jpg 300w, https:\/\/residenciarucab.es\/blog\/wp-content\/uploads\/2019\/07\/corredor-sudoeste-foto-residentes-768x432.jpg 768w, https:\/\/residenciarucab.es\/blog\/wp-content\/uploads\/2019\/07\/corredor-sudoeste-foto-residentes-1024x576.jpg 1024w, https:\/\/residenciarucab.es\/blog\/wp-content\/uploads\/2019\/07\/corredor-sudoeste-foto-residentes-1140x641.jpg 1140w, https:\/\/residenciarucab.es\/blog\/wp-content\/uploads\/2019\/07\/corredor-sudoeste-foto-residentes-552x311.jpg 552w\" sizes=\"auto, (max-width: 1280px) 100vw, 1280px\" \/><\/p>\n","protected":false},"excerpt":{"rendered":"<p class=\"post-excerpt\">La RUCAB y sus residentes tambi\u00e9n apuestan por el Corredor Sudoeste Ib\u00e9rico. El 9 de abril hemos estado con Antonio Garc\u00eda Salas, Coordinador y portavoz del Corredor Sudoeste Ib\u00e9rico, el auditorio de la residencia universitaria ha sido el escenario para que nuestros residentes comprendan la importancia de impulsar la creaci\u00f3n&#8230;<\/p>\n","protected":false},"author":1,"featured_media":74,"comment_status":"open","ping_status":"open","sticky":false,"template":"","format":"standard","meta":{"footnotes":""},"categories":[1],"tags":[],"class_list":["post-72","post","type-post","status-publish","format-standard","has-post-thumbnail","hentry","category-noticias"],"yoast_head":"<!-- This site is optimized with the Yoast SEO plugin v27.4 - https:\/\/yoast.com\/product\/yoast-seo-wordpress\/ -->\n<title>Charla sobre el &#039;Corredor Sudoeste Ib\u00e9rico&#039; en la RUCAB - BLOG RUCAB<\/title>\n<meta name=\"robots\" content=\"index, follow, max-snippet:-1, max-image-preview:large, max-video-preview:-1\" \/>\n<link rel=\"canonical\" href=\"https:\/\/residenciarucab.es\/blog\/corredor-sudoeste-iberico\/\" \/>\n<meta property=\"og:locale\" content=\"es_ES\" \/>\n<meta property=\"og:type\" content=\"article\" \/>\n<meta property=\"og:title\" content=\"Charla sobre el &#039;Corredor Sudoeste Ib\u00e9rico&#039; en la RUCAB - BLOG RUCAB\" \/>\n<meta property=\"og:description\" content=\"La RUCAB y sus residentes tambi\u00e9n apuestan por el Corredor Sudoeste Ib\u00e9rico. El 9 de abril hemos estado con Antonio Garc\u00eda Salas, Coordinador y portavoz del Corredor Sudoeste Ib\u00e9rico, el auditorio de la residencia universitaria ha sido el escenario para que nuestros residentes comprendan la importancia de impulsar la creaci\u00f3n...\" \/>\n<meta property=\"og:url\" content=\"https:\/\/residenciarucab.es\/blog\/corredor-sudoeste-iberico\/\" \/>\n<meta property=\"og:site_name\" content=\"BLOG RUCAB\" \/>\n<meta property=\"article:published_time\" content=\"2019-04-10T08:41:28+00:00\" \/>\n<meta property=\"article:modified_time\" content=\"2019-07-23T09:02:19+00:00\" \/>\n<meta property=\"og:image\" content=\"https:\/\/residenciarucab.es\/blog\/wp-content\/uploads\/2019\/07\/luis-marin-y-antonio-salas-en-corredor-sudoeste-iberico.jpg\" \/>\n\t<meta property=\"og:image:width\" content=\"1280\" \/>\n\t<meta property=\"og:image:height\" content=\"720\" \/>\n\t<meta property=\"og:image:type\" content=\"image\/jpeg\" \/>\n<meta name=\"author\" content=\"RUCAB\" \/>\n<meta name=\"twitter:card\" content=\"summary_large_image\" \/>\n<meta name=\"twitter:label1\" content=\"Escrito por\" \/>\n\t<meta name=\"twitter:data1\" content=\"RUCAB\" \/>\n\t<meta name=\"twitter:label2\" content=\"Tiempo de lectura\" \/>\n\t<meta name=\"twitter:data2\" content=\"1 minuto\" \/>\n<script type=\"application\/ld+json\" class=\"yoast-schema-graph\">{\"@context\":\"https:\\\/\\\/schema.org\",\"@graph\":[{\"@type\":\"Article\",\"@id\":\"https:\\\/\\\/residenciarucab.es\\\/blog\\\/corredor-sudoeste-iberico\\\/#article\",\"isPartOf\":{\"@id\":\"https:\\\/\\\/residenciarucab.es\\\/blog\\\/corredor-sudoeste-iberico\\\/\"},\"author\":{\"name\":\"RUCAB\",\"@id\":\"https:\\\/\\\/residenciarucab.es\\\/blog\\\/#\\\/schema\\\/person\\\/f759c867eac865f0ce36c767f26f9294\"},\"headline\":\"Charla sobre el &#8216;Corredor Sudoeste Ib\u00e9rico&#8217; en la RUCAB\",\"datePublished\":\"2019-04-10T08:41:28+00:00\",\"dateModified\":\"2019-07-23T09:02:19+00:00\",\"mainEntityOfPage\":{\"@id\":\"https:\\\/\\\/residenciarucab.es\\\/blog\\\/corredor-sudoeste-iberico\\\/\"},\"wordCount\":164,\"commentCount\":0,\"image\":{\"@id\":\"https:\\\/\\\/residenciarucab.es\\\/blog\\\/corredor-sudoeste-iberico\\\/#primaryimage\"},\"thumbnailUrl\":\"https:\\\/\\\/residenciarucab.es\\\/blog\\\/wp-content\\\/uploads\\\/2019\\\/07\\\/luis-marin-y-antonio-salas-en-corredor-sudoeste-iberico.jpg\",\"articleSection\":[\"Noticias\"],\"inLanguage\":\"es\",\"potentialAction\":[{\"@type\":\"CommentAction\",\"name\":\"Comment\",\"target\":[\"https:\\\/\\\/residenciarucab.es\\\/blog\\\/corredor-sudoeste-iberico\\\/#respond\"]}]},{\"@type\":\"WebPage\",\"@id\":\"https:\\\/\\\/residenciarucab.es\\\/blog\\\/corredor-sudoeste-iberico\\\/\",\"url\":\"https:\\\/\\\/residenciarucab.es\\\/blog\\\/corredor-sudoeste-iberico\\\/\",\"name\":\"Charla sobre el 'Corredor Sudoeste Ib\u00e9rico' en la RUCAB - BLOG RUCAB\",\"isPartOf\":{\"@id\":\"https:\\\/\\\/residenciarucab.es\\\/blog\\\/#website\"},\"primaryImageOfPage\":{\"@id\":\"https:\\\/\\\/residenciarucab.es\\\/blog\\\/corredor-sudoeste-iberico\\\/#primaryimage\"},\"image\":{\"@id\":\"https:\\\/\\\/residenciarucab.es\\\/blog\\\/corredor-sudoeste-iberico\\\/#primaryimage\"},\"thumbnailUrl\":\"https:\\\/\\\/residenciarucab.es\\\/blog\\\/wp-content\\\/uploads\\\/2019\\\/07\\\/luis-marin-y-antonio-salas-en-corredor-sudoeste-iberico.jpg\",\"datePublished\":\"2019-04-10T08:41:28+00:00\",\"dateModified\":\"2019-07-23T09:02:19+00:00\",\"author\":{\"@id\":\"https:\\\/\\\/residenciarucab.es\\\/blog\\\/#\\\/schema\\\/person\\\/f759c867eac865f0ce36c767f26f9294\"},\"breadcrumb\":{\"@id\":\"https:\\\/\\\/residenciarucab.es\\\/blog\\\/corredor-sudoeste-iberico\\\/#breadcrumb\"},\"inLanguage\":\"es\",\"potentialAction\":[{\"@type\":\"ReadAction\",\"target\":[\"https:\\\/\\\/residenciarucab.es\\\/blog\\\/corredor-sudoeste-iberico\\\/\"]}]},{\"@type\":\"ImageObject\",\"inLanguage\":\"es\",\"@id\":\"https:\\\/\\\/residenciarucab.es\\\/blog\\\/corredor-sudoeste-iberico\\\/#primaryimage\",\"url\":\"https:\\\/\\\/residenciarucab.es\\\/blog\\\/wp-content\\\/uploads\\\/2019\\\/07\\\/luis-marin-y-antonio-salas-en-corredor-sudoeste-iberico.jpg\",\"contentUrl\":\"https:\\\/\\\/residenciarucab.es\\\/blog\\\/wp-content\\\/uploads\\\/2019\\\/07\\\/luis-marin-y-antonio-salas-en-corredor-sudoeste-iberico.jpg\",\"width\":1280,\"height\":720,\"caption\":\"luis marin corredor sudoeste iberico\"},{\"@type\":\"BreadcrumbList\",\"@id\":\"https:\\\/\\\/residenciarucab.es\\\/blog\\\/corredor-sudoeste-iberico\\\/#breadcrumb\",\"itemListElement\":[{\"@type\":\"ListItem\",\"position\":1,\"name\":\"Portada\",\"item\":\"https:\\\/\\\/residenciarucab.es\\\/blog\\\/\"},{\"@type\":\"ListItem\",\"position\":2,\"name\":\"Charla sobre el &#8216;Corredor Sudoeste Ib\u00e9rico&#8217; en la RUCAB\"}]},{\"@type\":\"WebSite\",\"@id\":\"https:\\\/\\\/residenciarucab.es\\\/blog\\\/#website\",\"url\":\"https:\\\/\\\/residenciarucab.es\\\/blog\\\/\",\"name\":\"BLOG RUCAB\",\"description\":\"\u00a1Todas las novedades de nuestra residencia universitaria!\",\"potentialAction\":[{\"@type\":\"SearchAction\",\"target\":{\"@type\":\"EntryPoint\",\"urlTemplate\":\"https:\\\/\\\/residenciarucab.es\\\/blog\\\/?s={search_term_string}\"},\"query-input\":{\"@type\":\"PropertyValueSpecification\",\"valueRequired\":true,\"valueName\":\"search_term_string\"}}],\"inLanguage\":\"es\"},{\"@type\":\"Person\",\"@id\":\"https:\\\/\\\/residenciarucab.es\\\/blog\\\/#\\\/schema\\\/person\\\/f759c867eac865f0ce36c767f26f9294\",\"name\":\"RUCAB\",\"image\":{\"@type\":\"ImageObject\",\"inLanguage\":\"es\",\"@id\":\"https:\\\/\\\/residenciarucab.es\\\/blog\\\/wp-content\\\/uploads\\\/2019\\\/07\\\/r-rosa.png\",\"url\":\"https:\\\/\\\/residenciarucab.es\\\/blog\\\/wp-content\\\/uploads\\\/2019\\\/07\\\/r-rosa.png\",\"contentUrl\":\"https:\\\/\\\/residenciarucab.es\\\/blog\\\/wp-content\\\/uploads\\\/2019\\\/07\\\/r-rosa.png\",\"caption\":\"RUCAB\"},\"description\":\"La RUCAB es un referente en Extremadura por la calidad de sus instalaciones y por su estilo de vida, basado en valores de convivencia, respeto y educaci\u00f3n. Una residencia junto al campus y con todas las necesidades cubiertas.\",\"url\":\"https:\\\/\\\/residenciarucab.es\\\/blog\\\/author\\\/rucab_blog\\\/\"}]}<\/script>\n<!-- \/ Yoast SEO plugin. -->","yoast_head_json":{"title":"Charla sobre el 'Corredor Sudoeste Ib\u00e9rico' en la RUCAB - BLOG RUCAB","robots":{"index":"index","follow":"follow","max-snippet":"max-snippet:-1","max-image-preview":"max-image-preview:large","max-video-preview":"max-video-preview:-1"},"canonical":"https:\/\/residenciarucab.es\/blog\/corredor-sudoeste-iberico\/","og_locale":"es_ES","og_type":"article","og_title":"Charla sobre el 'Corredor Sudoeste Ib\u00e9rico' en la RUCAB - BLOG RUCAB","og_description":"La RUCAB y sus residentes tambi\u00e9n apuestan por el Corredor Sudoeste Ib\u00e9rico. El 9 de abril hemos estado con Antonio Garc\u00eda Salas, Coordinador y portavoz del Corredor Sudoeste Ib\u00e9rico, el auditorio de la residencia universitaria ha sido el escenario para que nuestros residentes comprendan la importancia de impulsar la creaci\u00f3n...","og_url":"https:\/\/residenciarucab.es\/blog\/corredor-sudoeste-iberico\/","og_site_name":"BLOG RUCAB","article_published_time":"2019-04-10T08:41:28+00:00","article_modified_time":"2019-07-23T09:02:19+00:00","og_image":[{"width":1280,"height":720,"url":"https:\/\/residenciarucab.es\/blog\/wp-content\/uploads\/2019\/07\/luis-marin-y-antonio-salas-en-corredor-sudoeste-iberico.jpg","type":"image\/jpeg"}],"author":"RUCAB","twitter_card":"summary_large_image","twitter_misc":{"Escrito por":"RUCAB","Tiempo de lectura":"1 minuto"},"schema":{"@context":"https:\/\/schema.org","@graph":[{"@type":"Article","@id":"https:\/\/residenciarucab.es\/blog\/corredor-sudoeste-iberico\/#article","isPartOf":{"@id":"https:\/\/residenciarucab.es\/blog\/corredor-sudoeste-iberico\/"},"author":{"name":"RUCAB","@id":"https:\/\/residenciarucab.es\/blog\/#\/schema\/person\/f759c867eac865f0ce36c767f26f9294"},"headline":"Charla sobre el &#8216;Corredor Sudoeste Ib\u00e9rico&#8217; en la RUCAB","datePublished":"2019-04-10T08:41:28+00:00","dateModified":"2019-07-23T09:02:19+00:00","mainEntityOfPage":{"@id":"https:\/\/residenciarucab.es\/blog\/corredor-sudoeste-iberico\/"},"wordCount":164,"commentCount":0,"image":{"@id":"https:\/\/residenciarucab.es\/blog\/corredor-sudoeste-iberico\/#primaryimage"},"thumbnailUrl":"https:\/\/residenciarucab.es\/blog\/wp-content\/uploads\/2019\/07\/luis-marin-y-antonio-salas-en-corredor-sudoeste-iberico.jpg","articleSection":["Noticias"],"inLanguage":"es","potentialAction":[{"@type":"CommentAction","name":"Comment","target":["https:\/\/residenciarucab.es\/blog\/corredor-sudoeste-iberico\/#respond"]}]},{"@type":"WebPage","@id":"https:\/\/residenciarucab.es\/blog\/corredor-sudoeste-iberico\/","url":"https:\/\/residenciarucab.es\/blog\/corredor-sudoeste-iberico\/","name":"Charla sobre el 'Corredor Sudoeste Ib\u00e9rico' en la RUCAB - BLOG RUCAB","isPartOf":{"@id":"https:\/\/residenciarucab.es\/blog\/#website"},"primaryImageOfPage":{"@id":"https:\/\/residenciarucab.es\/blog\/corredor-sudoeste-iberico\/#primaryimage"},"image":{"@id":"https:\/\/residenciarucab.es\/blog\/corredor-sudoeste-iberico\/#primaryimage"},"thumbnailUrl":"https:\/\/residenciarucab.es\/blog\/wp-content\/uploads\/2019\/07\/luis-marin-y-antonio-salas-en-corredor-sudoeste-iberico.jpg","datePublished":"2019-04-10T08:41:28+00:00","dateModified":"2019-07-23T09:02:19+00:00","author":{"@id":"https:\/\/residenciarucab.es\/blog\/#\/schema\/person\/f759c867eac865f0ce36c767f26f9294"},"breadcrumb":{"@id":"https:\/\/residenciarucab.es\/blog\/corredor-sudoeste-iberico\/#breadcrumb"},"inLanguage":"es","potentialAction":[{"@type":"ReadAction","target":["https:\/\/residenciarucab.es\/blog\/corredor-sudoeste-iberico\/"]}]},{"@type":"ImageObject","inLanguage":"es","@id":"https:\/\/residenciarucab.es\/blog\/corredor-sudoeste-iberico\/#primaryimage","url":"https:\/\/residenciarucab.es\/blog\/wp-content\/uploads\/2019\/07\/luis-marin-y-antonio-salas-en-corredor-sudoeste-iberico.jpg","contentUrl":"https:\/\/residenciarucab.es\/blog\/wp-content\/uploads\/2019\/07\/luis-marin-y-antonio-salas-en-corredor-sudoeste-iberico.jpg","width":1280,"height":720,"caption":"luis marin corredor sudoeste iberico"},{"@type":"BreadcrumbList","@id":"https:\/\/residenciarucab.es\/blog\/corredor-sudoeste-iberico\/#breadcrumb","itemListElement":[{"@type":"ListItem","position":1,"name":"Portada","item":"https:\/\/residenciarucab.es\/blog\/"},{"@type":"ListItem","position":2,"name":"Charla sobre el &#8216;Corredor Sudoeste Ib\u00e9rico&#8217; en la RUCAB"}]},{"@type":"WebSite","@id":"https:\/\/residenciarucab.es\/blog\/#website","url":"https:\/\/residenciarucab.es\/blog\/","name":"BLOG RUCAB","description":"\u00a1Todas las novedades de nuestra residencia universitaria!","potentialAction":[{"@type":"SearchAction","target":{"@type":"EntryPoint","urlTemplate":"https:\/\/residenciarucab.es\/blog\/?s={search_term_string}"},"query-input":{"@type":"PropertyValueSpecification","valueRequired":true,"valueName":"search_term_string"}}],"inLanguage":"es"},{"@type":"Person","@id":"https:\/\/residenciarucab.es\/blog\/#\/schema\/person\/f759c867eac865f0ce36c767f26f9294","name":"RUCAB","image":{"@type":"ImageObject","inLanguage":"es","@id":"https:\/\/residenciarucab.es\/blog\/wp-content\/uploads\/2019\/07\/r-rosa.png","url":"https:\/\/residenciarucab.es\/blog\/wp-content\/uploads\/2019\/07\/r-rosa.png","contentUrl":"https:\/\/residenciarucab.es\/blog\/wp-content\/uploads\/2019\/07\/r-rosa.png","caption":"RUCAB"},"description":"La RUCAB es un referente en Extremadura por la calidad de sus instalaciones y por su estilo de vida, basado en valores de convivencia, respeto y educaci\u00f3n. Una residencia junto al campus y con todas las necesidades cubiertas.","url":"https:\/\/residenciarucab.es\/blog\/author\/rucab_blog\/"}]}},"_links":{"self":[{"href":"https:\/\/residenciarucab.es\/blog\/wp-json\/wp\/v2\/posts\/72","targetHints":{"allow":["GET"]}}],"collection":[{"href":"https:\/\/residenciarucab.es\/blog\/wp-json\/wp\/v2\/posts"}],"about":[{"href":"https:\/\/residenciarucab.es\/blog\/wp-json\/wp\/v2\/types\/post"}],"author":[{"embeddable":true,"href":"https:\/\/residenciarucab.es\/blog\/wp-json\/wp\/v2\/users\/1"}],"replies":[{"embeddable":true,"href":"https:\/\/residenciarucab.es\/blog\/wp-json\/wp\/v2\/comments?post=72"}],"version-history":[{"count":3,"href":"https:\/\/residenciarucab.es\/blog\/wp-json\/wp\/v2\/posts\/72\/revisions"}],"predecessor-version":[{"id":77,"href":"https:\/\/residenciarucab.es\/blog\/wp-json\/wp\/v2\/posts\/72\/revisions\/77"}],"wp:featuredmedia":[{"embeddable":true,"href":"https:\/\/residenciarucab.es\/blog\/wp-json\/wp\/v2\/media\/74"}],"wp:attachment":[{"href":"https:\/\/residenciarucab.es\/blog\/wp-json\/wp\/v2\/media?parent=72"}],"wp:term":[{"taxonomy":"category","embeddable":true,"href":"https:\/\/residenciarucab.es\/blog\/wp-json\/wp\/v2\/categories?post=72"},{"taxonomy":"post_tag","embeddable":true,"href":"https:\/\/residenciarucab.es\/blog\/wp-json\/wp\/v2\/tags?post=72"}],"curies":[{"name":"wp","href":"https:\/\/api.w.org\/{rel}","templated":true}]}}