

{"id":726,"date":"2020-02-04T11:08:06","date_gmt":"2020-02-04T10:08:06","guid":{"rendered":"http:\/\/residenciarucab.es\/blog\/?p=726"},"modified":"2020-02-04T11:34:55","modified_gmt":"2020-02-04T10:34:55","slug":"viaje-a-berlin","status":"publish","type":"post","link":"https:\/\/residenciarucab.es\/blog\/viaje-a-berlin\/","title":{"rendered":"Desde la RUCAB hasta Berl\u00edn gracias a Fundaci\u00f3n CB"},"content":{"rendered":"<h4>Al inicio de este curso, Ibercaja nos propuso un reto, el Reto de la Triple R (Reto, Record, Rucab), consist\u00eda en la apertura de la &#8216;Cuenta Vamos de Ibercaja&#8217; en el tiempo establecido y desde el m\u00f3vil. Se sorte\u00e1ban tres viajes con destino europeo para dos personas, un fin de semana y los tres primeros en abrir la cuenta se llevaban los viajes.<\/h4>\n<p>Han pasado cuatro meses desde que hicimos el reto y el primer ganador, Pedro Romero Tena, acaba de regresar de su viaje a Berl\u00edn. Del 26 al 28 de enero han estado disfrutando de esta preciosa ciudad europea, el acompa\u00f1ante ha sido su primo Pedro Manuel, pero adem\u00e1s se ha sumado la madre de nuestro residente, y as\u00ed nos cuenta su viaje:<\/p>\n<blockquote><p>El afortunado fui yo, Pedro, y despu\u00e9s de m\u00ed, mi primo Pedro Manuel, quienes agradecemos a la <a href=\"https:\/\/www.fundacioncb.es\/\" target=\"_blank\" rel=\"noopener noreferrer\"><strong>Fundaci\u00f3n Caja Badajoz<\/strong><\/a> y a la <a href=\"https:\/\/residenciarucab.es\/\" target=\"_blank\" rel=\"noopener noreferrer\"><strong>Residencia Universitaria RUCAB<\/strong><\/a> por la oportunidad de poder realizar este viaje. Especialmente a <strong>Iv\u00e1n Manzano<\/strong>, que lo hizo posible en gran medida.<\/p>\n<p>Tambi\u00e9n contamos con la compa\u00f1\u00eda de mi madre Paula, que pidi\u00f3 d\u00edas de asuntos propios para acompa\u00f1arnos ya que nunca hab\u00eda estado en la ciudad y quer\u00eda conocerla, por lo que se uni\u00f3 tras financiarse ella su propio viaje.<\/p>\n<p>Fue solamente bajar del avi\u00f3n y ya notamos un <strong>golpe de fr\u00edo<\/strong>. Viajar en enero a Berl\u00edn es de valientes.<\/p>\n<p><strong>Primer d\u00eda:<\/strong><\/p>\n<p>Tras nuestro traslado al hotel y habernos cambiado a ropa de mucho m\u00e1s abrigo, nuestra primera parada fue el <strong>Museo de P\u00e9rgamo<\/strong> en el que pudimos ver la famosa Puerta de Isthar as\u00ed como la Puerta del Mercado de Mileto o la Fachada de Mushatta (tambi\u00e9n donde parad\u00f3jicamente no pudimos ver el Altar de P\u00e9rgamo ya que estaba en fase de restauraci\u00f3n). \u00a0Justo al lado se encontraba el <strong>Neues Museum<\/strong> donde tuvimos oportunidad de ver el busto de Nefertiti y otras varias tumbas fara\u00f3nicas. Despu\u00e9s de haber probado el t\u00edpico <strong>currywurst berlin\u00e9s<\/strong>, ya ca\u00edda la noche (a cosa de las cinco de la tarde) decidimos pasear por el<strong> barrio Jud\u00edo<\/strong> de Berl\u00edn para ver arte m\u00e1s contempor\u00e1neo. Acabamos visitando el <strong>Dead Chicken Alley<\/strong>, punto de exposici\u00f3n para numerosos graffiteros y artistas independientes. De camino al hotel pudimos pasearnos por la cercana <strong>Alexander Platz<\/strong>.<\/p>\n<p><strong>Segundo d\u00eda:<\/strong><\/p>\n<p>El segundo d\u00eda hab\u00edamos reservado una entrada al <strong>Domo del Reichstag<\/strong>, el parlamento alem\u00e1n. Tras esto dimos un breve paseo por la manzana verde de Berl\u00edn, el <strong>Tiergarden<\/strong>, hasta acabar en la <strong>Puerta de Brandemburgo<\/strong>. All\u00ed, mucha suerte la nuestra, nos encontramos con unos gu\u00edas espa\u00f1oles que nos prepararon uno de los mejores tours que he hecho por una capital europea. En este punto tengo que agradecer a <strong>Alba Fuster<\/strong>, de Sandemans, cuya historia sobre Berl\u00edn transciende los libros y toca a las personas, y que nos dej\u00f3 una maravillosa visi\u00f3n de la capital y\u00a0 una fant\u00e1stica gu\u00eda online de sitios por descubrir por la ciudad.<\/p>\n<p>Con ella visitamos diversos memoriales como el de los <strong>jud\u00edos ca\u00eddos en el holocausto<\/strong>, puntos clave en la historia de la ciudad como el muro o el <strong>Checkpoint Charlie<\/strong> y otros varios monumentos hist\u00f3ricos mientras repas\u00e1bamos la situaci\u00f3n pasada y presente de la capital.<\/p>\n<p><strong>Tercer d\u00eda:<\/strong><\/p>\n<p>Despu\u00e9s del tour paseamos hacia la moderna <strong>Postdammer Platz<\/strong>, en la que visitamos el <strong>Museo de los Esp\u00edas<\/strong> no sin antes pasar por la tienda de <strong>Lego<\/strong> de Berl\u00edn centro. Para terminar el d\u00eda visitamos el <strong>Museo del Holocausto<\/strong>, toda una inmersi\u00f3n a la memoria y la reflexi\u00f3n.<\/p>\n<p>Siguiendo opiniones de familiares que hab\u00edan visitado la ciudad, el \u00faltimo d\u00eda decidimos adentrarnos en los t\u00faneles de Berl\u00edn de manos de <strong>Berliner Unterwelten<\/strong>, con quienes visitamos un b\u00fanker de la <strong>II Guerra Mundial<\/strong>, y a quienes me gustar\u00eda agradecer la labor que ejercen protegiendo el patrimonio hist\u00f3rico bajo el suelo Berl\u00edn. Nos dirigimos posteriormente a la <strong>East Side Gallery<\/strong>, donde se encuentran los famosos graffittis en el muro.<\/p>\n<p>En este lugar tambi\u00e9n pudimos comer muy bien gracias a las recomendaciones de Leo, del catering de <strong>Pedro M\u00e9ndez<\/strong>.<\/p>\n<p>Por la tarde visitamos de nuevo a Alexander Platz y subimos a la <strong>Torre de Televisi\u00f3n<\/strong>, un gran mirador a 200 metros de altura. Para finalizar nuestra experiencia, usando la gu\u00eda que Alba nos dej\u00f3, degustamos <strong>cocina t\u00edpica alemana<\/strong> en restaurantes de la zona.<\/p>\n<p>Al d\u00eda siguiente dejamos atr\u00e1s el fr\u00edo<\/p>\n<p>Nosotros repetir\u00edamos<\/p><\/blockquote>\n<p>Galer\u00eda de im\u00e1genes:<\/p>\n<style type=\"text\/css\">\n#foogallery-gallery-733 .fg-image { width: 150px; }\n#foogallery-gallery-733 { --fg-gutter: 10px; }<\/style>\n\t\t\t<div class=\"foogallery foogallery-container foogallery-default foogallery-lightbox-foobox fg-center fg-default fg-ready fg-light fg-border-thin fg-shadow-outline fg-loading-default fg-loaded-fade-in fg-caption-hover fg-hover-fade fg-hover-zoom\" id=\"foogallery-gallery-733\" data-foogallery=\"{&quot;item&quot;:{&quot;showCaptionTitle&quot;:true,&quot;showCaptionDescription&quot;:true},&quot;lazy&quot;:true}\" style=\"--fg-title-line-clamp: 0; --fg-description-line-clamp: 0;\" >\n\t<div class=\"fg-item fg-type-image fg-idle\"><figure class=\"fg-item-inner\"><a href=\"https:\/\/residenciarucab.es\/blog\/wp-content\/uploads\/2020\/02\/2-berlin-min.jpg\" data-attachment-id=\"734\" data-type=\"image\" class=\"fg-thumb\"><span class=\"fg-image-wrap\"><img decoding=\"async\" alt=\"Tanque de Berl\u00edn\" width=\"150\" height=\"150\" class=\"skip-lazy fg-image\" data-src-fg=\"https:\/\/residenciarucab.es\/blog\/wp-content\/uploads\/cache\/2020\/02\/2-berlin-min\/2012299518.jpg\" src=\"data:image\/svg+xml,%3Csvg%20xmlns%3D%22http%3A%2F%2Fwww.w3.org%2F2000%2Fsvg%22%20width%3D%22150%22%20height%3D%22150%22%20viewBox%3D%220%200%20150%20150%22%3E%3C%2Fsvg%3E\" loading=\"eager\"><\/span><span class=\"fg-image-overlay\"><\/span><\/a><\/figure><div class=\"fg-loader\"><\/div><\/div><div class=\"fg-item fg-type-image fg-idle\"><figure class=\"fg-item-inner\"><a href=\"https:\/\/residenciarucab.es\/blog\/wp-content\/uploads\/2020\/02\/3-berlin-min.jpg\" data-attachment-id=\"735\" data-type=\"image\" class=\"fg-thumb\"><span class=\"fg-image-wrap\"><img decoding=\"async\" alt=\"Grafitti en Berl\u00edn\" width=\"150\" height=\"150\" class=\"skip-lazy fg-image\" data-src-fg=\"https:\/\/residenciarucab.es\/blog\/wp-content\/uploads\/cache\/2020\/02\/3-berlin-min\/989142941.jpg\" src=\"data:image\/svg+xml,%3Csvg%20xmlns%3D%22http%3A%2F%2Fwww.w3.org%2F2000%2Fsvg%22%20width%3D%22150%22%20height%3D%22150%22%20viewBox%3D%220%200%20150%20150%22%3E%3C%2Fsvg%3E\" loading=\"eager\"><\/span><span class=\"fg-image-overlay\"><\/span><\/a><\/figure><div class=\"fg-loader\"><\/div><\/div><div class=\"fg-item fg-type-image fg-idle\"><figure class=\"fg-item-inner\"><a href=\"https:\/\/residenciarucab.es\/blog\/wp-content\/uploads\/2020\/02\/4-berlin-min.jpg\" data-attachment-id=\"736\" data-type=\"image\" class=\"fg-thumb\"><span class=\"fg-image-wrap\"><img decoding=\"async\" alt=\"Aeropuerto de Berl\u00edn\" width=\"150\" height=\"150\" class=\"skip-lazy fg-image\" data-src-fg=\"https:\/\/residenciarucab.es\/blog\/wp-content\/uploads\/cache\/2020\/02\/4-berlin-min\/76674010.jpg\" src=\"data:image\/svg+xml,%3Csvg%20xmlns%3D%22http%3A%2F%2Fwww.w3.org%2F2000%2Fsvg%22%20width%3D%22150%22%20height%3D%22150%22%20viewBox%3D%220%200%20150%20150%22%3E%3C%2Fsvg%3E\" loading=\"eager\"><\/span><span class=\"fg-image-overlay\"><\/span><\/a><\/figure><div class=\"fg-loader\"><\/div><\/div><div class=\"fg-item fg-type-image fg-idle\"><figure class=\"fg-item-inner\"><a href=\"https:\/\/residenciarucab.es\/blog\/wp-content\/uploads\/2020\/02\/5-berlin-min.jpg\" data-attachment-id=\"737\" data-type=\"image\" class=\"fg-thumb\"><span class=\"fg-image-wrap\"><img decoding=\"async\" alt=\"Pedro Romero en Berl\u00edn\" width=\"150\" height=\"150\" class=\"skip-lazy fg-image\" data-src-fg=\"https:\/\/residenciarucab.es\/blog\/wp-content\/uploads\/cache\/2020\/02\/5-berlin-min\/1234545849.jpg\" src=\"data:image\/svg+xml,%3Csvg%20xmlns%3D%22http%3A%2F%2Fwww.w3.org%2F2000%2Fsvg%22%20width%3D%22150%22%20height%3D%22150%22%20viewBox%3D%220%200%20150%20150%22%3E%3C%2Fsvg%3E\" loading=\"eager\"><\/span><span class=\"fg-image-overlay\"><\/span><\/a><\/figure><div class=\"fg-loader\"><\/div><\/div><div class=\"fg-item fg-type-image fg-idle\"><figure class=\"fg-item-inner\"><a href=\"https:\/\/residenciarucab.es\/blog\/wp-content\/uploads\/2020\/02\/6-berlin-min.jpg\" data-attachment-id=\"738\" data-type=\"image\" class=\"fg-thumb\"><span class=\"fg-image-wrap\"><img decoding=\"async\" alt=\"Parlamento de Berl\u00edn\" width=\"150\" height=\"150\" class=\"skip-lazy fg-image\" data-src-fg=\"https:\/\/residenciarucab.es\/blog\/wp-content\/uploads\/cache\/2020\/02\/6-berlin-min\/2491537261.jpg\" src=\"data:image\/svg+xml,%3Csvg%20xmlns%3D%22http%3A%2F%2Fwww.w3.org%2F2000%2Fsvg%22%20width%3D%22150%22%20height%3D%22150%22%20viewBox%3D%220%200%20150%20150%22%3E%3C%2Fsvg%3E\" loading=\"eager\"><\/span><span class=\"fg-image-overlay\"><\/span><\/a><\/figure><div class=\"fg-loader\"><\/div><\/div><div class=\"fg-item fg-type-image fg-idle\"><figure class=\"fg-item-inner\"><a href=\"https:\/\/residenciarucab.es\/blog\/wp-content\/uploads\/2020\/02\/7-berlin-min.jpg\" data-attachment-id=\"739\" data-type=\"image\" class=\"fg-thumb\"><span class=\"fg-image-wrap\"><img decoding=\"async\" alt=\"Salchicha alemana\" width=\"150\" height=\"150\" class=\"skip-lazy fg-image\" data-src-fg=\"https:\/\/residenciarucab.es\/blog\/wp-content\/uploads\/cache\/2020\/02\/7-berlin-min\/3649406990.jpg\" src=\"data:image\/svg+xml,%3Csvg%20xmlns%3D%22http%3A%2F%2Fwww.w3.org%2F2000%2Fsvg%22%20width%3D%22150%22%20height%3D%22150%22%20viewBox%3D%220%200%20150%20150%22%3E%3C%2Fsvg%3E\" loading=\"eager\"><\/span><span class=\"fg-image-overlay\"><\/span><\/a><\/figure><div class=\"fg-loader\"><\/div><\/div><div class=\"fg-item fg-type-image fg-idle\"><figure class=\"fg-item-inner\"><a href=\"https:\/\/residenciarucab.es\/blog\/wp-content\/uploads\/2020\/02\/8-berlin-min.jpg\" data-attachment-id=\"740\" data-type=\"image\" class=\"fg-thumb\"><span class=\"fg-image-wrap\"><img decoding=\"async\" alt=\"Graffiteros en Alemania\" width=\"150\" height=\"150\" class=\"skip-lazy fg-image\" data-src-fg=\"https:\/\/residenciarucab.es\/blog\/wp-content\/uploads\/cache\/2020\/02\/8-berlin-min\/2935557830.jpg\" src=\"data:image\/svg+xml,%3Csvg%20xmlns%3D%22http%3A%2F%2Fwww.w3.org%2F2000%2Fsvg%22%20width%3D%22150%22%20height%3D%22150%22%20viewBox%3D%220%200%20150%20150%22%3E%3C%2Fsvg%3E\" loading=\"eager\"><\/span><span class=\"fg-image-overlay\"><\/span><\/a><\/figure><div class=\"fg-loader\"><\/div><\/div><div class=\"fg-item fg-type-image fg-idle\"><figure class=\"fg-item-inner\"><a href=\"https:\/\/residenciarucab.es\/blog\/wp-content\/uploads\/2020\/02\/9-berlin-min.jpg\" data-attachment-id=\"741\" data-type=\"image\" class=\"fg-thumb\"><span class=\"fg-image-wrap\"><img decoding=\"async\" alt=\"Beso Comunista en Berl\u00edn\" width=\"150\" height=\"150\" class=\"skip-lazy fg-image\" data-src-fg=\"https:\/\/residenciarucab.es\/blog\/wp-content\/uploads\/cache\/2020\/02\/9-berlin-min\/3825029541.jpg\" src=\"data:image\/svg+xml,%3Csvg%20xmlns%3D%22http%3A%2F%2Fwww.w3.org%2F2000%2Fsvg%22%20width%3D%22150%22%20height%3D%22150%22%20viewBox%3D%220%200%20150%20150%22%3E%3C%2Fsvg%3E\" loading=\"eager\"><\/span><span class=\"fg-image-overlay\"><\/span><\/a><\/figure><div class=\"fg-loader\"><\/div><\/div><div class=\"fg-item fg-type-image fg-idle\"><figure class=\"fg-item-inner\"><a href=\"https:\/\/residenciarucab.es\/blog\/wp-content\/uploads\/2020\/02\/10-berlin-min.jpg\" data-attachment-id=\"742\" data-type=\"image\" class=\"fg-thumb\"><span class=\"fg-image-wrap\"><img decoding=\"async\" alt=\"Cerveza alemana\" width=\"150\" height=\"150\" class=\"skip-lazy fg-image\" data-src-fg=\"https:\/\/residenciarucab.es\/blog\/wp-content\/uploads\/cache\/2020\/02\/10-berlin-min\/888550227.jpg\" src=\"data:image\/svg+xml,%3Csvg%20xmlns%3D%22http%3A%2F%2Fwww.w3.org%2F2000%2Fsvg%22%20width%3D%22150%22%20height%3D%22150%22%20viewBox%3D%220%200%20150%20150%22%3E%3C%2Fsvg%3E\" loading=\"eager\"><\/span><span class=\"fg-image-overlay\"><\/span><\/a><\/figure><div class=\"fg-loader\"><\/div><\/div><\/div>\n\n","protected":false},"excerpt":{"rendered":"<p class=\"post-excerpt\">Al inicio de este curso, Ibercaja nos propuso un reto, el Reto de la Triple R (Reto, Record, Rucab), consist\u00eda en la apertura de la &#8216;Cuenta Vamos de Ibercaja&#8217; en el tiempo establecido y desde el m\u00f3vil. Se sorte\u00e1ban tres viajes con destino europeo para dos personas, un fin de&#8230;<\/p>\n","protected":false},"author":1,"featured_media":732,"comment_status":"open","ping_status":"open","sticky":false,"template":"","format":"standard","meta":{"footnotes":""},"categories":[1],"tags":[222,114,2,111,36,35,223,221],"class_list":["post-726","post","type-post","status-publish","format-standard","has-post-thumbnail","hentry","category-noticias","tag-almenani","tag-berlin","tag-fundacion-cb","tag-ibercaja","tag-residencia-universitaria","tag-rucab","tag-turismo","tag-viaje"],"yoast_head":"<!-- This site is optimized with the Yoast SEO plugin v27.4 - https:\/\/yoast.com\/product\/yoast-seo-wordpress\/ -->\n<title>Desde la RUCAB hasta Berl\u00edn gracias a Fundaci\u00f3n CB - BLOG RUCAB<\/title>\n<meta name=\"description\" content=\"El primer ganador del reto Ibercaja, Pedro Romero, disfruta de su viaje a Berl\u00edn para dos personas, un fin de semana, as\u00ed ha sido su experiencia.\" \/>\n<meta name=\"robots\" content=\"index, follow, max-snippet:-1, max-image-preview:large, max-video-preview:-1\" \/>\n<link rel=\"canonical\" href=\"https:\/\/residenciarucab.es\/blog\/viaje-a-berlin\/\" \/>\n<meta property=\"og:locale\" content=\"es_ES\" \/>\n<meta property=\"og:type\" content=\"article\" \/>\n<meta property=\"og:title\" content=\"Desde la RUCAB hasta Berl\u00edn gracias a Fundaci\u00f3n CB - BLOG RUCAB\" \/>\n<meta property=\"og:description\" content=\"El primer ganador del reto Ibercaja, Pedro Romero, disfruta de su viaje a Berl\u00edn para dos personas, un fin de semana, as\u00ed ha sido su experiencia.\" \/>\n<meta property=\"og:url\" content=\"https:\/\/residenciarucab.es\/blog\/viaje-a-berlin\/\" \/>\n<meta property=\"og:site_name\" content=\"BLOG RUCAB\" \/>\n<meta property=\"article:published_time\" content=\"2020-02-04T10:08:06+00:00\" \/>\n<meta property=\"article:modified_time\" content=\"2020-02-04T10:34:55+00:00\" \/>\n<meta property=\"og:image\" content=\"https:\/\/residenciarucab.es\/blog\/wp-content\/uploads\/2020\/02\/9-berlin.jpg\" \/>\n\t<meta property=\"og:image:width\" content=\"1280\" \/>\n\t<meta property=\"og:image:height\" content=\"720\" \/>\n\t<meta property=\"og:image:type\" content=\"image\/jpeg\" \/>\n<meta name=\"author\" content=\"RUCAB\" \/>\n<meta name=\"twitter:card\" content=\"summary_large_image\" \/>\n<meta name=\"twitter:label1\" content=\"Escrito por\" \/>\n\t<meta name=\"twitter:data1\" content=\"RUCAB\" \/>\n\t<meta name=\"twitter:label2\" content=\"Tiempo de lectura\" \/>\n\t<meta name=\"twitter:data2\" content=\"4 minutos\" \/>\n<script type=\"application\/ld+json\" class=\"yoast-schema-graph\">{\"@context\":\"https:\\\/\\\/schema.org\",\"@graph\":[{\"@type\":\"Article\",\"@id\":\"https:\\\/\\\/residenciarucab.es\\\/blog\\\/viaje-a-berlin\\\/#article\",\"isPartOf\":{\"@id\":\"https:\\\/\\\/residenciarucab.es\\\/blog\\\/viaje-a-berlin\\\/\"},\"author\":{\"name\":\"RUCAB\",\"@id\":\"https:\\\/\\\/residenciarucab.es\\\/blog\\\/#\\\/schema\\\/person\\\/f759c867eac865f0ce36c767f26f9294\"},\"headline\":\"Desde la RUCAB hasta Berl\u00edn gracias a Fundaci\u00f3n CB\",\"datePublished\":\"2020-02-04T10:08:06+00:00\",\"dateModified\":\"2020-02-04T10:34:55+00:00\",\"mainEntityOfPage\":{\"@id\":\"https:\\\/\\\/residenciarucab.es\\\/blog\\\/viaje-a-berlin\\\/\"},\"wordCount\":807,\"commentCount\":5,\"image\":{\"@id\":\"https:\\\/\\\/residenciarucab.es\\\/blog\\\/viaje-a-berlin\\\/#primaryimage\"},\"thumbnailUrl\":\"https:\\\/\\\/residenciarucab.es\\\/blog\\\/wp-content\\\/uploads\\\/2020\\\/02\\\/9-berlin.jpg\",\"keywords\":[\"Almenani\",\"berlin\",\"Fundaci\u00f3n CB\",\"ibercaja\",\"Residencia Universitaria\",\"Rucab\",\"turismo\",\"viaje\"],\"articleSection\":[\"Noticias\"],\"inLanguage\":\"es\",\"potentialAction\":[{\"@type\":\"CommentAction\",\"name\":\"Comment\",\"target\":[\"https:\\\/\\\/residenciarucab.es\\\/blog\\\/viaje-a-berlin\\\/#respond\"]}]},{\"@type\":\"WebPage\",\"@id\":\"https:\\\/\\\/residenciarucab.es\\\/blog\\\/viaje-a-berlin\\\/\",\"url\":\"https:\\\/\\\/residenciarucab.es\\\/blog\\\/viaje-a-berlin\\\/\",\"name\":\"Desde la RUCAB hasta Berl\u00edn gracias a Fundaci\u00f3n CB - BLOG RUCAB\",\"isPartOf\":{\"@id\":\"https:\\\/\\\/residenciarucab.es\\\/blog\\\/#website\"},\"primaryImageOfPage\":{\"@id\":\"https:\\\/\\\/residenciarucab.es\\\/blog\\\/viaje-a-berlin\\\/#primaryimage\"},\"image\":{\"@id\":\"https:\\\/\\\/residenciarucab.es\\\/blog\\\/viaje-a-berlin\\\/#primaryimage\"},\"thumbnailUrl\":\"https:\\\/\\\/residenciarucab.es\\\/blog\\\/wp-content\\\/uploads\\\/2020\\\/02\\\/9-berlin.jpg\",\"datePublished\":\"2020-02-04T10:08:06+00:00\",\"dateModified\":\"2020-02-04T10:34:55+00:00\",\"author\":{\"@id\":\"https:\\\/\\\/residenciarucab.es\\\/blog\\\/#\\\/schema\\\/person\\\/f759c867eac865f0ce36c767f26f9294\"},\"description\":\"El primer ganador del reto Ibercaja, Pedro Romero, disfruta de su viaje a Berl\u00edn para dos personas, un fin de semana, as\u00ed ha sido su experiencia.\",\"breadcrumb\":{\"@id\":\"https:\\\/\\\/residenciarucab.es\\\/blog\\\/viaje-a-berlin\\\/#breadcrumb\"},\"inLanguage\":\"es\",\"potentialAction\":[{\"@type\":\"ReadAction\",\"target\":[\"https:\\\/\\\/residenciarucab.es\\\/blog\\\/viaje-a-berlin\\\/\"]}]},{\"@type\":\"ImageObject\",\"inLanguage\":\"es\",\"@id\":\"https:\\\/\\\/residenciarucab.es\\\/blog\\\/viaje-a-berlin\\\/#primaryimage\",\"url\":\"https:\\\/\\\/residenciarucab.es\\\/blog\\\/wp-content\\\/uploads\\\/2020\\\/02\\\/9-berlin.jpg\",\"contentUrl\":\"https:\\\/\\\/residenciarucab.es\\\/blog\\\/wp-content\\\/uploads\\\/2020\\\/02\\\/9-berlin.jpg\",\"width\":1280,\"height\":720,\"caption\":\"Muro de Berl\u00edn\"},{\"@type\":\"BreadcrumbList\",\"@id\":\"https:\\\/\\\/residenciarucab.es\\\/blog\\\/viaje-a-berlin\\\/#breadcrumb\",\"itemListElement\":[{\"@type\":\"ListItem\",\"position\":1,\"name\":\"Portada\",\"item\":\"https:\\\/\\\/residenciarucab.es\\\/blog\\\/\"},{\"@type\":\"ListItem\",\"position\":2,\"name\":\"Desde la RUCAB hasta Berl\u00edn gracias a Fundaci\u00f3n CB\"}]},{\"@type\":\"WebSite\",\"@id\":\"https:\\\/\\\/residenciarucab.es\\\/blog\\\/#website\",\"url\":\"https:\\\/\\\/residenciarucab.es\\\/blog\\\/\",\"name\":\"BLOG RUCAB\",\"description\":\"\u00a1Todas las novedades de nuestra residencia universitaria!\",\"potentialAction\":[{\"@type\":\"SearchAction\",\"target\":{\"@type\":\"EntryPoint\",\"urlTemplate\":\"https:\\\/\\\/residenciarucab.es\\\/blog\\\/?s={search_term_string}\"},\"query-input\":{\"@type\":\"PropertyValueSpecification\",\"valueRequired\":true,\"valueName\":\"search_term_string\"}}],\"inLanguage\":\"es\"},{\"@type\":\"Person\",\"@id\":\"https:\\\/\\\/residenciarucab.es\\\/blog\\\/#\\\/schema\\\/person\\\/f759c867eac865f0ce36c767f26f9294\",\"name\":\"RUCAB\",\"image\":{\"@type\":\"ImageObject\",\"inLanguage\":\"es\",\"@id\":\"https:\\\/\\\/residenciarucab.es\\\/blog\\\/wp-content\\\/uploads\\\/2019\\\/07\\\/r-rosa.png\",\"url\":\"https:\\\/\\\/residenciarucab.es\\\/blog\\\/wp-content\\\/uploads\\\/2019\\\/07\\\/r-rosa.png\",\"contentUrl\":\"https:\\\/\\\/residenciarucab.es\\\/blog\\\/wp-content\\\/uploads\\\/2019\\\/07\\\/r-rosa.png\",\"caption\":\"RUCAB\"},\"description\":\"La RUCAB es un referente en Extremadura por la calidad de sus instalaciones y por su estilo de vida, basado en valores de convivencia, respeto y educaci\u00f3n. Una residencia junto al campus y con todas las necesidades cubiertas.\",\"url\":\"https:\\\/\\\/residenciarucab.es\\\/blog\\\/author\\\/rucab_blog\\\/\"}]}<\/script>\n<!-- \/ Yoast SEO plugin. -->","yoast_head_json":{"title":"Desde la RUCAB hasta Berl\u00edn gracias a Fundaci\u00f3n CB - BLOG RUCAB","description":"El primer ganador del reto Ibercaja, Pedro Romero, disfruta de su viaje a Berl\u00edn para dos personas, un fin de semana, as\u00ed ha sido su experiencia.","robots":{"index":"index","follow":"follow","max-snippet":"max-snippet:-1","max-image-preview":"max-image-preview:large","max-video-preview":"max-video-preview:-1"},"canonical":"https:\/\/residenciarucab.es\/blog\/viaje-a-berlin\/","og_locale":"es_ES","og_type":"article","og_title":"Desde la RUCAB hasta Berl\u00edn gracias a Fundaci\u00f3n CB - BLOG RUCAB","og_description":"El primer ganador del reto Ibercaja, Pedro Romero, disfruta de su viaje a Berl\u00edn para dos personas, un fin de semana, as\u00ed ha sido su experiencia.","og_url":"https:\/\/residenciarucab.es\/blog\/viaje-a-berlin\/","og_site_name":"BLOG RUCAB","article_published_time":"2020-02-04T10:08:06+00:00","article_modified_time":"2020-02-04T10:34:55+00:00","og_image":[{"width":1280,"height":720,"url":"https:\/\/residenciarucab.es\/blog\/wp-content\/uploads\/2020\/02\/9-berlin.jpg","type":"image\/jpeg"}],"author":"RUCAB","twitter_card":"summary_large_image","twitter_misc":{"Escrito por":"RUCAB","Tiempo de lectura":"4 minutos"},"schema":{"@context":"https:\/\/schema.org","@graph":[{"@type":"Article","@id":"https:\/\/residenciarucab.es\/blog\/viaje-a-berlin\/#article","isPartOf":{"@id":"https:\/\/residenciarucab.es\/blog\/viaje-a-berlin\/"},"author":{"name":"RUCAB","@id":"https:\/\/residenciarucab.es\/blog\/#\/schema\/person\/f759c867eac865f0ce36c767f26f9294"},"headline":"Desde la RUCAB hasta Berl\u00edn gracias a Fundaci\u00f3n CB","datePublished":"2020-02-04T10:08:06+00:00","dateModified":"2020-02-04T10:34:55+00:00","mainEntityOfPage":{"@id":"https:\/\/residenciarucab.es\/blog\/viaje-a-berlin\/"},"wordCount":807,"commentCount":5,"image":{"@id":"https:\/\/residenciarucab.es\/blog\/viaje-a-berlin\/#primaryimage"},"thumbnailUrl":"https:\/\/residenciarucab.es\/blog\/wp-content\/uploads\/2020\/02\/9-berlin.jpg","keywords":["Almenani","berlin","Fundaci\u00f3n CB","ibercaja","Residencia Universitaria","Rucab","turismo","viaje"],"articleSection":["Noticias"],"inLanguage":"es","potentialAction":[{"@type":"CommentAction","name":"Comment","target":["https:\/\/residenciarucab.es\/blog\/viaje-a-berlin\/#respond"]}]},{"@type":"WebPage","@id":"https:\/\/residenciarucab.es\/blog\/viaje-a-berlin\/","url":"https:\/\/residenciarucab.es\/blog\/viaje-a-berlin\/","name":"Desde la RUCAB hasta Berl\u00edn gracias a Fundaci\u00f3n CB - BLOG RUCAB","isPartOf":{"@id":"https:\/\/residenciarucab.es\/blog\/#website"},"primaryImageOfPage":{"@id":"https:\/\/residenciarucab.es\/blog\/viaje-a-berlin\/#primaryimage"},"image":{"@id":"https:\/\/residenciarucab.es\/blog\/viaje-a-berlin\/#primaryimage"},"thumbnailUrl":"https:\/\/residenciarucab.es\/blog\/wp-content\/uploads\/2020\/02\/9-berlin.jpg","datePublished":"2020-02-04T10:08:06+00:00","dateModified":"2020-02-04T10:34:55+00:00","author":{"@id":"https:\/\/residenciarucab.es\/blog\/#\/schema\/person\/f759c867eac865f0ce36c767f26f9294"},"description":"El primer ganador del reto Ibercaja, Pedro Romero, disfruta de su viaje a Berl\u00edn para dos personas, un fin de semana, as\u00ed ha sido su experiencia.","breadcrumb":{"@id":"https:\/\/residenciarucab.es\/blog\/viaje-a-berlin\/#breadcrumb"},"inLanguage":"es","potentialAction":[{"@type":"ReadAction","target":["https:\/\/residenciarucab.es\/blog\/viaje-a-berlin\/"]}]},{"@type":"ImageObject","inLanguage":"es","@id":"https:\/\/residenciarucab.es\/blog\/viaje-a-berlin\/#primaryimage","url":"https:\/\/residenciarucab.es\/blog\/wp-content\/uploads\/2020\/02\/9-berlin.jpg","contentUrl":"https:\/\/residenciarucab.es\/blog\/wp-content\/uploads\/2020\/02\/9-berlin.jpg","width":1280,"height":720,"caption":"Muro de Berl\u00edn"},{"@type":"BreadcrumbList","@id":"https:\/\/residenciarucab.es\/blog\/viaje-a-berlin\/#breadcrumb","itemListElement":[{"@type":"ListItem","position":1,"name":"Portada","item":"https:\/\/residenciarucab.es\/blog\/"},{"@type":"ListItem","position":2,"name":"Desde la RUCAB hasta Berl\u00edn gracias a Fundaci\u00f3n CB"}]},{"@type":"WebSite","@id":"https:\/\/residenciarucab.es\/blog\/#website","url":"https:\/\/residenciarucab.es\/blog\/","name":"BLOG RUCAB","description":"\u00a1Todas las novedades de nuestra residencia universitaria!","potentialAction":[{"@type":"SearchAction","target":{"@type":"EntryPoint","urlTemplate":"https:\/\/residenciarucab.es\/blog\/?s={search_term_string}"},"query-input":{"@type":"PropertyValueSpecification","valueRequired":true,"valueName":"search_term_string"}}],"inLanguage":"es"},{"@type":"Person","@id":"https:\/\/residenciarucab.es\/blog\/#\/schema\/person\/f759c867eac865f0ce36c767f26f9294","name":"RUCAB","image":{"@type":"ImageObject","inLanguage":"es","@id":"https:\/\/residenciarucab.es\/blog\/wp-content\/uploads\/2019\/07\/r-rosa.png","url":"https:\/\/residenciarucab.es\/blog\/wp-content\/uploads\/2019\/07\/r-rosa.png","contentUrl":"https:\/\/residenciarucab.es\/blog\/wp-content\/uploads\/2019\/07\/r-rosa.png","caption":"RUCAB"},"description":"La RUCAB es un referente en Extremadura por la calidad de sus instalaciones y por su estilo de vida, basado en valores de convivencia, respeto y educaci\u00f3n. Una residencia junto al campus y con todas las necesidades cubiertas.","url":"https:\/\/residenciarucab.es\/blog\/author\/rucab_blog\/"}]}},"_links":{"self":[{"href":"https:\/\/residenciarucab.es\/blog\/wp-json\/wp\/v2\/posts\/726","targetHints":{"allow":["GET"]}}],"collection":[{"href":"https:\/\/residenciarucab.es\/blog\/wp-json\/wp\/v2\/posts"}],"about":[{"href":"https:\/\/residenciarucab.es\/blog\/wp-json\/wp\/v2\/types\/post"}],"author":[{"embeddable":true,"href":"https:\/\/residenciarucab.es\/blog\/wp-json\/wp\/v2\/users\/1"}],"replies":[{"embeddable":true,"href":"https:\/\/residenciarucab.es\/blog\/wp-json\/wp\/v2\/comments?post=726"}],"version-history":[{"count":9,"href":"https:\/\/residenciarucab.es\/blog\/wp-json\/wp\/v2\/posts\/726\/revisions"}],"predecessor-version":[{"id":748,"href":"https:\/\/residenciarucab.es\/blog\/wp-json\/wp\/v2\/posts\/726\/revisions\/748"}],"wp:featuredmedia":[{"embeddable":true,"href":"https:\/\/residenciarucab.es\/blog\/wp-json\/wp\/v2\/media\/732"}],"wp:attachment":[{"href":"https:\/\/residenciarucab.es\/blog\/wp-json\/wp\/v2\/media?parent=726"}],"wp:term":[{"taxonomy":"category","embeddable":true,"href":"https:\/\/residenciarucab.es\/blog\/wp-json\/wp\/v2\/categories?post=726"},{"taxonomy":"post_tag","embeddable":true,"href":"https:\/\/residenciarucab.es\/blog\/wp-json\/wp\/v2\/tags?post=726"}],"curies":[{"name":"wp","href":"https:\/\/api.w.org\/{rel}","templated":true}]}}