

{"id":78,"date":"2019-05-21T11:05:07","date_gmt":"2019-05-21T09:05:07","guid":{"rendered":"http:\/\/residenciarucab.es\/blog\/?p=78"},"modified":"2019-07-30T12:13:39","modified_gmt":"2019-07-30T10:13:39","slug":"rap-en-la-casa-de-las-artes-de-fundacion-cb","status":"publish","type":"post","link":"https:\/\/residenciarucab.es\/blog\/rap-en-la-casa-de-las-artes-de-fundacion-cb\/","title":{"rendered":"Rap en La Casa De Las Artes de Fundaci\u00f3n CB en la Feria del Libro"},"content":{"rendered":"<h4><strong>Fundaci\u00f3n CB prepara su propia caseta en la Feria del Libro de Badajoz, con multitud de actividades de ocio, cultura e integraci\u00f3n.<\/strong><\/h4>\n<p class=\"p1\">Del 10 al 19 de mayo Badajoz ha celebrado la <strong>Feria Del Libro<\/strong>, en esta ocasi\u00f3n <a href=\"https:\/\/www.fundacioncb.es\/\" target=\"_blank\" rel=\"noopener noreferrer\"><strong>Fundaci\u00f3n CB<\/strong><\/a> ha puesto en marcha su propia caseta, cargada de arte, literatura, cultura, pintura, m\u00fasica y muchas cosas m\u00e1s. El mi\u00e9rcoles 15 de mayo a partir de las 18.30 horas algunos de los residentes de la RUCAB han ofrecido un espectaculo de rap.<\/p>\n<p class=\"p1\">&#8216;El arte de la poes\u00eda rapeada&#8217;, eso es lo que nos han ense\u00f1ado los residentes <strong>Joaqu\u00edn Polo Dur\u00e1n<\/strong> y <strong>Miguel Galende Esteban<\/strong>, junto con <strong>Badabox<\/strong> y algunos raperos espont\u00e1neos.<\/p>\n<p class=\"p1\">Agradecer a Fundaci\u00f3n CB por apoyar este tipo de acciones en lugares p\u00fablico y en especial en La Casa De Las Artes en la Feria del Libro de Badajoz, como dice Joaqu\u00edn, m\u00e1s conocido como Kini:<\/p>\n<blockquote>\n<p class=\"p1\">\u00abEstas cosas sirven para poder acercar m\u00e1s el rap a la gente y que disfrutemos de lo que nos gusta hacer\u00bb.<\/p>\n<\/blockquote>\n<p class=\"p1\">En este tipo de actuaciones la poes\u00eda viene acompa\u00f1ada de improvisaci\u00f3n, gracias al don de palabra y de rima de los raperos, es l\u00f3gico que esto suceda, cuando los chavales se han criado haciendo esto desde peque\u00f1os en el barrio y con sus amigos.<\/p>\n<p><img loading=\"lazy\" decoding=\"async\" class=\"aligncenter size-full wp-image-80\" src=\"http:\/\/residenciarucab.es\/blog\/wp-content\/uploads\/2019\/07\/rapeando-en-la-casa-de-las-artes.jpg\" alt=\"Caseta de las artes fundacion cb\" width=\"1280\" height=\"720\" srcset=\"https:\/\/residenciarucab.es\/blog\/wp-content\/uploads\/2019\/07\/rapeando-en-la-casa-de-las-artes.jpg 1280w, https:\/\/residenciarucab.es\/blog\/wp-content\/uploads\/2019\/07\/rapeando-en-la-casa-de-las-artes-300x169.jpg 300w, https:\/\/residenciarucab.es\/blog\/wp-content\/uploads\/2019\/07\/rapeando-en-la-casa-de-las-artes-768x432.jpg 768w, https:\/\/residenciarucab.es\/blog\/wp-content\/uploads\/2019\/07\/rapeando-en-la-casa-de-las-artes-1024x576.jpg 1024w, https:\/\/residenciarucab.es\/blog\/wp-content\/uploads\/2019\/07\/rapeando-en-la-casa-de-las-artes-1140x641.jpg 1140w, https:\/\/residenciarucab.es\/blog\/wp-content\/uploads\/2019\/07\/rapeando-en-la-casa-de-las-artes-552x311.jpg 552w\" sizes=\"auto, (max-width: 1280px) 100vw, 1280px\" \/><\/p>\n<p>Sigue leyendo m\u00e1s contenido de nuestro\u00a0<a href=\"https:\/\/residenciarucab.es\/blog\/\" target=\"_blank\" rel=\"noopener noreferrer\">blog<\/a>.<\/p>\n","protected":false},"excerpt":{"rendered":"<p class=\"post-excerpt\">Fundaci\u00f3n CB prepara su propia caseta en la Feria del Libro de Badajoz, con multitud de actividades de ocio, cultura e integraci\u00f3n. Del 10 al 19 de mayo Badajoz ha celebrado la Feria Del Libro, en esta ocasi\u00f3n Fundaci\u00f3n CB ha puesto en marcha su propia caseta, cargada de arte,&#8230;<\/p>\n","protected":false},"author":1,"featured_media":79,"comment_status":"open","ping_status":"open","sticky":false,"template":"","format":"standard","meta":{"footnotes":""},"categories":[1],"tags":[4,3,9,5,8,2,6,7],"class_list":["post-78","post","type-post","status-publish","format-standard","has-post-thumbnail","hentry","category-noticias","tag-arte","tag-badabox","tag-badajoz","tag-cultura","tag-feria-del-libro","tag-fundacion-cb","tag-integracion","tag-literatura"],"yoast_head":"<!-- This site is optimized with the Yoast SEO plugin v27.4 - https:\/\/yoast.com\/product\/yoast-seo-wordpress\/ -->\n<title>Rap en La Casa De Las Artes de Fundaci\u00f3n CB en la Feria del Libro - BLOG RUCAB<\/title>\n<meta name=\"description\" content=\"Fundaci\u00f3n CB prepara su propia caseta en la Feria del Libro de Badajoz, con multitud de actividades de ocio, cultura e integraci\u00f3n.\" \/>\n<meta name=\"robots\" content=\"index, follow, max-snippet:-1, max-image-preview:large, max-video-preview:-1\" \/>\n<link rel=\"canonical\" href=\"https:\/\/residenciarucab.es\/blog\/rap-en-la-casa-de-las-artes-de-fundacion-cb\/\" \/>\n<meta property=\"og:locale\" content=\"es_ES\" \/>\n<meta property=\"og:type\" content=\"article\" \/>\n<meta property=\"og:title\" content=\"Rap en La Casa De Las Artes de Fundaci\u00f3n CB en la Feria del Libro - BLOG RUCAB\" \/>\n<meta property=\"og:description\" content=\"Fundaci\u00f3n CB prepara su propia caseta en la Feria del Libro de Badajoz, con multitud de actividades de ocio, cultura e integraci\u00f3n.\" \/>\n<meta property=\"og:url\" content=\"https:\/\/residenciarucab.es\/blog\/rap-en-la-casa-de-las-artes-de-fundacion-cb\/\" \/>\n<meta property=\"og:site_name\" content=\"BLOG RUCAB\" \/>\n<meta property=\"article:published_time\" content=\"2019-05-21T09:05:07+00:00\" \/>\n<meta property=\"article:modified_time\" content=\"2019-07-30T10:13:39+00:00\" \/>\n<meta property=\"og:image\" content=\"https:\/\/residenciarucab.es\/blog\/wp-content\/uploads\/2019\/07\/kini-rapeando-en-la-feria-del-libro.jpg\" \/>\n\t<meta property=\"og:image:width\" content=\"1280\" \/>\n\t<meta property=\"og:image:height\" content=\"720\" \/>\n\t<meta property=\"og:image:type\" content=\"image\/jpeg\" \/>\n<meta name=\"author\" content=\"RUCAB\" \/>\n<meta name=\"twitter:card\" content=\"summary_large_image\" \/>\n<meta name=\"twitter:label1\" content=\"Escrito por\" \/>\n\t<meta name=\"twitter:data1\" content=\"RUCAB\" \/>\n\t<meta name=\"twitter:label2\" content=\"Tiempo de lectura\" \/>\n\t<meta name=\"twitter:data2\" content=\"1 minuto\" \/>\n<script type=\"application\/ld+json\" class=\"yoast-schema-graph\">{\"@context\":\"https:\\\/\\\/schema.org\",\"@graph\":[{\"@type\":\"Article\",\"@id\":\"https:\\\/\\\/residenciarucab.es\\\/blog\\\/rap-en-la-casa-de-las-artes-de-fundacion-cb\\\/#article\",\"isPartOf\":{\"@id\":\"https:\\\/\\\/residenciarucab.es\\\/blog\\\/rap-en-la-casa-de-las-artes-de-fundacion-cb\\\/\"},\"author\":{\"name\":\"RUCAB\",\"@id\":\"https:\\\/\\\/residenciarucab.es\\\/blog\\\/#\\\/schema\\\/person\\\/f759c867eac865f0ce36c767f26f9294\"},\"headline\":\"Rap en La Casa De Las Artes de Fundaci\u00f3n CB en la Feria del Libro\",\"datePublished\":\"2019-05-21T09:05:07+00:00\",\"dateModified\":\"2019-07-30T10:13:39+00:00\",\"mainEntityOfPage\":{\"@id\":\"https:\\\/\\\/residenciarucab.es\\\/blog\\\/rap-en-la-casa-de-las-artes-de-fundacion-cb\\\/\"},\"wordCount\":254,\"commentCount\":0,\"image\":{\"@id\":\"https:\\\/\\\/residenciarucab.es\\\/blog\\\/rap-en-la-casa-de-las-artes-de-fundacion-cb\\\/#primaryimage\"},\"thumbnailUrl\":\"https:\\\/\\\/residenciarucab.es\\\/blog\\\/wp-content\\\/uploads\\\/2019\\\/07\\\/kini-rapeando-en-la-feria-del-libro.jpg\",\"keywords\":[\"arte\",\"Badabox\",\"Badajoz\",\"cultura\",\"feria del libro\",\"Fundaci\u00f3n CB\",\"integraci\u00f3n\",\"literatura\"],\"articleSection\":[\"Noticias\"],\"inLanguage\":\"es\",\"potentialAction\":[{\"@type\":\"CommentAction\",\"name\":\"Comment\",\"target\":[\"https:\\\/\\\/residenciarucab.es\\\/blog\\\/rap-en-la-casa-de-las-artes-de-fundacion-cb\\\/#respond\"]}]},{\"@type\":\"WebPage\",\"@id\":\"https:\\\/\\\/residenciarucab.es\\\/blog\\\/rap-en-la-casa-de-las-artes-de-fundacion-cb\\\/\",\"url\":\"https:\\\/\\\/residenciarucab.es\\\/blog\\\/rap-en-la-casa-de-las-artes-de-fundacion-cb\\\/\",\"name\":\"Rap en La Casa De Las Artes de Fundaci\u00f3n CB en la Feria del Libro - BLOG RUCAB\",\"isPartOf\":{\"@id\":\"https:\\\/\\\/residenciarucab.es\\\/blog\\\/#website\"},\"primaryImageOfPage\":{\"@id\":\"https:\\\/\\\/residenciarucab.es\\\/blog\\\/rap-en-la-casa-de-las-artes-de-fundacion-cb\\\/#primaryimage\"},\"image\":{\"@id\":\"https:\\\/\\\/residenciarucab.es\\\/blog\\\/rap-en-la-casa-de-las-artes-de-fundacion-cb\\\/#primaryimage\"},\"thumbnailUrl\":\"https:\\\/\\\/residenciarucab.es\\\/blog\\\/wp-content\\\/uploads\\\/2019\\\/07\\\/kini-rapeando-en-la-feria-del-libro.jpg\",\"datePublished\":\"2019-05-21T09:05:07+00:00\",\"dateModified\":\"2019-07-30T10:13:39+00:00\",\"author\":{\"@id\":\"https:\\\/\\\/residenciarucab.es\\\/blog\\\/#\\\/schema\\\/person\\\/f759c867eac865f0ce36c767f26f9294\"},\"description\":\"Fundaci\u00f3n CB prepara su propia caseta en la Feria del Libro de Badajoz, con multitud de actividades de ocio, cultura e integraci\u00f3n.\",\"breadcrumb\":{\"@id\":\"https:\\\/\\\/residenciarucab.es\\\/blog\\\/rap-en-la-casa-de-las-artes-de-fundacion-cb\\\/#breadcrumb\"},\"inLanguage\":\"es\",\"potentialAction\":[{\"@type\":\"ReadAction\",\"target\":[\"https:\\\/\\\/residenciarucab.es\\\/blog\\\/rap-en-la-casa-de-las-artes-de-fundacion-cb\\\/\"]}]},{\"@type\":\"ImageObject\",\"inLanguage\":\"es\",\"@id\":\"https:\\\/\\\/residenciarucab.es\\\/blog\\\/rap-en-la-casa-de-las-artes-de-fundacion-cb\\\/#primaryimage\",\"url\":\"https:\\\/\\\/residenciarucab.es\\\/blog\\\/wp-content\\\/uploads\\\/2019\\\/07\\\/kini-rapeando-en-la-feria-del-libro.jpg\",\"contentUrl\":\"https:\\\/\\\/residenciarucab.es\\\/blog\\\/wp-content\\\/uploads\\\/2019\\\/07\\\/kini-rapeando-en-la-feria-del-libro.jpg\",\"width\":1280,\"height\":720,\"caption\":\"Joaquin Polo Dur\u00e1n rapeando\"},{\"@type\":\"BreadcrumbList\",\"@id\":\"https:\\\/\\\/residenciarucab.es\\\/blog\\\/rap-en-la-casa-de-las-artes-de-fundacion-cb\\\/#breadcrumb\",\"itemListElement\":[{\"@type\":\"ListItem\",\"position\":1,\"name\":\"Portada\",\"item\":\"https:\\\/\\\/residenciarucab.es\\\/blog\\\/\"},{\"@type\":\"ListItem\",\"position\":2,\"name\":\"Rap en La Casa De Las Artes de Fundaci\u00f3n CB en la Feria del Libro\"}]},{\"@type\":\"WebSite\",\"@id\":\"https:\\\/\\\/residenciarucab.es\\\/blog\\\/#website\",\"url\":\"https:\\\/\\\/residenciarucab.es\\\/blog\\\/\",\"name\":\"BLOG RUCAB\",\"description\":\"\u00a1Todas las novedades de nuestra residencia universitaria!\",\"potentialAction\":[{\"@type\":\"SearchAction\",\"target\":{\"@type\":\"EntryPoint\",\"urlTemplate\":\"https:\\\/\\\/residenciarucab.es\\\/blog\\\/?s={search_term_string}\"},\"query-input\":{\"@type\":\"PropertyValueSpecification\",\"valueRequired\":true,\"valueName\":\"search_term_string\"}}],\"inLanguage\":\"es\"},{\"@type\":\"Person\",\"@id\":\"https:\\\/\\\/residenciarucab.es\\\/blog\\\/#\\\/schema\\\/person\\\/f759c867eac865f0ce36c767f26f9294\",\"name\":\"RUCAB\",\"image\":{\"@type\":\"ImageObject\",\"inLanguage\":\"es\",\"@id\":\"https:\\\/\\\/residenciarucab.es\\\/blog\\\/wp-content\\\/uploads\\\/2019\\\/07\\\/r-rosa.png\",\"url\":\"https:\\\/\\\/residenciarucab.es\\\/blog\\\/wp-content\\\/uploads\\\/2019\\\/07\\\/r-rosa.png\",\"contentUrl\":\"https:\\\/\\\/residenciarucab.es\\\/blog\\\/wp-content\\\/uploads\\\/2019\\\/07\\\/r-rosa.png\",\"caption\":\"RUCAB\"},\"description\":\"La RUCAB es un referente en Extremadura por la calidad de sus instalaciones y por su estilo de vida, basado en valores de convivencia, respeto y educaci\u00f3n. Una residencia junto al campus y con todas las necesidades cubiertas.\",\"url\":\"https:\\\/\\\/residenciarucab.es\\\/blog\\\/author\\\/rucab_blog\\\/\"}]}<\/script>\n<!-- \/ Yoast SEO plugin. -->","yoast_head_json":{"title":"Rap en La Casa De Las Artes de Fundaci\u00f3n CB en la Feria del Libro - BLOG RUCAB","description":"Fundaci\u00f3n CB prepara su propia caseta en la Feria del Libro de Badajoz, con multitud de actividades de ocio, cultura e integraci\u00f3n.","robots":{"index":"index","follow":"follow","max-snippet":"max-snippet:-1","max-image-preview":"max-image-preview:large","max-video-preview":"max-video-preview:-1"},"canonical":"https:\/\/residenciarucab.es\/blog\/rap-en-la-casa-de-las-artes-de-fundacion-cb\/","og_locale":"es_ES","og_type":"article","og_title":"Rap en La Casa De Las Artes de Fundaci\u00f3n CB en la Feria del Libro - BLOG RUCAB","og_description":"Fundaci\u00f3n CB prepara su propia caseta en la Feria del Libro de Badajoz, con multitud de actividades de ocio, cultura e integraci\u00f3n.","og_url":"https:\/\/residenciarucab.es\/blog\/rap-en-la-casa-de-las-artes-de-fundacion-cb\/","og_site_name":"BLOG RUCAB","article_published_time":"2019-05-21T09:05:07+00:00","article_modified_time":"2019-07-30T10:13:39+00:00","og_image":[{"width":1280,"height":720,"url":"https:\/\/residenciarucab.es\/blog\/wp-content\/uploads\/2019\/07\/kini-rapeando-en-la-feria-del-libro.jpg","type":"image\/jpeg"}],"author":"RUCAB","twitter_card":"summary_large_image","twitter_misc":{"Escrito por":"RUCAB","Tiempo de lectura":"1 minuto"},"schema":{"@context":"https:\/\/schema.org","@graph":[{"@type":"Article","@id":"https:\/\/residenciarucab.es\/blog\/rap-en-la-casa-de-las-artes-de-fundacion-cb\/#article","isPartOf":{"@id":"https:\/\/residenciarucab.es\/blog\/rap-en-la-casa-de-las-artes-de-fundacion-cb\/"},"author":{"name":"RUCAB","@id":"https:\/\/residenciarucab.es\/blog\/#\/schema\/person\/f759c867eac865f0ce36c767f26f9294"},"headline":"Rap en La Casa De Las Artes de Fundaci\u00f3n CB en la Feria del Libro","datePublished":"2019-05-21T09:05:07+00:00","dateModified":"2019-07-30T10:13:39+00:00","mainEntityOfPage":{"@id":"https:\/\/residenciarucab.es\/blog\/rap-en-la-casa-de-las-artes-de-fundacion-cb\/"},"wordCount":254,"commentCount":0,"image":{"@id":"https:\/\/residenciarucab.es\/blog\/rap-en-la-casa-de-las-artes-de-fundacion-cb\/#primaryimage"},"thumbnailUrl":"https:\/\/residenciarucab.es\/blog\/wp-content\/uploads\/2019\/07\/kini-rapeando-en-la-feria-del-libro.jpg","keywords":["arte","Badabox","Badajoz","cultura","feria del libro","Fundaci\u00f3n CB","integraci\u00f3n","literatura"],"articleSection":["Noticias"],"inLanguage":"es","potentialAction":[{"@type":"CommentAction","name":"Comment","target":["https:\/\/residenciarucab.es\/blog\/rap-en-la-casa-de-las-artes-de-fundacion-cb\/#respond"]}]},{"@type":"WebPage","@id":"https:\/\/residenciarucab.es\/blog\/rap-en-la-casa-de-las-artes-de-fundacion-cb\/","url":"https:\/\/residenciarucab.es\/blog\/rap-en-la-casa-de-las-artes-de-fundacion-cb\/","name":"Rap en La Casa De Las Artes de Fundaci\u00f3n CB en la Feria del Libro - BLOG RUCAB","isPartOf":{"@id":"https:\/\/residenciarucab.es\/blog\/#website"},"primaryImageOfPage":{"@id":"https:\/\/residenciarucab.es\/blog\/rap-en-la-casa-de-las-artes-de-fundacion-cb\/#primaryimage"},"image":{"@id":"https:\/\/residenciarucab.es\/blog\/rap-en-la-casa-de-las-artes-de-fundacion-cb\/#primaryimage"},"thumbnailUrl":"https:\/\/residenciarucab.es\/blog\/wp-content\/uploads\/2019\/07\/kini-rapeando-en-la-feria-del-libro.jpg","datePublished":"2019-05-21T09:05:07+00:00","dateModified":"2019-07-30T10:13:39+00:00","author":{"@id":"https:\/\/residenciarucab.es\/blog\/#\/schema\/person\/f759c867eac865f0ce36c767f26f9294"},"description":"Fundaci\u00f3n CB prepara su propia caseta en la Feria del Libro de Badajoz, con multitud de actividades de ocio, cultura e integraci\u00f3n.","breadcrumb":{"@id":"https:\/\/residenciarucab.es\/blog\/rap-en-la-casa-de-las-artes-de-fundacion-cb\/#breadcrumb"},"inLanguage":"es","potentialAction":[{"@type":"ReadAction","target":["https:\/\/residenciarucab.es\/blog\/rap-en-la-casa-de-las-artes-de-fundacion-cb\/"]}]},{"@type":"ImageObject","inLanguage":"es","@id":"https:\/\/residenciarucab.es\/blog\/rap-en-la-casa-de-las-artes-de-fundacion-cb\/#primaryimage","url":"https:\/\/residenciarucab.es\/blog\/wp-content\/uploads\/2019\/07\/kini-rapeando-en-la-feria-del-libro.jpg","contentUrl":"https:\/\/residenciarucab.es\/blog\/wp-content\/uploads\/2019\/07\/kini-rapeando-en-la-feria-del-libro.jpg","width":1280,"height":720,"caption":"Joaquin Polo Dur\u00e1n rapeando"},{"@type":"BreadcrumbList","@id":"https:\/\/residenciarucab.es\/blog\/rap-en-la-casa-de-las-artes-de-fundacion-cb\/#breadcrumb","itemListElement":[{"@type":"ListItem","position":1,"name":"Portada","item":"https:\/\/residenciarucab.es\/blog\/"},{"@type":"ListItem","position":2,"name":"Rap en La Casa De Las Artes de Fundaci\u00f3n CB en la Feria del Libro"}]},{"@type":"WebSite","@id":"https:\/\/residenciarucab.es\/blog\/#website","url":"https:\/\/residenciarucab.es\/blog\/","name":"BLOG RUCAB","description":"\u00a1Todas las novedades de nuestra residencia universitaria!","potentialAction":[{"@type":"SearchAction","target":{"@type":"EntryPoint","urlTemplate":"https:\/\/residenciarucab.es\/blog\/?s={search_term_string}"},"query-input":{"@type":"PropertyValueSpecification","valueRequired":true,"valueName":"search_term_string"}}],"inLanguage":"es"},{"@type":"Person","@id":"https:\/\/residenciarucab.es\/blog\/#\/schema\/person\/f759c867eac865f0ce36c767f26f9294","name":"RUCAB","image":{"@type":"ImageObject","inLanguage":"es","@id":"https:\/\/residenciarucab.es\/blog\/wp-content\/uploads\/2019\/07\/r-rosa.png","url":"https:\/\/residenciarucab.es\/blog\/wp-content\/uploads\/2019\/07\/r-rosa.png","contentUrl":"https:\/\/residenciarucab.es\/blog\/wp-content\/uploads\/2019\/07\/r-rosa.png","caption":"RUCAB"},"description":"La RUCAB es un referente en Extremadura por la calidad de sus instalaciones y por su estilo de vida, basado en valores de convivencia, respeto y educaci\u00f3n. Una residencia junto al campus y con todas las necesidades cubiertas.","url":"https:\/\/residenciarucab.es\/blog\/author\/rucab_blog\/"}]}},"_links":{"self":[{"href":"https:\/\/residenciarucab.es\/blog\/wp-json\/wp\/v2\/posts\/78","targetHints":{"allow":["GET"]}}],"collection":[{"href":"https:\/\/residenciarucab.es\/blog\/wp-json\/wp\/v2\/posts"}],"about":[{"href":"https:\/\/residenciarucab.es\/blog\/wp-json\/wp\/v2\/types\/post"}],"author":[{"embeddable":true,"href":"https:\/\/residenciarucab.es\/blog\/wp-json\/wp\/v2\/users\/1"}],"replies":[{"embeddable":true,"href":"https:\/\/residenciarucab.es\/blog\/wp-json\/wp\/v2\/comments?post=78"}],"version-history":[{"count":2,"href":"https:\/\/residenciarucab.es\/blog\/wp-json\/wp\/v2\/posts\/78\/revisions"}],"predecessor-version":[{"id":94,"href":"https:\/\/residenciarucab.es\/blog\/wp-json\/wp\/v2\/posts\/78\/revisions\/94"}],"wp:featuredmedia":[{"embeddable":true,"href":"https:\/\/residenciarucab.es\/blog\/wp-json\/wp\/v2\/media\/79"}],"wp:attachment":[{"href":"https:\/\/residenciarucab.es\/blog\/wp-json\/wp\/v2\/media?parent=78"}],"wp:term":[{"taxonomy":"category","embeddable":true,"href":"https:\/\/residenciarucab.es\/blog\/wp-json\/wp\/v2\/categories?post=78"},{"taxonomy":"post_tag","embeddable":true,"href":"https:\/\/residenciarucab.es\/blog\/wp-json\/wp\/v2\/tags?post=78"}],"curies":[{"name":"wp","href":"https:\/\/api.w.org\/{rel}","templated":true}]}}