

{"id":82,"date":"2019-05-18T14:15:21","date_gmt":"2019-05-18T12:15:21","guid":{"rendered":"http:\/\/residenciarucab.es\/blog\/?p=82"},"modified":"2019-08-01T14:39:51","modified_gmt":"2019-08-01T12:39:51","slug":"acto-clausura-rucab","status":"publish","type":"post","link":"https:\/\/residenciarucab.es\/blog\/acto-clausura-rucab\/","title":{"rendered":"Acto de Clausura y Entrega de Placas del curso 2018-2019 de la RUCAB"},"content":{"rendered":"<h4 class=\"p1\"><b>La RUCAB celebra el Acto de Clausura de curso y la entrega de placas a los residentes que finalizan sus estudios universitarios del curso 2018-2019.<\/b><\/h4>\n<p class=\"p1\">En la agenda de la RUCAB el 15 de mayo est\u00e1 marcado como un d\u00eda especial y muy importante para los residentes, celebramos el fin de una etapa en el acto de clausura y les animamos para que luchen por el futuro para el que se est\u00e1n formando.<\/p>\n<p class=\"p1\">Los residentes que han recibido la placa han sido:<\/p>\n<ul>\n<li>\u00a0Beatriz Solana Mor\u00e1n.<\/li>\n<li>\u00a0Jos\u00e9 Luis Solano Mor\u00e1n.<\/li>\n<li>\u00a0Miguel Rodr\u00edguez Calatrava.<\/li>\n<li>\u00a0Francisco Pizarro Jim\u00e9nez.<\/li>\n<\/ul>\n<p><img loading=\"lazy\" decoding=\"async\" class=\"aligncenter size-full wp-image-86\" src=\"http:\/\/residenciarucab.es\/blog\/wp-content\/uploads\/2019\/07\/entrega-de-placas-rucab-curso-2018-2019.jpg\" alt=\"residentes imposici\u00f3n de beca\" width=\"1280\" height=\"720\" srcset=\"https:\/\/residenciarucab.es\/blog\/wp-content\/uploads\/2019\/07\/entrega-de-placas-rucab-curso-2018-2019.jpg 1280w, https:\/\/residenciarucab.es\/blog\/wp-content\/uploads\/2019\/07\/entrega-de-placas-rucab-curso-2018-2019-300x169.jpg 300w, https:\/\/residenciarucab.es\/blog\/wp-content\/uploads\/2019\/07\/entrega-de-placas-rucab-curso-2018-2019-768x432.jpg 768w, https:\/\/residenciarucab.es\/blog\/wp-content\/uploads\/2019\/07\/entrega-de-placas-rucab-curso-2018-2019-1024x576.jpg 1024w, https:\/\/residenciarucab.es\/blog\/wp-content\/uploads\/2019\/07\/entrega-de-placas-rucab-curso-2018-2019-1140x641.jpg 1140w, https:\/\/residenciarucab.es\/blog\/wp-content\/uploads\/2019\/07\/entrega-de-placas-rucab-curso-2018-2019-552x311.jpg 552w\" sizes=\"auto, (max-width: 1280px) 100vw, 1280px\" \/><\/p>\n<p class=\"p1\">En esta ocasi\u00f3n hemos contado con la presencia del <strong>Doctor Mat\u00edas Hidalgo S\u00e1nchez<\/strong>, Profesor de Biolog\u00eda Celular de la Universidad de Extremadura, que nos ha ofrecido una interesant\u00edsima charla sobre <strong>\u2018Terapia Celular y Medicina Regenerativa\u2019<\/strong>, la aplicaci\u00f3n en la medicina moderna y las posibles aplicaciones en el futuro, un campo inmenso en el que se sigue investigando y trabajando para que en un futuro las gastos en sanidad p\u00fablica sean m\u00e1s reducidos, gracias a la bioregeneraci\u00f3n de las c\u00e9lulas humanas, en cuyo campo se est\u00e1 trabajando para ofrecer r\u00e9plicas de \u00f3rganos, huesos, piel\u2026 actualmente la medicina ya posee casos de \u00e9xito, como el injerto capilar o de piel.<\/p>\n<p class=\"p1\">En el caso de los animales esta regeneraci\u00f3n es mucho m\u00e1s evidente y compleja, pues cierto seres vivos son capaces de regenerar partes de sus cuerpo; un claro ejemplo son la estrella de mar, la salamandra, la rana\u2026 nos referimos a sistemas biol\u00f3gicos muy b\u00e1sicos y que en nuestro caso, los humanos, no existe, debido a la p\u00e9rdida de memoria de esa estructura global que todav\u00eda poseen los animales m\u00e1s primitivos.<\/p>\n<p class=\"p1\">El Doctor Hidalgo ha remarcado que:<\/p>\n<blockquote>\n<p class=\"p1\">\u201cEvidentemente necesitamos m\u00e1s cosas para esta regeneraci\u00f3n, c\u00f3mo un estudio a\u00fan m\u00e1s profundo de la c\u00e9lula, imitar a la naturaleza y conocer el desarrollo embrional\u2019.<\/p>\n<\/blockquote>\n<p class=\"p1\">Seguidamente, <strong>Emilio V\u00e1zquez<\/strong>, Presidente de <a href=\"https:\/\/www.fundacioncb.es\/\" target=\"_blank\" rel=\"noopener noreferrer\">Fundaci\u00f3n CB<\/a>, ha querido reconocer la labor de investigaci\u00f3n del Profeso Mat\u00edas Hidalgo, adem\u00e1s ha felicitado a los residentes que han recibido la placa de finalizaci\u00f3n de sus estudios y los ha animado a realizar el \u00faltimo esfuerzo para los ex\u00e1menes de mayo y junio.<\/p>\n<p class=\"p1\">De la misma forma se ha dirigido <strong>Antonio Hidalgo<\/strong>, Rector de la Universidad de Extremadura, que tambi\u00e9n ha felicitado a los residentes que han terminado la carrera en la RUCAB, motiv\u00e1ndolos a estudiar y a demostrar de lo que son capaces.<\/p>\n<p class=\"p1\">En el acto de clausura tambi\u00e9n han estado presente, <strong>Emilio Jim\u00e9nez<\/strong>, Director de Fundaci\u00f3n CB y <strong>Luis Mar\u00edn<\/strong>, Director de la RUCAB.<\/p>\n<p class=\"p1\">Para concluir el acto, se ha disfrutado de una cena en los jardines de la residencia, donde han compartido impresiones, inmortalizando los momentos m\u00e1s divertidos del evento.<\/p>\n<h3 style=\"text-align: center;\">\u00a1Enhorabuena residentes!<\/h3>\n<p>Puedes ver el v\u00eddeo resumen que han hecho los residentes del <a href=\"https:\/\/www.youtube.com\/watch?v=0bpoFypDoQs\" target=\"_blank\" rel=\"noopener noreferrer\"><strong>curso 2018-2019<\/strong><\/a> \ud83d\ude00<\/p>\n<p>Sigue leyendo m\u00e1s contenido de nuestro <a href=\"https:\/\/residenciarucab.es\/blog\/\" target=\"_blank\" rel=\"noopener noreferrer\">blog<\/a>.<\/p>\n","protected":false},"excerpt":{"rendered":"<p class=\"post-excerpt\">La RUCAB celebra el Acto de Clausura de curso y la entrega de placas a los residentes que finalizan sus estudios universitarios del curso 2018-2019. En la agenda de la RUCAB el 15 de mayo est\u00e1 marcado como un d\u00eda especial y muy importante para los residentes, celebramos el fin&#8230;<\/p>\n","protected":false},"author":1,"featured_media":85,"comment_status":"open","ping_status":"open","sticky":false,"template":"","format":"standard","meta":{"footnotes":""},"categories":[1],"tags":[14,17,10,11,12,13,16,15],"class_list":["post-82","post","type-post","status-publish","format-standard","has-post-thumbnail","hentry","category-noticias","tag-antonio-hidalgo","tag-biologia","tag-clausura-rucab","tag-emilio-jimenez","tag-emilio-vazquez","tag-luis-marin","tag-medicina-regenerativa","tag-terapia-celular"],"yoast_head":"<!-- This site is optimized with the Yoast SEO plugin v27.4 - https:\/\/yoast.com\/product\/yoast-seo-wordpress\/ -->\n<title>Clausura y Entrega de Placas 2019-2020 de la RUCAB. - BLOG RUCAB<\/title>\n<meta name=\"description\" content=\"La RUCAB celebra el Acto de Clausura de curso y la entrega de placas a los residentes que finalizan sus estudios universitarios del curso 2018-2019.\" \/>\n<meta name=\"robots\" content=\"index, follow, max-snippet:-1, max-image-preview:large, max-video-preview:-1\" \/>\n<link rel=\"canonical\" href=\"https:\/\/residenciarucab.es\/blog\/acto-clausura-rucab\/\" \/>\n<meta property=\"og:locale\" content=\"es_ES\" \/>\n<meta property=\"og:type\" content=\"article\" \/>\n<meta property=\"og:title\" content=\"Clausura y Entrega de Placas 2019-2020 de la RUCAB. - BLOG RUCAB\" \/>\n<meta property=\"og:description\" content=\"La RUCAB celebra el Acto de Clausura de curso y la entrega de placas a los residentes que finalizan sus estudios universitarios del curso 2018-2019.\" \/>\n<meta property=\"og:url\" content=\"https:\/\/residenciarucab.es\/blog\/acto-clausura-rucab\/\" \/>\n<meta property=\"og:site_name\" content=\"BLOG RUCAB\" \/>\n<meta property=\"article:published_time\" content=\"2019-05-18T12:15:21+00:00\" \/>\n<meta property=\"article:modified_time\" content=\"2019-08-01T12:39:51+00:00\" \/>\n<meta property=\"og:image\" content=\"https:\/\/residenciarucab.es\/blog\/wp-content\/uploads\/2019\/07\/acto-clausura-rucab-mayo.jpg\" \/>\n\t<meta property=\"og:image:width\" content=\"1280\" \/>\n\t<meta property=\"og:image:height\" content=\"720\" \/>\n\t<meta property=\"og:image:type\" content=\"image\/jpeg\" \/>\n<meta name=\"author\" content=\"RUCAB\" \/>\n<meta name=\"twitter:card\" content=\"summary_large_image\" \/>\n<meta name=\"twitter:label1\" content=\"Escrito por\" \/>\n\t<meta name=\"twitter:data1\" content=\"RUCAB\" \/>\n\t<meta name=\"twitter:label2\" content=\"Tiempo de lectura\" \/>\n\t<meta name=\"twitter:data2\" content=\"3 minutos\" \/>\n<script type=\"application\/ld+json\" class=\"yoast-schema-graph\">{\"@context\":\"https:\\\/\\\/schema.org\",\"@graph\":[{\"@type\":\"Article\",\"@id\":\"https:\\\/\\\/residenciarucab.es\\\/blog\\\/acto-clausura-rucab\\\/#article\",\"isPartOf\":{\"@id\":\"https:\\\/\\\/residenciarucab.es\\\/blog\\\/acto-clausura-rucab\\\/\"},\"author\":{\"name\":\"RUCAB\",\"@id\":\"https:\\\/\\\/residenciarucab.es\\\/blog\\\/#\\\/schema\\\/person\\\/f759c867eac865f0ce36c767f26f9294\"},\"headline\":\"Acto de Clausura y Entrega de Placas del curso 2018-2019 de la RUCAB\",\"datePublished\":\"2019-05-18T12:15:21+00:00\",\"dateModified\":\"2019-08-01T12:39:51+00:00\",\"mainEntityOfPage\":{\"@id\":\"https:\\\/\\\/residenciarucab.es\\\/blog\\\/acto-clausura-rucab\\\/\"},\"wordCount\":526,\"commentCount\":0,\"image\":{\"@id\":\"https:\\\/\\\/residenciarucab.es\\\/blog\\\/acto-clausura-rucab\\\/#primaryimage\"},\"thumbnailUrl\":\"https:\\\/\\\/residenciarucab.es\\\/blog\\\/wp-content\\\/uploads\\\/2019\\\/07\\\/acto-clausura-rucab-mayo.jpg\",\"keywords\":[\"Antonio Hidalgo\",\"biologia\",\"clausura rucab\",\"Emilio Jimenez\",\"Emilio Vazquez\",\"Luis Marin\",\"medicina regenerativa\",\"terapia celular\"],\"articleSection\":[\"Noticias\"],\"inLanguage\":\"es\",\"potentialAction\":[{\"@type\":\"CommentAction\",\"name\":\"Comment\",\"target\":[\"https:\\\/\\\/residenciarucab.es\\\/blog\\\/acto-clausura-rucab\\\/#respond\"]}]},{\"@type\":\"WebPage\",\"@id\":\"https:\\\/\\\/residenciarucab.es\\\/blog\\\/acto-clausura-rucab\\\/\",\"url\":\"https:\\\/\\\/residenciarucab.es\\\/blog\\\/acto-clausura-rucab\\\/\",\"name\":\"Clausura y Entrega de Placas 2019-2020 de la RUCAB. - BLOG RUCAB\",\"isPartOf\":{\"@id\":\"https:\\\/\\\/residenciarucab.es\\\/blog\\\/#website\"},\"primaryImageOfPage\":{\"@id\":\"https:\\\/\\\/residenciarucab.es\\\/blog\\\/acto-clausura-rucab\\\/#primaryimage\"},\"image\":{\"@id\":\"https:\\\/\\\/residenciarucab.es\\\/blog\\\/acto-clausura-rucab\\\/#primaryimage\"},\"thumbnailUrl\":\"https:\\\/\\\/residenciarucab.es\\\/blog\\\/wp-content\\\/uploads\\\/2019\\\/07\\\/acto-clausura-rucab-mayo.jpg\",\"datePublished\":\"2019-05-18T12:15:21+00:00\",\"dateModified\":\"2019-08-01T12:39:51+00:00\",\"author\":{\"@id\":\"https:\\\/\\\/residenciarucab.es\\\/blog\\\/#\\\/schema\\\/person\\\/f759c867eac865f0ce36c767f26f9294\"},\"description\":\"La RUCAB celebra el Acto de Clausura de curso y la entrega de placas a los residentes que finalizan sus estudios universitarios del curso 2018-2019.\",\"breadcrumb\":{\"@id\":\"https:\\\/\\\/residenciarucab.es\\\/blog\\\/acto-clausura-rucab\\\/#breadcrumb\"},\"inLanguage\":\"es\",\"potentialAction\":[{\"@type\":\"ReadAction\",\"target\":[\"https:\\\/\\\/residenciarucab.es\\\/blog\\\/acto-clausura-rucab\\\/\"]}]},{\"@type\":\"ImageObject\",\"inLanguage\":\"es\",\"@id\":\"https:\\\/\\\/residenciarucab.es\\\/blog\\\/acto-clausura-rucab\\\/#primaryimage\",\"url\":\"https:\\\/\\\/residenciarucab.es\\\/blog\\\/wp-content\\\/uploads\\\/2019\\\/07\\\/acto-clausura-rucab-mayo.jpg\",\"contentUrl\":\"https:\\\/\\\/residenciarucab.es\\\/blog\\\/wp-content\\\/uploads\\\/2019\\\/07\\\/acto-clausura-rucab-mayo.jpg\",\"width\":1280,\"height\":720,\"caption\":\"acto clausura residentes rucab\"},{\"@type\":\"BreadcrumbList\",\"@id\":\"https:\\\/\\\/residenciarucab.es\\\/blog\\\/acto-clausura-rucab\\\/#breadcrumb\",\"itemListElement\":[{\"@type\":\"ListItem\",\"position\":1,\"name\":\"Portada\",\"item\":\"https:\\\/\\\/residenciarucab.es\\\/blog\\\/\"},{\"@type\":\"ListItem\",\"position\":2,\"name\":\"Acto de Clausura y Entrega de Placas del curso 2018-2019 de la RUCAB\"}]},{\"@type\":\"WebSite\",\"@id\":\"https:\\\/\\\/residenciarucab.es\\\/blog\\\/#website\",\"url\":\"https:\\\/\\\/residenciarucab.es\\\/blog\\\/\",\"name\":\"BLOG RUCAB\",\"description\":\"\u00a1Todas las novedades de nuestra residencia universitaria!\",\"potentialAction\":[{\"@type\":\"SearchAction\",\"target\":{\"@type\":\"EntryPoint\",\"urlTemplate\":\"https:\\\/\\\/residenciarucab.es\\\/blog\\\/?s={search_term_string}\"},\"query-input\":{\"@type\":\"PropertyValueSpecification\",\"valueRequired\":true,\"valueName\":\"search_term_string\"}}],\"inLanguage\":\"es\"},{\"@type\":\"Person\",\"@id\":\"https:\\\/\\\/residenciarucab.es\\\/blog\\\/#\\\/schema\\\/person\\\/f759c867eac865f0ce36c767f26f9294\",\"name\":\"RUCAB\",\"image\":{\"@type\":\"ImageObject\",\"inLanguage\":\"es\",\"@id\":\"https:\\\/\\\/residenciarucab.es\\\/blog\\\/wp-content\\\/uploads\\\/2019\\\/07\\\/r-rosa.png\",\"url\":\"https:\\\/\\\/residenciarucab.es\\\/blog\\\/wp-content\\\/uploads\\\/2019\\\/07\\\/r-rosa.png\",\"contentUrl\":\"https:\\\/\\\/residenciarucab.es\\\/blog\\\/wp-content\\\/uploads\\\/2019\\\/07\\\/r-rosa.png\",\"caption\":\"RUCAB\"},\"description\":\"La RUCAB es un referente en Extremadura por la calidad de sus instalaciones y por su estilo de vida, basado en valores de convivencia, respeto y educaci\u00f3n. Una residencia junto al campus y con todas las necesidades cubiertas.\",\"url\":\"https:\\\/\\\/residenciarucab.es\\\/blog\\\/author\\\/rucab_blog\\\/\"}]}<\/script>\n<!-- \/ Yoast SEO plugin. -->","yoast_head_json":{"title":"Clausura y Entrega de Placas 2019-2020 de la RUCAB. - BLOG RUCAB","description":"La RUCAB celebra el Acto de Clausura de curso y la entrega de placas a los residentes que finalizan sus estudios universitarios del curso 2018-2019.","robots":{"index":"index","follow":"follow","max-snippet":"max-snippet:-1","max-image-preview":"max-image-preview:large","max-video-preview":"max-video-preview:-1"},"canonical":"https:\/\/residenciarucab.es\/blog\/acto-clausura-rucab\/","og_locale":"es_ES","og_type":"article","og_title":"Clausura y Entrega de Placas 2019-2020 de la RUCAB. - BLOG RUCAB","og_description":"La RUCAB celebra el Acto de Clausura de curso y la entrega de placas a los residentes que finalizan sus estudios universitarios del curso 2018-2019.","og_url":"https:\/\/residenciarucab.es\/blog\/acto-clausura-rucab\/","og_site_name":"BLOG RUCAB","article_published_time":"2019-05-18T12:15:21+00:00","article_modified_time":"2019-08-01T12:39:51+00:00","og_image":[{"width":1280,"height":720,"url":"https:\/\/residenciarucab.es\/blog\/wp-content\/uploads\/2019\/07\/acto-clausura-rucab-mayo.jpg","type":"image\/jpeg"}],"author":"RUCAB","twitter_card":"summary_large_image","twitter_misc":{"Escrito por":"RUCAB","Tiempo de lectura":"3 minutos"},"schema":{"@context":"https:\/\/schema.org","@graph":[{"@type":"Article","@id":"https:\/\/residenciarucab.es\/blog\/acto-clausura-rucab\/#article","isPartOf":{"@id":"https:\/\/residenciarucab.es\/blog\/acto-clausura-rucab\/"},"author":{"name":"RUCAB","@id":"https:\/\/residenciarucab.es\/blog\/#\/schema\/person\/f759c867eac865f0ce36c767f26f9294"},"headline":"Acto de Clausura y Entrega de Placas del curso 2018-2019 de la RUCAB","datePublished":"2019-05-18T12:15:21+00:00","dateModified":"2019-08-01T12:39:51+00:00","mainEntityOfPage":{"@id":"https:\/\/residenciarucab.es\/blog\/acto-clausura-rucab\/"},"wordCount":526,"commentCount":0,"image":{"@id":"https:\/\/residenciarucab.es\/blog\/acto-clausura-rucab\/#primaryimage"},"thumbnailUrl":"https:\/\/residenciarucab.es\/blog\/wp-content\/uploads\/2019\/07\/acto-clausura-rucab-mayo.jpg","keywords":["Antonio Hidalgo","biologia","clausura rucab","Emilio Jimenez","Emilio Vazquez","Luis Marin","medicina regenerativa","terapia celular"],"articleSection":["Noticias"],"inLanguage":"es","potentialAction":[{"@type":"CommentAction","name":"Comment","target":["https:\/\/residenciarucab.es\/blog\/acto-clausura-rucab\/#respond"]}]},{"@type":"WebPage","@id":"https:\/\/residenciarucab.es\/blog\/acto-clausura-rucab\/","url":"https:\/\/residenciarucab.es\/blog\/acto-clausura-rucab\/","name":"Clausura y Entrega de Placas 2019-2020 de la RUCAB. - BLOG RUCAB","isPartOf":{"@id":"https:\/\/residenciarucab.es\/blog\/#website"},"primaryImageOfPage":{"@id":"https:\/\/residenciarucab.es\/blog\/acto-clausura-rucab\/#primaryimage"},"image":{"@id":"https:\/\/residenciarucab.es\/blog\/acto-clausura-rucab\/#primaryimage"},"thumbnailUrl":"https:\/\/residenciarucab.es\/blog\/wp-content\/uploads\/2019\/07\/acto-clausura-rucab-mayo.jpg","datePublished":"2019-05-18T12:15:21+00:00","dateModified":"2019-08-01T12:39:51+00:00","author":{"@id":"https:\/\/residenciarucab.es\/blog\/#\/schema\/person\/f759c867eac865f0ce36c767f26f9294"},"description":"La RUCAB celebra el Acto de Clausura de curso y la entrega de placas a los residentes que finalizan sus estudios universitarios del curso 2018-2019.","breadcrumb":{"@id":"https:\/\/residenciarucab.es\/blog\/acto-clausura-rucab\/#breadcrumb"},"inLanguage":"es","potentialAction":[{"@type":"ReadAction","target":["https:\/\/residenciarucab.es\/blog\/acto-clausura-rucab\/"]}]},{"@type":"ImageObject","inLanguage":"es","@id":"https:\/\/residenciarucab.es\/blog\/acto-clausura-rucab\/#primaryimage","url":"https:\/\/residenciarucab.es\/blog\/wp-content\/uploads\/2019\/07\/acto-clausura-rucab-mayo.jpg","contentUrl":"https:\/\/residenciarucab.es\/blog\/wp-content\/uploads\/2019\/07\/acto-clausura-rucab-mayo.jpg","width":1280,"height":720,"caption":"acto clausura residentes rucab"},{"@type":"BreadcrumbList","@id":"https:\/\/residenciarucab.es\/blog\/acto-clausura-rucab\/#breadcrumb","itemListElement":[{"@type":"ListItem","position":1,"name":"Portada","item":"https:\/\/residenciarucab.es\/blog\/"},{"@type":"ListItem","position":2,"name":"Acto de Clausura y Entrega de Placas del curso 2018-2019 de la RUCAB"}]},{"@type":"WebSite","@id":"https:\/\/residenciarucab.es\/blog\/#website","url":"https:\/\/residenciarucab.es\/blog\/","name":"BLOG RUCAB","description":"\u00a1Todas las novedades de nuestra residencia universitaria!","potentialAction":[{"@type":"SearchAction","target":{"@type":"EntryPoint","urlTemplate":"https:\/\/residenciarucab.es\/blog\/?s={search_term_string}"},"query-input":{"@type":"PropertyValueSpecification","valueRequired":true,"valueName":"search_term_string"}}],"inLanguage":"es"},{"@type":"Person","@id":"https:\/\/residenciarucab.es\/blog\/#\/schema\/person\/f759c867eac865f0ce36c767f26f9294","name":"RUCAB","image":{"@type":"ImageObject","inLanguage":"es","@id":"https:\/\/residenciarucab.es\/blog\/wp-content\/uploads\/2019\/07\/r-rosa.png","url":"https:\/\/residenciarucab.es\/blog\/wp-content\/uploads\/2019\/07\/r-rosa.png","contentUrl":"https:\/\/residenciarucab.es\/blog\/wp-content\/uploads\/2019\/07\/r-rosa.png","caption":"RUCAB"},"description":"La RUCAB es un referente en Extremadura por la calidad de sus instalaciones y por su estilo de vida, basado en valores de convivencia, respeto y educaci\u00f3n. Una residencia junto al campus y con todas las necesidades cubiertas.","url":"https:\/\/residenciarucab.es\/blog\/author\/rucab_blog\/"}]}},"_links":{"self":[{"href":"https:\/\/residenciarucab.es\/blog\/wp-json\/wp\/v2\/posts\/82","targetHints":{"allow":["GET"]}}],"collection":[{"href":"https:\/\/residenciarucab.es\/blog\/wp-json\/wp\/v2\/posts"}],"about":[{"href":"https:\/\/residenciarucab.es\/blog\/wp-json\/wp\/v2\/types\/post"}],"author":[{"embeddable":true,"href":"https:\/\/residenciarucab.es\/blog\/wp-json\/wp\/v2\/users\/1"}],"replies":[{"embeddable":true,"href":"https:\/\/residenciarucab.es\/blog\/wp-json\/wp\/v2\/comments?post=82"}],"version-history":[{"count":8,"href":"https:\/\/residenciarucab.es\/blog\/wp-json\/wp\/v2\/posts\/82\/revisions"}],"predecessor-version":[{"id":167,"href":"https:\/\/residenciarucab.es\/blog\/wp-json\/wp\/v2\/posts\/82\/revisions\/167"}],"wp:featuredmedia":[{"embeddable":true,"href":"https:\/\/residenciarucab.es\/blog\/wp-json\/wp\/v2\/media\/85"}],"wp:attachment":[{"href":"https:\/\/residenciarucab.es\/blog\/wp-json\/wp\/v2\/media?parent=82"}],"wp:term":[{"taxonomy":"category","embeddable":true,"href":"https:\/\/residenciarucab.es\/blog\/wp-json\/wp\/v2\/categories?post=82"},{"taxonomy":"post_tag","embeddable":true,"href":"https:\/\/residenciarucab.es\/blog\/wp-json\/wp\/v2\/tags?post=82"}],"curies":[{"name":"wp","href":"https:\/\/api.w.org\/{rel}","templated":true}]}}