

{"id":877,"date":"2020-03-16T20:32:10","date_gmt":"2020-03-16T19:32:10","guid":{"rendered":"http:\/\/residenciarucab.es\/blog\/?p=877"},"modified":"2020-03-31T17:46:12","modified_gmt":"2020-03-31T15:46:12","slug":"viaja-a-viena","status":"publish","type":"post","link":"https:\/\/residenciarucab.es\/blog\/viaja-a-viena\/","title":{"rendered":"Conociendo Viena con residentes de la RUCAB"},"content":{"rendered":"<h4>Al inicio de este curso, Ibercaja nos propuso un reto, el Reto de la Triple R (Reto, Record, Rucab), consist\u00eda en la apertura de la \u2018Cuenta Vamos de Ibercaja\u2019 en el tiempo establecido y desde el m\u00f3vil. Se sorte\u00e1ban tres viajes con destino europeo para dos personas, un fin de semana y los tres primeros en abrir la cuenta se llevaban los viajes, gracias a<a href=\"https:\/\/www.fundacioncb.es\/\" target=\"_blank\" rel=\"noopener noreferrer\"> Fundaci\u00f3n CB<\/a> e Ibercaja.<\/h4>\n<p>El primer ganador, Pedro Romero, disfrut\u00f3 de su <a href=\"https:\/\/residenciarucab.es\/blog\/viaje-a-berlin\/\" target=\"_blank\" rel=\"noopener noreferrer\">viaje a Berl\u00edn<\/a> del 26 al 28 de enero, y en esta ocasi\u00f3n, el segundo ganador, <strong>Manuel Ojeda,<\/strong> ha estado en Viena del 29 de febrero al 2 de marzo, su acompa\u00f1ante, tambi\u00e9n residente, ha sido Miguel Galende, justos has disfrutado de este viaje y as\u00ed nos lo cuentan:<\/p>\n<p><strong>D\u00eda 0<\/strong><\/p>\n<p>Viajamos el jueves para <strong>Lisboa<\/strong>, el vuelo sal\u00eda muy temprano y no lo quer\u00edamos perder. Encontramos un albergue barato y con buena pinta en Lisboa para pasar la noche.<\/p>\n<p>Nos cost\u00f3 un poco encontrar el albergue, no estaba muy se\u00f1alado, pero pudimos aparcar sin problema. Fuimos a cenar por ah\u00ed y despu\u00e9s llevamos las maletas a la habitaci\u00f3n. Est\u00e1bamos muy cerca de la zona de Bel\u00e9m as\u00ed que bajamos a ver el <strong>Monasterio de los Jer\u00f3nimos<\/strong> y aprovechamos para tomarnos los mejores pasteles de nata que existen, el hombre que estaba de guardia nos vacil\u00f3 diciendo que estaba cerrado. Al final result\u00f3 ser una buena persona y nos llev\u00f3 a una zona apartada para que disfrutemos de los <strong>pasteles de Bel\u00e9m<\/strong>. La vuelta al hotel fue un poco dura, las cuestas en Lisboa son muy largas y empinadas y no est\u00e1bamos en las mejores capacidades f\u00edsicas. Llegamos a la habitaci\u00f3n, ten\u00eda cinco camas, pero est\u00e1bamos solos.<\/p>\n<p><strong>D\u00eda 1<\/strong><\/p>\n<p>Una vez despiertos y aseados salimos al sal\u00f3n para tomarnos un modesto <strong>desayuno<\/strong>. Mientras com\u00edamos una bestia nos atac\u00f3 desde debajo entre las piernas. &#8216;Sebasti\u00e1n&#8217; el gato del due\u00f1o parec\u00eda defender su territorio invadido recientemente por unos extra\u00f1os. El encargado lo cogi\u00f3 con la mano y se lo llev\u00f3 encima de su antebrazo. Salimos con tiempo de sobra hacia el aeropuerto, y menos mal porque est\u00e1bamos m\u00e1s perdidos que una cabra en un garaje, uno de los giros se nos resist\u00eda y siempre tom\u00e1bamos la curva equivocada. Al poco de entrar nos llaman para las puertas del avi\u00f3n; justo cuando hab\u00edamos encontrado un hueco en el suelo del <strong>aeropuerto<\/strong> para sentarnos, todos los asientos estaban cogidos y Galende no se decid\u00eda si pillar algo para llevar. En el avi\u00f3n ten\u00edamos asientos separados: \u00e9l se dedic\u00f3 a verse una pel\u00edcula que se hab\u00eda descargado en el m\u00f3vil. Yo me dediqu\u00e9 a leerme un peque\u00f1o libro de bolsillo que siempre llevo en los viajes y poco a poco alg\u00fan d\u00eda lo terminar\u00e9.<\/p>\n<p>Llegamos all\u00ed casi a las 14:00 horas y cogimos el tren hacia <strong>Viena<\/strong>. Llegamos a la estaci\u00f3n, la estaci\u00f3n equivocada claro est\u00e1, y nos toc\u00f3 ir hasta el hotel andando. Las maletas iban bien por las calles de asfalto as\u00ed que sin problemas. La<strong> ciudad es muy bonita<\/strong>; todos los edificios son descomunales obras de arte arquitect\u00f3nica, est\u00e1n cargados de <strong>adornos florales, atlantes y penachos<\/strong>.<\/p>\n<p>Llegamos al hotel y llamamos al ascensor; era de esos peque\u00f1os y apretados, pero inclu\u00eda su propio asiento que compart\u00edamos en cada viaje que hac\u00edamos en \u00e9l. Dejamos las cosas en el hotel y salimos a pillarnos unas<strong> bicis<\/strong> para movernos con ellas, pero no nos sali\u00f3 bien la jugada. <strong>Hac\u00eda fr\u00edo<\/strong> y Galende no se hab\u00eda tra\u00eddo guantes, las aparcamos en la estaci\u00f3n y all\u00ed se quedaron. Nos acercamos a la zona central para ver los edificios de noche. Aprovechamos para comer fuera, probamos un plato t\u00edpico de all\u00ed, &#8216;<strong>Leberk\u00e4se&#8217;<\/strong>. Hab\u00edan muchas variedades, nos pedimos una de queso, otra de espinacas y la otra de cebolla, creo que esta \u00faltima era la mejor.<strong> La iglesia de Stephan<\/strong> estaba iluminada y \u00e9ramos los \u00fanicos en la plaza; entramos y vimos un descomunal \u00f3rgano sobre la puerta, me habr\u00eda gustado ir m\u00e1s adentro, pero est\u00e1bamos limitados a una \u00fanica parte de la catedral, seguramente por la hora.<\/p>\n<p><strong>D\u00eda 2<\/strong><\/p>\n<p>Nos despertamos a una buena hora, fuimos los primeros del hotel en subir a desayunar. El <strong>desayuno<\/strong> se serv\u00eda en lo alto del hotel, si te dabas prisa pod\u00edas coger una mesa al lado de las ventanas, con <strong>buenas vistas<\/strong>. El desayuno no estaba mal pero el encargado no parec\u00eda demasiado entusiasmado, repon\u00eda las cosas un poco cuando le parec\u00eda. Siempre aprovecho todo lo que puedo los desayunos en los hoteles. En el <strong>buffet<\/strong> libre adem\u00e1s de pan, mantequilla y leche tienen frutas, estas \u00faltimas siempre son dif\u00edciles de tomar en un viaje y me aseguro de aprovisionarme bien.<\/p>\n<p>Fuimos andando hasta el <strong>Palacio de Sch\u00f6nbrunn<\/strong>. Nos entramos dentro del edificio, pero estuvimos dando vueltas por los alrededores y viendo los jardines. La plaza en lo alto, pasado el paseo de las estatuas y la <strong>Fuente de Neptuno<\/strong>, ten\u00eda unas incre\u00edbles vistas del palacio y de la ciudad. Estuvimos bromeando con tirarnos desde all\u00ed en bici para saltar la fuente, mi yo de seis a\u00f1os se habr\u00eda lanzado haciendo la croqueta. En lo alto del todo hab\u00eda una cafeter\u00eda con muy buena pinta, pero me estaba reservando las ganas de tomar un caf\u00e9 para cuando estuvi\u00e9semos en <strong>Caf\u00e9 Central<\/strong>.<\/p>\n<p>Tomamos el metro de vuelta hacia el centro para verlo de d\u00eda, s\u00f3lo lo hab\u00edamos visto el d\u00eda anterior de noche y ahora los parques estaban abiertos. Hay uno en el centro de Viena que puede usarse para atajar hacia el resto de los edificios. Empezaba a entrarnos ganas de comer por lo que empezamos a movernos por all\u00ed a buscar un buen sitio, nos hab\u00edan dicho de un restaurante incre\u00edble que serv\u00edan el mejor <strong>Schnitzel<\/strong>, debe de ser verdad porque cuando fuimos no hab\u00eda ninguna mesa libre; nos dijeron que la pr\u00f3xima vez reserv\u00e1ramos. Buscamos otro sitio para comer y encontramos una especie de puerta que llevaba bajo tierra, el sitio recordaba a un convento antiguo excavado en la piedra. Optamos por un Schnitzel para cada uno acompa\u00f1ado de una <strong>cerveza de trigo<\/strong>. La cerveza en particular estaba muy buena, preguntamos a ver si ten\u00edan cartas para jugar al camarero y nos las dieron. Mientras el resto de gente iba llegando para comer nosotros nos tom\u00e1bamos una cerveza <strong>jugando a las cartas.<\/strong> Nos advirtieron de que el trato en Austria era malo, pero no fue esa mi impresi\u00f3n cuando estuve all\u00ed, este camarero en concreto era muy amable.<\/p>\n<p>Volvimos para una siesta y tomar fuerzas para llegar despu\u00e9s a <strong>Caf\u00e9 Central<\/strong>. El local, maravilloso; el pianista, divino; la<strong> tarta Sacher<\/strong>, placentera; el caf\u00e9, flojo. Me considero fan de los caf\u00e9s fuertes y negros, ped\u00ed un <strong>caf\u00e9 Vienes<\/strong> sabiendo que era un tipo de caf\u00e9 m\u00e1s suave, y result\u00f3 ser m\u00e1s flojo tener menos sabor del que esperaba. Eso s\u00ed, mi compa\u00f1ero se pidi\u00f3 un <strong>caf\u00e9 Pharisaer<\/strong>, que llevaba ron, y estaba mucho mejor. Aprovechamos ya que est\u00e1bamos all\u00ed para acercarnos a un bar de copas enfrente de la catedral, una de las paredes era de cristal para poder ver la catedral iluminada en primera l\u00ednea. A la vuelta hicimos una r\u00e1pida parada en<strong> Albertina<\/strong> y seguimos para el hotel.<\/p>\n<p><strong>D\u00eda 3<\/strong><\/p>\n<p>El \u00faltimo d\u00eda nos despertamos un poco m\u00e1s tarde, la noche anterior nos cost\u00f3 dormirnos por culpa del caf\u00e9. El encargado del hotel nos dijo el primer d\u00eda que pod\u00edamos dejar las maletas en el hotel tranquilamente, sin embargo, el encargado de ese d\u00eda nos dijo que \u00e9l no pod\u00eda hacerse cargo de las maletas. Nos tocaba buscar qu\u00e9 hacer con las maletas, como la estaci\u00f3n de autobuses no estaba lejos decidimos ir a investigar si hab\u00eda alg\u00fan locker para guardar las maletas mientras ve\u00edamos lo que nos quedaba de Viena.<\/p>\n<p>Tomamos el tranv\u00eda hasta la estaci\u00f3n central, la verdad es que el metro es, a mi parecer, mucho m\u00e1s limpio que estos. Desde la estaci\u00f3n bajamos hacia el<strong> Belvederegarten<\/strong> para ver sus jardines con formas geom\u00e9tricas y decorados con esfinges. En la entrada me sorprendi\u00f3 su inmensa fuente; debido al d\u00eda tan nubloso que tuvimos los jardines se ve\u00edan un poco apagados. Salimos por el lateral para ir al <strong>Museo de Historia Natural<\/strong>, donde vimos la famosa <strong>Venus de Willendorf<\/strong>; no me la imaginaba tan peque\u00f1a, era min\u00fascula, te cabr\u00eda en el bolsillo si consiguieras sacarla del museo sin que te detengan. Las escaleras del interior eran imponentes; al subirlas nos quedamos boquiabiertos mirando el techo, casi me caigo y todo. No solo eran los pasamanos y los frisos, nuestra atenci\u00f3n se iba directamente hacia el<strong> fresco<\/strong> que ensombrec\u00eda todo lo dem\u00e1s.<\/p>\n<p>Nos entraron ganas de comer y salimos a un restaurante cercano, hab\u00edamos visto en Internet que el interior ten\u00eda una decoraci\u00f3n cl\u00e1sica; despu\u00e9s de tres d\u00edas all\u00ed todos los locales parec\u00edan mostrar mucha atenci\u00f3n a la decoraci\u00f3n. No ten\u00eda ganas de tomarme otro Schnitzel as\u00ed que ped\u00ed un <strong>Tafelspitz<\/strong>, es una carne hervida que se sirve con compota de manzanas y unas patatas fritas al estilo vien\u00e9s. Despu\u00e9s de comer s\u00f3lo nos quedaba por ver la <strong>Estatua de Johann Strauss<\/strong>, tomamos otro metro hasta all\u00ed y paseamos un poco por el parque para ver la figura dorada de Strauss. Sabemos que el turismo cultural es bueno, pero el turismo gastron\u00f3mico es mucho mejor, por eso no pod\u00eda irme de Viena sin probar el <strong>Apfelstrudel<\/strong>. Fuimos a una \u00faltima cafeter\u00eda para probarla, creo que deb\u00ed haberme tomado uno de esos caf\u00e9s con licor; lo probar\u00e9 la pr\u00f3xima vez. La tradici\u00f3n Austriaca es beber dando igual la hora as\u00ed que el mejor momento para nosotros era despu\u00e9s de la merienda. Lleg\u00f3 un momento, m\u00e1s r\u00e1pido para m\u00ed que para mi compa\u00f1ero, que ya empezamos a notar que mejor dejar de beber para ir bien al aeropuerto.<\/p>\n<p><strong>Llegamos al aeropuerto<\/strong> con mucho tiempo de antelaci\u00f3n, llegamos tan pronto que ni siquiera nos dejaron entrar por las puertas de seguridad. Nos quedamos en un bar de deportes viendo el cl\u00e1sico mientras <strong>cen\u00e1bamos una pizza<\/strong> y una <strong>cerveza<\/strong>. Cuando nos echaron de all\u00ed fuimos a la puerta de seguridad y dormimos al otro lado de la puerta, dentro del aeropuerto. Dormimos en el avi\u00f3n y despu\u00e9s volvimos a Badajoz en coche por carretera.<\/p>\n<style type=\"text\/css\">\n#foogallery-gallery-906 .fg-image { width: 150px; }\n#foogallery-gallery-906 { --fg-gutter: 10px; }<\/style>\n\t\t\t<div class=\"foogallery foogallery-container foogallery-default foogallery-lightbox-foobox fg-center fg-default fg-ready fg-light fg-border-thin fg-shadow-outline fg-loading-default fg-loaded-fade-in fg-caption-hover fg-hover-fade fg-hover-zoom\" id=\"foogallery-gallery-906\" data-foogallery=\"{&quot;item&quot;:{&quot;showCaptionTitle&quot;:true,&quot;showCaptionDescription&quot;:true},&quot;lazy&quot;:true}\" style=\"--fg-title-line-clamp: 0; --fg-description-line-clamp: 0;\" >\n\t<div class=\"fg-item fg-type-image fg-idle\"><figure class=\"fg-item-inner\"><a href=\"https:\/\/residenciarucab.es\/blog\/wp-content\/uploads\/2020\/03\/6-viena-min.jpg\" data-attachment-id=\"912\" data-type=\"image\" class=\"fg-thumb\"><span class=\"fg-image-wrap\"><img decoding=\"async\" alt=\"aeropuerto de viena\" width=\"150\" height=\"150\" class=\"skip-lazy fg-image\" data-src-fg=\"https:\/\/residenciarucab.es\/blog\/wp-content\/uploads\/cache\/2020\/03\/6-viena-min\/2540092205.jpg\" src=\"data:image\/svg+xml,%3Csvg%20xmlns%3D%22http%3A%2F%2Fwww.w3.org%2F2000%2Fsvg%22%20width%3D%22150%22%20height%3D%22150%22%20viewBox%3D%220%200%20150%20150%22%3E%3C%2Fsvg%3E\" loading=\"eager\"><\/span><span class=\"fg-image-overlay\"><\/span><\/a><\/figure><div class=\"fg-loader\"><\/div><\/div><div class=\"fg-item fg-type-image fg-idle\"><figure class=\"fg-item-inner\"><a href=\"https:\/\/residenciarucab.es\/blog\/wp-content\/uploads\/2020\/03\/5-viena-min.jpg\" data-attachment-id=\"911\" data-type=\"image\" class=\"fg-thumb\"><span class=\"fg-image-wrap\"><img decoding=\"async\" alt=\"cerveza viena\" width=\"150\" height=\"150\" class=\"skip-lazy fg-image\" data-src-fg=\"https:\/\/residenciarucab.es\/blog\/wp-content\/uploads\/cache\/2020\/03\/5-viena-min\/2522214604.jpg\" src=\"data:image\/svg+xml,%3Csvg%20xmlns%3D%22http%3A%2F%2Fwww.w3.org%2F2000%2Fsvg%22%20width%3D%22150%22%20height%3D%22150%22%20viewBox%3D%220%200%20150%20150%22%3E%3C%2Fsvg%3E\" loading=\"eager\"><\/span><span class=\"fg-image-overlay\"><\/span><\/a><\/figure><div class=\"fg-loader\"><\/div><\/div><div class=\"fg-item fg-type-image fg-idle\"><figure class=\"fg-item-inner\"><a href=\"https:\/\/residenciarucab.es\/blog\/wp-content\/uploads\/2020\/03\/4-viena-min.jpg\" data-attachment-id=\"910\" data-type=\"image\" class=\"fg-thumb\"><span class=\"fg-image-wrap\"><img decoding=\"async\" alt=\"palacio imperial de viena\" width=\"150\" height=\"150\" class=\"skip-lazy fg-image\" data-src-fg=\"https:\/\/residenciarucab.es\/blog\/wp-content\/uploads\/cache\/2020\/03\/4-viena-min\/543935404.jpg\" src=\"data:image\/svg+xml,%3Csvg%20xmlns%3D%22http%3A%2F%2Fwww.w3.org%2F2000%2Fsvg%22%20width%3D%22150%22%20height%3D%22150%22%20viewBox%3D%220%200%20150%20150%22%3E%3C%2Fsvg%3E\" loading=\"eager\"><\/span><span class=\"fg-image-overlay\"><\/span><\/a><\/figure><div class=\"fg-loader\"><\/div><\/div><div class=\"fg-item fg-type-image fg-idle\"><figure class=\"fg-item-inner\"><a href=\"https:\/\/residenciarucab.es\/blog\/wp-content\/uploads\/2020\/03\/3-viena-min.jpg\" data-attachment-id=\"909\" data-type=\"image\" class=\"fg-thumb\"><span class=\"fg-image-wrap\"><img decoding=\"async\" alt=\"miguel y manuel en viena\" width=\"150\" height=\"150\" class=\"skip-lazy fg-image\" data-src-fg=\"https:\/\/residenciarucab.es\/blog\/wp-content\/uploads\/cache\/2020\/03\/3-viena-min\/2755196345.jpg\" src=\"data:image\/svg+xml,%3Csvg%20xmlns%3D%22http%3A%2F%2Fwww.w3.org%2F2000%2Fsvg%22%20width%3D%22150%22%20height%3D%22150%22%20viewBox%3D%220%200%20150%20150%22%3E%3C%2Fsvg%3E\" loading=\"eager\"><\/span><span class=\"fg-image-overlay\"><\/span><\/a><\/figure><div class=\"fg-loader\"><\/div><\/div><div class=\"fg-item fg-type-image fg-idle\"><figure class=\"fg-item-inner\"><a href=\"https:\/\/residenciarucab.es\/blog\/wp-content\/uploads\/2020\/03\/2-viena-min.jpg\" data-attachment-id=\"908\" data-type=\"image\" class=\"fg-thumb\"><span class=\"fg-image-wrap\"><img decoding=\"async\" alt=\"edificio de viena\" width=\"150\" height=\"150\" class=\"skip-lazy fg-image\" data-src-fg=\"https:\/\/residenciarucab.es\/blog\/wp-content\/uploads\/cache\/2020\/03\/2-viena-min\/302436057.jpg\" src=\"data:image\/svg+xml,%3Csvg%20xmlns%3D%22http%3A%2F%2Fwww.w3.org%2F2000%2Fsvg%22%20width%3D%22150%22%20height%3D%22150%22%20viewBox%3D%220%200%20150%20150%22%3E%3C%2Fsvg%3E\" loading=\"eager\"><\/span><span class=\"fg-image-overlay\"><\/span><\/a><\/figure><div class=\"fg-loader\"><\/div><\/div><div class=\"fg-item fg-type-image fg-idle\"><figure class=\"fg-item-inner\"><a href=\"https:\/\/residenciarucab.es\/blog\/wp-content\/uploads\/2020\/03\/1-viena-min.jpg\" data-attachment-id=\"907\" data-type=\"image\" class=\"fg-thumb\"><span class=\"fg-image-wrap\"><img decoding=\"async\" alt=\"manuel en viena\" width=\"150\" height=\"150\" class=\"skip-lazy fg-image\" data-src-fg=\"https:\/\/residenciarucab.es\/blog\/wp-content\/uploads\/cache\/2020\/03\/1-viena-min\/184669110.jpg\" src=\"data:image\/svg+xml,%3Csvg%20xmlns%3D%22http%3A%2F%2Fwww.w3.org%2F2000%2Fsvg%22%20width%3D%22150%22%20height%3D%22150%22%20viewBox%3D%220%200%20150%20150%22%3E%3C%2Fsvg%3E\" loading=\"eager\"><\/span><span class=\"fg-image-overlay\"><\/span><\/a><\/figure><div class=\"fg-loader\"><\/div><\/div><\/div>\n\n","protected":false},"excerpt":{"rendered":"<p class=\"post-excerpt\">Al inicio de este curso, Ibercaja nos propuso un reto, el Reto de la Triple R (Reto, Record, Rucab), consist\u00eda en la apertura de la \u2018Cuenta Vamos de Ibercaja\u2019 en el tiempo establecido y desde el m\u00f3vil. Se sorte\u00e1ban tres viajes con destino europeo para dos personas, un fin de&#8230;<\/p>\n","protected":false},"author":1,"featured_media":898,"comment_status":"open","ping_status":"open","sticky":false,"template":"","format":"standard","meta":{"footnotes":""},"categories":[1],"tags":[262,261,2,35,223,221,260],"class_list":["post-877","post","type-post","status-publish","format-standard","has-post-thumbnail","hentry","category-noticias","tag-avion","tag-europa","tag-fundacion-cb","tag-rucab","tag-turismo","tag-viaje","tag-viena"],"yoast_head":"<!-- This site is optimized with the Yoast SEO plugin v27.5 - https:\/\/yoast.com\/product\/yoast-seo-wordpress\/ -->\n<title>Conociendo Viena con residentes de la RUCAB - BLOG RUCAB<\/title>\n<meta name=\"description\" content=\"El residente Manuel Ojeda ha estado en Viena del 29 de febrero al 2 de marzo con otro residente, Miguel Galende, justos has disfrutado de este viaje.\" \/>\n<meta name=\"robots\" content=\"index, follow, max-snippet:-1, max-image-preview:large, max-video-preview:-1\" \/>\n<link rel=\"canonical\" href=\"https:\/\/residenciarucab.es\/blog\/viaja-a-viena\/\" \/>\n<meta property=\"og:locale\" content=\"es_ES\" \/>\n<meta property=\"og:type\" content=\"article\" \/>\n<meta property=\"og:title\" content=\"Conociendo Viena con residentes de la RUCAB - BLOG RUCAB\" \/>\n<meta property=\"og:description\" content=\"El residente Manuel Ojeda ha estado en Viena del 29 de febrero al 2 de marzo con otro residente, Miguel Galende, justos has disfrutado de este viaje.\" \/>\n<meta property=\"og:url\" content=\"https:\/\/residenciarucab.es\/blog\/viaja-a-viena\/\" \/>\n<meta property=\"og:site_name\" content=\"BLOG RUCAB\" \/>\n<meta property=\"article:published_time\" content=\"2020-03-16T19:32:10+00:00\" \/>\n<meta property=\"article:modified_time\" content=\"2020-03-31T15:46:12+00:00\" \/>\n<meta property=\"og:image\" content=\"https:\/\/residenciarucab.es\/blog\/wp-content\/uploads\/2020\/03\/1-viena.jpg\" \/>\n\t<meta property=\"og:image:width\" content=\"1280\" \/>\n\t<meta property=\"og:image:height\" content=\"720\" \/>\n\t<meta property=\"og:image:type\" content=\"image\/jpeg\" \/>\n<meta name=\"author\" content=\"RUCAB\" \/>\n<meta name=\"twitter:card\" content=\"summary_large_image\" \/>\n<meta name=\"twitter:label1\" content=\"Escrito por\" \/>\n\t<meta name=\"twitter:data1\" content=\"RUCAB\" \/>\n\t<meta name=\"twitter:label2\" content=\"Tiempo de lectura\" \/>\n\t<meta name=\"twitter:data2\" content=\"9 minutos\" \/>\n<script type=\"application\/ld+json\" class=\"yoast-schema-graph\">{\"@context\":\"https:\\\/\\\/schema.org\",\"@graph\":[{\"@type\":\"Article\",\"@id\":\"https:\\\/\\\/residenciarucab.es\\\/blog\\\/viaja-a-viena\\\/#article\",\"isPartOf\":{\"@id\":\"https:\\\/\\\/residenciarucab.es\\\/blog\\\/viaja-a-viena\\\/\"},\"author\":{\"name\":\"RUCAB\",\"@id\":\"https:\\\/\\\/residenciarucab.es\\\/blog\\\/#\\\/schema\\\/person\\\/f759c867eac865f0ce36c767f26f9294\"},\"headline\":\"Conociendo Viena con residentes de la RUCAB\",\"datePublished\":\"2020-03-16T19:32:10+00:00\",\"dateModified\":\"2020-03-31T15:46:12+00:00\",\"mainEntityOfPage\":{\"@id\":\"https:\\\/\\\/residenciarucab.es\\\/blog\\\/viaja-a-viena\\\/\"},\"wordCount\":1855,\"commentCount\":0,\"image\":{\"@id\":\"https:\\\/\\\/residenciarucab.es\\\/blog\\\/viaja-a-viena\\\/#primaryimage\"},\"thumbnailUrl\":\"https:\\\/\\\/residenciarucab.es\\\/blog\\\/wp-content\\\/uploads\\\/2020\\\/03\\\/1-viena.jpg\",\"keywords\":[\"avion\",\"europa\",\"Fundaci\u00f3n CB\",\"Rucab\",\"turismo\",\"viaje\",\"Viena\"],\"articleSection\":[\"Noticias\"],\"inLanguage\":\"es\",\"potentialAction\":[{\"@type\":\"CommentAction\",\"name\":\"Comment\",\"target\":[\"https:\\\/\\\/residenciarucab.es\\\/blog\\\/viaja-a-viena\\\/#respond\"]}]},{\"@type\":\"WebPage\",\"@id\":\"https:\\\/\\\/residenciarucab.es\\\/blog\\\/viaja-a-viena\\\/\",\"url\":\"https:\\\/\\\/residenciarucab.es\\\/blog\\\/viaja-a-viena\\\/\",\"name\":\"Conociendo Viena con residentes de la RUCAB - BLOG RUCAB\",\"isPartOf\":{\"@id\":\"https:\\\/\\\/residenciarucab.es\\\/blog\\\/#website\"},\"primaryImageOfPage\":{\"@id\":\"https:\\\/\\\/residenciarucab.es\\\/blog\\\/viaja-a-viena\\\/#primaryimage\"},\"image\":{\"@id\":\"https:\\\/\\\/residenciarucab.es\\\/blog\\\/viaja-a-viena\\\/#primaryimage\"},\"thumbnailUrl\":\"https:\\\/\\\/residenciarucab.es\\\/blog\\\/wp-content\\\/uploads\\\/2020\\\/03\\\/1-viena.jpg\",\"datePublished\":\"2020-03-16T19:32:10+00:00\",\"dateModified\":\"2020-03-31T15:46:12+00:00\",\"author\":{\"@id\":\"https:\\\/\\\/residenciarucab.es\\\/blog\\\/#\\\/schema\\\/person\\\/f759c867eac865f0ce36c767f26f9294\"},\"description\":\"El residente Manuel Ojeda ha estado en Viena del 29 de febrero al 2 de marzo con otro residente, Miguel Galende, justos has disfrutado de este viaje.\",\"breadcrumb\":{\"@id\":\"https:\\\/\\\/residenciarucab.es\\\/blog\\\/viaja-a-viena\\\/#breadcrumb\"},\"inLanguage\":\"es\",\"potentialAction\":[{\"@type\":\"ReadAction\",\"target\":[\"https:\\\/\\\/residenciarucab.es\\\/blog\\\/viaja-a-viena\\\/\"]}]},{\"@type\":\"ImageObject\",\"inLanguage\":\"es\",\"@id\":\"https:\\\/\\\/residenciarucab.es\\\/blog\\\/viaja-a-viena\\\/#primaryimage\",\"url\":\"https:\\\/\\\/residenciarucab.es\\\/blog\\\/wp-content\\\/uploads\\\/2020\\\/03\\\/1-viena.jpg\",\"contentUrl\":\"https:\\\/\\\/residenciarucab.es\\\/blog\\\/wp-content\\\/uploads\\\/2020\\\/03\\\/1-viena.jpg\",\"width\":1280,\"height\":720,\"caption\":\"viaje a viena\"},{\"@type\":\"BreadcrumbList\",\"@id\":\"https:\\\/\\\/residenciarucab.es\\\/blog\\\/viaja-a-viena\\\/#breadcrumb\",\"itemListElement\":[{\"@type\":\"ListItem\",\"position\":1,\"name\":\"Portada\",\"item\":\"https:\\\/\\\/residenciarucab.es\\\/blog\\\/\"},{\"@type\":\"ListItem\",\"position\":2,\"name\":\"Conociendo Viena con residentes de la RUCAB\"}]},{\"@type\":\"WebSite\",\"@id\":\"https:\\\/\\\/residenciarucab.es\\\/blog\\\/#website\",\"url\":\"https:\\\/\\\/residenciarucab.es\\\/blog\\\/\",\"name\":\"BLOG RUCAB\",\"description\":\"\u00a1Todas las novedades de nuestra residencia universitaria!\",\"potentialAction\":[{\"@type\":\"SearchAction\",\"target\":{\"@type\":\"EntryPoint\",\"urlTemplate\":\"https:\\\/\\\/residenciarucab.es\\\/blog\\\/?s={search_term_string}\"},\"query-input\":{\"@type\":\"PropertyValueSpecification\",\"valueRequired\":true,\"valueName\":\"search_term_string\"}}],\"inLanguage\":\"es\"},{\"@type\":\"Person\",\"@id\":\"https:\\\/\\\/residenciarucab.es\\\/blog\\\/#\\\/schema\\\/person\\\/f759c867eac865f0ce36c767f26f9294\",\"name\":\"RUCAB\",\"image\":{\"@type\":\"ImageObject\",\"inLanguage\":\"es\",\"@id\":\"https:\\\/\\\/residenciarucab.es\\\/blog\\\/wp-content\\\/uploads\\\/2019\\\/07\\\/r-rosa.png\",\"url\":\"https:\\\/\\\/residenciarucab.es\\\/blog\\\/wp-content\\\/uploads\\\/2019\\\/07\\\/r-rosa.png\",\"contentUrl\":\"https:\\\/\\\/residenciarucab.es\\\/blog\\\/wp-content\\\/uploads\\\/2019\\\/07\\\/r-rosa.png\",\"caption\":\"RUCAB\"},\"description\":\"La RUCAB es un referente en Extremadura por la calidad de sus instalaciones y por su estilo de vida, basado en valores de convivencia, respeto y educaci\u00f3n. Una residencia junto al campus y con todas las necesidades cubiertas.\",\"url\":\"https:\\\/\\\/residenciarucab.es\\\/blog\\\/author\\\/rucab_blog\\\/\"}]}<\/script>\n<!-- \/ Yoast SEO plugin. -->","yoast_head_json":{"title":"Conociendo Viena con residentes de la RUCAB - BLOG RUCAB","description":"El residente Manuel Ojeda ha estado en Viena del 29 de febrero al 2 de marzo con otro residente, Miguel Galende, justos has disfrutado de este viaje.","robots":{"index":"index","follow":"follow","max-snippet":"max-snippet:-1","max-image-preview":"max-image-preview:large","max-video-preview":"max-video-preview:-1"},"canonical":"https:\/\/residenciarucab.es\/blog\/viaja-a-viena\/","og_locale":"es_ES","og_type":"article","og_title":"Conociendo Viena con residentes de la RUCAB - BLOG RUCAB","og_description":"El residente Manuel Ojeda ha estado en Viena del 29 de febrero al 2 de marzo con otro residente, Miguel Galende, justos has disfrutado de este viaje.","og_url":"https:\/\/residenciarucab.es\/blog\/viaja-a-viena\/","og_site_name":"BLOG RUCAB","article_published_time":"2020-03-16T19:32:10+00:00","article_modified_time":"2020-03-31T15:46:12+00:00","og_image":[{"width":1280,"height":720,"url":"https:\/\/residenciarucab.es\/blog\/wp-content\/uploads\/2020\/03\/1-viena.jpg","type":"image\/jpeg"}],"author":"RUCAB","twitter_card":"summary_large_image","twitter_misc":{"Escrito por":"RUCAB","Tiempo de lectura":"9 minutos"},"schema":{"@context":"https:\/\/schema.org","@graph":[{"@type":"Article","@id":"https:\/\/residenciarucab.es\/blog\/viaja-a-viena\/#article","isPartOf":{"@id":"https:\/\/residenciarucab.es\/blog\/viaja-a-viena\/"},"author":{"name":"RUCAB","@id":"https:\/\/residenciarucab.es\/blog\/#\/schema\/person\/f759c867eac865f0ce36c767f26f9294"},"headline":"Conociendo Viena con residentes de la RUCAB","datePublished":"2020-03-16T19:32:10+00:00","dateModified":"2020-03-31T15:46:12+00:00","mainEntityOfPage":{"@id":"https:\/\/residenciarucab.es\/blog\/viaja-a-viena\/"},"wordCount":1855,"commentCount":0,"image":{"@id":"https:\/\/residenciarucab.es\/blog\/viaja-a-viena\/#primaryimage"},"thumbnailUrl":"https:\/\/residenciarucab.es\/blog\/wp-content\/uploads\/2020\/03\/1-viena.jpg","keywords":["avion","europa","Fundaci\u00f3n CB","Rucab","turismo","viaje","Viena"],"articleSection":["Noticias"],"inLanguage":"es","potentialAction":[{"@type":"CommentAction","name":"Comment","target":["https:\/\/residenciarucab.es\/blog\/viaja-a-viena\/#respond"]}]},{"@type":"WebPage","@id":"https:\/\/residenciarucab.es\/blog\/viaja-a-viena\/","url":"https:\/\/residenciarucab.es\/blog\/viaja-a-viena\/","name":"Conociendo Viena con residentes de la RUCAB - BLOG RUCAB","isPartOf":{"@id":"https:\/\/residenciarucab.es\/blog\/#website"},"primaryImageOfPage":{"@id":"https:\/\/residenciarucab.es\/blog\/viaja-a-viena\/#primaryimage"},"image":{"@id":"https:\/\/residenciarucab.es\/blog\/viaja-a-viena\/#primaryimage"},"thumbnailUrl":"https:\/\/residenciarucab.es\/blog\/wp-content\/uploads\/2020\/03\/1-viena.jpg","datePublished":"2020-03-16T19:32:10+00:00","dateModified":"2020-03-31T15:46:12+00:00","author":{"@id":"https:\/\/residenciarucab.es\/blog\/#\/schema\/person\/f759c867eac865f0ce36c767f26f9294"},"description":"El residente Manuel Ojeda ha estado en Viena del 29 de febrero al 2 de marzo con otro residente, Miguel Galende, justos has disfrutado de este viaje.","breadcrumb":{"@id":"https:\/\/residenciarucab.es\/blog\/viaja-a-viena\/#breadcrumb"},"inLanguage":"es","potentialAction":[{"@type":"ReadAction","target":["https:\/\/residenciarucab.es\/blog\/viaja-a-viena\/"]}]},{"@type":"ImageObject","inLanguage":"es","@id":"https:\/\/residenciarucab.es\/blog\/viaja-a-viena\/#primaryimage","url":"https:\/\/residenciarucab.es\/blog\/wp-content\/uploads\/2020\/03\/1-viena.jpg","contentUrl":"https:\/\/residenciarucab.es\/blog\/wp-content\/uploads\/2020\/03\/1-viena.jpg","width":1280,"height":720,"caption":"viaje a viena"},{"@type":"BreadcrumbList","@id":"https:\/\/residenciarucab.es\/blog\/viaja-a-viena\/#breadcrumb","itemListElement":[{"@type":"ListItem","position":1,"name":"Portada","item":"https:\/\/residenciarucab.es\/blog\/"},{"@type":"ListItem","position":2,"name":"Conociendo Viena con residentes de la RUCAB"}]},{"@type":"WebSite","@id":"https:\/\/residenciarucab.es\/blog\/#website","url":"https:\/\/residenciarucab.es\/blog\/","name":"BLOG RUCAB","description":"\u00a1Todas las novedades de nuestra residencia universitaria!","potentialAction":[{"@type":"SearchAction","target":{"@type":"EntryPoint","urlTemplate":"https:\/\/residenciarucab.es\/blog\/?s={search_term_string}"},"query-input":{"@type":"PropertyValueSpecification","valueRequired":true,"valueName":"search_term_string"}}],"inLanguage":"es"},{"@type":"Person","@id":"https:\/\/residenciarucab.es\/blog\/#\/schema\/person\/f759c867eac865f0ce36c767f26f9294","name":"RUCAB","image":{"@type":"ImageObject","inLanguage":"es","@id":"https:\/\/residenciarucab.es\/blog\/wp-content\/uploads\/2019\/07\/r-rosa.png","url":"https:\/\/residenciarucab.es\/blog\/wp-content\/uploads\/2019\/07\/r-rosa.png","contentUrl":"https:\/\/residenciarucab.es\/blog\/wp-content\/uploads\/2019\/07\/r-rosa.png","caption":"RUCAB"},"description":"La RUCAB es un referente en Extremadura por la calidad de sus instalaciones y por su estilo de vida, basado en valores de convivencia, respeto y educaci\u00f3n. Una residencia junto al campus y con todas las necesidades cubiertas.","url":"https:\/\/residenciarucab.es\/blog\/author\/rucab_blog\/"}]}},"_links":{"self":[{"href":"https:\/\/residenciarucab.es\/blog\/wp-json\/wp\/v2\/posts\/877","targetHints":{"allow":["GET"]}}],"collection":[{"href":"https:\/\/residenciarucab.es\/blog\/wp-json\/wp\/v2\/posts"}],"about":[{"href":"https:\/\/residenciarucab.es\/blog\/wp-json\/wp\/v2\/types\/post"}],"author":[{"embeddable":true,"href":"https:\/\/residenciarucab.es\/blog\/wp-json\/wp\/v2\/users\/1"}],"replies":[{"embeddable":true,"href":"https:\/\/residenciarucab.es\/blog\/wp-json\/wp\/v2\/comments?post=877"}],"version-history":[{"count":11,"href":"https:\/\/residenciarucab.es\/blog\/wp-json\/wp\/v2\/posts\/877\/revisions"}],"predecessor-version":[{"id":943,"href":"https:\/\/residenciarucab.es\/blog\/wp-json\/wp\/v2\/posts\/877\/revisions\/943"}],"wp:featuredmedia":[{"embeddable":true,"href":"https:\/\/residenciarucab.es\/blog\/wp-json\/wp\/v2\/media\/898"}],"wp:attachment":[{"href":"https:\/\/residenciarucab.es\/blog\/wp-json\/wp\/v2\/media?parent=877"}],"wp:term":[{"taxonomy":"category","embeddable":true,"href":"https:\/\/residenciarucab.es\/blog\/wp-json\/wp\/v2\/categories?post=877"},{"taxonomy":"post_tag","embeddable":true,"href":"https:\/\/residenciarucab.es\/blog\/wp-json\/wp\/v2\/tags?post=877"}],"curies":[{"name":"wp","href":"https:\/\/api.w.org\/{rel}","templated":true}]}}