

{"id":879,"date":"2020-03-14T17:58:53","date_gmt":"2020-03-14T16:58:53","guid":{"rendered":"http:\/\/residenciarucab.es\/blog\/?p=879"},"modified":"2020-03-16T12:25:16","modified_gmt":"2020-03-16T11:25:16","slug":"comunicado-coronavirus","status":"publish","type":"post","link":"https:\/\/residenciarucab.es\/blog\/comunicado-coronavirus\/","title":{"rendered":"COMUNICADO IMPORTANTE RESIDENCIA RUCAB"},"content":{"rendered":"<h4>Como ya os hemos anunciado, tras conocer el comunicado emitido ayer por el Presidente del Gobierno, declarando el <strong>Estado de Alarma en Espa\u00f1a<\/strong>\u00a0y en funci\u00f3n del conjunto de <a href=\"https:\/\/www.boe.es\/boe\/dias\/2020\/03\/13\/\" target=\"_blank\" rel=\"noopener noreferrer\">medidas<\/a> excepcionales descritas por Pedro S\u00e1nchez, las autoridades sanitarias y administraciones locales, ante la evoluci\u00f3n y situaci\u00f3n actual del <strong>Covid-19<\/strong>, os comunicamos que, preocupados por la salud y la seguridad de nuestros residentes, hemos decidido <strong>cerrar la <a href=\"https:\/\/residenciarucab.es\/\" target=\"_blank\" rel=\"noopener noreferrer\">RUCAB<\/a> desde hoy s\u00e1bado 14 de marzo hasta nuevo aviso<\/strong>, siguiendo rigurosamente las recomendaciones de estas instituciones y actuando en consecuencia.<\/h4>\n<p>Para los que ten\u00edais pensado quedaros con nosotros durante este periodo, sentimos el trastorno que esto pueda ocasionaros. Esperamos que entend\u00e1is que vamos actuando en funci\u00f3n de las medidas recomendadas.<\/p>\n<p>Nos comprometemos a <strong>manteneros informados<\/strong> de todas las novedades o cambios que se puedan producir en la RUCAB respecto a este asunto.<\/p>\n<p>Se queda a vuestra disposici\u00f3n este n\u00famero tel\u00e9fono: <strong>627 46 04 05<\/strong>\u00a0para poder contactar con nosotros, para <strong>dudas urgentes<\/strong>.<\/p>\n<p>Muchas gracias por vuestra comprensi\u00f3n.<\/p>\n<p><strong>La Administraci\u00f3n de la RUCAB.<\/strong><\/p>\n","protected":false},"excerpt":{"rendered":"<p class=\"post-excerpt\">Como ya os hemos anunciado, tras conocer el comunicado emitido ayer por el Presidente del Gobierno, declarando el Estado de Alarma en Espa\u00f1a\u00a0y en funci\u00f3n del conjunto de medidas excepcionales descritas por Pedro S\u00e1nchez, las autoridades sanitarias y administraciones locales, ante la evoluci\u00f3n y situaci\u00f3n actual del Covid-19, os comunicamos&#8230;<\/p>\n","protected":false},"author":1,"featured_media":895,"comment_status":"open","ping_status":"open","sticky":false,"template":"","format":"standard","meta":{"footnotes":""},"categories":[1],"tags":[9,254,257,259,258,176,35,146],"class_list":["post-879","post","type-post","status-publish","format-standard","has-post-thumbnail","hentry","category-noticias","tag-badajoz","tag-coronavirus","tag-covid-19","tag-espana","tag-estado-de-alarma","tag-extremadura","tag-rucab","tag-virus"],"yoast_head":"<!-- This site is optimized with the Yoast SEO plugin v27.5 - https:\/\/yoast.com\/product\/yoast-seo-wordpress\/ -->\n<title>COMUNICADO IMPORTANTE RESIDENCIA RUCAB - BLOG RUCAB<\/title>\n<meta name=\"description\" content=\"Preocupados por la salud y la seguridad de nuestros residentes, hemos decidido cerrar la RUCAB desde hoy s\u00e1bado 14 de marzo hasta nuevo aviso.\" \/>\n<meta name=\"robots\" content=\"index, follow, max-snippet:-1, max-image-preview:large, max-video-preview:-1\" \/>\n<link rel=\"canonical\" href=\"https:\/\/residenciarucab.es\/blog\/comunicado-coronavirus\/\" \/>\n<meta property=\"og:locale\" content=\"es_ES\" \/>\n<meta property=\"og:type\" content=\"article\" \/>\n<meta property=\"og:title\" content=\"COMUNICADO IMPORTANTE RESIDENCIA RUCAB - BLOG RUCAB\" \/>\n<meta property=\"og:description\" content=\"Preocupados por la salud y la seguridad de nuestros residentes, hemos decidido cerrar la RUCAB desde hoy s\u00e1bado 14 de marzo hasta nuevo aviso.\" \/>\n<meta property=\"og:url\" content=\"https:\/\/residenciarucab.es\/blog\/comunicado-coronavirus\/\" \/>\n<meta property=\"og:site_name\" content=\"BLOG RUCAB\" \/>\n<meta property=\"article:published_time\" content=\"2020-03-14T16:58:53+00:00\" \/>\n<meta property=\"article:modified_time\" content=\"2020-03-16T11:25:16+00:00\" \/>\n<meta property=\"og:image\" content=\"https:\/\/residenciarucab.es\/blog\/wp-content\/uploads\/2020\/03\/COMUNICADO-CORONAVIRUS-tlf-2.jpg\" \/>\n\t<meta property=\"og:image:width\" content=\"1280\" \/>\n\t<meta property=\"og:image:height\" content=\"720\" \/>\n\t<meta property=\"og:image:type\" content=\"image\/jpeg\" \/>\n<meta name=\"author\" content=\"RUCAB\" \/>\n<meta name=\"twitter:card\" content=\"summary_large_image\" \/>\n<meta name=\"twitter:label1\" content=\"Escrito por\" \/>\n\t<meta name=\"twitter:data1\" content=\"RUCAB\" \/>\n\t<meta name=\"twitter:label2\" content=\"Tiempo de lectura\" \/>\n\t<meta name=\"twitter:data2\" content=\"1 minuto\" \/>\n<script type=\"application\/ld+json\" class=\"yoast-schema-graph\">{\"@context\":\"https:\\\/\\\/schema.org\",\"@graph\":[{\"@type\":\"Article\",\"@id\":\"https:\\\/\\\/residenciarucab.es\\\/blog\\\/comunicado-coronavirus\\\/#article\",\"isPartOf\":{\"@id\":\"https:\\\/\\\/residenciarucab.es\\\/blog\\\/comunicado-coronavirus\\\/\"},\"author\":{\"name\":\"RUCAB\",\"@id\":\"https:\\\/\\\/residenciarucab.es\\\/blog\\\/#\\\/schema\\\/person\\\/f759c867eac865f0ce36c767f26f9294\"},\"headline\":\"COMUNICADO IMPORTANTE RESIDENCIA RUCAB\",\"datePublished\":\"2020-03-14T16:58:53+00:00\",\"dateModified\":\"2020-03-16T11:25:16+00:00\",\"mainEntityOfPage\":{\"@id\":\"https:\\\/\\\/residenciarucab.es\\\/blog\\\/comunicado-coronavirus\\\/\"},\"wordCount\":182,\"commentCount\":0,\"image\":{\"@id\":\"https:\\\/\\\/residenciarucab.es\\\/blog\\\/comunicado-coronavirus\\\/#primaryimage\"},\"thumbnailUrl\":\"https:\\\/\\\/residenciarucab.es\\\/blog\\\/wp-content\\\/uploads\\\/2020\\\/03\\\/COMUNICADO-CORONAVIRUS-tlf-2.jpg\",\"keywords\":[\"Badajoz\",\"coronavirus\",\"covid-19\",\"Espa\u00f1a\",\"Estado de Alarma\",\"extremadura\",\"Rucab\",\"virus\"],\"articleSection\":[\"Noticias\"],\"inLanguage\":\"es\",\"potentialAction\":[{\"@type\":\"CommentAction\",\"name\":\"Comment\",\"target\":[\"https:\\\/\\\/residenciarucab.es\\\/blog\\\/comunicado-coronavirus\\\/#respond\"]}]},{\"@type\":\"WebPage\",\"@id\":\"https:\\\/\\\/residenciarucab.es\\\/blog\\\/comunicado-coronavirus\\\/\",\"url\":\"https:\\\/\\\/residenciarucab.es\\\/blog\\\/comunicado-coronavirus\\\/\",\"name\":\"COMUNICADO IMPORTANTE RESIDENCIA RUCAB - BLOG RUCAB\",\"isPartOf\":{\"@id\":\"https:\\\/\\\/residenciarucab.es\\\/blog\\\/#website\"},\"primaryImageOfPage\":{\"@id\":\"https:\\\/\\\/residenciarucab.es\\\/blog\\\/comunicado-coronavirus\\\/#primaryimage\"},\"image\":{\"@id\":\"https:\\\/\\\/residenciarucab.es\\\/blog\\\/comunicado-coronavirus\\\/#primaryimage\"},\"thumbnailUrl\":\"https:\\\/\\\/residenciarucab.es\\\/blog\\\/wp-content\\\/uploads\\\/2020\\\/03\\\/COMUNICADO-CORONAVIRUS-tlf-2.jpg\",\"datePublished\":\"2020-03-14T16:58:53+00:00\",\"dateModified\":\"2020-03-16T11:25:16+00:00\",\"author\":{\"@id\":\"https:\\\/\\\/residenciarucab.es\\\/blog\\\/#\\\/schema\\\/person\\\/f759c867eac865f0ce36c767f26f9294\"},\"description\":\"Preocupados por la salud y la seguridad de nuestros residentes, hemos decidido cerrar la RUCAB desde hoy s\u00e1bado 14 de marzo hasta nuevo aviso.\",\"breadcrumb\":{\"@id\":\"https:\\\/\\\/residenciarucab.es\\\/blog\\\/comunicado-coronavirus\\\/#breadcrumb\"},\"inLanguage\":\"es\",\"potentialAction\":[{\"@type\":\"ReadAction\",\"target\":[\"https:\\\/\\\/residenciarucab.es\\\/blog\\\/comunicado-coronavirus\\\/\"]}]},{\"@type\":\"ImageObject\",\"inLanguage\":\"es\",\"@id\":\"https:\\\/\\\/residenciarucab.es\\\/blog\\\/comunicado-coronavirus\\\/#primaryimage\",\"url\":\"https:\\\/\\\/residenciarucab.es\\\/blog\\\/wp-content\\\/uploads\\\/2020\\\/03\\\/COMUNICADO-CORONAVIRUS-tlf-2.jpg\",\"contentUrl\":\"https:\\\/\\\/residenciarucab.es\\\/blog\\\/wp-content\\\/uploads\\\/2020\\\/03\\\/COMUNICADO-CORONAVIRUS-tlf-2.jpg\",\"width\":1280,\"height\":720,\"caption\":\"comunicado coronavirus\"},{\"@type\":\"BreadcrumbList\",\"@id\":\"https:\\\/\\\/residenciarucab.es\\\/blog\\\/comunicado-coronavirus\\\/#breadcrumb\",\"itemListElement\":[{\"@type\":\"ListItem\",\"position\":1,\"name\":\"Portada\",\"item\":\"https:\\\/\\\/residenciarucab.es\\\/blog\\\/\"},{\"@type\":\"ListItem\",\"position\":2,\"name\":\"COMUNICADO IMPORTANTE RESIDENCIA RUCAB\"}]},{\"@type\":\"WebSite\",\"@id\":\"https:\\\/\\\/residenciarucab.es\\\/blog\\\/#website\",\"url\":\"https:\\\/\\\/residenciarucab.es\\\/blog\\\/\",\"name\":\"BLOG RUCAB\",\"description\":\"\u00a1Todas las novedades de nuestra residencia universitaria!\",\"potentialAction\":[{\"@type\":\"SearchAction\",\"target\":{\"@type\":\"EntryPoint\",\"urlTemplate\":\"https:\\\/\\\/residenciarucab.es\\\/blog\\\/?s={search_term_string}\"},\"query-input\":{\"@type\":\"PropertyValueSpecification\",\"valueRequired\":true,\"valueName\":\"search_term_string\"}}],\"inLanguage\":\"es\"},{\"@type\":\"Person\",\"@id\":\"https:\\\/\\\/residenciarucab.es\\\/blog\\\/#\\\/schema\\\/person\\\/f759c867eac865f0ce36c767f26f9294\",\"name\":\"RUCAB\",\"image\":{\"@type\":\"ImageObject\",\"inLanguage\":\"es\",\"@id\":\"https:\\\/\\\/residenciarucab.es\\\/blog\\\/wp-content\\\/uploads\\\/2019\\\/07\\\/r-rosa.png\",\"url\":\"https:\\\/\\\/residenciarucab.es\\\/blog\\\/wp-content\\\/uploads\\\/2019\\\/07\\\/r-rosa.png\",\"contentUrl\":\"https:\\\/\\\/residenciarucab.es\\\/blog\\\/wp-content\\\/uploads\\\/2019\\\/07\\\/r-rosa.png\",\"caption\":\"RUCAB\"},\"description\":\"La RUCAB es un referente en Extremadura por la calidad de sus instalaciones y por su estilo de vida, basado en valores de convivencia, respeto y educaci\u00f3n. Una residencia junto al campus y con todas las necesidades cubiertas.\",\"url\":\"https:\\\/\\\/residenciarucab.es\\\/blog\\\/author\\\/rucab_blog\\\/\"}]}<\/script>\n<!-- \/ Yoast SEO plugin. -->","yoast_head_json":{"title":"COMUNICADO IMPORTANTE RESIDENCIA RUCAB - BLOG RUCAB","description":"Preocupados por la salud y la seguridad de nuestros residentes, hemos decidido cerrar la RUCAB desde hoy s\u00e1bado 14 de marzo hasta nuevo aviso.","robots":{"index":"index","follow":"follow","max-snippet":"max-snippet:-1","max-image-preview":"max-image-preview:large","max-video-preview":"max-video-preview:-1"},"canonical":"https:\/\/residenciarucab.es\/blog\/comunicado-coronavirus\/","og_locale":"es_ES","og_type":"article","og_title":"COMUNICADO IMPORTANTE RESIDENCIA RUCAB - BLOG RUCAB","og_description":"Preocupados por la salud y la seguridad de nuestros residentes, hemos decidido cerrar la RUCAB desde hoy s\u00e1bado 14 de marzo hasta nuevo aviso.","og_url":"https:\/\/residenciarucab.es\/blog\/comunicado-coronavirus\/","og_site_name":"BLOG RUCAB","article_published_time":"2020-03-14T16:58:53+00:00","article_modified_time":"2020-03-16T11:25:16+00:00","og_image":[{"width":1280,"height":720,"url":"https:\/\/residenciarucab.es\/blog\/wp-content\/uploads\/2020\/03\/COMUNICADO-CORONAVIRUS-tlf-2.jpg","type":"image\/jpeg"}],"author":"RUCAB","twitter_card":"summary_large_image","twitter_misc":{"Escrito por":"RUCAB","Tiempo de lectura":"1 minuto"},"schema":{"@context":"https:\/\/schema.org","@graph":[{"@type":"Article","@id":"https:\/\/residenciarucab.es\/blog\/comunicado-coronavirus\/#article","isPartOf":{"@id":"https:\/\/residenciarucab.es\/blog\/comunicado-coronavirus\/"},"author":{"name":"RUCAB","@id":"https:\/\/residenciarucab.es\/blog\/#\/schema\/person\/f759c867eac865f0ce36c767f26f9294"},"headline":"COMUNICADO IMPORTANTE RESIDENCIA RUCAB","datePublished":"2020-03-14T16:58:53+00:00","dateModified":"2020-03-16T11:25:16+00:00","mainEntityOfPage":{"@id":"https:\/\/residenciarucab.es\/blog\/comunicado-coronavirus\/"},"wordCount":182,"commentCount":0,"image":{"@id":"https:\/\/residenciarucab.es\/blog\/comunicado-coronavirus\/#primaryimage"},"thumbnailUrl":"https:\/\/residenciarucab.es\/blog\/wp-content\/uploads\/2020\/03\/COMUNICADO-CORONAVIRUS-tlf-2.jpg","keywords":["Badajoz","coronavirus","covid-19","Espa\u00f1a","Estado de Alarma","extremadura","Rucab","virus"],"articleSection":["Noticias"],"inLanguage":"es","potentialAction":[{"@type":"CommentAction","name":"Comment","target":["https:\/\/residenciarucab.es\/blog\/comunicado-coronavirus\/#respond"]}]},{"@type":"WebPage","@id":"https:\/\/residenciarucab.es\/blog\/comunicado-coronavirus\/","url":"https:\/\/residenciarucab.es\/blog\/comunicado-coronavirus\/","name":"COMUNICADO IMPORTANTE RESIDENCIA RUCAB - BLOG RUCAB","isPartOf":{"@id":"https:\/\/residenciarucab.es\/blog\/#website"},"primaryImageOfPage":{"@id":"https:\/\/residenciarucab.es\/blog\/comunicado-coronavirus\/#primaryimage"},"image":{"@id":"https:\/\/residenciarucab.es\/blog\/comunicado-coronavirus\/#primaryimage"},"thumbnailUrl":"https:\/\/residenciarucab.es\/blog\/wp-content\/uploads\/2020\/03\/COMUNICADO-CORONAVIRUS-tlf-2.jpg","datePublished":"2020-03-14T16:58:53+00:00","dateModified":"2020-03-16T11:25:16+00:00","author":{"@id":"https:\/\/residenciarucab.es\/blog\/#\/schema\/person\/f759c867eac865f0ce36c767f26f9294"},"description":"Preocupados por la salud y la seguridad de nuestros residentes, hemos decidido cerrar la RUCAB desde hoy s\u00e1bado 14 de marzo hasta nuevo aviso.","breadcrumb":{"@id":"https:\/\/residenciarucab.es\/blog\/comunicado-coronavirus\/#breadcrumb"},"inLanguage":"es","potentialAction":[{"@type":"ReadAction","target":["https:\/\/residenciarucab.es\/blog\/comunicado-coronavirus\/"]}]},{"@type":"ImageObject","inLanguage":"es","@id":"https:\/\/residenciarucab.es\/blog\/comunicado-coronavirus\/#primaryimage","url":"https:\/\/residenciarucab.es\/blog\/wp-content\/uploads\/2020\/03\/COMUNICADO-CORONAVIRUS-tlf-2.jpg","contentUrl":"https:\/\/residenciarucab.es\/blog\/wp-content\/uploads\/2020\/03\/COMUNICADO-CORONAVIRUS-tlf-2.jpg","width":1280,"height":720,"caption":"comunicado coronavirus"},{"@type":"BreadcrumbList","@id":"https:\/\/residenciarucab.es\/blog\/comunicado-coronavirus\/#breadcrumb","itemListElement":[{"@type":"ListItem","position":1,"name":"Portada","item":"https:\/\/residenciarucab.es\/blog\/"},{"@type":"ListItem","position":2,"name":"COMUNICADO IMPORTANTE RESIDENCIA RUCAB"}]},{"@type":"WebSite","@id":"https:\/\/residenciarucab.es\/blog\/#website","url":"https:\/\/residenciarucab.es\/blog\/","name":"BLOG RUCAB","description":"\u00a1Todas las novedades de nuestra residencia universitaria!","potentialAction":[{"@type":"SearchAction","target":{"@type":"EntryPoint","urlTemplate":"https:\/\/residenciarucab.es\/blog\/?s={search_term_string}"},"query-input":{"@type":"PropertyValueSpecification","valueRequired":true,"valueName":"search_term_string"}}],"inLanguage":"es"},{"@type":"Person","@id":"https:\/\/residenciarucab.es\/blog\/#\/schema\/person\/f759c867eac865f0ce36c767f26f9294","name":"RUCAB","image":{"@type":"ImageObject","inLanguage":"es","@id":"https:\/\/residenciarucab.es\/blog\/wp-content\/uploads\/2019\/07\/r-rosa.png","url":"https:\/\/residenciarucab.es\/blog\/wp-content\/uploads\/2019\/07\/r-rosa.png","contentUrl":"https:\/\/residenciarucab.es\/blog\/wp-content\/uploads\/2019\/07\/r-rosa.png","caption":"RUCAB"},"description":"La RUCAB es un referente en Extremadura por la calidad de sus instalaciones y por su estilo de vida, basado en valores de convivencia, respeto y educaci\u00f3n. Una residencia junto al campus y con todas las necesidades cubiertas.","url":"https:\/\/residenciarucab.es\/blog\/author\/rucab_blog\/"}]}},"_links":{"self":[{"href":"https:\/\/residenciarucab.es\/blog\/wp-json\/wp\/v2\/posts\/879","targetHints":{"allow":["GET"]}}],"collection":[{"href":"https:\/\/residenciarucab.es\/blog\/wp-json\/wp\/v2\/posts"}],"about":[{"href":"https:\/\/residenciarucab.es\/blog\/wp-json\/wp\/v2\/types\/post"}],"author":[{"embeddable":true,"href":"https:\/\/residenciarucab.es\/blog\/wp-json\/wp\/v2\/users\/1"}],"replies":[{"embeddable":true,"href":"https:\/\/residenciarucab.es\/blog\/wp-json\/wp\/v2\/comments?post=879"}],"version-history":[{"count":11,"href":"https:\/\/residenciarucab.es\/blog\/wp-json\/wp\/v2\/posts\/879\/revisions"}],"predecessor-version":[{"id":893,"href":"https:\/\/residenciarucab.es\/blog\/wp-json\/wp\/v2\/posts\/879\/revisions\/893"}],"wp:featuredmedia":[{"embeddable":true,"href":"https:\/\/residenciarucab.es\/blog\/wp-json\/wp\/v2\/media\/895"}],"wp:attachment":[{"href":"https:\/\/residenciarucab.es\/blog\/wp-json\/wp\/v2\/media?parent=879"}],"wp:term":[{"taxonomy":"category","embeddable":true,"href":"https:\/\/residenciarucab.es\/blog\/wp-json\/wp\/v2\/categories?post=879"},{"taxonomy":"post_tag","embeddable":true,"href":"https:\/\/residenciarucab.es\/blog\/wp-json\/wp\/v2\/tags?post=879"}],"curies":[{"name":"wp","href":"https:\/\/api.w.org\/{rel}","templated":true}]}}