

{"id":916,"date":"2020-03-30T13:20:41","date_gmt":"2020-03-30T11:20:41","guid":{"rendered":"http:\/\/residenciarucab.es\/blog\/?p=916"},"modified":"2020-03-30T13:59:41","modified_gmt":"2020-03-30T11:59:41","slug":"campana-recogida-de-libros-solidaria","status":"publish","type":"post","link":"https:\/\/residenciarucab.es\/blog\/campana-recogida-de-libros-solidaria\/","title":{"rendered":"M\u00e1s de dos mil libros entregados en la campa\u00f1a de donaci\u00f3n de la RUCAB"},"content":{"rendered":"<h4>En el mes de octubre comenz\u00e1bamos la andadura con la <a href=\"https:\/\/residenciarucab.es\/blog\/campana-recogida-de-libros\/\" target=\"_blank\" rel=\"noopener noreferrer\">campa\u00f1a de recogida de libros<\/a>. Se trata de la primera recogida de libros que lleva a cabo la RUCAB y <a href=\"https:\/\/www.fundacioncb.es\/\" target=\"_blank\" rel=\"noopener noreferrer\">Fundaci\u00f3n CB<\/a>. El objetivo no es otro sino darle una segunda vida, haci\u00e9ndolos llegar a los distintos institutos, asociaciones, colegios, proyectos solidarios u organizaciones de la regi\u00f3n, entre otros.<\/h4>\n<p>La labor de recepci\u00f3n y catalogaci\u00f3n de libros, se est\u00e1 llevando a cabo en las instalaciones de la propia RUCAB, la persona encargada de este trabajo es la documentalista de Fundaci\u00f3n CB, <strong>Vanesa Cordero Gonz\u00e1lez:<\/strong><\/p>\n<blockquote><p>\u00abEn un primer momento se procede a la recepci\u00f3n de los libros donados y por tanto a su valoraci\u00f3n; una vez realizada esta primera fase, se clasifican cada uno de ellos para su posterior distribuci\u00f3n atendiendo a los siguientes criterios:\u00bb<\/p><\/blockquote>\n<ol>\n<li>Distintas tem\u00e1ticas que van desde lo infantil, pasando por lo juvenil, narrativa, novela, etc.<\/li>\n<li>Seg\u00fan su g\u00e9nero literario, en funci\u00f3n de su contenido y su objetivo literario.<\/li>\n<li>Rangos de edad.<\/li>\n<li>Seg\u00fan su formato, desde libros hasta DVDs y VHS.<\/li>\n<li>Tipolog\u00eda o categor\u00edas.<\/li>\n<\/ol>\n<h4>Categor\u00edas m\u00e1s comunes<\/h4>\n<ul>\n<li><strong>Libros de texto:<\/strong> utilizados en las escuelas como material de apoyo a las ense\u00f1anzas del docente para su proceso de aprendizaje. De diferentes asignaturas impartidas en las instituciones educativas tales como infantil, primaria, secundaria, ESO y Ciclos formativos.<\/li>\n<li>De lectura prolongada o recreativos: <strong>cuentos y novelas.<\/strong><\/li>\n<li>De<strong> Consulta o de referencia:<\/strong> libros de consulta r\u00e1pida que nos proporciona una visi\u00f3n general de los hechos m\u00e1s importantes con datos y referencias espec\u00edficas sobre diferentes temas; son un recurso muy \u00fatil para los estudiantes a la hora de investigar tales como diccionarios, enciclopedias y atlas entre otros.<\/li>\n<li><strong>Informativos o manuales<\/strong>, adaptados a las necesidades de los estudiantes y dando respuesta a las preguntas; tratan tem\u00e1ticas de inter\u00e9s en todos los \u00e1mbitos de grados ofertados por la Unex.<\/li>\n<li><strong>Cient\u00edficos<\/strong>, contienen informaci\u00f3n de ciertas disciplinas u otros temas de car\u00e1cter cient\u00edfico.<\/li>\n<li><strong>T\u00e9cnicos<\/strong>, analizan temas concretos con terminolog\u00eda especializada.<\/li>\n<li><strong>Literarios y ling\u00fc\u00edsticos<\/strong>, orientados al \u00e1mbito de la lengua, utilizando un lenguaje literario.<\/li>\n<\/ul>\n<p>Adem\u00e1s de las clasificaciones anteriores, es posible encontrar <strong>otros tipos de libros<\/strong> seg\u00fan varias caracter\u00edsticas:<\/p>\n<ul>\n<li>Literatura ilustrada<\/li>\n<li>Obras de arte visual<\/li>\n<li>Biograf\u00edas o Biogr\u00e1ficos.<\/li>\n<li>Libros sagrados o religiosos: Biblias, evangelios.<\/li>\n<li>C\u00f3mics.<\/li>\n<li>Sagas o trilog\u00edas.<\/li>\n<li>De viajes: gu\u00edas tur\u00edsticas.<\/li>\n<li>Autoayuda: de inter\u00e9s general y terap\u00e9utico.<\/li>\n<li>Divulgaci\u00f3n.<\/li>\n<li>Po\u00e9tico.<\/li>\n<li>Did\u00e1cticos.<\/li>\n<li>Art\u00edsticos.<\/li>\n<\/ul>\n<p>El <strong>destino<\/strong> de los distintos libros <strong>var\u00eda en funci\u00f3n de la demanda y necesidad<\/strong> de las distintas instituciones. Son algunas de ellas las que nos contactan directamente y otras son con las que contactamos nosotros sugiri\u00e9ndoles el stock de los libros.<\/p>\n<p>A la hora de contactar con nosotros para la petici\u00f3n de libros, las solicitudes han sido de <strong>novelas<\/strong> y <strong>cuentos<\/strong> en gran proporci\u00f3n, y a su vez con rangos de edades muy delimitados, lo cual hace un trabajo m\u00e1s c\u00f3mo a la hora de la selecci\u00f3n, seg\u00fan nos cuenta Vanesa.<\/p>\n<p>Hasta el momento por log\u00edstica, las donaciones que acogemos son todas procedentes de la <strong>provincia de Badajoz<\/strong>, en su mayor\u00eda estas provienen de particulares, aunque hemos recibido de institutos y facultades de la <strong>Universidad de Extremadura<\/strong>.<\/p>\n<p>Algo de lo cual hay que hacer menci\u00f3n es que cada uno de los libros recogidos <strong>no ser\u00e1n usados para fines lucrativos<\/strong>, al igual que no se har\u00e1n donaciones a particulares.<\/p>\n<p>Actualmente la campa\u00f1a contin\u00faa abierta, a la espera de superar la crisis sanitaria y volver al estado habitual. Podemos decir que por el momento se ha entregado una cantidad aproximada de <strong>2.300 libros<\/strong>, repartidos por algunas de los siguientes lugares:<\/p>\n<ul>\n<li>Colegio Nuestra Se\u00f1ora de la Asunci\u00f3n.<\/li>\n<li>Colegio Juan V\u00e1zquez.<\/li>\n<li>Proyecto de Ricardo Cabezas (Gurug\u00fa).<\/li>\n<li>Centro de Acogida de Menores &#8216;Marcelo Nessi&#8217;.<\/li>\n<li>Programa MOTIVA (Gurug\u00fa).<\/li>\n<li>Proyecto ONG M\u00fasicos Sin Fronteras (Pedro Monty).<\/li>\n<\/ul>\n<p>El resto de los libros que no han sido entregados se quedar\u00e1n en la biblioteca de la propia residencia, para que sus residentes puedan hacer uso de ellos. Se trata de libros <strong>formativos y cient\u00edficos<\/strong> en su mayor\u00eda, aunque contamos con un volumen reservado de novelas para la puesta en marcha de un <strong>Punto de Lectura<\/strong> para <strong>incentivar la literatura entre los j\u00f3venes.<\/strong><\/p>\n<p>Haciendo un balance hasta el momento de la cantidad aproximada que llevamos recogida, podemos decir que en su totalidad han sido novelas y libros formativos. Cierto es que al comienzo de esta campa\u00f1a fueron muchas las <strong>enciclopedias<\/strong>, <strong>atlas<\/strong> y <strong>diccionarios<\/strong> recibidos, pero dado el alto volumen y la poca recepci\u00f3n por parte de los lugares receptores, tuvimos que dejar de aceptar ese tipo de material. Como bien es sabido, estos libros est\u00e1n en desuso con las nuevas tecnolog\u00edas y el gran motor de b\u00fasqueda que es <strong>Google<\/strong>.<br \/>\nLa acogida de libros est\u00e1 siendo muy beneficiosa para todas las partes. Hay que agradecer a todos aquellos que apuestan y contribuyen por la cultura y por el mundo de la literatura.<\/p>\n<style type=\"text\/css\">\n#foogallery-gallery-925 .fg-image { width: 150px; }\n#foogallery-gallery-925 { --fg-gutter: 10px; }<\/style>\n\t\t\t<div class=\"foogallery foogallery-container foogallery-default foogallery-lightbox-foobox fg-center fg-default fg-ready fg-light fg-border-thin fg-shadow-outline fg-loading-default fg-loaded-fade-in fg-caption-hover fg-hover-fade fg-hover-zoom\" id=\"foogallery-gallery-925\" data-foogallery=\"{&quot;item&quot;:{&quot;showCaptionTitle&quot;:true,&quot;showCaptionDescription&quot;:true},&quot;lazy&quot;:true}\" style=\"--fg-title-line-clamp: 0; --fg-description-line-clamp: 0;\" >\n\t<div class=\"fg-item fg-type-image fg-idle\"><figure class=\"fg-item-inner\"><a href=\"https:\/\/residenciarucab.es\/blog\/wp-content\/uploads\/2020\/03\/1-donacion-libro-min.jpg\" data-attachment-id=\"926\" data-type=\"image\" class=\"fg-thumb\"><span class=\"fg-image-wrap\"><img decoding=\"async\" alt=\"Proyecto ONG M\u00fasicos sin Frontera\" width=\"150\" height=\"150\" class=\"skip-lazy fg-image\" data-src-fg=\"https:\/\/residenciarucab.es\/blog\/wp-content\/uploads\/cache\/2020\/03\/1-donacion-libro-min\/2127173.jpg\" src=\"data:image\/svg+xml,%3Csvg%20xmlns%3D%22http%3A%2F%2Fwww.w3.org%2F2000%2Fsvg%22%20width%3D%22150%22%20height%3D%22150%22%20viewBox%3D%220%200%20150%20150%22%3E%3C%2Fsvg%3E\" loading=\"eager\"><\/span><span class=\"fg-image-overlay\"><\/span><\/a><\/figure><div class=\"fg-loader\"><\/div><\/div><div class=\"fg-item fg-type-image fg-idle\"><figure class=\"fg-item-inner\"><a href=\"https:\/\/residenciarucab.es\/blog\/wp-content\/uploads\/2020\/03\/2-donacion-libro-min.jpg\" data-attachment-id=\"927\" data-type=\"image\" class=\"fg-thumb\"><span class=\"fg-image-wrap\"><img decoding=\"async\" alt=\"Pedro Monty y Vanesa Cordero\" width=\"150\" height=\"150\" class=\"skip-lazy fg-image\" data-src-fg=\"https:\/\/residenciarucab.es\/blog\/wp-content\/uploads\/cache\/2020\/03\/2-donacion-libro-min\/476103729.jpg\" src=\"data:image\/svg+xml,%3Csvg%20xmlns%3D%22http%3A%2F%2Fwww.w3.org%2F2000%2Fsvg%22%20width%3D%22150%22%20height%3D%22150%22%20viewBox%3D%220%200%20150%20150%22%3E%3C%2Fsvg%3E\" loading=\"eager\"><\/span><span class=\"fg-image-overlay\"><\/span><\/a><\/figure><div class=\"fg-loader\"><\/div><\/div><div class=\"fg-item fg-type-image fg-idle\"><figure class=\"fg-item-inner\"><a href=\"https:\/\/residenciarucab.es\/blog\/wp-content\/uploads\/2020\/03\/3-donacion-libro-min.jpg\" data-attachment-id=\"928\" data-type=\"image\" class=\"fg-thumb\"><span class=\"fg-image-wrap\"><img decoding=\"async\" alt=\"Carmen y Vanesa de la RUCAB ordenando libros\" width=\"150\" height=\"150\" class=\"skip-lazy fg-image\" data-src-fg=\"https:\/\/residenciarucab.es\/blog\/wp-content\/uploads\/cache\/2020\/03\/3-donacion-libro-min\/4124242568.jpg\" src=\"data:image\/svg+xml,%3Csvg%20xmlns%3D%22http%3A%2F%2Fwww.w3.org%2F2000%2Fsvg%22%20width%3D%22150%22%20height%3D%22150%22%20viewBox%3D%220%200%20150%20150%22%3E%3C%2Fsvg%3E\" loading=\"eager\"><\/span><span class=\"fg-image-overlay\"><\/span><\/a><\/figure><div class=\"fg-loader\"><\/div><\/div><div class=\"fg-item fg-type-image fg-idle\"><figure class=\"fg-item-inner\"><a href=\"https:\/\/residenciarucab.es\/blog\/wp-content\/uploads\/2020\/03\/4-donacion-libro-min.jpg\" data-attachment-id=\"929\" data-type=\"image\" class=\"fg-thumb\"><span class=\"fg-image-wrap\"><img decoding=\"async\" alt=\"Donaci\u00f3n de libros de Badajoz\" width=\"150\" height=\"150\" class=\"skip-lazy fg-image\" data-src-fg=\"https:\/\/residenciarucab.es\/blog\/wp-content\/uploads\/cache\/2020\/03\/4-donacion-libro-min\/2295539897.jpg\" src=\"data:image\/svg+xml,%3Csvg%20xmlns%3D%22http%3A%2F%2Fwww.w3.org%2F2000%2Fsvg%22%20width%3D%22150%22%20height%3D%22150%22%20viewBox%3D%220%200%20150%20150%22%3E%3C%2Fsvg%3E\" loading=\"eager\"><\/span><span class=\"fg-image-overlay\"><\/span><\/a><\/figure><div class=\"fg-loader\"><\/div><\/div><div class=\"fg-item fg-type-image fg-idle\"><figure class=\"fg-item-inner\"><a href=\"https:\/\/residenciarucab.es\/blog\/wp-content\/uploads\/2020\/03\/5-donacion-libro-min.jpg\" data-attachment-id=\"930\" data-type=\"image\" class=\"fg-thumb\"><span class=\"fg-image-wrap\"><img decoding=\"async\" alt=\"Colocaci\u00f3n de libros donados\" width=\"150\" height=\"150\" class=\"skip-lazy fg-image\" data-src-fg=\"https:\/\/residenciarucab.es\/blog\/wp-content\/uploads\/cache\/2020\/03\/5-donacion-libro-min\/1657973635.jpg\" src=\"data:image\/svg+xml,%3Csvg%20xmlns%3D%22http%3A%2F%2Fwww.w3.org%2F2000%2Fsvg%22%20width%3D%22150%22%20height%3D%22150%22%20viewBox%3D%220%200%20150%20150%22%3E%3C%2Fsvg%3E\" loading=\"eager\"><\/span><span class=\"fg-image-overlay\"><\/span><\/a><\/figure><div class=\"fg-loader\"><\/div><\/div><div class=\"fg-item fg-type-image fg-idle\"><figure class=\"fg-item-inner\"><a href=\"https:\/\/residenciarucab.es\/blog\/wp-content\/uploads\/2020\/03\/6-donacion-libro-min.jpg\" data-attachment-id=\"931\" data-type=\"image\" class=\"fg-thumb\"><span class=\"fg-image-wrap\"><img decoding=\"async\" alt=\"Monta\u00f1a de libros donados\" width=\"150\" height=\"150\" class=\"skip-lazy fg-image\" data-src-fg=\"https:\/\/residenciarucab.es\/blog\/wp-content\/uploads\/cache\/2020\/03\/6-donacion-libro-min\/2123504375.jpg\" src=\"data:image\/svg+xml,%3Csvg%20xmlns%3D%22http%3A%2F%2Fwww.w3.org%2F2000%2Fsvg%22%20width%3D%22150%22%20height%3D%22150%22%20viewBox%3D%220%200%20150%20150%22%3E%3C%2Fsvg%3E\" loading=\"eager\"><\/span><span class=\"fg-image-overlay\"><\/span><\/a><\/figure><div class=\"fg-loader\"><\/div><\/div><div class=\"fg-item fg-type-image fg-idle\"><figure class=\"fg-item-inner\"><a href=\"https:\/\/residenciarucab.es\/blog\/wp-content\/uploads\/2020\/03\/7-donacio\u0301n-libros-min.jpg\" data-attachment-id=\"932\" data-type=\"image\" class=\"fg-thumb\"><span class=\"fg-image-wrap\"><img decoding=\"async\" alt=\"Entrega de libros en el Colegio Nuestra Se\u00f1ora de la Asunci\u00f3n\" width=\"150\" height=\"150\" class=\"skip-lazy fg-image\" data-src-fg=\"https:\/\/residenciarucab.es\/blog\/wp-content\/uploads\/cache\/2020\/03\/7-donacio\u0301n-libros-min\/2274043860.jpg\" src=\"data:image\/svg+xml,%3Csvg%20xmlns%3D%22http%3A%2F%2Fwww.w3.org%2F2000%2Fsvg%22%20width%3D%22150%22%20height%3D%22150%22%20viewBox%3D%220%200%20150%20150%22%3E%3C%2Fsvg%3E\" loading=\"eager\"><\/span><span class=\"fg-image-overlay\"><\/span><\/a><\/figure><div class=\"fg-loader\"><\/div><\/div><div class=\"fg-item fg-type-image fg-idle\"><figure class=\"fg-item-inner\"><a href=\"https:\/\/residenciarucab.es\/blog\/wp-content\/uploads\/2020\/03\/8-donacion-libro-min.jpg\" data-attachment-id=\"933\" data-type=\"image\" class=\"fg-thumb\"><span class=\"fg-image-wrap\"><img decoding=\"async\" alt=\"Entrega de libros para el Proyecto Ricardo Cabeza del Gurug\u00fa\" width=\"150\" height=\"150\" class=\"skip-lazy fg-image\" data-src-fg=\"https:\/\/residenciarucab.es\/blog\/wp-content\/uploads\/cache\/2020\/03\/8-donacion-libro-min\/2224139925.jpg\" src=\"data:image\/svg+xml,%3Csvg%20xmlns%3D%22http%3A%2F%2Fwww.w3.org%2F2000%2Fsvg%22%20width%3D%22150%22%20height%3D%22150%22%20viewBox%3D%220%200%20150%20150%22%3E%3C%2Fsvg%3E\" loading=\"eager\"><\/span><span class=\"fg-image-overlay\"><\/span><\/a><\/figure><div class=\"fg-loader\"><\/div><\/div><div class=\"fg-item fg-type-image fg-idle\"><figure class=\"fg-item-inner\"><a href=\"https:\/\/residenciarucab.es\/blog\/wp-content\/uploads\/2020\/03\/3-donacion-libro.jpg\" data-attachment-id=\"924\" data-type=\"image\" class=\"fg-thumb\"><span class=\"fg-image-wrap\"><img decoding=\"async\" alt=\"Carmen y Vanesa trabajando en la campa\u00f1a de recogida de libros\" width=\"150\" height=\"150\" class=\"skip-lazy fg-image\" data-src-fg=\"https:\/\/residenciarucab.es\/blog\/wp-content\/uploads\/cache\/2020\/03\/3-donacion-libro\/2173433791.jpg\" src=\"data:image\/svg+xml,%3Csvg%20xmlns%3D%22http%3A%2F%2Fwww.w3.org%2F2000%2Fsvg%22%20width%3D%22150%22%20height%3D%22150%22%20viewBox%3D%220%200%20150%20150%22%3E%3C%2Fsvg%3E\" loading=\"eager\"><\/span><span class=\"fg-image-overlay\"><\/span><\/a><\/figure><div class=\"fg-loader\"><\/div><\/div><\/div>\n\n<p>&nbsp;<\/p>\n<p>&nbsp;<\/p>\n","protected":false},"excerpt":{"rendered":"<p class=\"post-excerpt\">En el mes de octubre comenz\u00e1bamos la andadura con la campa\u00f1a de recogida de libros. Se trata de la primera recogida de libros que lleva a cabo la RUCAB y Fundaci\u00f3n CB. El objetivo no es otro sino darle una segunda vida, haci\u00e9ndolos llegar a los distintos institutos, asociaciones, colegios,&#8230;<\/p>\n","protected":false},"author":1,"featured_media":924,"comment_status":"open","ping_status":"open","sticky":false,"template":"","format":"standard","meta":{"footnotes":""},"categories":[1],"tags":[9,263,264,176,2,130,7,132,35],"class_list":["post-916","post","type-post","status-publish","format-standard","has-post-thumbnail","hentry","category-noticias","tag-badajoz","tag-campana-de-libros","tag-donacion-solidaria","tag-extremadura","tag-fundacion-cb","tag-libros","tag-literatura","tag-novela","tag-rucab"],"yoast_head":"<!-- This site is optimized with the Yoast SEO plugin v27.5 - https:\/\/yoast.com\/product\/yoast-seo-wordpress\/ -->\n<title>M\u00e1s de dos mil libros entregados en la campa\u00f1a de donaci\u00f3n de la RUCAB -BLOG.<\/title>\n<meta name=\"description\" content=\"En el mes de octubre comenz\u00e1bamos con la campa\u00f1a de recogida de libros. Se trata de la primera recogida de libros que lleva a cabo la RUCAB y Fundaci\u00f3n CB.\" \/>\n<meta name=\"robots\" content=\"index, follow, max-snippet:-1, max-image-preview:large, max-video-preview:-1\" \/>\n<link rel=\"canonical\" href=\"https:\/\/residenciarucab.es\/blog\/campana-recogida-de-libros-solidaria\/\" \/>\n<meta property=\"og:locale\" content=\"es_ES\" \/>\n<meta property=\"og:type\" content=\"article\" \/>\n<meta property=\"og:title\" content=\"M\u00e1s de dos mil libros entregados en la campa\u00f1a de donaci\u00f3n de la RUCAB -BLOG.\" \/>\n<meta property=\"og:description\" content=\"En el mes de octubre comenz\u00e1bamos con la campa\u00f1a de recogida de libros. Se trata de la primera recogida de libros que lleva a cabo la RUCAB y Fundaci\u00f3n CB.\" \/>\n<meta property=\"og:url\" content=\"https:\/\/residenciarucab.es\/blog\/campana-recogida-de-libros-solidaria\/\" \/>\n<meta property=\"og:site_name\" content=\"BLOG RUCAB\" \/>\n<meta property=\"article:published_time\" content=\"2020-03-30T11:20:41+00:00\" \/>\n<meta property=\"article:modified_time\" content=\"2020-03-30T11:59:41+00:00\" \/>\n<meta property=\"og:image\" content=\"https:\/\/residenciarucab.es\/blog\/wp-content\/uploads\/2020\/03\/3-donacion-libro.jpg\" \/>\n\t<meta property=\"og:image:width\" content=\"1280\" \/>\n\t<meta property=\"og:image:height\" content=\"720\" \/>\n\t<meta property=\"og:image:type\" content=\"image\/jpeg\" \/>\n<meta name=\"author\" content=\"RUCAB\" \/>\n<meta name=\"twitter:card\" content=\"summary_large_image\" \/>\n<meta name=\"twitter:label1\" content=\"Escrito por\" \/>\n\t<meta name=\"twitter:data1\" content=\"RUCAB\" \/>\n\t<meta name=\"twitter:label2\" content=\"Tiempo de lectura\" \/>\n\t<meta name=\"twitter:data2\" content=\"4 minutos\" \/>\n<script type=\"application\/ld+json\" class=\"yoast-schema-graph\">{\"@context\":\"https:\\\/\\\/schema.org\",\"@graph\":[{\"@type\":\"Article\",\"@id\":\"https:\\\/\\\/residenciarucab.es\\\/blog\\\/campana-recogida-de-libros-solidaria\\\/#article\",\"isPartOf\":{\"@id\":\"https:\\\/\\\/residenciarucab.es\\\/blog\\\/campana-recogida-de-libros-solidaria\\\/\"},\"author\":{\"name\":\"RUCAB\",\"@id\":\"https:\\\/\\\/residenciarucab.es\\\/blog\\\/#\\\/schema\\\/person\\\/f759c867eac865f0ce36c767f26f9294\"},\"headline\":\"M\u00e1s de dos mil libros entregados en la campa\u00f1a de donaci\u00f3n de la RUCAB\",\"datePublished\":\"2020-03-30T11:20:41+00:00\",\"dateModified\":\"2020-03-30T11:59:41+00:00\",\"mainEntityOfPage\":{\"@id\":\"https:\\\/\\\/residenciarucab.es\\\/blog\\\/campana-recogida-de-libros-solidaria\\\/\"},\"wordCount\":894,\"commentCount\":0,\"image\":{\"@id\":\"https:\\\/\\\/residenciarucab.es\\\/blog\\\/campana-recogida-de-libros-solidaria\\\/#primaryimage\"},\"thumbnailUrl\":\"https:\\\/\\\/residenciarucab.es\\\/blog\\\/wp-content\\\/uploads\\\/2020\\\/03\\\/3-donacion-libro.jpg\",\"keywords\":[\"Badajoz\",\"campa\u00f1a de libros\",\"donaci\u00f3n solidaria\",\"extremadura\",\"Fundaci\u00f3n CB\",\"libros\",\"literatura\",\"novela\",\"Rucab\"],\"articleSection\":[\"Noticias\"],\"inLanguage\":\"es\",\"potentialAction\":[{\"@type\":\"CommentAction\",\"name\":\"Comment\",\"target\":[\"https:\\\/\\\/residenciarucab.es\\\/blog\\\/campana-recogida-de-libros-solidaria\\\/#respond\"]}]},{\"@type\":\"WebPage\",\"@id\":\"https:\\\/\\\/residenciarucab.es\\\/blog\\\/campana-recogida-de-libros-solidaria\\\/\",\"url\":\"https:\\\/\\\/residenciarucab.es\\\/blog\\\/campana-recogida-de-libros-solidaria\\\/\",\"name\":\"M\u00e1s de dos mil libros entregados en la campa\u00f1a de donaci\u00f3n de la RUCAB -BLOG.\",\"isPartOf\":{\"@id\":\"https:\\\/\\\/residenciarucab.es\\\/blog\\\/#website\"},\"primaryImageOfPage\":{\"@id\":\"https:\\\/\\\/residenciarucab.es\\\/blog\\\/campana-recogida-de-libros-solidaria\\\/#primaryimage\"},\"image\":{\"@id\":\"https:\\\/\\\/residenciarucab.es\\\/blog\\\/campana-recogida-de-libros-solidaria\\\/#primaryimage\"},\"thumbnailUrl\":\"https:\\\/\\\/residenciarucab.es\\\/blog\\\/wp-content\\\/uploads\\\/2020\\\/03\\\/3-donacion-libro.jpg\",\"datePublished\":\"2020-03-30T11:20:41+00:00\",\"dateModified\":\"2020-03-30T11:59:41+00:00\",\"author\":{\"@id\":\"https:\\\/\\\/residenciarucab.es\\\/blog\\\/#\\\/schema\\\/person\\\/f759c867eac865f0ce36c767f26f9294\"},\"description\":\"En el mes de octubre comenz\u00e1bamos con la campa\u00f1a de recogida de libros. Se trata de la primera recogida de libros que lleva a cabo la RUCAB y Fundaci\u00f3n CB.\",\"breadcrumb\":{\"@id\":\"https:\\\/\\\/residenciarucab.es\\\/blog\\\/campana-recogida-de-libros-solidaria\\\/#breadcrumb\"},\"inLanguage\":\"es\",\"potentialAction\":[{\"@type\":\"ReadAction\",\"target\":[\"https:\\\/\\\/residenciarucab.es\\\/blog\\\/campana-recogida-de-libros-solidaria\\\/\"]}]},{\"@type\":\"ImageObject\",\"inLanguage\":\"es\",\"@id\":\"https:\\\/\\\/residenciarucab.es\\\/blog\\\/campana-recogida-de-libros-solidaria\\\/#primaryimage\",\"url\":\"https:\\\/\\\/residenciarucab.es\\\/blog\\\/wp-content\\\/uploads\\\/2020\\\/03\\\/3-donacion-libro.jpg\",\"contentUrl\":\"https:\\\/\\\/residenciarucab.es\\\/blog\\\/wp-content\\\/uploads\\\/2020\\\/03\\\/3-donacion-libro.jpg\",\"width\":1280,\"height\":720,\"caption\":\"Carmen y Vanesa trabajando en la campa\u00f1a de recogida de libros\"},{\"@type\":\"BreadcrumbList\",\"@id\":\"https:\\\/\\\/residenciarucab.es\\\/blog\\\/campana-recogida-de-libros-solidaria\\\/#breadcrumb\",\"itemListElement\":[{\"@type\":\"ListItem\",\"position\":1,\"name\":\"Portada\",\"item\":\"https:\\\/\\\/residenciarucab.es\\\/blog\\\/\"},{\"@type\":\"ListItem\",\"position\":2,\"name\":\"M\u00e1s de dos mil libros entregados en la campa\u00f1a de donaci\u00f3n de la RUCAB\"}]},{\"@type\":\"WebSite\",\"@id\":\"https:\\\/\\\/residenciarucab.es\\\/blog\\\/#website\",\"url\":\"https:\\\/\\\/residenciarucab.es\\\/blog\\\/\",\"name\":\"BLOG RUCAB\",\"description\":\"\u00a1Todas las novedades de nuestra residencia universitaria!\",\"potentialAction\":[{\"@type\":\"SearchAction\",\"target\":{\"@type\":\"EntryPoint\",\"urlTemplate\":\"https:\\\/\\\/residenciarucab.es\\\/blog\\\/?s={search_term_string}\"},\"query-input\":{\"@type\":\"PropertyValueSpecification\",\"valueRequired\":true,\"valueName\":\"search_term_string\"}}],\"inLanguage\":\"es\"},{\"@type\":\"Person\",\"@id\":\"https:\\\/\\\/residenciarucab.es\\\/blog\\\/#\\\/schema\\\/person\\\/f759c867eac865f0ce36c767f26f9294\",\"name\":\"RUCAB\",\"image\":{\"@type\":\"ImageObject\",\"inLanguage\":\"es\",\"@id\":\"https:\\\/\\\/residenciarucab.es\\\/blog\\\/wp-content\\\/uploads\\\/2019\\\/07\\\/r-rosa.png\",\"url\":\"https:\\\/\\\/residenciarucab.es\\\/blog\\\/wp-content\\\/uploads\\\/2019\\\/07\\\/r-rosa.png\",\"contentUrl\":\"https:\\\/\\\/residenciarucab.es\\\/blog\\\/wp-content\\\/uploads\\\/2019\\\/07\\\/r-rosa.png\",\"caption\":\"RUCAB\"},\"description\":\"La RUCAB es un referente en Extremadura por la calidad de sus instalaciones y por su estilo de vida, basado en valores de convivencia, respeto y educaci\u00f3n. Una residencia junto al campus y con todas las necesidades cubiertas.\",\"url\":\"https:\\\/\\\/residenciarucab.es\\\/blog\\\/author\\\/rucab_blog\\\/\"}]}<\/script>\n<!-- \/ Yoast SEO plugin. -->","yoast_head_json":{"title":"M\u00e1s de dos mil libros entregados en la campa\u00f1a de donaci\u00f3n de la RUCAB -BLOG.","description":"En el mes de octubre comenz\u00e1bamos con la campa\u00f1a de recogida de libros. Se trata de la primera recogida de libros que lleva a cabo la RUCAB y Fundaci\u00f3n CB.","robots":{"index":"index","follow":"follow","max-snippet":"max-snippet:-1","max-image-preview":"max-image-preview:large","max-video-preview":"max-video-preview:-1"},"canonical":"https:\/\/residenciarucab.es\/blog\/campana-recogida-de-libros-solidaria\/","og_locale":"es_ES","og_type":"article","og_title":"M\u00e1s de dos mil libros entregados en la campa\u00f1a de donaci\u00f3n de la RUCAB -BLOG.","og_description":"En el mes de octubre comenz\u00e1bamos con la campa\u00f1a de recogida de libros. Se trata de la primera recogida de libros que lleva a cabo la RUCAB y Fundaci\u00f3n CB.","og_url":"https:\/\/residenciarucab.es\/blog\/campana-recogida-de-libros-solidaria\/","og_site_name":"BLOG RUCAB","article_published_time":"2020-03-30T11:20:41+00:00","article_modified_time":"2020-03-30T11:59:41+00:00","og_image":[{"width":1280,"height":720,"url":"https:\/\/residenciarucab.es\/blog\/wp-content\/uploads\/2020\/03\/3-donacion-libro.jpg","type":"image\/jpeg"}],"author":"RUCAB","twitter_card":"summary_large_image","twitter_misc":{"Escrito por":"RUCAB","Tiempo de lectura":"4 minutos"},"schema":{"@context":"https:\/\/schema.org","@graph":[{"@type":"Article","@id":"https:\/\/residenciarucab.es\/blog\/campana-recogida-de-libros-solidaria\/#article","isPartOf":{"@id":"https:\/\/residenciarucab.es\/blog\/campana-recogida-de-libros-solidaria\/"},"author":{"name":"RUCAB","@id":"https:\/\/residenciarucab.es\/blog\/#\/schema\/person\/f759c867eac865f0ce36c767f26f9294"},"headline":"M\u00e1s de dos mil libros entregados en la campa\u00f1a de donaci\u00f3n de la RUCAB","datePublished":"2020-03-30T11:20:41+00:00","dateModified":"2020-03-30T11:59:41+00:00","mainEntityOfPage":{"@id":"https:\/\/residenciarucab.es\/blog\/campana-recogida-de-libros-solidaria\/"},"wordCount":894,"commentCount":0,"image":{"@id":"https:\/\/residenciarucab.es\/blog\/campana-recogida-de-libros-solidaria\/#primaryimage"},"thumbnailUrl":"https:\/\/residenciarucab.es\/blog\/wp-content\/uploads\/2020\/03\/3-donacion-libro.jpg","keywords":["Badajoz","campa\u00f1a de libros","donaci\u00f3n solidaria","extremadura","Fundaci\u00f3n CB","libros","literatura","novela","Rucab"],"articleSection":["Noticias"],"inLanguage":"es","potentialAction":[{"@type":"CommentAction","name":"Comment","target":["https:\/\/residenciarucab.es\/blog\/campana-recogida-de-libros-solidaria\/#respond"]}]},{"@type":"WebPage","@id":"https:\/\/residenciarucab.es\/blog\/campana-recogida-de-libros-solidaria\/","url":"https:\/\/residenciarucab.es\/blog\/campana-recogida-de-libros-solidaria\/","name":"M\u00e1s de dos mil libros entregados en la campa\u00f1a de donaci\u00f3n de la RUCAB -BLOG.","isPartOf":{"@id":"https:\/\/residenciarucab.es\/blog\/#website"},"primaryImageOfPage":{"@id":"https:\/\/residenciarucab.es\/blog\/campana-recogida-de-libros-solidaria\/#primaryimage"},"image":{"@id":"https:\/\/residenciarucab.es\/blog\/campana-recogida-de-libros-solidaria\/#primaryimage"},"thumbnailUrl":"https:\/\/residenciarucab.es\/blog\/wp-content\/uploads\/2020\/03\/3-donacion-libro.jpg","datePublished":"2020-03-30T11:20:41+00:00","dateModified":"2020-03-30T11:59:41+00:00","author":{"@id":"https:\/\/residenciarucab.es\/blog\/#\/schema\/person\/f759c867eac865f0ce36c767f26f9294"},"description":"En el mes de octubre comenz\u00e1bamos con la campa\u00f1a de recogida de libros. Se trata de la primera recogida de libros que lleva a cabo la RUCAB y Fundaci\u00f3n CB.","breadcrumb":{"@id":"https:\/\/residenciarucab.es\/blog\/campana-recogida-de-libros-solidaria\/#breadcrumb"},"inLanguage":"es","potentialAction":[{"@type":"ReadAction","target":["https:\/\/residenciarucab.es\/blog\/campana-recogida-de-libros-solidaria\/"]}]},{"@type":"ImageObject","inLanguage":"es","@id":"https:\/\/residenciarucab.es\/blog\/campana-recogida-de-libros-solidaria\/#primaryimage","url":"https:\/\/residenciarucab.es\/blog\/wp-content\/uploads\/2020\/03\/3-donacion-libro.jpg","contentUrl":"https:\/\/residenciarucab.es\/blog\/wp-content\/uploads\/2020\/03\/3-donacion-libro.jpg","width":1280,"height":720,"caption":"Carmen y Vanesa trabajando en la campa\u00f1a de recogida de libros"},{"@type":"BreadcrumbList","@id":"https:\/\/residenciarucab.es\/blog\/campana-recogida-de-libros-solidaria\/#breadcrumb","itemListElement":[{"@type":"ListItem","position":1,"name":"Portada","item":"https:\/\/residenciarucab.es\/blog\/"},{"@type":"ListItem","position":2,"name":"M\u00e1s de dos mil libros entregados en la campa\u00f1a de donaci\u00f3n de la RUCAB"}]},{"@type":"WebSite","@id":"https:\/\/residenciarucab.es\/blog\/#website","url":"https:\/\/residenciarucab.es\/blog\/","name":"BLOG RUCAB","description":"\u00a1Todas las novedades de nuestra residencia universitaria!","potentialAction":[{"@type":"SearchAction","target":{"@type":"EntryPoint","urlTemplate":"https:\/\/residenciarucab.es\/blog\/?s={search_term_string}"},"query-input":{"@type":"PropertyValueSpecification","valueRequired":true,"valueName":"search_term_string"}}],"inLanguage":"es"},{"@type":"Person","@id":"https:\/\/residenciarucab.es\/blog\/#\/schema\/person\/f759c867eac865f0ce36c767f26f9294","name":"RUCAB","image":{"@type":"ImageObject","inLanguage":"es","@id":"https:\/\/residenciarucab.es\/blog\/wp-content\/uploads\/2019\/07\/r-rosa.png","url":"https:\/\/residenciarucab.es\/blog\/wp-content\/uploads\/2019\/07\/r-rosa.png","contentUrl":"https:\/\/residenciarucab.es\/blog\/wp-content\/uploads\/2019\/07\/r-rosa.png","caption":"RUCAB"},"description":"La RUCAB es un referente en Extremadura por la calidad de sus instalaciones y por su estilo de vida, basado en valores de convivencia, respeto y educaci\u00f3n. Una residencia junto al campus y con todas las necesidades cubiertas.","url":"https:\/\/residenciarucab.es\/blog\/author\/rucab_blog\/"}]}},"_links":{"self":[{"href":"https:\/\/residenciarucab.es\/blog\/wp-json\/wp\/v2\/posts\/916","targetHints":{"allow":["GET"]}}],"collection":[{"href":"https:\/\/residenciarucab.es\/blog\/wp-json\/wp\/v2\/posts"}],"about":[{"href":"https:\/\/residenciarucab.es\/blog\/wp-json\/wp\/v2\/types\/post"}],"author":[{"embeddable":true,"href":"https:\/\/residenciarucab.es\/blog\/wp-json\/wp\/v2\/users\/1"}],"replies":[{"embeddable":true,"href":"https:\/\/residenciarucab.es\/blog\/wp-json\/wp\/v2\/comments?post=916"}],"version-history":[{"count":12,"href":"https:\/\/residenciarucab.es\/blog\/wp-json\/wp\/v2\/posts\/916\/revisions"}],"predecessor-version":[{"id":938,"href":"https:\/\/residenciarucab.es\/blog\/wp-json\/wp\/v2\/posts\/916\/revisions\/938"}],"wp:featuredmedia":[{"embeddable":true,"href":"https:\/\/residenciarucab.es\/blog\/wp-json\/wp\/v2\/media\/924"}],"wp:attachment":[{"href":"https:\/\/residenciarucab.es\/blog\/wp-json\/wp\/v2\/media?parent=916"}],"wp:term":[{"taxonomy":"category","embeddable":true,"href":"https:\/\/residenciarucab.es\/blog\/wp-json\/wp\/v2\/categories?post=916"},{"taxonomy":"post_tag","embeddable":true,"href":"https:\/\/residenciarucab.es\/blog\/wp-json\/wp\/v2\/tags?post=916"}],"curies":[{"name":"wp","href":"https:\/\/api.w.org\/{rel}","templated":true}]}}